{"id":24668,"date":"2016-08-22T21:16:09","date_gmt":"2016-08-22T21:16:09","guid":{"rendered":"https:\/\/abarevegan.com.br\/index.php\/2016\/08\/22\/nivel-do-rio-acre-volta-a-baixar-apos-breve-subida\/"},"modified":"2016-08-22T21:16:09","modified_gmt":"2016-08-22T21:16:09","slug":"nivel-do-rio-acre-volta-a-baixar-apos-breve-subida","status":"publish","type":"post","link":"https:\/\/nk7-testes.com.br\/agazeta\/nivel-do-rio-acre-volta-a-baixar-apos-breve-subida\/","title":{"rendered":"N\u00edvel do Rio Acre volta a baixar, ap\u00f3s breve subida"},"content":{"rendered":"<p style=\"text-align: justify;\">Chuvas foram fortes, mas n\u00e3o constantes<\/p>\n<p style=\"text-align: justify;\">O Rio Acre alcan\u00e7ou o n\u00edvel de 1,72 m na semana passada. Marca bem diferente da registrada no dia 12 de agosto, 1,32 m, a menor at\u00e9 o momento. Mas, sem chuvas constantes, o manancial voltou a secar. Nesta segunda-feira (22), registrou aproximadamente 1,40 m.<\/p>\n<p style=\"text-align: justify;\">O professor da Universidade Federal do Acre, Alejandro Fonseca, que trabalha na \u00e1rea de Clima e Meio Ambiente, informou que essa situa\u00e7\u00e3o ainda deve durar nos pr\u00f3ximos dias e as mudan\u00e7as no tempo s\u00e3o em decorr\u00eancia da variabilidade interanual da chuva, que \u00e9 comum no Acre. Isto quer dizer que h\u00e1 anos que chovem mais e outros menos.<\/p>\n<p style=\"text-align: justify;\">\u201cExiste uma rela\u00e7\u00e3o entre as chuvas e a vazante, como as chuvas n\u00e3o s\u00e3o intensas, chuvas desse per\u00edodo que acontecem vendavais, chuvas em uns lugares e outros, o n\u00edvel do rio n\u00e3o aumenta t\u00e3o rapidamente\u201d, explicou Alejandro.<\/p>\n<p style=\"text-align: justify;\">Historicamente, os n\u00edveis mais altos de temperatura s\u00e3o registrados entre agosto e setembro. A expectativa \u00e9 que chova com mais intensidade somente em outubro com a chegada do chamado \u2018inverno amaz\u00f4nico\u2019.<\/p>\n<p style=\"text-align: justify;\">O professor disse ainda que, mesmo que ocorram chuvas em \u00e1reas isoladas nos pr\u00f3ximos dias, n\u00e3o h\u00e1 como refletir consideravelmente no aumento do n\u00edvel do rio. <br \/>\u201cDentro desse per\u00edodo da seca j\u00e1 estamos no finalzinho da seca. Temos as chuvas de agosto que j\u00e1 est\u00e3o acontecendo de maneira isolada. J\u00e1 no m\u00eas de setembro, essa transi\u00e7\u00e3o para o per\u00edodo da chuva vai ser mais vis\u00edvel\u201d, completou.<\/p>\n","protected":false},"excerpt":{"rendered":"<p style=\"text-align: justify;\">Chuvas foram fortes, mas n\u00e3o constantes<\/p>\n","protected":false},"author":4,"featured_media":24667,"comment_status":"open","ping_status":"open","sticky":false,"template":"","format":"standard","meta":{"jnews-multi-image_gallery":[],"jnews_single_post":[],"jnews_primary_category":[],"jnews_social_meta":[],"jnews_review":[],"enable_review":"","type":"","name":"","summary":"","brand":"","sku":"","good":[],"bad":[],"score_override":"","override_value":"","rating":[],"price":[],"footnotes":""},"categories":[54],"tags":[],"class_list":["post-24668","post","type-post","status-publish","format-standard","has-post-thumbnail","hentry","category-cotidiano"],"yoast_head":"<!-- This site is optimized with the Yoast SEO plugin v26.5 - https:\/\/yoast.com\/wordpress\/plugins\/seo\/ -->\n<title>N\u00edvel do Rio Acre volta a baixar, ap\u00f3s breve subida - Agazeta.net<\/title>\n<meta name=\"robots\" content=\"index, follow, max-snippet:-1, max-image-preview:large, max-video-preview:-1\" \/>\n<link rel=\"canonical\" href=\"https:\/\/nk7-testes.com.br\/agazeta\/nivel-do-rio-acre-volta-a-baixar-apos-breve-subida\/\" \/>\n<meta property=\"og:locale\" content=\"pt_BR\" \/>\n<meta property=\"og:type\" content=\"article\" \/>\n<meta property=\"og:title\" content=\"N\u00edvel do Rio Acre volta a baixar, ap\u00f3s breve subida - Agazeta.net\" \/>\n<meta property=\"og:description\" content=\"Chuvas foram fortes, mas n\u00e3o constantes\" \/>\n<meta property=\"og:url\" content=\"https:\/\/nk7-testes.com.br\/agazeta\/nivel-do-rio-acre-volta-a-baixar-apos-breve-subida\/\" \/>\n<meta property=\"og:site_name\" content=\"Agazeta.net\" \/>\n<meta property=\"article:published_time\" content=\"2016-08-22T21:16:09+00:00\" \/>\n<meta property=\"og:image\" content=\"https:\/\/nk7-testes.com.br\/agazeta\/wp-content\/uploads\/2016\/08\/220816-cotidiano-rioacre-tvgazeta.jpg\" \/>\n\t<meta property=\"og:image:width\" content=\"458\" \/>\n\t<meta property=\"og:image:height\" content=\"340\" \/>\n\t<meta property=\"og:image:type\" content=\"image\/jpeg\" \/>\n<meta name=\"author\" content=\"Agazeta.Net\" \/>\n<meta name=\"twitter:card\" content=\"summary_large_image\" \/>\n<meta name=\"twitter:label1\" content=\"Escrito por\" \/>\n\t<meta name=\"twitter:data1\" content=\"Agazeta.Net\" \/>\n\t<meta name=\"twitter:label2\" content=\"Est. tempo de leitura\" \/>\n\t<meta name=\"twitter:data2\" content=\"1 minuto\" \/>\n<script type=\"application\/ld+json\" class=\"yoast-schema-graph\">{\"@context\":\"https:\/\/schema.org\",\"@graph\":[{\"@type\":\"WebPage\",\"@id\":\"https:\/\/nk7-testes.com.br\/agazeta\/nivel-do-rio-acre-volta-a-baixar-apos-breve-subida\/\",\"url\":\"https:\/\/nk7-testes.com.br\/agazeta\/nivel-do-rio-acre-volta-a-baixar-apos-breve-subida\/\",\"name\":\"N\u00edvel do Rio Acre volta a baixar, ap\u00f3s breve subida - Agazeta.net\",\"isPartOf\":{\"@id\":\"https:\/\/nk7-testes.com.br\/agazeta\/#website\"},\"primaryImageOfPage\":{\"@id\":\"https:\/\/nk7-testes.com.br\/agazeta\/nivel-do-rio-acre-volta-a-baixar-apos-breve-subida\/#primaryimage\"},\"image\":{\"@id\":\"https:\/\/nk7-testes.com.br\/agazeta\/nivel-do-rio-acre-volta-a-baixar-apos-breve-subida\/#primaryimage\"},\"thumbnailUrl\":\"https:\/\/nk7-testes.com.br\/agazeta\/wp-content\/uploads\/2016\/08\/220816-cotidiano-rioacre-tvgazeta.jpg\",\"datePublished\":\"2016-08-22T21:16:09+00:00\",\"author\":{\"@id\":\"https:\/\/nk7-testes.com.br\/agazeta\/#\/schema\/person\/6d6e25cb0435eb4a02fd44d30b4e3020\"},\"breadcrumb\":{\"@id\":\"https:\/\/nk7-testes.com.br\/agazeta\/nivel-do-rio-acre-volta-a-baixar-apos-breve-subida\/#breadcrumb\"},\"inLanguage\":\"pt-BR\",\"potentialAction\":[{\"@type\":\"ReadAction\",\"target\":[\"https:\/\/nk7-testes.com.br\/agazeta\/nivel-do-rio-acre-volta-a-baixar-apos-breve-subida\/\"]}]},{\"@type\":\"ImageObject\",\"inLanguage\":\"pt-BR\",\"@id\":\"https:\/\/nk7-testes.com.br\/agazeta\/nivel-do-rio-acre-volta-a-baixar-apos-breve-subida\/#primaryimage\",\"url\":\"https:\/\/nk7-testes.com.br\/agazeta\/wp-content\/uploads\/2016\/08\/220816-cotidiano-rioacre-tvgazeta.jpg\",\"contentUrl\":\"https:\/\/nk7-testes.com.br\/agazeta\/wp-content\/uploads\/2016\/08\/220816-cotidiano-rioacre-tvgazeta.jpg\",\"width\":458,\"height\":340,\"caption\":\"220816-cotidiano-rioacre-tvgazeta\"},{\"@type\":\"BreadcrumbList\",\"@id\":\"https:\/\/nk7-testes.com.br\/agazeta\/nivel-do-rio-acre-volta-a-baixar-apos-breve-subida\/#breadcrumb\",\"itemListElement\":[{\"@type\":\"ListItem\",\"position\":1,\"name\":\"In\u00edcio\",\"item\":\"https:\/\/nk7-testes.com.br\/agazeta\/\"},{\"@type\":\"ListItem\",\"position\":2,\"name\":\"N\u00edvel do Rio Acre volta a baixar, ap\u00f3s breve subida\"}]},{\"@type\":\"WebSite\",\"@id\":\"https:\/\/nk7-testes.com.br\/agazeta\/#website\",\"url\":\"https:\/\/nk7-testes.com.br\/agazeta\/\",\"name\":\"Agazeta.net\",\"description\":\"Agazeta.net - Not\u00edcias de Rio Branco\/AC\",\"potentialAction\":[{\"@type\":\"SearchAction\",\"target\":{\"@type\":\"EntryPoint\",\"urlTemplate\":\"https:\/\/nk7-testes.com.br\/agazeta\/?s={search_term_string}\"},\"query-input\":{\"@type\":\"PropertyValueSpecification\",\"valueRequired\":true,\"valueName\":\"search_term_string\"}}],\"inLanguage\":\"pt-BR\"},{\"@type\":\"Person\",\"@id\":\"https:\/\/nk7-testes.com.br\/agazeta\/#\/schema\/person\/6d6e25cb0435eb4a02fd44d30b4e3020\",\"name\":\"Agazeta.Net\",\"url\":\"https:\/\/nk7-testes.com.br\/agazeta\/author\/agazeta\/\"}]}<\/script>\n<!-- \/ Yoast SEO plugin. -->","yoast_head_json":{"title":"N\u00edvel do Rio Acre volta a baixar, ap\u00f3s breve subida - Agazeta.net","robots":{"index":"index","follow":"follow","max-snippet":"max-snippet:-1","max-image-preview":"max-image-preview:large","max-video-preview":"max-video-preview:-1"},"canonical":"https:\/\/nk7-testes.com.br\/agazeta\/nivel-do-rio-acre-volta-a-baixar-apos-breve-subida\/","og_locale":"pt_BR","og_type":"article","og_title":"N\u00edvel do Rio Acre volta a baixar, ap\u00f3s breve subida - Agazeta.net","og_description":"Chuvas foram fortes, mas n\u00e3o constantes","og_url":"https:\/\/nk7-testes.com.br\/agazeta\/nivel-do-rio-acre-volta-a-baixar-apos-breve-subida\/","og_site_name":"Agazeta.net","article_published_time":"2016-08-22T21:16:09+00:00","og_image":[{"width":458,"height":340,"url":"https:\/\/nk7-testes.com.br\/agazeta\/wp-content\/uploads\/2016\/08\/220816-cotidiano-rioacre-tvgazeta.jpg","type":"image\/jpeg"}],"author":"Agazeta.Net","twitter_card":"summary_large_image","twitter_misc":{"Escrito por":"Agazeta.Net","Est. tempo de leitura":"1 minuto"},"schema":{"@context":"https:\/\/schema.org","@graph":[{"@type":"WebPage","@id":"https:\/\/nk7-testes.com.br\/agazeta\/nivel-do-rio-acre-volta-a-baixar-apos-breve-subida\/","url":"https:\/\/nk7-testes.com.br\/agazeta\/nivel-do-rio-acre-volta-a-baixar-apos-breve-subida\/","name":"N\u00edvel do Rio Acre volta a baixar, ap\u00f3s breve subida - Agazeta.net","isPartOf":{"@id":"https:\/\/nk7-testes.com.br\/agazeta\/#website"},"primaryImageOfPage":{"@id":"https:\/\/nk7-testes.com.br\/agazeta\/nivel-do-rio-acre-volta-a-baixar-apos-breve-subida\/#primaryimage"},"image":{"@id":"https:\/\/nk7-testes.com.br\/agazeta\/nivel-do-rio-acre-volta-a-baixar-apos-breve-subida\/#primaryimage"},"thumbnailUrl":"https:\/\/nk7-testes.com.br\/agazeta\/wp-content\/uploads\/2016\/08\/220816-cotidiano-rioacre-tvgazeta.jpg","datePublished":"2016-08-22T21:16:09+00:00","author":{"@id":"https:\/\/nk7-testes.com.br\/agazeta\/#\/schema\/person\/6d6e25cb0435eb4a02fd44d30b4e3020"},"breadcrumb":{"@id":"https:\/\/nk7-testes.com.br\/agazeta\/nivel-do-rio-acre-volta-a-baixar-apos-breve-subida\/#breadcrumb"},"inLanguage":"pt-BR","potentialAction":[{"@type":"ReadAction","target":["https:\/\/nk7-testes.com.br\/agazeta\/nivel-do-rio-acre-volta-a-baixar-apos-breve-subida\/"]}]},{"@type":"ImageObject","inLanguage":"pt-BR","@id":"https:\/\/nk7-testes.com.br\/agazeta\/nivel-do-rio-acre-volta-a-baixar-apos-breve-subida\/#primaryimage","url":"https:\/\/nk7-testes.com.br\/agazeta\/wp-content\/uploads\/2016\/08\/220816-cotidiano-rioacre-tvgazeta.jpg","contentUrl":"https:\/\/nk7-testes.com.br\/agazeta\/wp-content\/uploads\/2016\/08\/220816-cotidiano-rioacre-tvgazeta.jpg","width":458,"height":340,"caption":"220816-cotidiano-rioacre-tvgazeta"},{"@type":"BreadcrumbList","@id":"https:\/\/nk7-testes.com.br\/agazeta\/nivel-do-rio-acre-volta-a-baixar-apos-breve-subida\/#breadcrumb","itemListElement":[{"@type":"ListItem","position":1,"name":"In\u00edcio","item":"https:\/\/nk7-testes.com.br\/agazeta\/"},{"@type":"ListItem","position":2,"name":"N\u00edvel do Rio Acre volta a baixar, ap\u00f3s breve subida"}]},{"@type":"WebSite","@id":"https:\/\/nk7-testes.com.br\/agazeta\/#website","url":"https:\/\/nk7-testes.com.br\/agazeta\/","name":"Agazeta.net","description":"Agazeta.net - Not\u00edcias de Rio Branco\/AC","potentialAction":[{"@type":"SearchAction","target":{"@type":"EntryPoint","urlTemplate":"https:\/\/nk7-testes.com.br\/agazeta\/?s={search_term_string}"},"query-input":{"@type":"PropertyValueSpecification","valueRequired":true,"valueName":"search_term_string"}}],"inLanguage":"pt-BR"},{"@type":"Person","@id":"https:\/\/nk7-testes.com.br\/agazeta\/#\/schema\/person\/6d6e25cb0435eb4a02fd44d30b4e3020","name":"Agazeta.Net","url":"https:\/\/nk7-testes.com.br\/agazeta\/author\/agazeta\/"}]}},"_links":{"self":[{"href":"https:\/\/nk7-testes.com.br\/agazeta\/wp-json\/wp\/v2\/posts\/24668","targetHints":{"allow":["GET"]}}],"collection":[{"href":"https:\/\/nk7-testes.com.br\/agazeta\/wp-json\/wp\/v2\/posts"}],"about":[{"href":"https:\/\/nk7-testes.com.br\/agazeta\/wp-json\/wp\/v2\/types\/post"}],"author":[{"embeddable":true,"href":"https:\/\/nk7-testes.com.br\/agazeta\/wp-json\/wp\/v2\/users\/4"}],"replies":[{"embeddable":true,"href":"https:\/\/nk7-testes.com.br\/agazeta\/wp-json\/wp\/v2\/comments?post=24668"}],"version-history":[{"count":0,"href":"https:\/\/nk7-testes.com.br\/agazeta\/wp-json\/wp\/v2\/posts\/24668\/revisions"}],"wp:featuredmedia":[{"embeddable":true,"href":"https:\/\/nk7-testes.com.br\/agazeta\/wp-json\/wp\/v2\/media\/24667"}],"wp:attachment":[{"href":"https:\/\/nk7-testes.com.br\/agazeta\/wp-json\/wp\/v2\/media?parent=24668"}],"wp:term":[{"taxonomy":"category","embeddable":true,"href":"https:\/\/nk7-testes.com.br\/agazeta\/wp-json\/wp\/v2\/categories?post=24668"},{"taxonomy":"post_tag","embeddable":true,"href":"https:\/\/nk7-testes.com.br\/agazeta\/wp-json\/wp\/v2\/tags?post=24668"}],"curies":[{"name":"wp","href":"https:\/\/api.w.org\/{rel}","templated":true}]}}