{"id":24660,"date":"2016-08-22T19:52:50","date_gmt":"2016-08-22T19:52:50","guid":{"rendered":"https:\/\/abarevegan.com.br\/index.php\/2016\/08\/22\/governo-anuncia-concurso-para-reforcar-seguranca-em-presidio\/"},"modified":"2016-08-22T19:52:50","modified_gmt":"2016-08-22T19:52:50","slug":"governo-anuncia-concurso-para-reforcar-seguranca-em-presidio","status":"publish","type":"post","link":"https:\/\/nk7-testes.com.br\/agazeta\/governo-anuncia-concurso-para-reforcar-seguranca-em-presidio\/","title":{"rendered":"Governo anuncia concurso para refor\u00e7ar seguran\u00e7a em pres\u00eddio"},"content":{"rendered":"<p style=\"text-align: justify;\">150 vagas; sal\u00e1rio de R$ 2,8 mil por 12 meses<\/p>\n<p style=\"text-align: justify;\">A sequ\u00eancia de ataques incendi\u00e1rios levou a Secretaria de Estado de Seguran\u00e7a P\u00fablica a retirar do pres\u00eddio Francisco D\u2019Oliveira Conde os l\u00edderes de uma fac\u00e7\u00e3o criminosa, acusados de enviar as ordens para os ataques.<\/p>\n<p style=\"text-align: justify;\">Outra medida foi o refor\u00e7o da seguran\u00e7a nas unidades prisionais de todo o Estado. Foram abertas nessa segunda-feira as inscri\u00e7\u00f5es para o concurso simplificado de agentes penitenci\u00e1rios.<\/p>\n<p style=\"text-align: justify;\">Ser\u00e3o 150 vagas preenchidas em processo de urg\u00eancia. Esses contratos ter\u00e3o dura\u00e7\u00e3o de 12 meses e a pessoa selecionada j\u00e1 come\u00e7a a trabalhar nesse final de semana com sal\u00e1rio de R$ 2.890.<\/p>\n<p style=\"text-align: justify;\">O governo j\u00e1 tinha convocado 70 policiais militares da reserva para refor\u00e7ar a seguran\u00e7a nos pres\u00eddios. Esses militares que voltaram \u00e0 ativa v\u00e3o continuar ajudando os agentes.<\/p>\n<p style=\"text-align: justify;\">Segundo o secret\u00e1rio de Estado de Seguran\u00e7a P\u00fablica, Emylson Farias, essa medida faz parte de uma s\u00e9rie de a\u00e7\u00f5es que ser\u00e3o tomadas para evitar que l\u00edderes de fac\u00e7\u00f5es criminosas, mesmo dentro de celas, possam comandar o crime do lado de fora.<\/p>\n<p style=\"text-align: justify;\">\u201cVamos refor\u00e7ar os cuidados nas revistas feitas antes de profissionais e visitantes adentrarem os pres\u00eddios. Vamos monitorar alguns presos que t\u00eam voz de comando nos pavilh\u00f5es\u201d, ressaltou.<\/p>\n<p style=\"text-align: justify;\">No \u00faltimo s\u00e1bado, 27 detentos, acusados de chefiarem uma fac\u00e7\u00e3o no Acre foram transferidos para a unidade de seguran\u00e7a m\u00e1xima Ant\u00f4nio Amaro.<\/p>\n<p style=\"text-align: justify;\">A secretaria de Estado de Seguran\u00e7a vai separar os presos que v\u00e3o ficar no Regime Disciplinar Diferenciado, o temido RDD, e os que podem ser levados para pres\u00eddios fora do estado.<\/p>\n<p style=\"text-align: justify;\"><strong>Como se inscrever?<\/strong><\/p>\n<p style=\"text-align: justify;\">As inscri\u00e7\u00f5es podem ser feitas at\u00e9 \u00e0s 14 horas de ter\u00e7a-feira, 23, no audit\u00f3rio da Pol\u00edcia Civil, localizado na Avenida Ant\u00f4nio da Rocha Viana, em Rio Branco. \u00c9 necess\u00e1rio levar documenta\u00e7\u00e3o que comprove experi\u00eancia na \u00e1rea de Seguran\u00e7a. \u00c9 necess\u00e1rio documenta\u00e7\u00e3o pessoal, incluindo a carteira de reservista.<\/p>\n","protected":false},"excerpt":{"rendered":"<p style=\"text-align: justify;\">150 vagas; sal\u00e1rio de R$ 2,8 mil por 12 meses<\/p>\n","protected":false},"author":4,"featured_media":24659,"comment_status":"open","ping_status":"open","sticky":false,"template":"","format":"standard","meta":{"jnews-multi-image_gallery":[],"jnews_single_post":[],"jnews_primary_category":[],"jnews_social_meta":[],"jnews_review":[],"enable_review":"","type":"","name":"","summary":"","brand":"","sku":"","good":[],"bad":[],"score_override":"","override_value":"","rating":[],"price":[],"footnotes":""},"categories":[44],"tags":[],"class_list":["post-24660","post","type-post","status-publish","format-standard","has-post-thumbnail","hentry","category-policia"],"yoast_head":"<!-- This site is optimized with the Yoast SEO plugin v26.5 - https:\/\/yoast.com\/wordpress\/plugins\/seo\/ -->\n<title>Governo anuncia concurso para refor\u00e7ar seguran\u00e7a em pres\u00eddio - Agazeta.net<\/title>\n<meta name=\"robots\" content=\"index, follow, max-snippet:-1, max-image-preview:large, max-video-preview:-1\" \/>\n<link rel=\"canonical\" href=\"https:\/\/nk7-testes.com.br\/agazeta\/governo-anuncia-concurso-para-reforcar-seguranca-em-presidio\/\" \/>\n<meta property=\"og:locale\" content=\"pt_BR\" \/>\n<meta property=\"og:type\" content=\"article\" \/>\n<meta property=\"og:title\" content=\"Governo anuncia concurso para refor\u00e7ar seguran\u00e7a em pres\u00eddio - Agazeta.net\" \/>\n<meta property=\"og:description\" content=\"150 vagas; sal\u00e1rio de R$ 2,8 mil por 12 meses\" \/>\n<meta property=\"og:url\" content=\"https:\/\/nk7-testes.com.br\/agazeta\/governo-anuncia-concurso-para-reforcar-seguranca-em-presidio\/\" \/>\n<meta property=\"og:site_name\" content=\"Agazeta.net\" \/>\n<meta property=\"article:published_time\" content=\"2016-08-22T19:52:50+00:00\" \/>\n<meta property=\"og:image\" content=\"https:\/\/nk7-testes.com.br\/agazeta\/wp-content\/uploads\/2016\/08\/220816-policia-coletivaseguranca-mariameirellesascomacre.jpg\" \/>\n\t<meta property=\"og:image:width\" content=\"458\" \/>\n\t<meta property=\"og:image:height\" content=\"340\" \/>\n\t<meta property=\"og:image:type\" content=\"image\/jpeg\" \/>\n<meta name=\"author\" content=\"Agazeta.Net\" \/>\n<meta name=\"twitter:card\" content=\"summary_large_image\" \/>\n<meta name=\"twitter:label1\" content=\"Escrito por\" \/>\n\t<meta name=\"twitter:data1\" content=\"Agazeta.Net\" \/>\n\t<meta name=\"twitter:label2\" content=\"Est. tempo de leitura\" \/>\n\t<meta name=\"twitter:data2\" content=\"2 minutos\" \/>\n<script type=\"application\/ld+json\" class=\"yoast-schema-graph\">{\"@context\":\"https:\/\/schema.org\",\"@graph\":[{\"@type\":\"WebPage\",\"@id\":\"https:\/\/nk7-testes.com.br\/agazeta\/governo-anuncia-concurso-para-reforcar-seguranca-em-presidio\/\",\"url\":\"https:\/\/nk7-testes.com.br\/agazeta\/governo-anuncia-concurso-para-reforcar-seguranca-em-presidio\/\",\"name\":\"Governo anuncia concurso para refor\u00e7ar seguran\u00e7a em pres\u00eddio - Agazeta.net\",\"isPartOf\":{\"@id\":\"https:\/\/nk7-testes.com.br\/agazeta\/#website\"},\"primaryImageOfPage\":{\"@id\":\"https:\/\/nk7-testes.com.br\/agazeta\/governo-anuncia-concurso-para-reforcar-seguranca-em-presidio\/#primaryimage\"},\"image\":{\"@id\":\"https:\/\/nk7-testes.com.br\/agazeta\/governo-anuncia-concurso-para-reforcar-seguranca-em-presidio\/#primaryimage\"},\"thumbnailUrl\":\"https:\/\/nk7-testes.com.br\/agazeta\/wp-content\/uploads\/2016\/08\/220816-policia-coletivaseguranca-mariameirellesascomacre.jpg\",\"datePublished\":\"2016-08-22T19:52:50+00:00\",\"author\":{\"@id\":\"https:\/\/nk7-testes.com.br\/agazeta\/#\/schema\/person\/6d6e25cb0435eb4a02fd44d30b4e3020\"},\"breadcrumb\":{\"@id\":\"https:\/\/nk7-testes.com.br\/agazeta\/governo-anuncia-concurso-para-reforcar-seguranca-em-presidio\/#breadcrumb\"},\"inLanguage\":\"pt-BR\",\"potentialAction\":[{\"@type\":\"ReadAction\",\"target\":[\"https:\/\/nk7-testes.com.br\/agazeta\/governo-anuncia-concurso-para-reforcar-seguranca-em-presidio\/\"]}]},{\"@type\":\"ImageObject\",\"inLanguage\":\"pt-BR\",\"@id\":\"https:\/\/nk7-testes.com.br\/agazeta\/governo-anuncia-concurso-para-reforcar-seguranca-em-presidio\/#primaryimage\",\"url\":\"https:\/\/nk7-testes.com.br\/agazeta\/wp-content\/uploads\/2016\/08\/220816-policia-coletivaseguranca-mariameirellesascomacre.jpg\",\"contentUrl\":\"https:\/\/nk7-testes.com.br\/agazeta\/wp-content\/uploads\/2016\/08\/220816-policia-coletivaseguranca-mariameirellesascomacre.jpg\",\"width\":458,\"height\":340,\"caption\":\"220816-policia-coletivaseguranca-mariameirellesascomacre\"},{\"@type\":\"BreadcrumbList\",\"@id\":\"https:\/\/nk7-testes.com.br\/agazeta\/governo-anuncia-concurso-para-reforcar-seguranca-em-presidio\/#breadcrumb\",\"itemListElement\":[{\"@type\":\"ListItem\",\"position\":1,\"name\":\"In\u00edcio\",\"item\":\"https:\/\/nk7-testes.com.br\/agazeta\/\"},{\"@type\":\"ListItem\",\"position\":2,\"name\":\"Governo anuncia concurso para refor\u00e7ar seguran\u00e7a em pres\u00eddio\"}]},{\"@type\":\"WebSite\",\"@id\":\"https:\/\/nk7-testes.com.br\/agazeta\/#website\",\"url\":\"https:\/\/nk7-testes.com.br\/agazeta\/\",\"name\":\"Agazeta.net\",\"description\":\"Agazeta.net - Not\u00edcias de Rio Branco\/AC\",\"potentialAction\":[{\"@type\":\"SearchAction\",\"target\":{\"@type\":\"EntryPoint\",\"urlTemplate\":\"https:\/\/nk7-testes.com.br\/agazeta\/?s={search_term_string}\"},\"query-input\":{\"@type\":\"PropertyValueSpecification\",\"valueRequired\":true,\"valueName\":\"search_term_string\"}}],\"inLanguage\":\"pt-BR\"},{\"@type\":\"Person\",\"@id\":\"https:\/\/nk7-testes.com.br\/agazeta\/#\/schema\/person\/6d6e25cb0435eb4a02fd44d30b4e3020\",\"name\":\"Agazeta.Net\",\"url\":\"https:\/\/nk7-testes.com.br\/agazeta\/author\/agazeta\/\"}]}<\/script>\n<!-- \/ Yoast SEO plugin. -->","yoast_head_json":{"title":"Governo anuncia concurso para refor\u00e7ar seguran\u00e7a em pres\u00eddio - Agazeta.net","robots":{"index":"index","follow":"follow","max-snippet":"max-snippet:-1","max-image-preview":"max-image-preview:large","max-video-preview":"max-video-preview:-1"},"canonical":"https:\/\/nk7-testes.com.br\/agazeta\/governo-anuncia-concurso-para-reforcar-seguranca-em-presidio\/","og_locale":"pt_BR","og_type":"article","og_title":"Governo anuncia concurso para refor\u00e7ar seguran\u00e7a em pres\u00eddio - Agazeta.net","og_description":"150 vagas; sal\u00e1rio de R$ 2,8 mil por 12 meses","og_url":"https:\/\/nk7-testes.com.br\/agazeta\/governo-anuncia-concurso-para-reforcar-seguranca-em-presidio\/","og_site_name":"Agazeta.net","article_published_time":"2016-08-22T19:52:50+00:00","og_image":[{"width":458,"height":340,"url":"https:\/\/nk7-testes.com.br\/agazeta\/wp-content\/uploads\/2016\/08\/220816-policia-coletivaseguranca-mariameirellesascomacre.jpg","type":"image\/jpeg"}],"author":"Agazeta.Net","twitter_card":"summary_large_image","twitter_misc":{"Escrito por":"Agazeta.Net","Est. tempo de leitura":"2 minutos"},"schema":{"@context":"https:\/\/schema.org","@graph":[{"@type":"WebPage","@id":"https:\/\/nk7-testes.com.br\/agazeta\/governo-anuncia-concurso-para-reforcar-seguranca-em-presidio\/","url":"https:\/\/nk7-testes.com.br\/agazeta\/governo-anuncia-concurso-para-reforcar-seguranca-em-presidio\/","name":"Governo anuncia concurso para refor\u00e7ar seguran\u00e7a em pres\u00eddio - Agazeta.net","isPartOf":{"@id":"https:\/\/nk7-testes.com.br\/agazeta\/#website"},"primaryImageOfPage":{"@id":"https:\/\/nk7-testes.com.br\/agazeta\/governo-anuncia-concurso-para-reforcar-seguranca-em-presidio\/#primaryimage"},"image":{"@id":"https:\/\/nk7-testes.com.br\/agazeta\/governo-anuncia-concurso-para-reforcar-seguranca-em-presidio\/#primaryimage"},"thumbnailUrl":"https:\/\/nk7-testes.com.br\/agazeta\/wp-content\/uploads\/2016\/08\/220816-policia-coletivaseguranca-mariameirellesascomacre.jpg","datePublished":"2016-08-22T19:52:50+00:00","author":{"@id":"https:\/\/nk7-testes.com.br\/agazeta\/#\/schema\/person\/6d6e25cb0435eb4a02fd44d30b4e3020"},"breadcrumb":{"@id":"https:\/\/nk7-testes.com.br\/agazeta\/governo-anuncia-concurso-para-reforcar-seguranca-em-presidio\/#breadcrumb"},"inLanguage":"pt-BR","potentialAction":[{"@type":"ReadAction","target":["https:\/\/nk7-testes.com.br\/agazeta\/governo-anuncia-concurso-para-reforcar-seguranca-em-presidio\/"]}]},{"@type":"ImageObject","inLanguage":"pt-BR","@id":"https:\/\/nk7-testes.com.br\/agazeta\/governo-anuncia-concurso-para-reforcar-seguranca-em-presidio\/#primaryimage","url":"https:\/\/nk7-testes.com.br\/agazeta\/wp-content\/uploads\/2016\/08\/220816-policia-coletivaseguranca-mariameirellesascomacre.jpg","contentUrl":"https:\/\/nk7-testes.com.br\/agazeta\/wp-content\/uploads\/2016\/08\/220816-policia-coletivaseguranca-mariameirellesascomacre.jpg","width":458,"height":340,"caption":"220816-policia-coletivaseguranca-mariameirellesascomacre"},{"@type":"BreadcrumbList","@id":"https:\/\/nk7-testes.com.br\/agazeta\/governo-anuncia-concurso-para-reforcar-seguranca-em-presidio\/#breadcrumb","itemListElement":[{"@type":"ListItem","position":1,"name":"In\u00edcio","item":"https:\/\/nk7-testes.com.br\/agazeta\/"},{"@type":"ListItem","position":2,"name":"Governo anuncia concurso para refor\u00e7ar seguran\u00e7a em pres\u00eddio"}]},{"@type":"WebSite","@id":"https:\/\/nk7-testes.com.br\/agazeta\/#website","url":"https:\/\/nk7-testes.com.br\/agazeta\/","name":"Agazeta.net","description":"Agazeta.net - Not\u00edcias de Rio Branco\/AC","potentialAction":[{"@type":"SearchAction","target":{"@type":"EntryPoint","urlTemplate":"https:\/\/nk7-testes.com.br\/agazeta\/?s={search_term_string}"},"query-input":{"@type":"PropertyValueSpecification","valueRequired":true,"valueName":"search_term_string"}}],"inLanguage":"pt-BR"},{"@type":"Person","@id":"https:\/\/nk7-testes.com.br\/agazeta\/#\/schema\/person\/6d6e25cb0435eb4a02fd44d30b4e3020","name":"Agazeta.Net","url":"https:\/\/nk7-testes.com.br\/agazeta\/author\/agazeta\/"}]}},"_links":{"self":[{"href":"https:\/\/nk7-testes.com.br\/agazeta\/wp-json\/wp\/v2\/posts\/24660","targetHints":{"allow":["GET"]}}],"collection":[{"href":"https:\/\/nk7-testes.com.br\/agazeta\/wp-json\/wp\/v2\/posts"}],"about":[{"href":"https:\/\/nk7-testes.com.br\/agazeta\/wp-json\/wp\/v2\/types\/post"}],"author":[{"embeddable":true,"href":"https:\/\/nk7-testes.com.br\/agazeta\/wp-json\/wp\/v2\/users\/4"}],"replies":[{"embeddable":true,"href":"https:\/\/nk7-testes.com.br\/agazeta\/wp-json\/wp\/v2\/comments?post=24660"}],"version-history":[{"count":0,"href":"https:\/\/nk7-testes.com.br\/agazeta\/wp-json\/wp\/v2\/posts\/24660\/revisions"}],"wp:featuredmedia":[{"embeddable":true,"href":"https:\/\/nk7-testes.com.br\/agazeta\/wp-json\/wp\/v2\/media\/24659"}],"wp:attachment":[{"href":"https:\/\/nk7-testes.com.br\/agazeta\/wp-json\/wp\/v2\/media?parent=24660"}],"wp:term":[{"taxonomy":"category","embeddable":true,"href":"https:\/\/nk7-testes.com.br\/agazeta\/wp-json\/wp\/v2\/categories?post=24660"},{"taxonomy":"post_tag","embeddable":true,"href":"https:\/\/nk7-testes.com.br\/agazeta\/wp-json\/wp\/v2\/tags?post=24660"}],"curies":[{"name":"wp","href":"https:\/\/api.w.org\/{rel}","templated":true}]}}