{"id":24646,"date":"2016-08-22T14:22:42","date_gmt":"2016-08-22T14:22:42","guid":{"rendered":"https:\/\/abarevegan.com.br\/index.php\/2016\/08\/22\/ex-policial-e-executado-no-bairro-cidade-do-povo\/"},"modified":"2016-08-22T14:22:42","modified_gmt":"2016-08-22T14:22:42","slug":"ex-policial-e-executado-no-bairro-cidade-do-povo","status":"publish","type":"post","link":"https:\/\/nk7-testes.com.br\/agazeta\/ex-policial-e-executado-no-bairro-cidade-do-povo\/","title":{"rendered":"Ex-policial \u00e9 executado no bairro Cidade do Povo"},"content":{"rendered":"<p style=\"text-align: justify;\">Assassinos chegaram em uma bicicleta: um tiro no t\u00f3rax<\/p>\n<p style=\"text-align: justify;\">O ex-policial militar Alu\u00edzio de Sousa Silva, 56, tinha uma barbearia no bairro Cidade do Povo. Conhecido como \u201cPerigoso\u201d, ele foi morto com um tiro no peito no \u00faltimo s\u00e1bado \u00e0 noite.<\/p>\n<p style=\"text-align: justify;\">Segundo informou a pol\u00edcia, Alu\u00edzio estaria deitado quando dois homens chegaram em uma bicicleta e arrombaram a porta da casa onde morava quando a v\u00edtima ouviu o barulho.<\/p>\n<p style=\"text-align: justify;\">Alu\u00edzio pulou a janela e tentou fugir. Na fuga, ele trope\u00e7ou e caiu. Foi quando um dos assassinos fez um \u00fanico disparo que acertou o peito da v\u00edtima. A morte foi instant\u00e2nea. Logo depois, fugiram em uma bicicleta tranquilamente.<\/p>\n<p style=\"text-align: justify;\">O Samu ainda foi acionado, mas quando chegou ao local, a v\u00edtima j\u00e1 havia morrido. Os acusados nada fizeram com a esposa do ex-policial. Alu\u00edzio foi expulso da corpora\u00e7\u00e3o h\u00e1 mais de 10 anos.<\/p>\n<p style=\"text-align: justify;\">Policias militares do 2\u00ba Batalh\u00e3o chegaram ao local e fizeram o isolamento da \u00e1rea para que os peritos do IML pudessem fazer o trabalho de per\u00edcia.<\/p>\n","protected":false},"excerpt":{"rendered":"<p style=\"text-align: justify;\">Assassinos chegaram em uma bicicleta: um tiro no t\u00f3rax<\/p>\n","protected":false},"author":4,"featured_media":24645,"comment_status":"open","ping_status":"open","sticky":false,"template":"","format":"standard","meta":{"jnews-multi-image_gallery":[],"jnews_single_post":[],"jnews_primary_category":[],"jnews_social_meta":[],"jnews_review":[],"enable_review":"","type":"","name":"","summary":"","brand":"","sku":"","good":[],"bad":[],"score_override":"","override_value":"","rating":[],"price":[],"footnotes":""},"categories":[44],"tags":[],"class_list":["post-24646","post","type-post","status-publish","format-standard","has-post-thumbnail","hentry","category-policia"],"yoast_head":"<!-- This site is optimized with the Yoast SEO plugin v26.5 - https:\/\/yoast.com\/wordpress\/plugins\/seo\/ -->\n<title>Ex-policial \u00e9 executado no bairro Cidade do Povo - Agazeta.net<\/title>\n<meta name=\"robots\" content=\"index, follow, max-snippet:-1, max-image-preview:large, max-video-preview:-1\" \/>\n<link rel=\"canonical\" href=\"https:\/\/nk7-testes.com.br\/agazeta\/ex-policial-e-executado-no-bairro-cidade-do-povo\/\" \/>\n<meta property=\"og:locale\" content=\"pt_BR\" \/>\n<meta property=\"og:type\" content=\"article\" \/>\n<meta property=\"og:title\" content=\"Ex-policial \u00e9 executado no bairro Cidade do Povo - Agazeta.net\" \/>\n<meta property=\"og:description\" content=\"Assassinos chegaram em uma bicicleta: um tiro no t\u00f3rax\" \/>\n<meta property=\"og:url\" content=\"https:\/\/nk7-testes.com.br\/agazeta\/ex-policial-e-executado-no-bairro-cidade-do-povo\/\" \/>\n<meta property=\"og:site_name\" content=\"Agazeta.net\" \/>\n<meta property=\"article:published_time\" content=\"2016-08-22T14:22:42+00:00\" \/>\n<meta property=\"og:image\" content=\"https:\/\/nk7-testes.com.br\/agazeta\/wp-content\/uploads\/2016\/08\/220816-policia-assassinato-cleriston.jpg\" \/>\n\t<meta property=\"og:image:width\" content=\"458\" \/>\n\t<meta property=\"og:image:height\" content=\"340\" \/>\n\t<meta property=\"og:image:type\" content=\"image\/jpeg\" \/>\n<meta name=\"author\" content=\"Agazeta.Net\" \/>\n<meta name=\"twitter:card\" content=\"summary_large_image\" \/>\n<meta name=\"twitter:label1\" content=\"Escrito por\" \/>\n\t<meta name=\"twitter:data1\" content=\"Agazeta.Net\" \/>\n\t<meta name=\"twitter:label2\" content=\"Est. tempo de leitura\" \/>\n\t<meta name=\"twitter:data2\" content=\"1 minuto\" \/>\n<script type=\"application\/ld+json\" class=\"yoast-schema-graph\">{\"@context\":\"https:\/\/schema.org\",\"@graph\":[{\"@type\":\"WebPage\",\"@id\":\"https:\/\/nk7-testes.com.br\/agazeta\/ex-policial-e-executado-no-bairro-cidade-do-povo\/\",\"url\":\"https:\/\/nk7-testes.com.br\/agazeta\/ex-policial-e-executado-no-bairro-cidade-do-povo\/\",\"name\":\"Ex-policial \u00e9 executado no bairro Cidade do Povo - Agazeta.net\",\"isPartOf\":{\"@id\":\"https:\/\/nk7-testes.com.br\/agazeta\/#website\"},\"primaryImageOfPage\":{\"@id\":\"https:\/\/nk7-testes.com.br\/agazeta\/ex-policial-e-executado-no-bairro-cidade-do-povo\/#primaryimage\"},\"image\":{\"@id\":\"https:\/\/nk7-testes.com.br\/agazeta\/ex-policial-e-executado-no-bairro-cidade-do-povo\/#primaryimage\"},\"thumbnailUrl\":\"https:\/\/nk7-testes.com.br\/agazeta\/wp-content\/uploads\/2016\/08\/220816-policia-assassinato-cleriston.jpg\",\"datePublished\":\"2016-08-22T14:22:42+00:00\",\"author\":{\"@id\":\"https:\/\/nk7-testes.com.br\/agazeta\/#\/schema\/person\/6d6e25cb0435eb4a02fd44d30b4e3020\"},\"breadcrumb\":{\"@id\":\"https:\/\/nk7-testes.com.br\/agazeta\/ex-policial-e-executado-no-bairro-cidade-do-povo\/#breadcrumb\"},\"inLanguage\":\"pt-BR\",\"potentialAction\":[{\"@type\":\"ReadAction\",\"target\":[\"https:\/\/nk7-testes.com.br\/agazeta\/ex-policial-e-executado-no-bairro-cidade-do-povo\/\"]}]},{\"@type\":\"ImageObject\",\"inLanguage\":\"pt-BR\",\"@id\":\"https:\/\/nk7-testes.com.br\/agazeta\/ex-policial-e-executado-no-bairro-cidade-do-povo\/#primaryimage\",\"url\":\"https:\/\/nk7-testes.com.br\/agazeta\/wp-content\/uploads\/2016\/08\/220816-policia-assassinato-cleriston.jpg\",\"contentUrl\":\"https:\/\/nk7-testes.com.br\/agazeta\/wp-content\/uploads\/2016\/08\/220816-policia-assassinato-cleriston.jpg\",\"width\":458,\"height\":340,\"caption\":\"220816-policia-assassinato-cleriston\"},{\"@type\":\"BreadcrumbList\",\"@id\":\"https:\/\/nk7-testes.com.br\/agazeta\/ex-policial-e-executado-no-bairro-cidade-do-povo\/#breadcrumb\",\"itemListElement\":[{\"@type\":\"ListItem\",\"position\":1,\"name\":\"In\u00edcio\",\"item\":\"https:\/\/nk7-testes.com.br\/agazeta\/\"},{\"@type\":\"ListItem\",\"position\":2,\"name\":\"Ex-policial \u00e9 executado no bairro Cidade do Povo\"}]},{\"@type\":\"WebSite\",\"@id\":\"https:\/\/nk7-testes.com.br\/agazeta\/#website\",\"url\":\"https:\/\/nk7-testes.com.br\/agazeta\/\",\"name\":\"Agazeta.net\",\"description\":\"Agazeta.net - Not\u00edcias de Rio Branco\/AC\",\"potentialAction\":[{\"@type\":\"SearchAction\",\"target\":{\"@type\":\"EntryPoint\",\"urlTemplate\":\"https:\/\/nk7-testes.com.br\/agazeta\/?s={search_term_string}\"},\"query-input\":{\"@type\":\"PropertyValueSpecification\",\"valueRequired\":true,\"valueName\":\"search_term_string\"}}],\"inLanguage\":\"pt-BR\"},{\"@type\":\"Person\",\"@id\":\"https:\/\/nk7-testes.com.br\/agazeta\/#\/schema\/person\/6d6e25cb0435eb4a02fd44d30b4e3020\",\"name\":\"Agazeta.Net\",\"url\":\"https:\/\/nk7-testes.com.br\/agazeta\/author\/agazeta\/\"}]}<\/script>\n<!-- \/ Yoast SEO plugin. -->","yoast_head_json":{"title":"Ex-policial \u00e9 executado no bairro Cidade do Povo - Agazeta.net","robots":{"index":"index","follow":"follow","max-snippet":"max-snippet:-1","max-image-preview":"max-image-preview:large","max-video-preview":"max-video-preview:-1"},"canonical":"https:\/\/nk7-testes.com.br\/agazeta\/ex-policial-e-executado-no-bairro-cidade-do-povo\/","og_locale":"pt_BR","og_type":"article","og_title":"Ex-policial \u00e9 executado no bairro Cidade do Povo - Agazeta.net","og_description":"Assassinos chegaram em uma bicicleta: um tiro no t\u00f3rax","og_url":"https:\/\/nk7-testes.com.br\/agazeta\/ex-policial-e-executado-no-bairro-cidade-do-povo\/","og_site_name":"Agazeta.net","article_published_time":"2016-08-22T14:22:42+00:00","og_image":[{"width":458,"height":340,"url":"https:\/\/nk7-testes.com.br\/agazeta\/wp-content\/uploads\/2016\/08\/220816-policia-assassinato-cleriston.jpg","type":"image\/jpeg"}],"author":"Agazeta.Net","twitter_card":"summary_large_image","twitter_misc":{"Escrito por":"Agazeta.Net","Est. tempo de leitura":"1 minuto"},"schema":{"@context":"https:\/\/schema.org","@graph":[{"@type":"WebPage","@id":"https:\/\/nk7-testes.com.br\/agazeta\/ex-policial-e-executado-no-bairro-cidade-do-povo\/","url":"https:\/\/nk7-testes.com.br\/agazeta\/ex-policial-e-executado-no-bairro-cidade-do-povo\/","name":"Ex-policial \u00e9 executado no bairro Cidade do Povo - Agazeta.net","isPartOf":{"@id":"https:\/\/nk7-testes.com.br\/agazeta\/#website"},"primaryImageOfPage":{"@id":"https:\/\/nk7-testes.com.br\/agazeta\/ex-policial-e-executado-no-bairro-cidade-do-povo\/#primaryimage"},"image":{"@id":"https:\/\/nk7-testes.com.br\/agazeta\/ex-policial-e-executado-no-bairro-cidade-do-povo\/#primaryimage"},"thumbnailUrl":"https:\/\/nk7-testes.com.br\/agazeta\/wp-content\/uploads\/2016\/08\/220816-policia-assassinato-cleriston.jpg","datePublished":"2016-08-22T14:22:42+00:00","author":{"@id":"https:\/\/nk7-testes.com.br\/agazeta\/#\/schema\/person\/6d6e25cb0435eb4a02fd44d30b4e3020"},"breadcrumb":{"@id":"https:\/\/nk7-testes.com.br\/agazeta\/ex-policial-e-executado-no-bairro-cidade-do-povo\/#breadcrumb"},"inLanguage":"pt-BR","potentialAction":[{"@type":"ReadAction","target":["https:\/\/nk7-testes.com.br\/agazeta\/ex-policial-e-executado-no-bairro-cidade-do-povo\/"]}]},{"@type":"ImageObject","inLanguage":"pt-BR","@id":"https:\/\/nk7-testes.com.br\/agazeta\/ex-policial-e-executado-no-bairro-cidade-do-povo\/#primaryimage","url":"https:\/\/nk7-testes.com.br\/agazeta\/wp-content\/uploads\/2016\/08\/220816-policia-assassinato-cleriston.jpg","contentUrl":"https:\/\/nk7-testes.com.br\/agazeta\/wp-content\/uploads\/2016\/08\/220816-policia-assassinato-cleriston.jpg","width":458,"height":340,"caption":"220816-policia-assassinato-cleriston"},{"@type":"BreadcrumbList","@id":"https:\/\/nk7-testes.com.br\/agazeta\/ex-policial-e-executado-no-bairro-cidade-do-povo\/#breadcrumb","itemListElement":[{"@type":"ListItem","position":1,"name":"In\u00edcio","item":"https:\/\/nk7-testes.com.br\/agazeta\/"},{"@type":"ListItem","position":2,"name":"Ex-policial \u00e9 executado no bairro Cidade do Povo"}]},{"@type":"WebSite","@id":"https:\/\/nk7-testes.com.br\/agazeta\/#website","url":"https:\/\/nk7-testes.com.br\/agazeta\/","name":"Agazeta.net","description":"Agazeta.net - Not\u00edcias de Rio Branco\/AC","potentialAction":[{"@type":"SearchAction","target":{"@type":"EntryPoint","urlTemplate":"https:\/\/nk7-testes.com.br\/agazeta\/?s={search_term_string}"},"query-input":{"@type":"PropertyValueSpecification","valueRequired":true,"valueName":"search_term_string"}}],"inLanguage":"pt-BR"},{"@type":"Person","@id":"https:\/\/nk7-testes.com.br\/agazeta\/#\/schema\/person\/6d6e25cb0435eb4a02fd44d30b4e3020","name":"Agazeta.Net","url":"https:\/\/nk7-testes.com.br\/agazeta\/author\/agazeta\/"}]}},"_links":{"self":[{"href":"https:\/\/nk7-testes.com.br\/agazeta\/wp-json\/wp\/v2\/posts\/24646","targetHints":{"allow":["GET"]}}],"collection":[{"href":"https:\/\/nk7-testes.com.br\/agazeta\/wp-json\/wp\/v2\/posts"}],"about":[{"href":"https:\/\/nk7-testes.com.br\/agazeta\/wp-json\/wp\/v2\/types\/post"}],"author":[{"embeddable":true,"href":"https:\/\/nk7-testes.com.br\/agazeta\/wp-json\/wp\/v2\/users\/4"}],"replies":[{"embeddable":true,"href":"https:\/\/nk7-testes.com.br\/agazeta\/wp-json\/wp\/v2\/comments?post=24646"}],"version-history":[{"count":0,"href":"https:\/\/nk7-testes.com.br\/agazeta\/wp-json\/wp\/v2\/posts\/24646\/revisions"}],"wp:featuredmedia":[{"embeddable":true,"href":"https:\/\/nk7-testes.com.br\/agazeta\/wp-json\/wp\/v2\/media\/24645"}],"wp:attachment":[{"href":"https:\/\/nk7-testes.com.br\/agazeta\/wp-json\/wp\/v2\/media?parent=24646"}],"wp:term":[{"taxonomy":"category","embeddable":true,"href":"https:\/\/nk7-testes.com.br\/agazeta\/wp-json\/wp\/v2\/categories?post=24646"},{"taxonomy":"post_tag","embeddable":true,"href":"https:\/\/nk7-testes.com.br\/agazeta\/wp-json\/wp\/v2\/tags?post=24646"}],"curies":[{"name":"wp","href":"https:\/\/api.w.org\/{rel}","templated":true}]}}