{"id":24632,"date":"2016-08-20T16:06:16","date_gmt":"2016-08-20T16:06:16","guid":{"rendered":"https:\/\/abarevegan.com.br\/index.php\/2016\/08\/20\/carro-e-incendiado-no-patio-do-detran\/"},"modified":"2016-08-20T16:06:16","modified_gmt":"2016-08-20T16:06:16","slug":"carro-e-incendiado-no-patio-do-detran","status":"publish","type":"post","link":"https:\/\/nk7-testes.com.br\/agazeta\/carro-e-incendiado-no-patio-do-detran\/","title":{"rendered":"Carro \u00e9 incendiado no p\u00e1tio do Detran"},"content":{"rendered":"<p style=\"text-align: justify;\">Governo contabiliza 12 ocorr\u00eancias durante a madrugada<\/p>\n<p style=\"text-align: justify;\">A terceira noite de tens\u00e3o por causa dos atentados provocados por fac\u00e7\u00e3o criminosa teve 12 incidentes criminosos causados por fac\u00e7\u00e3o criminosa. A transfer\u00eancia de lideran\u00e7as do pres\u00eddio estadual para o pres\u00eddio federal de seguran\u00e7a m\u00e1xima Ant\u00f4nio Amaro deixou em alerta todas as for\u00e7as de Seguran\u00e7a.<\/p>\n<p style=\"text-align: justify;\">Al\u00e9m do inc\u00eandio a um carro apreendido no p\u00e1tio do Detran na Avenida Ant\u00f4nio da Rocha Viana, houve um registrado na cidade de Xapuri: um trator foi incendiado.<br \/>A pol\u00edcia encontrou o gal\u00e3o onde estava a gasolina usada para realizar o crime. O trator pertencia \u00e0 Secretaria de Infraestrutura de Xapuri. N\u00e3o houve feridos. As investiga\u00e7\u00f5es iniciaram.<\/p>\n<p style=\"text-align: justify;\">Das 12 ocorr\u00eancias, oito aconteceram na Capital. E, dessas oito, quatro foram efetivadas pelos integrantes de fac\u00e7\u00e3o. Em Cruzeiro do Sul, os criminosos tentaram atear fogo \u00e1 resid\u00eancia de um sargento da Pol\u00edcia Militar. Em Sena Madureira, a pol\u00edcia registrou duas ocorr\u00eancias.<\/p>\n","protected":false},"excerpt":{"rendered":"<p style=\"text-align: justify;\">Governo contabiliza 12 ocorr\u00eancias durante a madrugada<\/p>\n","protected":false},"author":4,"featured_media":24631,"comment_status":"open","ping_status":"open","sticky":false,"template":"","format":"standard","meta":{"jnews-multi-image_gallery":[],"jnews_single_post":[],"jnews_primary_category":[],"jnews_social_meta":[],"jnews_review":[],"enable_review":"","type":"","name":"","summary":"","brand":"","sku":"","good":[],"bad":[],"score_override":"","override_value":"","rating":[],"price":[],"footnotes":""},"categories":[44],"tags":[],"class_list":["post-24632","post","type-post","status-publish","format-standard","has-post-thumbnail","hentry","category-policia"],"yoast_head":"<!-- This site is optimized with the Yoast SEO plugin v26.5 - https:\/\/yoast.com\/wordpress\/plugins\/seo\/ -->\n<title>Carro \u00e9 incendiado no p\u00e1tio do Detran - Agazeta.net<\/title>\n<meta name=\"robots\" content=\"index, follow, max-snippet:-1, max-image-preview:large, max-video-preview:-1\" \/>\n<link rel=\"canonical\" href=\"https:\/\/nk7-testes.com.br\/agazeta\/carro-e-incendiado-no-patio-do-detran\/\" \/>\n<meta property=\"og:locale\" content=\"pt_BR\" \/>\n<meta property=\"og:type\" content=\"article\" \/>\n<meta property=\"og:title\" content=\"Carro \u00e9 incendiado no p\u00e1tio do Detran - Agazeta.net\" \/>\n<meta property=\"og:description\" content=\"Governo contabiliza 12 ocorr\u00eancias durante a madrugada\" \/>\n<meta property=\"og:url\" content=\"https:\/\/nk7-testes.com.br\/agazeta\/carro-e-incendiado-no-patio-do-detran\/\" \/>\n<meta property=\"og:site_name\" content=\"Agazeta.net\" \/>\n<meta property=\"article:published_time\" content=\"2016-08-20T16:06:16+00:00\" \/>\n<meta property=\"og:image\" content=\"https:\/\/nk7-testes.com.br\/agazeta\/wp-content\/uploads\/2016\/08\/200816-policia-carroincendiado-cleriston.jpg\" \/>\n\t<meta property=\"og:image:width\" content=\"458\" \/>\n\t<meta property=\"og:image:height\" content=\"340\" \/>\n\t<meta property=\"og:image:type\" content=\"image\/jpeg\" \/>\n<meta name=\"author\" content=\"Agazeta.Net\" \/>\n<meta name=\"twitter:card\" content=\"summary_large_image\" \/>\n<meta name=\"twitter:label1\" content=\"Escrito por\" \/>\n\t<meta name=\"twitter:data1\" content=\"Agazeta.Net\" \/>\n\t<meta name=\"twitter:label2\" content=\"Est. tempo de leitura\" \/>\n\t<meta name=\"twitter:data2\" content=\"1 minuto\" \/>\n<script type=\"application\/ld+json\" class=\"yoast-schema-graph\">{\"@context\":\"https:\/\/schema.org\",\"@graph\":[{\"@type\":\"WebPage\",\"@id\":\"https:\/\/nk7-testes.com.br\/agazeta\/carro-e-incendiado-no-patio-do-detran\/\",\"url\":\"https:\/\/nk7-testes.com.br\/agazeta\/carro-e-incendiado-no-patio-do-detran\/\",\"name\":\"Carro \u00e9 incendiado no p\u00e1tio do Detran - Agazeta.net\",\"isPartOf\":{\"@id\":\"https:\/\/nk7-testes.com.br\/agazeta\/#website\"},\"primaryImageOfPage\":{\"@id\":\"https:\/\/nk7-testes.com.br\/agazeta\/carro-e-incendiado-no-patio-do-detran\/#primaryimage\"},\"image\":{\"@id\":\"https:\/\/nk7-testes.com.br\/agazeta\/carro-e-incendiado-no-patio-do-detran\/#primaryimage\"},\"thumbnailUrl\":\"https:\/\/nk7-testes.com.br\/agazeta\/wp-content\/uploads\/2016\/08\/200816-policia-carroincendiado-cleriston.jpg\",\"datePublished\":\"2016-08-20T16:06:16+00:00\",\"author\":{\"@id\":\"https:\/\/nk7-testes.com.br\/agazeta\/#\/schema\/person\/6d6e25cb0435eb4a02fd44d30b4e3020\"},\"breadcrumb\":{\"@id\":\"https:\/\/nk7-testes.com.br\/agazeta\/carro-e-incendiado-no-patio-do-detran\/#breadcrumb\"},\"inLanguage\":\"pt-BR\",\"potentialAction\":[{\"@type\":\"ReadAction\",\"target\":[\"https:\/\/nk7-testes.com.br\/agazeta\/carro-e-incendiado-no-patio-do-detran\/\"]}]},{\"@type\":\"ImageObject\",\"inLanguage\":\"pt-BR\",\"@id\":\"https:\/\/nk7-testes.com.br\/agazeta\/carro-e-incendiado-no-patio-do-detran\/#primaryimage\",\"url\":\"https:\/\/nk7-testes.com.br\/agazeta\/wp-content\/uploads\/2016\/08\/200816-policia-carroincendiado-cleriston.jpg\",\"contentUrl\":\"https:\/\/nk7-testes.com.br\/agazeta\/wp-content\/uploads\/2016\/08\/200816-policia-carroincendiado-cleriston.jpg\",\"width\":458,\"height\":340,\"caption\":\"200816-policia-carroincendiado-cleriston\"},{\"@type\":\"BreadcrumbList\",\"@id\":\"https:\/\/nk7-testes.com.br\/agazeta\/carro-e-incendiado-no-patio-do-detran\/#breadcrumb\",\"itemListElement\":[{\"@type\":\"ListItem\",\"position\":1,\"name\":\"In\u00edcio\",\"item\":\"https:\/\/nk7-testes.com.br\/agazeta\/\"},{\"@type\":\"ListItem\",\"position\":2,\"name\":\"Carro \u00e9 incendiado no p\u00e1tio do Detran\"}]},{\"@type\":\"WebSite\",\"@id\":\"https:\/\/nk7-testes.com.br\/agazeta\/#website\",\"url\":\"https:\/\/nk7-testes.com.br\/agazeta\/\",\"name\":\"Agazeta.net\",\"description\":\"Agazeta.net - Not\u00edcias de Rio Branco\/AC\",\"potentialAction\":[{\"@type\":\"SearchAction\",\"target\":{\"@type\":\"EntryPoint\",\"urlTemplate\":\"https:\/\/nk7-testes.com.br\/agazeta\/?s={search_term_string}\"},\"query-input\":{\"@type\":\"PropertyValueSpecification\",\"valueRequired\":true,\"valueName\":\"search_term_string\"}}],\"inLanguage\":\"pt-BR\"},{\"@type\":\"Person\",\"@id\":\"https:\/\/nk7-testes.com.br\/agazeta\/#\/schema\/person\/6d6e25cb0435eb4a02fd44d30b4e3020\",\"name\":\"Agazeta.Net\",\"url\":\"https:\/\/nk7-testes.com.br\/agazeta\/author\/agazeta\/\"}]}<\/script>\n<!-- \/ Yoast SEO plugin. -->","yoast_head_json":{"title":"Carro \u00e9 incendiado no p\u00e1tio do Detran - Agazeta.net","robots":{"index":"index","follow":"follow","max-snippet":"max-snippet:-1","max-image-preview":"max-image-preview:large","max-video-preview":"max-video-preview:-1"},"canonical":"https:\/\/nk7-testes.com.br\/agazeta\/carro-e-incendiado-no-patio-do-detran\/","og_locale":"pt_BR","og_type":"article","og_title":"Carro \u00e9 incendiado no p\u00e1tio do Detran - Agazeta.net","og_description":"Governo contabiliza 12 ocorr\u00eancias durante a madrugada","og_url":"https:\/\/nk7-testes.com.br\/agazeta\/carro-e-incendiado-no-patio-do-detran\/","og_site_name":"Agazeta.net","article_published_time":"2016-08-20T16:06:16+00:00","og_image":[{"width":458,"height":340,"url":"https:\/\/nk7-testes.com.br\/agazeta\/wp-content\/uploads\/2016\/08\/200816-policia-carroincendiado-cleriston.jpg","type":"image\/jpeg"}],"author":"Agazeta.Net","twitter_card":"summary_large_image","twitter_misc":{"Escrito por":"Agazeta.Net","Est. tempo de leitura":"1 minuto"},"schema":{"@context":"https:\/\/schema.org","@graph":[{"@type":"WebPage","@id":"https:\/\/nk7-testes.com.br\/agazeta\/carro-e-incendiado-no-patio-do-detran\/","url":"https:\/\/nk7-testes.com.br\/agazeta\/carro-e-incendiado-no-patio-do-detran\/","name":"Carro \u00e9 incendiado no p\u00e1tio do Detran - Agazeta.net","isPartOf":{"@id":"https:\/\/nk7-testes.com.br\/agazeta\/#website"},"primaryImageOfPage":{"@id":"https:\/\/nk7-testes.com.br\/agazeta\/carro-e-incendiado-no-patio-do-detran\/#primaryimage"},"image":{"@id":"https:\/\/nk7-testes.com.br\/agazeta\/carro-e-incendiado-no-patio-do-detran\/#primaryimage"},"thumbnailUrl":"https:\/\/nk7-testes.com.br\/agazeta\/wp-content\/uploads\/2016\/08\/200816-policia-carroincendiado-cleriston.jpg","datePublished":"2016-08-20T16:06:16+00:00","author":{"@id":"https:\/\/nk7-testes.com.br\/agazeta\/#\/schema\/person\/6d6e25cb0435eb4a02fd44d30b4e3020"},"breadcrumb":{"@id":"https:\/\/nk7-testes.com.br\/agazeta\/carro-e-incendiado-no-patio-do-detran\/#breadcrumb"},"inLanguage":"pt-BR","potentialAction":[{"@type":"ReadAction","target":["https:\/\/nk7-testes.com.br\/agazeta\/carro-e-incendiado-no-patio-do-detran\/"]}]},{"@type":"ImageObject","inLanguage":"pt-BR","@id":"https:\/\/nk7-testes.com.br\/agazeta\/carro-e-incendiado-no-patio-do-detran\/#primaryimage","url":"https:\/\/nk7-testes.com.br\/agazeta\/wp-content\/uploads\/2016\/08\/200816-policia-carroincendiado-cleriston.jpg","contentUrl":"https:\/\/nk7-testes.com.br\/agazeta\/wp-content\/uploads\/2016\/08\/200816-policia-carroincendiado-cleriston.jpg","width":458,"height":340,"caption":"200816-policia-carroincendiado-cleriston"},{"@type":"BreadcrumbList","@id":"https:\/\/nk7-testes.com.br\/agazeta\/carro-e-incendiado-no-patio-do-detran\/#breadcrumb","itemListElement":[{"@type":"ListItem","position":1,"name":"In\u00edcio","item":"https:\/\/nk7-testes.com.br\/agazeta\/"},{"@type":"ListItem","position":2,"name":"Carro \u00e9 incendiado no p\u00e1tio do Detran"}]},{"@type":"WebSite","@id":"https:\/\/nk7-testes.com.br\/agazeta\/#website","url":"https:\/\/nk7-testes.com.br\/agazeta\/","name":"Agazeta.net","description":"Agazeta.net - Not\u00edcias de Rio Branco\/AC","potentialAction":[{"@type":"SearchAction","target":{"@type":"EntryPoint","urlTemplate":"https:\/\/nk7-testes.com.br\/agazeta\/?s={search_term_string}"},"query-input":{"@type":"PropertyValueSpecification","valueRequired":true,"valueName":"search_term_string"}}],"inLanguage":"pt-BR"},{"@type":"Person","@id":"https:\/\/nk7-testes.com.br\/agazeta\/#\/schema\/person\/6d6e25cb0435eb4a02fd44d30b4e3020","name":"Agazeta.Net","url":"https:\/\/nk7-testes.com.br\/agazeta\/author\/agazeta\/"}]}},"_links":{"self":[{"href":"https:\/\/nk7-testes.com.br\/agazeta\/wp-json\/wp\/v2\/posts\/24632","targetHints":{"allow":["GET"]}}],"collection":[{"href":"https:\/\/nk7-testes.com.br\/agazeta\/wp-json\/wp\/v2\/posts"}],"about":[{"href":"https:\/\/nk7-testes.com.br\/agazeta\/wp-json\/wp\/v2\/types\/post"}],"author":[{"embeddable":true,"href":"https:\/\/nk7-testes.com.br\/agazeta\/wp-json\/wp\/v2\/users\/4"}],"replies":[{"embeddable":true,"href":"https:\/\/nk7-testes.com.br\/agazeta\/wp-json\/wp\/v2\/comments?post=24632"}],"version-history":[{"count":0,"href":"https:\/\/nk7-testes.com.br\/agazeta\/wp-json\/wp\/v2\/posts\/24632\/revisions"}],"wp:featuredmedia":[{"embeddable":true,"href":"https:\/\/nk7-testes.com.br\/agazeta\/wp-json\/wp\/v2\/media\/24631"}],"wp:attachment":[{"href":"https:\/\/nk7-testes.com.br\/agazeta\/wp-json\/wp\/v2\/media?parent=24632"}],"wp:term":[{"taxonomy":"category","embeddable":true,"href":"https:\/\/nk7-testes.com.br\/agazeta\/wp-json\/wp\/v2\/categories?post=24632"},{"taxonomy":"post_tag","embeddable":true,"href":"https:\/\/nk7-testes.com.br\/agazeta\/wp-json\/wp\/v2\/tags?post=24632"}],"curies":[{"name":"wp","href":"https:\/\/api.w.org\/{rel}","templated":true}]}}