{"id":24593,"date":"2016-08-19T19:50:40","date_gmt":"2016-08-19T19:50:40","guid":{"rendered":"https:\/\/abarevegan.com.br\/index.php\/2016\/08\/19\/seca-no-madeira-pode-comprometer-abastecimento\/"},"modified":"2016-08-19T19:50:40","modified_gmt":"2016-08-19T19:50:40","slug":"seca-no-madeira-pode-comprometer-abastecimento","status":"publish","type":"post","link":"https:\/\/nk7-testes.com.br\/agazeta\/seca-no-madeira-pode-comprometer-abastecimento\/","title":{"rendered":"Seca no Madeira pode comprometer abastecimento"},"content":{"rendered":"<p style=\"text-align: justify;\">No Amazonas, algumas cidades j\u00e1 sentem efeitos da seca<\/p>\n<p style=\"text-align: justify;\">Nesta semana, o Rio Madeira atingiu uma das menores cotas da \u00faltima d\u00e9cada, chegando a 2, 28 metros. No mesmo per\u00edodo do ano passado o n\u00edvel era de 9,48 metros.<\/p>\n<p style=\"text-align: justify;\">Devido a dificuldade de navega\u00e7\u00e3o, alguns munic\u00edpios do Amazonas registram falta de produtos, principalmente aqueles que ficam entre os munic\u00edpios do Humait\u00e1 e Manaus.<\/p>\n<p style=\"text-align: justify;\">Para facilitar a navega\u00e7\u00e3o, as cargas nas embarca\u00e7\u00f5es foram reduzidas em 30%. O tempo de viagem entre Manaus e Porto Velho dobrou, passando de quatro para sete dias em m\u00e9dia. No sentido oposto, aumentou de oito para 15 dias.<\/p>\n<p style=\"text-align: justify;\">Com a estiagem severa, o escoamento de produ\u00e7\u00e3o agr\u00edcola, alimentos e insumos podem ficar prejudicados. Como o Acre tamb\u00e9m \u00e9 dependente da hidrovia do Madeira, retorna a preocupa\u00e7\u00e3o em rela\u00e7\u00e3o a alguns produtos, como por exemplo, o combust\u00edvel.<\/p>\n<p style=\"text-align: justify;\">Segundo o Sindicato dos postos de combust\u00edveis do Acre (Sindepac), n\u00e3o foi registrada falta de derivados de petr\u00f3leo no estado. A entidade afirma ainda que periodicamente mant\u00e9m contato com as distribuidoras, que at\u00e9 agora n\u00e3o acenaram para racionamento de combust\u00edveis no Acre.<\/p>\n<p style=\"text-align: justify;\">Ainda de acordo com o Sindepac, os postos trabalham na normalidade por que sempre nessa \u00e9poca, com a estiagem, se preparam mantendo estoque m\u00e1ximo de produtos.<\/p>\n","protected":false},"excerpt":{"rendered":"<p style=\"text-align: justify;\">No Amazonas, algumas cidades j\u00e1 sentem efeitos da seca<\/p>\n","protected":false},"author":4,"featured_media":24592,"comment_status":"open","ping_status":"open","sticky":false,"template":"","format":"standard","meta":{"jnews-multi-image_gallery":[],"jnews_single_post":[],"jnews_primary_category":[],"jnews_social_meta":[],"jnews_review":[],"enable_review":"","type":"","name":"","summary":"","brand":"","sku":"","good":[],"bad":[],"score_override":"","override_value":"","rating":[],"price":[],"footnotes":""},"categories":[54],"tags":[],"class_list":["post-24593","post","type-post","status-publish","format-standard","has-post-thumbnail","hentry","category-cotidiano"],"yoast_head":"<!-- This site is optimized with the Yoast SEO plugin v26.5 - https:\/\/yoast.com\/wordpress\/plugins\/seo\/ -->\n<title>Seca no Madeira pode comprometer abastecimento - Agazeta.net<\/title>\n<meta name=\"robots\" content=\"index, follow, max-snippet:-1, max-image-preview:large, max-video-preview:-1\" \/>\n<link rel=\"canonical\" href=\"https:\/\/nk7-testes.com.br\/agazeta\/seca-no-madeira-pode-comprometer-abastecimento\/\" \/>\n<meta property=\"og:locale\" content=\"pt_BR\" \/>\n<meta property=\"og:type\" content=\"article\" \/>\n<meta property=\"og:title\" content=\"Seca no Madeira pode comprometer abastecimento - Agazeta.net\" \/>\n<meta property=\"og:description\" content=\"No Amazonas, algumas cidades j\u00e1 sentem efeitos da seca\" \/>\n<meta property=\"og:url\" content=\"https:\/\/nk7-testes.com.br\/agazeta\/seca-no-madeira-pode-comprometer-abastecimento\/\" \/>\n<meta property=\"og:site_name\" content=\"Agazeta.net\" \/>\n<meta property=\"article:published_time\" content=\"2016-08-19T19:50:40+00:00\" \/>\n<meta property=\"og:image\" content=\"https:\/\/nk7-testes.com.br\/agazeta\/wp-content\/uploads\/2016\/08\/190816-cotidiano-riomadeiraseco-tvgazeta.jpg\" \/>\n\t<meta property=\"og:image:width\" content=\"458\" \/>\n\t<meta property=\"og:image:height\" content=\"340\" \/>\n\t<meta property=\"og:image:type\" content=\"image\/jpeg\" \/>\n<meta name=\"author\" content=\"Agazeta.Net\" \/>\n<meta name=\"twitter:card\" content=\"summary_large_image\" \/>\n<meta name=\"twitter:label1\" content=\"Escrito por\" \/>\n\t<meta name=\"twitter:data1\" content=\"Agazeta.Net\" \/>\n\t<meta name=\"twitter:label2\" content=\"Est. tempo de leitura\" \/>\n\t<meta name=\"twitter:data2\" content=\"1 minuto\" \/>\n<script type=\"application\/ld+json\" class=\"yoast-schema-graph\">{\"@context\":\"https:\/\/schema.org\",\"@graph\":[{\"@type\":\"WebPage\",\"@id\":\"https:\/\/nk7-testes.com.br\/agazeta\/seca-no-madeira-pode-comprometer-abastecimento\/\",\"url\":\"https:\/\/nk7-testes.com.br\/agazeta\/seca-no-madeira-pode-comprometer-abastecimento\/\",\"name\":\"Seca no Madeira pode comprometer abastecimento - Agazeta.net\",\"isPartOf\":{\"@id\":\"https:\/\/nk7-testes.com.br\/agazeta\/#website\"},\"primaryImageOfPage\":{\"@id\":\"https:\/\/nk7-testes.com.br\/agazeta\/seca-no-madeira-pode-comprometer-abastecimento\/#primaryimage\"},\"image\":{\"@id\":\"https:\/\/nk7-testes.com.br\/agazeta\/seca-no-madeira-pode-comprometer-abastecimento\/#primaryimage\"},\"thumbnailUrl\":\"https:\/\/nk7-testes.com.br\/agazeta\/wp-content\/uploads\/2016\/08\/190816-cotidiano-riomadeiraseco-tvgazeta.jpg\",\"datePublished\":\"2016-08-19T19:50:40+00:00\",\"author\":{\"@id\":\"https:\/\/nk7-testes.com.br\/agazeta\/#\/schema\/person\/6d6e25cb0435eb4a02fd44d30b4e3020\"},\"breadcrumb\":{\"@id\":\"https:\/\/nk7-testes.com.br\/agazeta\/seca-no-madeira-pode-comprometer-abastecimento\/#breadcrumb\"},\"inLanguage\":\"pt-BR\",\"potentialAction\":[{\"@type\":\"ReadAction\",\"target\":[\"https:\/\/nk7-testes.com.br\/agazeta\/seca-no-madeira-pode-comprometer-abastecimento\/\"]}]},{\"@type\":\"ImageObject\",\"inLanguage\":\"pt-BR\",\"@id\":\"https:\/\/nk7-testes.com.br\/agazeta\/seca-no-madeira-pode-comprometer-abastecimento\/#primaryimage\",\"url\":\"https:\/\/nk7-testes.com.br\/agazeta\/wp-content\/uploads\/2016\/08\/190816-cotidiano-riomadeiraseco-tvgazeta.jpg\",\"contentUrl\":\"https:\/\/nk7-testes.com.br\/agazeta\/wp-content\/uploads\/2016\/08\/190816-cotidiano-riomadeiraseco-tvgazeta.jpg\",\"width\":458,\"height\":340,\"caption\":\"190816-cotidiano-riomadeiraseco-tvgazeta\"},{\"@type\":\"BreadcrumbList\",\"@id\":\"https:\/\/nk7-testes.com.br\/agazeta\/seca-no-madeira-pode-comprometer-abastecimento\/#breadcrumb\",\"itemListElement\":[{\"@type\":\"ListItem\",\"position\":1,\"name\":\"In\u00edcio\",\"item\":\"https:\/\/nk7-testes.com.br\/agazeta\/\"},{\"@type\":\"ListItem\",\"position\":2,\"name\":\"Seca no Madeira pode comprometer abastecimento\"}]},{\"@type\":\"WebSite\",\"@id\":\"https:\/\/nk7-testes.com.br\/agazeta\/#website\",\"url\":\"https:\/\/nk7-testes.com.br\/agazeta\/\",\"name\":\"Agazeta.net\",\"description\":\"Agazeta.net - Not\u00edcias de Rio Branco\/AC\",\"potentialAction\":[{\"@type\":\"SearchAction\",\"target\":{\"@type\":\"EntryPoint\",\"urlTemplate\":\"https:\/\/nk7-testes.com.br\/agazeta\/?s={search_term_string}\"},\"query-input\":{\"@type\":\"PropertyValueSpecification\",\"valueRequired\":true,\"valueName\":\"search_term_string\"}}],\"inLanguage\":\"pt-BR\"},{\"@type\":\"Person\",\"@id\":\"https:\/\/nk7-testes.com.br\/agazeta\/#\/schema\/person\/6d6e25cb0435eb4a02fd44d30b4e3020\",\"name\":\"Agazeta.Net\",\"url\":\"https:\/\/nk7-testes.com.br\/agazeta\/author\/agazeta\/\"}]}<\/script>\n<!-- \/ Yoast SEO plugin. -->","yoast_head_json":{"title":"Seca no Madeira pode comprometer abastecimento - Agazeta.net","robots":{"index":"index","follow":"follow","max-snippet":"max-snippet:-1","max-image-preview":"max-image-preview:large","max-video-preview":"max-video-preview:-1"},"canonical":"https:\/\/nk7-testes.com.br\/agazeta\/seca-no-madeira-pode-comprometer-abastecimento\/","og_locale":"pt_BR","og_type":"article","og_title":"Seca no Madeira pode comprometer abastecimento - Agazeta.net","og_description":"No Amazonas, algumas cidades j\u00e1 sentem efeitos da seca","og_url":"https:\/\/nk7-testes.com.br\/agazeta\/seca-no-madeira-pode-comprometer-abastecimento\/","og_site_name":"Agazeta.net","article_published_time":"2016-08-19T19:50:40+00:00","og_image":[{"width":458,"height":340,"url":"https:\/\/nk7-testes.com.br\/agazeta\/wp-content\/uploads\/2016\/08\/190816-cotidiano-riomadeiraseco-tvgazeta.jpg","type":"image\/jpeg"}],"author":"Agazeta.Net","twitter_card":"summary_large_image","twitter_misc":{"Escrito por":"Agazeta.Net","Est. tempo de leitura":"1 minuto"},"schema":{"@context":"https:\/\/schema.org","@graph":[{"@type":"WebPage","@id":"https:\/\/nk7-testes.com.br\/agazeta\/seca-no-madeira-pode-comprometer-abastecimento\/","url":"https:\/\/nk7-testes.com.br\/agazeta\/seca-no-madeira-pode-comprometer-abastecimento\/","name":"Seca no Madeira pode comprometer abastecimento - Agazeta.net","isPartOf":{"@id":"https:\/\/nk7-testes.com.br\/agazeta\/#website"},"primaryImageOfPage":{"@id":"https:\/\/nk7-testes.com.br\/agazeta\/seca-no-madeira-pode-comprometer-abastecimento\/#primaryimage"},"image":{"@id":"https:\/\/nk7-testes.com.br\/agazeta\/seca-no-madeira-pode-comprometer-abastecimento\/#primaryimage"},"thumbnailUrl":"https:\/\/nk7-testes.com.br\/agazeta\/wp-content\/uploads\/2016\/08\/190816-cotidiano-riomadeiraseco-tvgazeta.jpg","datePublished":"2016-08-19T19:50:40+00:00","author":{"@id":"https:\/\/nk7-testes.com.br\/agazeta\/#\/schema\/person\/6d6e25cb0435eb4a02fd44d30b4e3020"},"breadcrumb":{"@id":"https:\/\/nk7-testes.com.br\/agazeta\/seca-no-madeira-pode-comprometer-abastecimento\/#breadcrumb"},"inLanguage":"pt-BR","potentialAction":[{"@type":"ReadAction","target":["https:\/\/nk7-testes.com.br\/agazeta\/seca-no-madeira-pode-comprometer-abastecimento\/"]}]},{"@type":"ImageObject","inLanguage":"pt-BR","@id":"https:\/\/nk7-testes.com.br\/agazeta\/seca-no-madeira-pode-comprometer-abastecimento\/#primaryimage","url":"https:\/\/nk7-testes.com.br\/agazeta\/wp-content\/uploads\/2016\/08\/190816-cotidiano-riomadeiraseco-tvgazeta.jpg","contentUrl":"https:\/\/nk7-testes.com.br\/agazeta\/wp-content\/uploads\/2016\/08\/190816-cotidiano-riomadeiraseco-tvgazeta.jpg","width":458,"height":340,"caption":"190816-cotidiano-riomadeiraseco-tvgazeta"},{"@type":"BreadcrumbList","@id":"https:\/\/nk7-testes.com.br\/agazeta\/seca-no-madeira-pode-comprometer-abastecimento\/#breadcrumb","itemListElement":[{"@type":"ListItem","position":1,"name":"In\u00edcio","item":"https:\/\/nk7-testes.com.br\/agazeta\/"},{"@type":"ListItem","position":2,"name":"Seca no Madeira pode comprometer abastecimento"}]},{"@type":"WebSite","@id":"https:\/\/nk7-testes.com.br\/agazeta\/#website","url":"https:\/\/nk7-testes.com.br\/agazeta\/","name":"Agazeta.net","description":"Agazeta.net - Not\u00edcias de Rio Branco\/AC","potentialAction":[{"@type":"SearchAction","target":{"@type":"EntryPoint","urlTemplate":"https:\/\/nk7-testes.com.br\/agazeta\/?s={search_term_string}"},"query-input":{"@type":"PropertyValueSpecification","valueRequired":true,"valueName":"search_term_string"}}],"inLanguage":"pt-BR"},{"@type":"Person","@id":"https:\/\/nk7-testes.com.br\/agazeta\/#\/schema\/person\/6d6e25cb0435eb4a02fd44d30b4e3020","name":"Agazeta.Net","url":"https:\/\/nk7-testes.com.br\/agazeta\/author\/agazeta\/"}]}},"_links":{"self":[{"href":"https:\/\/nk7-testes.com.br\/agazeta\/wp-json\/wp\/v2\/posts\/24593","targetHints":{"allow":["GET"]}}],"collection":[{"href":"https:\/\/nk7-testes.com.br\/agazeta\/wp-json\/wp\/v2\/posts"}],"about":[{"href":"https:\/\/nk7-testes.com.br\/agazeta\/wp-json\/wp\/v2\/types\/post"}],"author":[{"embeddable":true,"href":"https:\/\/nk7-testes.com.br\/agazeta\/wp-json\/wp\/v2\/users\/4"}],"replies":[{"embeddable":true,"href":"https:\/\/nk7-testes.com.br\/agazeta\/wp-json\/wp\/v2\/comments?post=24593"}],"version-history":[{"count":0,"href":"https:\/\/nk7-testes.com.br\/agazeta\/wp-json\/wp\/v2\/posts\/24593\/revisions"}],"wp:featuredmedia":[{"embeddable":true,"href":"https:\/\/nk7-testes.com.br\/agazeta\/wp-json\/wp\/v2\/media\/24592"}],"wp:attachment":[{"href":"https:\/\/nk7-testes.com.br\/agazeta\/wp-json\/wp\/v2\/media?parent=24593"}],"wp:term":[{"taxonomy":"category","embeddable":true,"href":"https:\/\/nk7-testes.com.br\/agazeta\/wp-json\/wp\/v2\/categories?post=24593"},{"taxonomy":"post_tag","embeddable":true,"href":"https:\/\/nk7-testes.com.br\/agazeta\/wp-json\/wp\/v2\/tags?post=24593"}],"curies":[{"name":"wp","href":"https:\/\/api.w.org\/{rel}","templated":true}]}}