{"id":24589,"date":"2016-08-19T19:35:28","date_gmt":"2016-08-19T19:35:28","guid":{"rendered":"https:\/\/abarevegan.com.br\/index.php\/2016\/08\/19\/policia-prende-mais-16-envolvidos-em-ataques\/"},"modified":"2016-08-19T19:35:28","modified_gmt":"2016-08-19T19:35:28","slug":"policia-prende-mais-16-envolvidos-em-ataques","status":"publish","type":"post","link":"https:\/\/nk7-testes.com.br\/agazeta\/policia-prende-mais-16-envolvidos-em-ataques\/","title":{"rendered":"Pol\u00edcia prende mais 16 envolvidos em ataques"},"content":{"rendered":"<p style=\"text-align: justify;\">Bando foi apresentado na manh\u00e3 desta sexta<\/p>\n<p style=\"text-align: justify;\">A secretaria de Estado de Seguran\u00e7a apresentou mais 16 presos acusados de fazer parte da fac\u00e7\u00e3o que vem aterrorizando a capital e o interior. Desse grupo, est\u00e3o tr\u00eas jovens (sendo um adolescente) que foram apresentados como os respons\u00e1veis por um v\u00eddeo, postado nas redes sociais. O grupo amea\u00e7a policiais e informa que v\u00e3o atear fogo na cidade por sete dias.<\/p>\n<p style=\"text-align: justify;\">O v\u00eddeo foi gravado no bairro S\u00e3o Francisco na casa de Talison de Souza Gomes, 19. \u00c9 ele que est\u00e1 com a blusa branca cobrindo o rosto ao lado de Ronilson Rodrigues da silva, 20, que tamb\u00e9m foi preso. Na delegacia, disseram que era tudo brincadeira e chegaram a pedir desculpas aos policiais.<\/p>\n<p style=\"text-align: justify;\">Para chegar a esse n\u00famero de pris\u00f5es, a pol\u00edcia montou barreiras em diversos pontos da cidade na qual ve\u00edculos eram parados, motoristas e passageiros revistados. Os agentes verificavam bolsas, mochilas e bolsos. Foram mais de 300 policiais numa opera\u00e7\u00e3o que atingiu toda a cidade. A meta era evitar novos ataques incendi\u00e1rios.<\/p>\n<p style=\"text-align: justify;\">Mesmo com a a\u00e7\u00e3o da policia, duas casas de militares foram atacadas. No bairro Seis de Agosto, o carro de um militar foi alvejado por tiros; no bairro Airton Sena, tentaram atear fogo na resid\u00eancia de um cabo PM; no centro de Rio Branco, os bandidos jogaram um coquetel molotov numa das salas onde funcionou o centro de oncologia.<\/p>\n<p style=\"text-align: justify;\">O propriet\u00e1rio que n\u00e3o quer se identificar, disse que o ataque ocorreu porque os bandidos acreditam que o pr\u00e9dio ainda pertence ao Estado. Em Feij\u00f3, o ataque foi a uma ponte.<\/p>\n<p style=\"text-align: justify;\">O secret\u00e1rio de Seguran\u00e7a, Emylson Farias, disse que os ataques est\u00e3o reduzindo com a a\u00e7\u00e3o da pol\u00edcia, que est\u00e1 usando o servi\u00e7o de intelig\u00eancia para chegar aos l\u00edderes da fac\u00e7\u00e3o comando vermelho no Acre, e, prendendo nas ruas, os autores diretos dos ataques.<\/p>\n<p style=\"text-align: justify;\">\u201cN\u00e3o vamos parar as a\u00e7\u00f5es, vamos por fim a esse movimento criminoso. Estamos mais fortes do que nunca e cercando esses bandidos por todos os lados\u201d, declarou.<\/p>\n<p style=\"text-align: justify;\">Com a chegada do final de semana, a policia vai intensificar o trabalho nas ruas e tamb\u00e9m nos pres\u00eddios. O governo do Estado convocou 76 PM\u2019s que estavam na reserva para ajudar na seguran\u00e7a dentro dos pres\u00eddios Francisco Oliveira Conde e Ant\u00f4nio Amaro.<\/p>\n<p style=\"text-align: justify;\">O comandante da Pol\u00edcia Militar informou que os ataques as casas do militares n\u00e3o v\u00e3o inibir a opera\u00e7\u00e3o. \u201cA tentativa de incendiar as resid\u00eancias e os tiros s\u00f3 incentivam a tropa a por fim essas a\u00e7\u00f5es criminosas\u201d, concluiu.<\/p>\n","protected":false},"excerpt":{"rendered":"<p style=\"text-align: justify;\">Bando foi apresentado na manh\u00e3 desta sexta<\/p>\n","protected":false},"author":4,"featured_media":24588,"comment_status":"open","ping_status":"open","sticky":false,"template":"","format":"standard","meta":{"jnews-multi-image_gallery":[],"jnews_single_post":[],"jnews_primary_category":[],"jnews_social_meta":[],"jnews_review":[],"enable_review":"","type":"","name":"","summary":"","brand":"","sku":"","good":[],"bad":[],"score_override":"","override_value":"","rating":[],"price":[],"footnotes":""},"categories":[44],"tags":[],"class_list":["post-24589","post","type-post","status-publish","format-standard","has-post-thumbnail","hentry","category-policia"],"yoast_head":"<!-- This site is optimized with the Yoast SEO plugin v26.5 - https:\/\/yoast.com\/wordpress\/plugins\/seo\/ -->\n<title>Pol\u00edcia prende mais 16 envolvidos em ataques - Agazeta.net<\/title>\n<meta name=\"robots\" content=\"index, follow, max-snippet:-1, max-image-preview:large, max-video-preview:-1\" \/>\n<link rel=\"canonical\" href=\"https:\/\/nk7-testes.com.br\/agazeta\/policia-prende-mais-16-envolvidos-em-ataques\/\" \/>\n<meta property=\"og:locale\" content=\"pt_BR\" \/>\n<meta property=\"og:type\" content=\"article\" \/>\n<meta property=\"og:title\" content=\"Pol\u00edcia prende mais 16 envolvidos em ataques - Agazeta.net\" \/>\n<meta property=\"og:description\" content=\"Bando foi apresentado na manh\u00e3 desta sexta\" \/>\n<meta property=\"og:url\" content=\"https:\/\/nk7-testes.com.br\/agazeta\/policia-prende-mais-16-envolvidos-em-ataques\/\" \/>\n<meta property=\"og:site_name\" content=\"Agazeta.net\" \/>\n<meta property=\"article:published_time\" content=\"2016-08-19T19:35:28+00:00\" \/>\n<meta property=\"og:image\" content=\"https:\/\/nk7-testes.com.br\/agazeta\/wp-content\/uploads\/2016\/08\/190816-policia-bandopreso-tvgazeta.jpg\" \/>\n\t<meta property=\"og:image:width\" content=\"458\" \/>\n\t<meta property=\"og:image:height\" content=\"340\" \/>\n\t<meta property=\"og:image:type\" content=\"image\/jpeg\" \/>\n<meta name=\"author\" content=\"Agazeta.Net\" \/>\n<meta name=\"twitter:card\" content=\"summary_large_image\" \/>\n<meta name=\"twitter:label1\" content=\"Escrito por\" \/>\n\t<meta name=\"twitter:data1\" content=\"Agazeta.Net\" \/>\n\t<meta name=\"twitter:label2\" content=\"Est. tempo de leitura\" \/>\n\t<meta name=\"twitter:data2\" content=\"2 minutos\" \/>\n<script type=\"application\/ld+json\" class=\"yoast-schema-graph\">{\"@context\":\"https:\/\/schema.org\",\"@graph\":[{\"@type\":\"WebPage\",\"@id\":\"https:\/\/nk7-testes.com.br\/agazeta\/policia-prende-mais-16-envolvidos-em-ataques\/\",\"url\":\"https:\/\/nk7-testes.com.br\/agazeta\/policia-prende-mais-16-envolvidos-em-ataques\/\",\"name\":\"Pol\u00edcia prende mais 16 envolvidos em ataques - Agazeta.net\",\"isPartOf\":{\"@id\":\"https:\/\/nk7-testes.com.br\/agazeta\/#website\"},\"primaryImageOfPage\":{\"@id\":\"https:\/\/nk7-testes.com.br\/agazeta\/policia-prende-mais-16-envolvidos-em-ataques\/#primaryimage\"},\"image\":{\"@id\":\"https:\/\/nk7-testes.com.br\/agazeta\/policia-prende-mais-16-envolvidos-em-ataques\/#primaryimage\"},\"thumbnailUrl\":\"https:\/\/nk7-testes.com.br\/agazeta\/wp-content\/uploads\/2016\/08\/190816-policia-bandopreso-tvgazeta.jpg\",\"datePublished\":\"2016-08-19T19:35:28+00:00\",\"author\":{\"@id\":\"https:\/\/nk7-testes.com.br\/agazeta\/#\/schema\/person\/6d6e25cb0435eb4a02fd44d30b4e3020\"},\"breadcrumb\":{\"@id\":\"https:\/\/nk7-testes.com.br\/agazeta\/policia-prende-mais-16-envolvidos-em-ataques\/#breadcrumb\"},\"inLanguage\":\"pt-BR\",\"potentialAction\":[{\"@type\":\"ReadAction\",\"target\":[\"https:\/\/nk7-testes.com.br\/agazeta\/policia-prende-mais-16-envolvidos-em-ataques\/\"]}]},{\"@type\":\"ImageObject\",\"inLanguage\":\"pt-BR\",\"@id\":\"https:\/\/nk7-testes.com.br\/agazeta\/policia-prende-mais-16-envolvidos-em-ataques\/#primaryimage\",\"url\":\"https:\/\/nk7-testes.com.br\/agazeta\/wp-content\/uploads\/2016\/08\/190816-policia-bandopreso-tvgazeta.jpg\",\"contentUrl\":\"https:\/\/nk7-testes.com.br\/agazeta\/wp-content\/uploads\/2016\/08\/190816-policia-bandopreso-tvgazeta.jpg\",\"width\":458,\"height\":340,\"caption\":\"190816-policia-bandopreso-tvgazeta\"},{\"@type\":\"BreadcrumbList\",\"@id\":\"https:\/\/nk7-testes.com.br\/agazeta\/policia-prende-mais-16-envolvidos-em-ataques\/#breadcrumb\",\"itemListElement\":[{\"@type\":\"ListItem\",\"position\":1,\"name\":\"In\u00edcio\",\"item\":\"https:\/\/nk7-testes.com.br\/agazeta\/\"},{\"@type\":\"ListItem\",\"position\":2,\"name\":\"Pol\u00edcia prende mais 16 envolvidos em ataques\"}]},{\"@type\":\"WebSite\",\"@id\":\"https:\/\/nk7-testes.com.br\/agazeta\/#website\",\"url\":\"https:\/\/nk7-testes.com.br\/agazeta\/\",\"name\":\"Agazeta.net\",\"description\":\"Agazeta.net - Not\u00edcias de Rio Branco\/AC\",\"potentialAction\":[{\"@type\":\"SearchAction\",\"target\":{\"@type\":\"EntryPoint\",\"urlTemplate\":\"https:\/\/nk7-testes.com.br\/agazeta\/?s={search_term_string}\"},\"query-input\":{\"@type\":\"PropertyValueSpecification\",\"valueRequired\":true,\"valueName\":\"search_term_string\"}}],\"inLanguage\":\"pt-BR\"},{\"@type\":\"Person\",\"@id\":\"https:\/\/nk7-testes.com.br\/agazeta\/#\/schema\/person\/6d6e25cb0435eb4a02fd44d30b4e3020\",\"name\":\"Agazeta.Net\",\"url\":\"https:\/\/nk7-testes.com.br\/agazeta\/author\/agazeta\/\"}]}<\/script>\n<!-- \/ Yoast SEO plugin. -->","yoast_head_json":{"title":"Pol\u00edcia prende mais 16 envolvidos em ataques - Agazeta.net","robots":{"index":"index","follow":"follow","max-snippet":"max-snippet:-1","max-image-preview":"max-image-preview:large","max-video-preview":"max-video-preview:-1"},"canonical":"https:\/\/nk7-testes.com.br\/agazeta\/policia-prende-mais-16-envolvidos-em-ataques\/","og_locale":"pt_BR","og_type":"article","og_title":"Pol\u00edcia prende mais 16 envolvidos em ataques - Agazeta.net","og_description":"Bando foi apresentado na manh\u00e3 desta sexta","og_url":"https:\/\/nk7-testes.com.br\/agazeta\/policia-prende-mais-16-envolvidos-em-ataques\/","og_site_name":"Agazeta.net","article_published_time":"2016-08-19T19:35:28+00:00","og_image":[{"width":458,"height":340,"url":"https:\/\/nk7-testes.com.br\/agazeta\/wp-content\/uploads\/2016\/08\/190816-policia-bandopreso-tvgazeta.jpg","type":"image\/jpeg"}],"author":"Agazeta.Net","twitter_card":"summary_large_image","twitter_misc":{"Escrito por":"Agazeta.Net","Est. tempo de leitura":"2 minutos"},"schema":{"@context":"https:\/\/schema.org","@graph":[{"@type":"WebPage","@id":"https:\/\/nk7-testes.com.br\/agazeta\/policia-prende-mais-16-envolvidos-em-ataques\/","url":"https:\/\/nk7-testes.com.br\/agazeta\/policia-prende-mais-16-envolvidos-em-ataques\/","name":"Pol\u00edcia prende mais 16 envolvidos em ataques - Agazeta.net","isPartOf":{"@id":"https:\/\/nk7-testes.com.br\/agazeta\/#website"},"primaryImageOfPage":{"@id":"https:\/\/nk7-testes.com.br\/agazeta\/policia-prende-mais-16-envolvidos-em-ataques\/#primaryimage"},"image":{"@id":"https:\/\/nk7-testes.com.br\/agazeta\/policia-prende-mais-16-envolvidos-em-ataques\/#primaryimage"},"thumbnailUrl":"https:\/\/nk7-testes.com.br\/agazeta\/wp-content\/uploads\/2016\/08\/190816-policia-bandopreso-tvgazeta.jpg","datePublished":"2016-08-19T19:35:28+00:00","author":{"@id":"https:\/\/nk7-testes.com.br\/agazeta\/#\/schema\/person\/6d6e25cb0435eb4a02fd44d30b4e3020"},"breadcrumb":{"@id":"https:\/\/nk7-testes.com.br\/agazeta\/policia-prende-mais-16-envolvidos-em-ataques\/#breadcrumb"},"inLanguage":"pt-BR","potentialAction":[{"@type":"ReadAction","target":["https:\/\/nk7-testes.com.br\/agazeta\/policia-prende-mais-16-envolvidos-em-ataques\/"]}]},{"@type":"ImageObject","inLanguage":"pt-BR","@id":"https:\/\/nk7-testes.com.br\/agazeta\/policia-prende-mais-16-envolvidos-em-ataques\/#primaryimage","url":"https:\/\/nk7-testes.com.br\/agazeta\/wp-content\/uploads\/2016\/08\/190816-policia-bandopreso-tvgazeta.jpg","contentUrl":"https:\/\/nk7-testes.com.br\/agazeta\/wp-content\/uploads\/2016\/08\/190816-policia-bandopreso-tvgazeta.jpg","width":458,"height":340,"caption":"190816-policia-bandopreso-tvgazeta"},{"@type":"BreadcrumbList","@id":"https:\/\/nk7-testes.com.br\/agazeta\/policia-prende-mais-16-envolvidos-em-ataques\/#breadcrumb","itemListElement":[{"@type":"ListItem","position":1,"name":"In\u00edcio","item":"https:\/\/nk7-testes.com.br\/agazeta\/"},{"@type":"ListItem","position":2,"name":"Pol\u00edcia prende mais 16 envolvidos em ataques"}]},{"@type":"WebSite","@id":"https:\/\/nk7-testes.com.br\/agazeta\/#website","url":"https:\/\/nk7-testes.com.br\/agazeta\/","name":"Agazeta.net","description":"Agazeta.net - Not\u00edcias de Rio Branco\/AC","potentialAction":[{"@type":"SearchAction","target":{"@type":"EntryPoint","urlTemplate":"https:\/\/nk7-testes.com.br\/agazeta\/?s={search_term_string}"},"query-input":{"@type":"PropertyValueSpecification","valueRequired":true,"valueName":"search_term_string"}}],"inLanguage":"pt-BR"},{"@type":"Person","@id":"https:\/\/nk7-testes.com.br\/agazeta\/#\/schema\/person\/6d6e25cb0435eb4a02fd44d30b4e3020","name":"Agazeta.Net","url":"https:\/\/nk7-testes.com.br\/agazeta\/author\/agazeta\/"}]}},"_links":{"self":[{"href":"https:\/\/nk7-testes.com.br\/agazeta\/wp-json\/wp\/v2\/posts\/24589","targetHints":{"allow":["GET"]}}],"collection":[{"href":"https:\/\/nk7-testes.com.br\/agazeta\/wp-json\/wp\/v2\/posts"}],"about":[{"href":"https:\/\/nk7-testes.com.br\/agazeta\/wp-json\/wp\/v2\/types\/post"}],"author":[{"embeddable":true,"href":"https:\/\/nk7-testes.com.br\/agazeta\/wp-json\/wp\/v2\/users\/4"}],"replies":[{"embeddable":true,"href":"https:\/\/nk7-testes.com.br\/agazeta\/wp-json\/wp\/v2\/comments?post=24589"}],"version-history":[{"count":0,"href":"https:\/\/nk7-testes.com.br\/agazeta\/wp-json\/wp\/v2\/posts\/24589\/revisions"}],"wp:featuredmedia":[{"embeddable":true,"href":"https:\/\/nk7-testes.com.br\/agazeta\/wp-json\/wp\/v2\/media\/24588"}],"wp:attachment":[{"href":"https:\/\/nk7-testes.com.br\/agazeta\/wp-json\/wp\/v2\/media?parent=24589"}],"wp:term":[{"taxonomy":"category","embeddable":true,"href":"https:\/\/nk7-testes.com.br\/agazeta\/wp-json\/wp\/v2\/categories?post=24589"},{"taxonomy":"post_tag","embeddable":true,"href":"https:\/\/nk7-testes.com.br\/agazeta\/wp-json\/wp\/v2\/tags?post=24589"}],"curies":[{"name":"wp","href":"https:\/\/api.w.org\/{rel}","templated":true}]}}