{"id":24587,"date":"2016-08-19T19:16:54","date_gmt":"2016-08-19T19:16:54","guid":{"rendered":"https:\/\/abarevegan.com.br\/index.php\/2016\/08\/19\/diminui-numero-de-ataques-apos-operacao-integrada\/"},"modified":"2016-08-19T19:16:54","modified_gmt":"2016-08-19T19:16:54","slug":"diminui-numero-de-ataques-apos-operacao-integrada","status":"publish","type":"post","link":"https:\/\/nk7-testes.com.br\/agazeta\/diminui-numero-de-ataques-apos-operacao-integrada\/","title":{"rendered":"Diminui n\u00famero de ataques ap\u00f3s opera\u00e7\u00e3o integrada"},"content":{"rendered":"<p style=\"text-align: justify;\">Policiais da reserva v\u00e3o atuar tamb\u00e9m no Ant\u00f4nio Amaro<\/p>\n<p style=\"text-align: justify;\">O n\u00famero de atentados executados por fac\u00e7\u00e3o criminosa no Acre caiu para cinco na madrugada de sexta-feira. Os casos mais graves guardam rela\u00e7\u00e3o com a integridade f\u00edsica de policiais militares.<\/p>\n<p style=\"text-align: justify;\">H\u00e1 relatos de tiros disparados contra a casa de um policial militar na Capital. Em outra regi\u00e3o de Rio Branco, criminosos jogaram coquetel molotov na casa de outro policial. N\u00e3o houve feridos e o fogo n\u00e3o se alastrou.<\/p>\n<p style=\"text-align: justify;\">A pol\u00edcia realizou 11 pris\u00f5es nesta madrugada. Em audi\u00eancia de cust\u00f3dia realizada ontem \u00e0 tarde, a Justi\u00e7a manteve 30 pessoas presas, envolvidas diretamente com a execu\u00e7\u00e3o dos atentados. Outros dois homens que haviam sido presos foram liberados porque n\u00e3o tiveram participa\u00e7\u00e3o nos crimes.<\/p>\n<p style=\"text-align: justify;\">Um adolescente que gravou mensagens de amea\u00e7a e promo\u00e7\u00e3o de atentados foi apreendido. Uma entrevista coletiva foi realizada na manh\u00e3 desta sexta-feira. A expectativa recai agora para o trabalho da pol\u00edcia durante o fim de semana.<\/p>\n<p style=\"text-align: justify;\">O efetivo da noite desta sexta-feira ser\u00e1 de 444 policiais. Parte da tropa ficar\u00e1 no pres\u00eddio federal de Seguran\u00e7a M\u00e1xima Ant\u00f4nio Amaro, local para onde ser\u00e3o conduzidos os presos envolvidos nos ataques da fac\u00e7\u00e3o criminosa.<\/p>\n<p style=\"text-align: justify;\">No s\u00e1bado (20), haver\u00e1, de acordo com o Governo, o incremento de mais 130 policiais da reserva. Entre esse efetivo da reserva, 76 que j\u00e1 trabalharam em pres\u00eddios v\u00e3o ficar exclusivamente no pres\u00eddio Ant\u00f4nio Amaro refor\u00e7ando a seguran\u00e7a.<\/p>\n","protected":false},"excerpt":{"rendered":"<p style=\"text-align: justify;\">Policiais da reserva v\u00e3o atuar tamb\u00e9m no Ant\u00f4nio Amaro<\/p>\n","protected":false},"author":4,"featured_media":24586,"comment_status":"open","ping_status":"open","sticky":false,"template":"","format":"standard","meta":{"jnews-multi-image_gallery":[],"jnews_single_post":[],"jnews_primary_category":[],"jnews_social_meta":[],"jnews_review":[],"enable_review":"","type":"","name":"","summary":"","brand":"","sku":"","good":[],"bad":[],"score_override":"","override_value":"","rating":[],"price":[],"footnotes":""},"categories":[44],"tags":[],"class_list":["post-24587","post","type-post","status-publish","format-standard","has-post-thumbnail","hentry","category-policia"],"yoast_head":"<!-- This site is optimized with the Yoast SEO plugin v26.5 - https:\/\/yoast.com\/wordpress\/plugins\/seo\/ -->\n<title>Diminui n\u00famero de ataques ap\u00f3s opera\u00e7\u00e3o integrada - Agazeta.net<\/title>\n<meta name=\"robots\" content=\"index, follow, max-snippet:-1, max-image-preview:large, max-video-preview:-1\" \/>\n<link rel=\"canonical\" href=\"https:\/\/nk7-testes.com.br\/agazeta\/diminui-numero-de-ataques-apos-operacao-integrada\/\" \/>\n<meta property=\"og:locale\" content=\"pt_BR\" \/>\n<meta property=\"og:type\" content=\"article\" \/>\n<meta property=\"og:title\" content=\"Diminui n\u00famero de ataques ap\u00f3s opera\u00e7\u00e3o integrada - Agazeta.net\" \/>\n<meta property=\"og:description\" content=\"Policiais da reserva v\u00e3o atuar tamb\u00e9m no Ant\u00f4nio Amaro\" \/>\n<meta property=\"og:url\" content=\"https:\/\/nk7-testes.com.br\/agazeta\/diminui-numero-de-ataques-apos-operacao-integrada\/\" \/>\n<meta property=\"og:site_name\" content=\"Agazeta.net\" \/>\n<meta property=\"article:published_time\" content=\"2016-08-19T19:16:54+00:00\" \/>\n<meta property=\"og:image\" content=\"https:\/\/nk7-testes.com.br\/agazeta\/wp-content\/uploads\/2016\/08\/190816-policia-abordagempolicial-sergiovalesecomac.jpg\" \/>\n\t<meta property=\"og:image:width\" content=\"458\" \/>\n\t<meta property=\"og:image:height\" content=\"340\" \/>\n\t<meta property=\"og:image:type\" content=\"image\/jpeg\" \/>\n<meta name=\"author\" content=\"Agazeta.Net\" \/>\n<meta name=\"twitter:card\" content=\"summary_large_image\" \/>\n<meta name=\"twitter:label1\" content=\"Escrito por\" \/>\n\t<meta name=\"twitter:data1\" content=\"Agazeta.Net\" \/>\n\t<meta name=\"twitter:label2\" content=\"Est. tempo de leitura\" \/>\n\t<meta name=\"twitter:data2\" content=\"1 minuto\" \/>\n<script type=\"application\/ld+json\" class=\"yoast-schema-graph\">{\"@context\":\"https:\/\/schema.org\",\"@graph\":[{\"@type\":\"WebPage\",\"@id\":\"https:\/\/nk7-testes.com.br\/agazeta\/diminui-numero-de-ataques-apos-operacao-integrada\/\",\"url\":\"https:\/\/nk7-testes.com.br\/agazeta\/diminui-numero-de-ataques-apos-operacao-integrada\/\",\"name\":\"Diminui n\u00famero de ataques ap\u00f3s opera\u00e7\u00e3o integrada - Agazeta.net\",\"isPartOf\":{\"@id\":\"https:\/\/nk7-testes.com.br\/agazeta\/#website\"},\"primaryImageOfPage\":{\"@id\":\"https:\/\/nk7-testes.com.br\/agazeta\/diminui-numero-de-ataques-apos-operacao-integrada\/#primaryimage\"},\"image\":{\"@id\":\"https:\/\/nk7-testes.com.br\/agazeta\/diminui-numero-de-ataques-apos-operacao-integrada\/#primaryimage\"},\"thumbnailUrl\":\"https:\/\/nk7-testes.com.br\/agazeta\/wp-content\/uploads\/2016\/08\/190816-policia-abordagempolicial-sergiovalesecomac.jpg\",\"datePublished\":\"2016-08-19T19:16:54+00:00\",\"author\":{\"@id\":\"https:\/\/nk7-testes.com.br\/agazeta\/#\/schema\/person\/6d6e25cb0435eb4a02fd44d30b4e3020\"},\"breadcrumb\":{\"@id\":\"https:\/\/nk7-testes.com.br\/agazeta\/diminui-numero-de-ataques-apos-operacao-integrada\/#breadcrumb\"},\"inLanguage\":\"pt-BR\",\"potentialAction\":[{\"@type\":\"ReadAction\",\"target\":[\"https:\/\/nk7-testes.com.br\/agazeta\/diminui-numero-de-ataques-apos-operacao-integrada\/\"]}]},{\"@type\":\"ImageObject\",\"inLanguage\":\"pt-BR\",\"@id\":\"https:\/\/nk7-testes.com.br\/agazeta\/diminui-numero-de-ataques-apos-operacao-integrada\/#primaryimage\",\"url\":\"https:\/\/nk7-testes.com.br\/agazeta\/wp-content\/uploads\/2016\/08\/190816-policia-abordagempolicial-sergiovalesecomac.jpg\",\"contentUrl\":\"https:\/\/nk7-testes.com.br\/agazeta\/wp-content\/uploads\/2016\/08\/190816-policia-abordagempolicial-sergiovalesecomac.jpg\",\"width\":458,\"height\":340,\"caption\":\"190816-policia-abordagempolicial-sergiovalesecomac\"},{\"@type\":\"BreadcrumbList\",\"@id\":\"https:\/\/nk7-testes.com.br\/agazeta\/diminui-numero-de-ataques-apos-operacao-integrada\/#breadcrumb\",\"itemListElement\":[{\"@type\":\"ListItem\",\"position\":1,\"name\":\"In\u00edcio\",\"item\":\"https:\/\/nk7-testes.com.br\/agazeta\/\"},{\"@type\":\"ListItem\",\"position\":2,\"name\":\"Diminui n\u00famero de ataques ap\u00f3s opera\u00e7\u00e3o integrada\"}]},{\"@type\":\"WebSite\",\"@id\":\"https:\/\/nk7-testes.com.br\/agazeta\/#website\",\"url\":\"https:\/\/nk7-testes.com.br\/agazeta\/\",\"name\":\"Agazeta.net\",\"description\":\"Agazeta.net - Not\u00edcias de Rio Branco\/AC\",\"potentialAction\":[{\"@type\":\"SearchAction\",\"target\":{\"@type\":\"EntryPoint\",\"urlTemplate\":\"https:\/\/nk7-testes.com.br\/agazeta\/?s={search_term_string}\"},\"query-input\":{\"@type\":\"PropertyValueSpecification\",\"valueRequired\":true,\"valueName\":\"search_term_string\"}}],\"inLanguage\":\"pt-BR\"},{\"@type\":\"Person\",\"@id\":\"https:\/\/nk7-testes.com.br\/agazeta\/#\/schema\/person\/6d6e25cb0435eb4a02fd44d30b4e3020\",\"name\":\"Agazeta.Net\",\"url\":\"https:\/\/nk7-testes.com.br\/agazeta\/author\/agazeta\/\"}]}<\/script>\n<!-- \/ Yoast SEO plugin. -->","yoast_head_json":{"title":"Diminui n\u00famero de ataques ap\u00f3s opera\u00e7\u00e3o integrada - Agazeta.net","robots":{"index":"index","follow":"follow","max-snippet":"max-snippet:-1","max-image-preview":"max-image-preview:large","max-video-preview":"max-video-preview:-1"},"canonical":"https:\/\/nk7-testes.com.br\/agazeta\/diminui-numero-de-ataques-apos-operacao-integrada\/","og_locale":"pt_BR","og_type":"article","og_title":"Diminui n\u00famero de ataques ap\u00f3s opera\u00e7\u00e3o integrada - Agazeta.net","og_description":"Policiais da reserva v\u00e3o atuar tamb\u00e9m no Ant\u00f4nio Amaro","og_url":"https:\/\/nk7-testes.com.br\/agazeta\/diminui-numero-de-ataques-apos-operacao-integrada\/","og_site_name":"Agazeta.net","article_published_time":"2016-08-19T19:16:54+00:00","og_image":[{"width":458,"height":340,"url":"https:\/\/nk7-testes.com.br\/agazeta\/wp-content\/uploads\/2016\/08\/190816-policia-abordagempolicial-sergiovalesecomac.jpg","type":"image\/jpeg"}],"author":"Agazeta.Net","twitter_card":"summary_large_image","twitter_misc":{"Escrito por":"Agazeta.Net","Est. tempo de leitura":"1 minuto"},"schema":{"@context":"https:\/\/schema.org","@graph":[{"@type":"WebPage","@id":"https:\/\/nk7-testes.com.br\/agazeta\/diminui-numero-de-ataques-apos-operacao-integrada\/","url":"https:\/\/nk7-testes.com.br\/agazeta\/diminui-numero-de-ataques-apos-operacao-integrada\/","name":"Diminui n\u00famero de ataques ap\u00f3s opera\u00e7\u00e3o integrada - Agazeta.net","isPartOf":{"@id":"https:\/\/nk7-testes.com.br\/agazeta\/#website"},"primaryImageOfPage":{"@id":"https:\/\/nk7-testes.com.br\/agazeta\/diminui-numero-de-ataques-apos-operacao-integrada\/#primaryimage"},"image":{"@id":"https:\/\/nk7-testes.com.br\/agazeta\/diminui-numero-de-ataques-apos-operacao-integrada\/#primaryimage"},"thumbnailUrl":"https:\/\/nk7-testes.com.br\/agazeta\/wp-content\/uploads\/2016\/08\/190816-policia-abordagempolicial-sergiovalesecomac.jpg","datePublished":"2016-08-19T19:16:54+00:00","author":{"@id":"https:\/\/nk7-testes.com.br\/agazeta\/#\/schema\/person\/6d6e25cb0435eb4a02fd44d30b4e3020"},"breadcrumb":{"@id":"https:\/\/nk7-testes.com.br\/agazeta\/diminui-numero-de-ataques-apos-operacao-integrada\/#breadcrumb"},"inLanguage":"pt-BR","potentialAction":[{"@type":"ReadAction","target":["https:\/\/nk7-testes.com.br\/agazeta\/diminui-numero-de-ataques-apos-operacao-integrada\/"]}]},{"@type":"ImageObject","inLanguage":"pt-BR","@id":"https:\/\/nk7-testes.com.br\/agazeta\/diminui-numero-de-ataques-apos-operacao-integrada\/#primaryimage","url":"https:\/\/nk7-testes.com.br\/agazeta\/wp-content\/uploads\/2016\/08\/190816-policia-abordagempolicial-sergiovalesecomac.jpg","contentUrl":"https:\/\/nk7-testes.com.br\/agazeta\/wp-content\/uploads\/2016\/08\/190816-policia-abordagempolicial-sergiovalesecomac.jpg","width":458,"height":340,"caption":"190816-policia-abordagempolicial-sergiovalesecomac"},{"@type":"BreadcrumbList","@id":"https:\/\/nk7-testes.com.br\/agazeta\/diminui-numero-de-ataques-apos-operacao-integrada\/#breadcrumb","itemListElement":[{"@type":"ListItem","position":1,"name":"In\u00edcio","item":"https:\/\/nk7-testes.com.br\/agazeta\/"},{"@type":"ListItem","position":2,"name":"Diminui n\u00famero de ataques ap\u00f3s opera\u00e7\u00e3o integrada"}]},{"@type":"WebSite","@id":"https:\/\/nk7-testes.com.br\/agazeta\/#website","url":"https:\/\/nk7-testes.com.br\/agazeta\/","name":"Agazeta.net","description":"Agazeta.net - Not\u00edcias de Rio Branco\/AC","potentialAction":[{"@type":"SearchAction","target":{"@type":"EntryPoint","urlTemplate":"https:\/\/nk7-testes.com.br\/agazeta\/?s={search_term_string}"},"query-input":{"@type":"PropertyValueSpecification","valueRequired":true,"valueName":"search_term_string"}}],"inLanguage":"pt-BR"},{"@type":"Person","@id":"https:\/\/nk7-testes.com.br\/agazeta\/#\/schema\/person\/6d6e25cb0435eb4a02fd44d30b4e3020","name":"Agazeta.Net","url":"https:\/\/nk7-testes.com.br\/agazeta\/author\/agazeta\/"}]}},"_links":{"self":[{"href":"https:\/\/nk7-testes.com.br\/agazeta\/wp-json\/wp\/v2\/posts\/24587","targetHints":{"allow":["GET"]}}],"collection":[{"href":"https:\/\/nk7-testes.com.br\/agazeta\/wp-json\/wp\/v2\/posts"}],"about":[{"href":"https:\/\/nk7-testes.com.br\/agazeta\/wp-json\/wp\/v2\/types\/post"}],"author":[{"embeddable":true,"href":"https:\/\/nk7-testes.com.br\/agazeta\/wp-json\/wp\/v2\/users\/4"}],"replies":[{"embeddable":true,"href":"https:\/\/nk7-testes.com.br\/agazeta\/wp-json\/wp\/v2\/comments?post=24587"}],"version-history":[{"count":0,"href":"https:\/\/nk7-testes.com.br\/agazeta\/wp-json\/wp\/v2\/posts\/24587\/revisions"}],"wp:featuredmedia":[{"embeddable":true,"href":"https:\/\/nk7-testes.com.br\/agazeta\/wp-json\/wp\/v2\/media\/24586"}],"wp:attachment":[{"href":"https:\/\/nk7-testes.com.br\/agazeta\/wp-json\/wp\/v2\/media?parent=24587"}],"wp:term":[{"taxonomy":"category","embeddable":true,"href":"https:\/\/nk7-testes.com.br\/agazeta\/wp-json\/wp\/v2\/categories?post=24587"},{"taxonomy":"post_tag","embeddable":true,"href":"https:\/\/nk7-testes.com.br\/agazeta\/wp-json\/wp\/v2\/tags?post=24587"}],"curies":[{"name":"wp","href":"https:\/\/api.w.org\/{rel}","templated":true}]}}