{"id":24583,"date":"2016-08-19T18:38:22","date_gmt":"2016-08-19T18:38:22","guid":{"rendered":"https:\/\/abarevegan.com.br\/index.php\/2016\/08\/19\/familia-e-amigos-de-jovem-desaparecida-realizam-manifesto\/"},"modified":"2016-08-19T18:38:22","modified_gmt":"2016-08-19T18:38:22","slug":"familia-e-amigos-de-jovem-desaparecida-realizam-manifesto","status":"publish","type":"post","link":"https:\/\/nk7-testes.com.br\/agazeta\/familia-e-amigos-de-jovem-desaparecida-realizam-manifesto\/","title":{"rendered":"Fam\u00edlia e amigos de jovem desaparecida realizam manifesto"},"content":{"rendered":"<p style=\"text-align: justify;\">Eles pedem mais empenho por parte da justi\u00e7a<\/p>\n<p style=\"text-align: justify;\">O desaparecimento de Sabrina Accioly continua um mist\u00e9rio para fam\u00edlia e pol\u00edcia. A jovem de 17 anos saiu de casa no dia 8 de agosto, em dire\u00e7\u00e3o \u00e0 faculdade onde cursa direito. Ela foi vista no Terminal Urbano, aguardando o \u00f4nibus. Mas naquele dia, ela n\u00e3o chegou \u00e0 faculdade.<\/p>\n<p style=\"text-align: justify;\">Sem informa\u00e7\u00f5es da filha os pais acionaram a pol\u00edcia. No dia 9 de agosto, em um levantamento feito pelos investigadores, foi descoberto que Sabrina teria comprado um bilhete na rodovi\u00e1ria de Rio Branco e embarcou em um \u00f4nibus para Rond\u00f4nia. Em Porto Velho, ela desembarcou, mas seu paradeiro continua um mist\u00e9rio.<\/p>\n<p style=\"text-align: justify;\">Nesta quinta-feira (18), familiares e amigos, realizaram um protesto em frente \u00e0 faculdade onde ela estuda. Com cartazes e faixas, eles exigem mais empenho da pol\u00edcia no caso. Pois o sumi\u00e7o da jovem j\u00e1 ultrapassou 10 dias, e at\u00e9 agora, n\u00e3o se tem nenhuma pista sobre a localiza\u00e7\u00e3o da garota. \u201cEsse nosso desespero que ela n\u00e3o est\u00e1 bem, eu espero deles (da justi\u00e7a) e acredito que eles possam ajudara gente.\u201d Disse Shirley Accioly, m\u00e3e de Sabrina.<\/p>\n<p style=\"text-align: justify;\">A fam\u00edlia e amigos suspeitam que Sabrina tenha sido vitima do aliciamento criminoso de menores para prostitui\u00e7\u00e3o. \u201cA gente s\u00f3 pensa que foi tr\u00e1fico pra prostitui\u00e7\u00e3o, n\u00e3o vem outra coisa na nossa cabe\u00e7a.\u201d Afirmou a m\u00e3e da jovem.<\/p>\n<p style=\"text-align: justify;\">A jovem \u00e9 considerada uma aluna exemplar na faculdade. As amigas relatam o seu desempenho na sala de aula, e n\u00e3o acreditam que ela tenha fugido de casa por vontade pr\u00f3pria. \u201cEla manifesta a sua vida pessoal na internet ent\u00e3o n\u00f3s estamos estranhando essa postura de que a Sabrina simplesmente viajou com amigos, porque os amigos dela somos n\u00f3s\u201d, ponderou a amiga da adolescente Sanathya Alves.<\/p>\n<p style=\"text-align: justify;\">A tia de Sabrina, Gra\u00e7a Accioly, bastante emocionada fala que a sobrinha \u00e9 uma garota estudiosa, calma e amorosa. \u201cQueria tanto que ela voltasse. A fam\u00edlia inteira t\u00e1 (sic) sofrendo, a fam\u00edlia inteira t\u00e1 (sic) clamando pra que ela volte. Eu agrade\u00e7o pelos que est\u00e3o ajudando, (&#8230;) eu sei que voc\u00eas est\u00e3o ajudando mas eu pe\u00e7o que ajudem mais.\u201d<\/p>\n<p style=\"text-align: justify;\">O delegado Fabrizzio Sobreira, respons\u00e1vel pelo caso, informou que n\u00e3o descarta nenhuma hip\u00f3tese, nem o crime de aliciamento de menor e nem que a jovem tenha deixado o estado por vontade pr\u00f3pria. \u201cA investiga\u00e7\u00e3o n\u00e3o descarta qualquer hip\u00f3tese como veiculado. Tanto da pr\u00e1tica criminosa de pessoas mal intencionadas querendo ludibriar essa jovem como apropria possibilidade dela por vontade pr\u00f3pria ter se deslocado para outro estado da federa\u00e7\u00e3o, seja pra passear, seja pra qualquer outro fim. \u201d<\/p>\n","protected":false},"excerpt":{"rendered":"<p style=\"text-align: justify;\">Eles pedem mais empenho por parte da justi\u00e7a<\/p>\n","protected":false},"author":4,"featured_media":24582,"comment_status":"open","ping_status":"open","sticky":false,"template":"","format":"standard","meta":{"jnews-multi-image_gallery":[],"jnews_single_post":[],"jnews_primary_category":[],"jnews_social_meta":[],"jnews_review":[],"enable_review":"","type":"","name":"","summary":"","brand":"","sku":"","good":[],"bad":[],"score_override":"","override_value":"","rating":[],"price":[],"footnotes":""},"categories":[44],"tags":[],"class_list":["post-24583","post","type-post","status-publish","format-standard","has-post-thumbnail","hentry","category-policia"],"yoast_head":"<!-- This site is optimized with the Yoast SEO plugin v26.5 - https:\/\/yoast.com\/wordpress\/plugins\/seo\/ -->\n<title>Fam\u00edlia e amigos de jovem desaparecida realizam manifesto - Agazeta.net<\/title>\n<meta name=\"robots\" content=\"index, follow, max-snippet:-1, max-image-preview:large, max-video-preview:-1\" \/>\n<link rel=\"canonical\" href=\"https:\/\/nk7-testes.com.br\/agazeta\/familia-e-amigos-de-jovem-desaparecida-realizam-manifesto\/\" \/>\n<meta property=\"og:locale\" content=\"pt_BR\" \/>\n<meta property=\"og:type\" content=\"article\" \/>\n<meta property=\"og:title\" content=\"Fam\u00edlia e amigos de jovem desaparecida realizam manifesto - Agazeta.net\" \/>\n<meta property=\"og:description\" content=\"Eles pedem mais empenho por parte da justi\u00e7a\" \/>\n<meta property=\"og:url\" content=\"https:\/\/nk7-testes.com.br\/agazeta\/familia-e-amigos-de-jovem-desaparecida-realizam-manifesto\/\" \/>\n<meta property=\"og:site_name\" content=\"Agazeta.net\" \/>\n<meta property=\"article:published_time\" content=\"2016-08-19T18:38:22+00:00\" \/>\n<meta property=\"og:image\" content=\"https:\/\/nk7-testes.com.br\/agazeta\/wp-content\/uploads\/2016\/08\/190816-policia-manifestodesaparecida.jpg\" \/>\n\t<meta property=\"og:image:width\" content=\"458\" \/>\n\t<meta property=\"og:image:height\" content=\"340\" \/>\n\t<meta property=\"og:image:type\" content=\"image\/jpeg\" \/>\n<meta name=\"author\" content=\"Agazeta.Net\" \/>\n<meta name=\"twitter:card\" content=\"summary_large_image\" \/>\n<meta name=\"twitter:label1\" content=\"Escrito por\" \/>\n\t<meta name=\"twitter:data1\" content=\"Agazeta.Net\" \/>\n\t<meta name=\"twitter:label2\" content=\"Est. tempo de leitura\" \/>\n\t<meta name=\"twitter:data2\" content=\"2 minutos\" \/>\n<script type=\"application\/ld+json\" class=\"yoast-schema-graph\">{\"@context\":\"https:\/\/schema.org\",\"@graph\":[{\"@type\":\"WebPage\",\"@id\":\"https:\/\/nk7-testes.com.br\/agazeta\/familia-e-amigos-de-jovem-desaparecida-realizam-manifesto\/\",\"url\":\"https:\/\/nk7-testes.com.br\/agazeta\/familia-e-amigos-de-jovem-desaparecida-realizam-manifesto\/\",\"name\":\"Fam\u00edlia e amigos de jovem desaparecida realizam manifesto - Agazeta.net\",\"isPartOf\":{\"@id\":\"https:\/\/nk7-testes.com.br\/agazeta\/#website\"},\"primaryImageOfPage\":{\"@id\":\"https:\/\/nk7-testes.com.br\/agazeta\/familia-e-amigos-de-jovem-desaparecida-realizam-manifesto\/#primaryimage\"},\"image\":{\"@id\":\"https:\/\/nk7-testes.com.br\/agazeta\/familia-e-amigos-de-jovem-desaparecida-realizam-manifesto\/#primaryimage\"},\"thumbnailUrl\":\"https:\/\/nk7-testes.com.br\/agazeta\/wp-content\/uploads\/2016\/08\/190816-policia-manifestodesaparecida.jpg\",\"datePublished\":\"2016-08-19T18:38:22+00:00\",\"author\":{\"@id\":\"https:\/\/nk7-testes.com.br\/agazeta\/#\/schema\/person\/6d6e25cb0435eb4a02fd44d30b4e3020\"},\"breadcrumb\":{\"@id\":\"https:\/\/nk7-testes.com.br\/agazeta\/familia-e-amigos-de-jovem-desaparecida-realizam-manifesto\/#breadcrumb\"},\"inLanguage\":\"pt-BR\",\"potentialAction\":[{\"@type\":\"ReadAction\",\"target\":[\"https:\/\/nk7-testes.com.br\/agazeta\/familia-e-amigos-de-jovem-desaparecida-realizam-manifesto\/\"]}]},{\"@type\":\"ImageObject\",\"inLanguage\":\"pt-BR\",\"@id\":\"https:\/\/nk7-testes.com.br\/agazeta\/familia-e-amigos-de-jovem-desaparecida-realizam-manifesto\/#primaryimage\",\"url\":\"https:\/\/nk7-testes.com.br\/agazeta\/wp-content\/uploads\/2016\/08\/190816-policia-manifestodesaparecida.jpg\",\"contentUrl\":\"https:\/\/nk7-testes.com.br\/agazeta\/wp-content\/uploads\/2016\/08\/190816-policia-manifestodesaparecida.jpg\",\"width\":458,\"height\":340,\"caption\":\"190816-policia-manifestodesaparecida\"},{\"@type\":\"BreadcrumbList\",\"@id\":\"https:\/\/nk7-testes.com.br\/agazeta\/familia-e-amigos-de-jovem-desaparecida-realizam-manifesto\/#breadcrumb\",\"itemListElement\":[{\"@type\":\"ListItem\",\"position\":1,\"name\":\"In\u00edcio\",\"item\":\"https:\/\/nk7-testes.com.br\/agazeta\/\"},{\"@type\":\"ListItem\",\"position\":2,\"name\":\"Fam\u00edlia e amigos de jovem desaparecida realizam manifesto\"}]},{\"@type\":\"WebSite\",\"@id\":\"https:\/\/nk7-testes.com.br\/agazeta\/#website\",\"url\":\"https:\/\/nk7-testes.com.br\/agazeta\/\",\"name\":\"Agazeta.net\",\"description\":\"Agazeta.net - Not\u00edcias de Rio Branco\/AC\",\"potentialAction\":[{\"@type\":\"SearchAction\",\"target\":{\"@type\":\"EntryPoint\",\"urlTemplate\":\"https:\/\/nk7-testes.com.br\/agazeta\/?s={search_term_string}\"},\"query-input\":{\"@type\":\"PropertyValueSpecification\",\"valueRequired\":true,\"valueName\":\"search_term_string\"}}],\"inLanguage\":\"pt-BR\"},{\"@type\":\"Person\",\"@id\":\"https:\/\/nk7-testes.com.br\/agazeta\/#\/schema\/person\/6d6e25cb0435eb4a02fd44d30b4e3020\",\"name\":\"Agazeta.Net\",\"url\":\"https:\/\/nk7-testes.com.br\/agazeta\/author\/agazeta\/\"}]}<\/script>\n<!-- \/ Yoast SEO plugin. -->","yoast_head_json":{"title":"Fam\u00edlia e amigos de jovem desaparecida realizam manifesto - Agazeta.net","robots":{"index":"index","follow":"follow","max-snippet":"max-snippet:-1","max-image-preview":"max-image-preview:large","max-video-preview":"max-video-preview:-1"},"canonical":"https:\/\/nk7-testes.com.br\/agazeta\/familia-e-amigos-de-jovem-desaparecida-realizam-manifesto\/","og_locale":"pt_BR","og_type":"article","og_title":"Fam\u00edlia e amigos de jovem desaparecida realizam manifesto - Agazeta.net","og_description":"Eles pedem mais empenho por parte da justi\u00e7a","og_url":"https:\/\/nk7-testes.com.br\/agazeta\/familia-e-amigos-de-jovem-desaparecida-realizam-manifesto\/","og_site_name":"Agazeta.net","article_published_time":"2016-08-19T18:38:22+00:00","og_image":[{"width":458,"height":340,"url":"https:\/\/nk7-testes.com.br\/agazeta\/wp-content\/uploads\/2016\/08\/190816-policia-manifestodesaparecida.jpg","type":"image\/jpeg"}],"author":"Agazeta.Net","twitter_card":"summary_large_image","twitter_misc":{"Escrito por":"Agazeta.Net","Est. tempo de leitura":"2 minutos"},"schema":{"@context":"https:\/\/schema.org","@graph":[{"@type":"WebPage","@id":"https:\/\/nk7-testes.com.br\/agazeta\/familia-e-amigos-de-jovem-desaparecida-realizam-manifesto\/","url":"https:\/\/nk7-testes.com.br\/agazeta\/familia-e-amigos-de-jovem-desaparecida-realizam-manifesto\/","name":"Fam\u00edlia e amigos de jovem desaparecida realizam manifesto - Agazeta.net","isPartOf":{"@id":"https:\/\/nk7-testes.com.br\/agazeta\/#website"},"primaryImageOfPage":{"@id":"https:\/\/nk7-testes.com.br\/agazeta\/familia-e-amigos-de-jovem-desaparecida-realizam-manifesto\/#primaryimage"},"image":{"@id":"https:\/\/nk7-testes.com.br\/agazeta\/familia-e-amigos-de-jovem-desaparecida-realizam-manifesto\/#primaryimage"},"thumbnailUrl":"https:\/\/nk7-testes.com.br\/agazeta\/wp-content\/uploads\/2016\/08\/190816-policia-manifestodesaparecida.jpg","datePublished":"2016-08-19T18:38:22+00:00","author":{"@id":"https:\/\/nk7-testes.com.br\/agazeta\/#\/schema\/person\/6d6e25cb0435eb4a02fd44d30b4e3020"},"breadcrumb":{"@id":"https:\/\/nk7-testes.com.br\/agazeta\/familia-e-amigos-de-jovem-desaparecida-realizam-manifesto\/#breadcrumb"},"inLanguage":"pt-BR","potentialAction":[{"@type":"ReadAction","target":["https:\/\/nk7-testes.com.br\/agazeta\/familia-e-amigos-de-jovem-desaparecida-realizam-manifesto\/"]}]},{"@type":"ImageObject","inLanguage":"pt-BR","@id":"https:\/\/nk7-testes.com.br\/agazeta\/familia-e-amigos-de-jovem-desaparecida-realizam-manifesto\/#primaryimage","url":"https:\/\/nk7-testes.com.br\/agazeta\/wp-content\/uploads\/2016\/08\/190816-policia-manifestodesaparecida.jpg","contentUrl":"https:\/\/nk7-testes.com.br\/agazeta\/wp-content\/uploads\/2016\/08\/190816-policia-manifestodesaparecida.jpg","width":458,"height":340,"caption":"190816-policia-manifestodesaparecida"},{"@type":"BreadcrumbList","@id":"https:\/\/nk7-testes.com.br\/agazeta\/familia-e-amigos-de-jovem-desaparecida-realizam-manifesto\/#breadcrumb","itemListElement":[{"@type":"ListItem","position":1,"name":"In\u00edcio","item":"https:\/\/nk7-testes.com.br\/agazeta\/"},{"@type":"ListItem","position":2,"name":"Fam\u00edlia e amigos de jovem desaparecida realizam manifesto"}]},{"@type":"WebSite","@id":"https:\/\/nk7-testes.com.br\/agazeta\/#website","url":"https:\/\/nk7-testes.com.br\/agazeta\/","name":"Agazeta.net","description":"Agazeta.net - Not\u00edcias de Rio Branco\/AC","potentialAction":[{"@type":"SearchAction","target":{"@type":"EntryPoint","urlTemplate":"https:\/\/nk7-testes.com.br\/agazeta\/?s={search_term_string}"},"query-input":{"@type":"PropertyValueSpecification","valueRequired":true,"valueName":"search_term_string"}}],"inLanguage":"pt-BR"},{"@type":"Person","@id":"https:\/\/nk7-testes.com.br\/agazeta\/#\/schema\/person\/6d6e25cb0435eb4a02fd44d30b4e3020","name":"Agazeta.Net","url":"https:\/\/nk7-testes.com.br\/agazeta\/author\/agazeta\/"}]}},"_links":{"self":[{"href":"https:\/\/nk7-testes.com.br\/agazeta\/wp-json\/wp\/v2\/posts\/24583","targetHints":{"allow":["GET"]}}],"collection":[{"href":"https:\/\/nk7-testes.com.br\/agazeta\/wp-json\/wp\/v2\/posts"}],"about":[{"href":"https:\/\/nk7-testes.com.br\/agazeta\/wp-json\/wp\/v2\/types\/post"}],"author":[{"embeddable":true,"href":"https:\/\/nk7-testes.com.br\/agazeta\/wp-json\/wp\/v2\/users\/4"}],"replies":[{"embeddable":true,"href":"https:\/\/nk7-testes.com.br\/agazeta\/wp-json\/wp\/v2\/comments?post=24583"}],"version-history":[{"count":0,"href":"https:\/\/nk7-testes.com.br\/agazeta\/wp-json\/wp\/v2\/posts\/24583\/revisions"}],"wp:featuredmedia":[{"embeddable":true,"href":"https:\/\/nk7-testes.com.br\/agazeta\/wp-json\/wp\/v2\/media\/24582"}],"wp:attachment":[{"href":"https:\/\/nk7-testes.com.br\/agazeta\/wp-json\/wp\/v2\/media?parent=24583"}],"wp:term":[{"taxonomy":"category","embeddable":true,"href":"https:\/\/nk7-testes.com.br\/agazeta\/wp-json\/wp\/v2\/categories?post=24583"},{"taxonomy":"post_tag","embeddable":true,"href":"https:\/\/nk7-testes.com.br\/agazeta\/wp-json\/wp\/v2\/tags?post=24583"}],"curies":[{"name":"wp","href":"https:\/\/api.w.org\/{rel}","templated":true}]}}