{"id":24579,"date":"2016-08-19T14:57:37","date_gmt":"2016-08-19T14:57:37","guid":{"rendered":"https:\/\/abarevegan.com.br\/index.php\/2016\/08\/19\/feira-das-profissoes-e-realizada-em-rio-branco\/"},"modified":"2016-08-19T14:57:37","modified_gmt":"2016-08-19T14:57:37","slug":"feira-das-profissoes-e-realizada-em-rio-branco","status":"publish","type":"post","link":"https:\/\/nk7-testes.com.br\/agazeta\/feira-das-profissoes-e-realizada-em-rio-branco\/","title":{"rendered":"Feira das profiss\u00f5es \u00e9 realizada em Rio Branco"},"content":{"rendered":"<p style=\"text-align: justify;\">Alunos do Ensino M\u00e9dio de escolas p\u00fablicas participam<\/p>\n<p style=\"text-align: justify;\">O evento teve objetivo de aproximar os jovens dos mais variados cursos das institui\u00e7\u00f5es de n\u00edvel superior do estado.<\/p>\n<p style=\"text-align: justify;\">Alunos de diversas escolas p\u00fablicas da capital prestigiaram a Feira das Profiss\u00f5es que foi promovida na escola Bar\u00e3o do Rio Branco, nesta quinta-feira (18). O evento foi executado em parcerias, com foco na escolha da profiss\u00e3o de acordo com o perfil do estudante.<\/p>\n<p style=\"text-align: justify;\">\u201cA feira das profiss\u00f5es faz parte de um calend\u00e1rio de mobiliza\u00e7\u00e3o que se chama m\u00eas da juventude que n\u00f3s promovemos atrav\u00e9s da Assessoria da juventude, pelo Governo do Estado, em parceria com diversas institui\u00e7\u00f5es. Esse primeiro contato com a realidade do ensino superior vai ajudar no processo de decis\u00e3o deles, em que curso v\u00e3o acessar\u201d, explicou o assessor da juventude, Weverton Matias.<\/p>\n<p style=\"text-align: justify;\">Al\u00e9m das barracas onde os alunos do ensino m\u00e9dio tiveram contato com professores e acad\u00eamicos de universidades do estado, eles tamb\u00e9m participaram de palestras e minicursos.<\/p>\n<p style=\"text-align: justify;\">O Instituto Euvaldo Lodi (IEL) levou li\u00e7\u00f5es de como n\u00e3o errar na hora da entrevista de emprego e dicas para elaborar um bom curr\u00edculo.<\/p>\n<p style=\"text-align: justify;\">Alessandro Nascimento, aluno da escola Lourival Pinho faz est\u00e1gio e j\u00e1 definiu o curso que pretende fazer. Ele quer ser pedagogo e gostou das dicas de como se portar na hora de se apresentar para o empregador. \u201cEst\u00e1 sendo muito interessante saber das qualidades que precisamos ter ao procurar um emprego. Estamos aprendendo muito\u201d, disse.<\/p>\n<p style=\"text-align: justify;\">Sem exageros, a diretora da escola Cerb afirmou que a Feira das profiss\u00f5es foi como a realiza\u00e7\u00e3o de um sonho. \u201cVer isso sendo realizado \u00e9 muito satisfat\u00f3rio por que muitos tomam a decis\u00e3o profissional sem conhecer nada do curso\u201d, comentou.<\/p>\n<p style=\"text-align: justify;\">Para as estudantes Ludimila Andrade e Maria Eduarda, a feira ajudou a esclarecer duvidas, mas as experi\u00eancias foram diferentes. Ludimila que pensava em fazer direito, viu que o caminho para odontologia \u00e9 melhor.<\/p>\n<p style=\"text-align: justify;\">\u201cNa aprendizagem de empreendedorismo aprendi que a gente n\u00e3o tem que fazer aquilo pra ganhar mais, mas sim porque a gente gosta\u201d, explicou.<\/p>\n<p style=\"text-align: justify;\">J\u00e1 para Maria Eduarda a feira ajudou a confirmar o desejo de fazer nutri\u00e7\u00e3o. \u201cO ramo da nutri\u00e7\u00e3o n\u00e3o foca s\u00f3 em alimentos, mas no corpo, na sa\u00fade do ser humano, e hoje a \u00e1rea fitness t\u00e1 em alta\u201d, disse.<\/p>\n","protected":false},"excerpt":{"rendered":"<p style=\"text-align: justify;\">Alunos do Ensino M\u00e9dio de escolas p\u00fablicas participam<\/p>\n","protected":false},"author":4,"featured_media":24578,"comment_status":"open","ping_status":"open","sticky":false,"template":"","format":"standard","meta":{"jnews-multi-image_gallery":[],"jnews_single_post":[],"jnews_primary_category":[],"jnews_social_meta":[],"jnews_review":[],"enable_review":"","type":"","name":"","summary":"","brand":"","sku":"","good":[],"bad":[],"score_override":"","override_value":"","rating":[],"price":[],"footnotes":""},"categories":[54],"tags":[],"class_list":["post-24579","post","type-post","status-publish","format-standard","has-post-thumbnail","hentry","category-cotidiano"],"yoast_head":"<!-- This site is optimized with the Yoast SEO plugin v26.5 - https:\/\/yoast.com\/wordpress\/plugins\/seo\/ -->\n<title>Feira das profiss\u00f5es \u00e9 realizada em Rio Branco - Agazeta.net<\/title>\n<meta name=\"robots\" content=\"index, follow, max-snippet:-1, max-image-preview:large, max-video-preview:-1\" \/>\n<link rel=\"canonical\" href=\"https:\/\/nk7-testes.com.br\/agazeta\/feira-das-profissoes-e-realizada-em-rio-branco\/\" \/>\n<meta property=\"og:locale\" content=\"pt_BR\" \/>\n<meta property=\"og:type\" content=\"article\" \/>\n<meta property=\"og:title\" content=\"Feira das profiss\u00f5es \u00e9 realizada em Rio Branco - Agazeta.net\" \/>\n<meta property=\"og:description\" content=\"Alunos do Ensino M\u00e9dio de escolas p\u00fablicas participam\" \/>\n<meta property=\"og:url\" content=\"https:\/\/nk7-testes.com.br\/agazeta\/feira-das-profissoes-e-realizada-em-rio-branco\/\" \/>\n<meta property=\"og:site_name\" content=\"Agazeta.net\" \/>\n<meta property=\"article:published_time\" content=\"2016-08-19T14:57:37+00:00\" \/>\n<meta property=\"og:image\" content=\"https:\/\/nk7-testes.com.br\/agazeta\/wp-content\/uploads\/2016\/08\/190816-cotidiano-feiradeprofissoes-tvgazeta.jpg\" \/>\n\t<meta property=\"og:image:width\" content=\"458\" \/>\n\t<meta property=\"og:image:height\" content=\"340\" \/>\n\t<meta property=\"og:image:type\" content=\"image\/jpeg\" \/>\n<meta name=\"author\" content=\"Agazeta.Net\" \/>\n<meta name=\"twitter:card\" content=\"summary_large_image\" \/>\n<meta name=\"twitter:label1\" content=\"Escrito por\" \/>\n\t<meta name=\"twitter:data1\" content=\"Agazeta.Net\" \/>\n\t<meta name=\"twitter:label2\" content=\"Est. tempo de leitura\" \/>\n\t<meta name=\"twitter:data2\" content=\"2 minutos\" \/>\n<script type=\"application\/ld+json\" class=\"yoast-schema-graph\">{\"@context\":\"https:\/\/schema.org\",\"@graph\":[{\"@type\":\"WebPage\",\"@id\":\"https:\/\/nk7-testes.com.br\/agazeta\/feira-das-profissoes-e-realizada-em-rio-branco\/\",\"url\":\"https:\/\/nk7-testes.com.br\/agazeta\/feira-das-profissoes-e-realizada-em-rio-branco\/\",\"name\":\"Feira das profiss\u00f5es \u00e9 realizada em Rio Branco - Agazeta.net\",\"isPartOf\":{\"@id\":\"https:\/\/nk7-testes.com.br\/agazeta\/#website\"},\"primaryImageOfPage\":{\"@id\":\"https:\/\/nk7-testes.com.br\/agazeta\/feira-das-profissoes-e-realizada-em-rio-branco\/#primaryimage\"},\"image\":{\"@id\":\"https:\/\/nk7-testes.com.br\/agazeta\/feira-das-profissoes-e-realizada-em-rio-branco\/#primaryimage\"},\"thumbnailUrl\":\"https:\/\/nk7-testes.com.br\/agazeta\/wp-content\/uploads\/2016\/08\/190816-cotidiano-feiradeprofissoes-tvgazeta.jpg\",\"datePublished\":\"2016-08-19T14:57:37+00:00\",\"author\":{\"@id\":\"https:\/\/nk7-testes.com.br\/agazeta\/#\/schema\/person\/6d6e25cb0435eb4a02fd44d30b4e3020\"},\"breadcrumb\":{\"@id\":\"https:\/\/nk7-testes.com.br\/agazeta\/feira-das-profissoes-e-realizada-em-rio-branco\/#breadcrumb\"},\"inLanguage\":\"pt-BR\",\"potentialAction\":[{\"@type\":\"ReadAction\",\"target\":[\"https:\/\/nk7-testes.com.br\/agazeta\/feira-das-profissoes-e-realizada-em-rio-branco\/\"]}]},{\"@type\":\"ImageObject\",\"inLanguage\":\"pt-BR\",\"@id\":\"https:\/\/nk7-testes.com.br\/agazeta\/feira-das-profissoes-e-realizada-em-rio-branco\/#primaryimage\",\"url\":\"https:\/\/nk7-testes.com.br\/agazeta\/wp-content\/uploads\/2016\/08\/190816-cotidiano-feiradeprofissoes-tvgazeta.jpg\",\"contentUrl\":\"https:\/\/nk7-testes.com.br\/agazeta\/wp-content\/uploads\/2016\/08\/190816-cotidiano-feiradeprofissoes-tvgazeta.jpg\",\"width\":458,\"height\":340,\"caption\":\"190816-cotidiano-feiradeprofissoes-tvgazeta\"},{\"@type\":\"BreadcrumbList\",\"@id\":\"https:\/\/nk7-testes.com.br\/agazeta\/feira-das-profissoes-e-realizada-em-rio-branco\/#breadcrumb\",\"itemListElement\":[{\"@type\":\"ListItem\",\"position\":1,\"name\":\"In\u00edcio\",\"item\":\"https:\/\/nk7-testes.com.br\/agazeta\/\"},{\"@type\":\"ListItem\",\"position\":2,\"name\":\"Feira das profiss\u00f5es \u00e9 realizada em Rio Branco\"}]},{\"@type\":\"WebSite\",\"@id\":\"https:\/\/nk7-testes.com.br\/agazeta\/#website\",\"url\":\"https:\/\/nk7-testes.com.br\/agazeta\/\",\"name\":\"Agazeta.net\",\"description\":\"Agazeta.net - Not\u00edcias de Rio Branco\/AC\",\"potentialAction\":[{\"@type\":\"SearchAction\",\"target\":{\"@type\":\"EntryPoint\",\"urlTemplate\":\"https:\/\/nk7-testes.com.br\/agazeta\/?s={search_term_string}\"},\"query-input\":{\"@type\":\"PropertyValueSpecification\",\"valueRequired\":true,\"valueName\":\"search_term_string\"}}],\"inLanguage\":\"pt-BR\"},{\"@type\":\"Person\",\"@id\":\"https:\/\/nk7-testes.com.br\/agazeta\/#\/schema\/person\/6d6e25cb0435eb4a02fd44d30b4e3020\",\"name\":\"Agazeta.Net\",\"url\":\"https:\/\/nk7-testes.com.br\/agazeta\/author\/agazeta\/\"}]}<\/script>\n<!-- \/ Yoast SEO plugin. -->","yoast_head_json":{"title":"Feira das profiss\u00f5es \u00e9 realizada em Rio Branco - Agazeta.net","robots":{"index":"index","follow":"follow","max-snippet":"max-snippet:-1","max-image-preview":"max-image-preview:large","max-video-preview":"max-video-preview:-1"},"canonical":"https:\/\/nk7-testes.com.br\/agazeta\/feira-das-profissoes-e-realizada-em-rio-branco\/","og_locale":"pt_BR","og_type":"article","og_title":"Feira das profiss\u00f5es \u00e9 realizada em Rio Branco - Agazeta.net","og_description":"Alunos do Ensino M\u00e9dio de escolas p\u00fablicas participam","og_url":"https:\/\/nk7-testes.com.br\/agazeta\/feira-das-profissoes-e-realizada-em-rio-branco\/","og_site_name":"Agazeta.net","article_published_time":"2016-08-19T14:57:37+00:00","og_image":[{"width":458,"height":340,"url":"https:\/\/nk7-testes.com.br\/agazeta\/wp-content\/uploads\/2016\/08\/190816-cotidiano-feiradeprofissoes-tvgazeta.jpg","type":"image\/jpeg"}],"author":"Agazeta.Net","twitter_card":"summary_large_image","twitter_misc":{"Escrito por":"Agazeta.Net","Est. tempo de leitura":"2 minutos"},"schema":{"@context":"https:\/\/schema.org","@graph":[{"@type":"WebPage","@id":"https:\/\/nk7-testes.com.br\/agazeta\/feira-das-profissoes-e-realizada-em-rio-branco\/","url":"https:\/\/nk7-testes.com.br\/agazeta\/feira-das-profissoes-e-realizada-em-rio-branco\/","name":"Feira das profiss\u00f5es \u00e9 realizada em Rio Branco - Agazeta.net","isPartOf":{"@id":"https:\/\/nk7-testes.com.br\/agazeta\/#website"},"primaryImageOfPage":{"@id":"https:\/\/nk7-testes.com.br\/agazeta\/feira-das-profissoes-e-realizada-em-rio-branco\/#primaryimage"},"image":{"@id":"https:\/\/nk7-testes.com.br\/agazeta\/feira-das-profissoes-e-realizada-em-rio-branco\/#primaryimage"},"thumbnailUrl":"https:\/\/nk7-testes.com.br\/agazeta\/wp-content\/uploads\/2016\/08\/190816-cotidiano-feiradeprofissoes-tvgazeta.jpg","datePublished":"2016-08-19T14:57:37+00:00","author":{"@id":"https:\/\/nk7-testes.com.br\/agazeta\/#\/schema\/person\/6d6e25cb0435eb4a02fd44d30b4e3020"},"breadcrumb":{"@id":"https:\/\/nk7-testes.com.br\/agazeta\/feira-das-profissoes-e-realizada-em-rio-branco\/#breadcrumb"},"inLanguage":"pt-BR","potentialAction":[{"@type":"ReadAction","target":["https:\/\/nk7-testes.com.br\/agazeta\/feira-das-profissoes-e-realizada-em-rio-branco\/"]}]},{"@type":"ImageObject","inLanguage":"pt-BR","@id":"https:\/\/nk7-testes.com.br\/agazeta\/feira-das-profissoes-e-realizada-em-rio-branco\/#primaryimage","url":"https:\/\/nk7-testes.com.br\/agazeta\/wp-content\/uploads\/2016\/08\/190816-cotidiano-feiradeprofissoes-tvgazeta.jpg","contentUrl":"https:\/\/nk7-testes.com.br\/agazeta\/wp-content\/uploads\/2016\/08\/190816-cotidiano-feiradeprofissoes-tvgazeta.jpg","width":458,"height":340,"caption":"190816-cotidiano-feiradeprofissoes-tvgazeta"},{"@type":"BreadcrumbList","@id":"https:\/\/nk7-testes.com.br\/agazeta\/feira-das-profissoes-e-realizada-em-rio-branco\/#breadcrumb","itemListElement":[{"@type":"ListItem","position":1,"name":"In\u00edcio","item":"https:\/\/nk7-testes.com.br\/agazeta\/"},{"@type":"ListItem","position":2,"name":"Feira das profiss\u00f5es \u00e9 realizada em Rio Branco"}]},{"@type":"WebSite","@id":"https:\/\/nk7-testes.com.br\/agazeta\/#website","url":"https:\/\/nk7-testes.com.br\/agazeta\/","name":"Agazeta.net","description":"Agazeta.net - Not\u00edcias de Rio Branco\/AC","potentialAction":[{"@type":"SearchAction","target":{"@type":"EntryPoint","urlTemplate":"https:\/\/nk7-testes.com.br\/agazeta\/?s={search_term_string}"},"query-input":{"@type":"PropertyValueSpecification","valueRequired":true,"valueName":"search_term_string"}}],"inLanguage":"pt-BR"},{"@type":"Person","@id":"https:\/\/nk7-testes.com.br\/agazeta\/#\/schema\/person\/6d6e25cb0435eb4a02fd44d30b4e3020","name":"Agazeta.Net","url":"https:\/\/nk7-testes.com.br\/agazeta\/author\/agazeta\/"}]}},"_links":{"self":[{"href":"https:\/\/nk7-testes.com.br\/agazeta\/wp-json\/wp\/v2\/posts\/24579","targetHints":{"allow":["GET"]}}],"collection":[{"href":"https:\/\/nk7-testes.com.br\/agazeta\/wp-json\/wp\/v2\/posts"}],"about":[{"href":"https:\/\/nk7-testes.com.br\/agazeta\/wp-json\/wp\/v2\/types\/post"}],"author":[{"embeddable":true,"href":"https:\/\/nk7-testes.com.br\/agazeta\/wp-json\/wp\/v2\/users\/4"}],"replies":[{"embeddable":true,"href":"https:\/\/nk7-testes.com.br\/agazeta\/wp-json\/wp\/v2\/comments?post=24579"}],"version-history":[{"count":0,"href":"https:\/\/nk7-testes.com.br\/agazeta\/wp-json\/wp\/v2\/posts\/24579\/revisions"}],"wp:featuredmedia":[{"embeddable":true,"href":"https:\/\/nk7-testes.com.br\/agazeta\/wp-json\/wp\/v2\/media\/24578"}],"wp:attachment":[{"href":"https:\/\/nk7-testes.com.br\/agazeta\/wp-json\/wp\/v2\/media?parent=24579"}],"wp:term":[{"taxonomy":"category","embeddable":true,"href":"https:\/\/nk7-testes.com.br\/agazeta\/wp-json\/wp\/v2\/categories?post=24579"},{"taxonomy":"post_tag","embeddable":true,"href":"https:\/\/nk7-testes.com.br\/agazeta\/wp-json\/wp\/v2\/tags?post=24579"}],"curies":[{"name":"wp","href":"https:\/\/api.w.org\/{rel}","templated":true}]}}