{"id":24573,"date":"2016-08-19T14:08:43","date_gmt":"2016-08-19T14:08:43","guid":{"rendered":"https:\/\/abarevegan.com.br\/index.php\/2016\/08\/19\/policia-prende-quatro-integrantes-de-faccao-no-quinari\/"},"modified":"2016-08-19T14:08:43","modified_gmt":"2016-08-19T14:08:43","slug":"policia-prende-quatro-integrantes-de-faccao-no-quinari","status":"publish","type":"post","link":"https:\/\/nk7-testes.com.br\/agazeta\/policia-prende-quatro-integrantes-de-faccao-no-quinari\/","title":{"rendered":"Pol\u00edcia prende integrantes de fac\u00e7\u00e3o no Quinari"},"content":{"rendered":"<p style=\"text-align: justify;\">No grupo, havia uma crian\u00e7a de 12 anos<\/p>\n<p style=\"text-align: justify;\">A Pol\u00edcia Militar de Senador Guiomard prende quatro homens e apreende um adolescente. Eles s\u00e3o acusados de integrar uma fac\u00e7\u00e3o criminosa e de participa\u00e7\u00e3o nos atentados na cidade executados desde a madrugada de quarta-feira.<\/p>\n<p style=\"text-align: justify;\">Na cidade, seis \u00f4nibus de transporte escolar foram queimados deixando aproximadamente mil alunos sem ter como ir \u00e0 aula. Os policias militares e policia civil come\u00e7aram a investigar o caso.<\/p>\n<p style=\"text-align: justify;\">Na tarde desta quinta-feira, os policiais conseguiram chegar at\u00e9 quatro homens e um adolescente de 12 anos que, segundo a pol\u00edcia, teria envolvimento com os atentados. Roberto Moura de Oliveira, 30, Antonio Adgilson Queiroz, 23, Evanildo Silva, 35, e outro homem conhecido pelo apelido \u201cBeto P\u00e9 de C\u00e3o\u201d, apontado como l\u00edder do grupo.<\/p>\n<p style=\"text-align: justify;\">Todos foram levados para a delegacia de senador Guiomard. Segundo a pol\u00edcia, o grupo se preparava para reiniciar os ataques na cidade. Desta vez, o ataque estava sendo planejado para acontecer no quartel da PM, delegacia e casas de policiais.<\/p>\n<p style=\"text-align: justify;\">As pris\u00f5es foram realizadas com mandados de busca e apreens\u00f5es. Em v\u00e1rios bairros de Senador Guiomard. As investiga\u00e7\u00f5es continuam e, possivelmente, tenha mais pessoas envolvidas nas a\u00e7\u00f5es criminosas.<\/p>\n","protected":false},"excerpt":{"rendered":"<p style=\"text-align: justify;\">No grupo, havia uma crian\u00e7a de 12 anos<\/p>\n","protected":false},"author":4,"featured_media":24572,"comment_status":"open","ping_status":"open","sticky":false,"template":"","format":"standard","meta":{"jnews-multi-image_gallery":[],"jnews_single_post":[],"jnews_primary_category":[],"jnews_social_meta":[],"jnews_review":[],"enable_review":"","type":"","name":"","summary":"","brand":"","sku":"","good":[],"bad":[],"score_override":"","override_value":"","rating":[],"price":[],"footnotes":""},"categories":[44],"tags":[],"class_list":["post-24573","post","type-post","status-publish","format-standard","has-post-thumbnail","hentry","category-policia"],"yoast_head":"<!-- This site is optimized with the Yoast SEO plugin v26.5 - https:\/\/yoast.com\/wordpress\/plugins\/seo\/ -->\n<title>Pol\u00edcia prende integrantes de fac\u00e7\u00e3o no Quinari - Agazeta.net<\/title>\n<meta name=\"robots\" content=\"index, follow, max-snippet:-1, max-image-preview:large, max-video-preview:-1\" \/>\n<link rel=\"canonical\" href=\"https:\/\/nk7-testes.com.br\/agazeta\/policia-prende-quatro-integrantes-de-faccao-no-quinari\/\" \/>\n<meta property=\"og:locale\" content=\"pt_BR\" \/>\n<meta property=\"og:type\" content=\"article\" \/>\n<meta property=\"og:title\" content=\"Pol\u00edcia prende integrantes de fac\u00e7\u00e3o no Quinari - Agazeta.net\" \/>\n<meta property=\"og:description\" content=\"No grupo, havia uma crian\u00e7a de 12 anos\" \/>\n<meta property=\"og:url\" content=\"https:\/\/nk7-testes.com.br\/agazeta\/policia-prende-quatro-integrantes-de-faccao-no-quinari\/\" \/>\n<meta property=\"og:site_name\" content=\"Agazeta.net\" \/>\n<meta property=\"article:published_time\" content=\"2016-08-19T14:08:43+00:00\" \/>\n<meta property=\"og:image\" content=\"https:\/\/nk7-testes.com.br\/agazeta\/wp-content\/uploads\/2016\/08\/190816-policia-triopresoquinari-cedida.jpg\" \/>\n\t<meta property=\"og:image:width\" content=\"458\" \/>\n\t<meta property=\"og:image:height\" content=\"340\" \/>\n\t<meta property=\"og:image:type\" content=\"image\/jpeg\" \/>\n<meta name=\"author\" content=\"Agazeta.Net\" \/>\n<meta name=\"twitter:card\" content=\"summary_large_image\" \/>\n<meta name=\"twitter:label1\" content=\"Escrito por\" \/>\n\t<meta name=\"twitter:data1\" content=\"Agazeta.Net\" \/>\n\t<meta name=\"twitter:label2\" content=\"Est. tempo de leitura\" \/>\n\t<meta name=\"twitter:data2\" content=\"1 minuto\" \/>\n<script type=\"application\/ld+json\" class=\"yoast-schema-graph\">{\"@context\":\"https:\/\/schema.org\",\"@graph\":[{\"@type\":\"WebPage\",\"@id\":\"https:\/\/nk7-testes.com.br\/agazeta\/policia-prende-quatro-integrantes-de-faccao-no-quinari\/\",\"url\":\"https:\/\/nk7-testes.com.br\/agazeta\/policia-prende-quatro-integrantes-de-faccao-no-quinari\/\",\"name\":\"Pol\u00edcia prende integrantes de fac\u00e7\u00e3o no Quinari - Agazeta.net\",\"isPartOf\":{\"@id\":\"https:\/\/nk7-testes.com.br\/agazeta\/#website\"},\"primaryImageOfPage\":{\"@id\":\"https:\/\/nk7-testes.com.br\/agazeta\/policia-prende-quatro-integrantes-de-faccao-no-quinari\/#primaryimage\"},\"image\":{\"@id\":\"https:\/\/nk7-testes.com.br\/agazeta\/policia-prende-quatro-integrantes-de-faccao-no-quinari\/#primaryimage\"},\"thumbnailUrl\":\"https:\/\/nk7-testes.com.br\/agazeta\/wp-content\/uploads\/2016\/08\/190816-policia-triopresoquinari-cedida.jpg\",\"datePublished\":\"2016-08-19T14:08:43+00:00\",\"author\":{\"@id\":\"https:\/\/nk7-testes.com.br\/agazeta\/#\/schema\/person\/6d6e25cb0435eb4a02fd44d30b4e3020\"},\"breadcrumb\":{\"@id\":\"https:\/\/nk7-testes.com.br\/agazeta\/policia-prende-quatro-integrantes-de-faccao-no-quinari\/#breadcrumb\"},\"inLanguage\":\"pt-BR\",\"potentialAction\":[{\"@type\":\"ReadAction\",\"target\":[\"https:\/\/nk7-testes.com.br\/agazeta\/policia-prende-quatro-integrantes-de-faccao-no-quinari\/\"]}]},{\"@type\":\"ImageObject\",\"inLanguage\":\"pt-BR\",\"@id\":\"https:\/\/nk7-testes.com.br\/agazeta\/policia-prende-quatro-integrantes-de-faccao-no-quinari\/#primaryimage\",\"url\":\"https:\/\/nk7-testes.com.br\/agazeta\/wp-content\/uploads\/2016\/08\/190816-policia-triopresoquinari-cedida.jpg\",\"contentUrl\":\"https:\/\/nk7-testes.com.br\/agazeta\/wp-content\/uploads\/2016\/08\/190816-policia-triopresoquinari-cedida.jpg\",\"width\":458,\"height\":340,\"caption\":\"190816-policia-triopresoquinari-cedida\"},{\"@type\":\"BreadcrumbList\",\"@id\":\"https:\/\/nk7-testes.com.br\/agazeta\/policia-prende-quatro-integrantes-de-faccao-no-quinari\/#breadcrumb\",\"itemListElement\":[{\"@type\":\"ListItem\",\"position\":1,\"name\":\"In\u00edcio\",\"item\":\"https:\/\/nk7-testes.com.br\/agazeta\/\"},{\"@type\":\"ListItem\",\"position\":2,\"name\":\"Pol\u00edcia prende integrantes de fac\u00e7\u00e3o no Quinari\"}]},{\"@type\":\"WebSite\",\"@id\":\"https:\/\/nk7-testes.com.br\/agazeta\/#website\",\"url\":\"https:\/\/nk7-testes.com.br\/agazeta\/\",\"name\":\"Agazeta.net\",\"description\":\"Agazeta.net - Not\u00edcias de Rio Branco\/AC\",\"potentialAction\":[{\"@type\":\"SearchAction\",\"target\":{\"@type\":\"EntryPoint\",\"urlTemplate\":\"https:\/\/nk7-testes.com.br\/agazeta\/?s={search_term_string}\"},\"query-input\":{\"@type\":\"PropertyValueSpecification\",\"valueRequired\":true,\"valueName\":\"search_term_string\"}}],\"inLanguage\":\"pt-BR\"},{\"@type\":\"Person\",\"@id\":\"https:\/\/nk7-testes.com.br\/agazeta\/#\/schema\/person\/6d6e25cb0435eb4a02fd44d30b4e3020\",\"name\":\"Agazeta.Net\",\"url\":\"https:\/\/nk7-testes.com.br\/agazeta\/author\/agazeta\/\"}]}<\/script>\n<!-- \/ Yoast SEO plugin. -->","yoast_head_json":{"title":"Pol\u00edcia prende integrantes de fac\u00e7\u00e3o no Quinari - Agazeta.net","robots":{"index":"index","follow":"follow","max-snippet":"max-snippet:-1","max-image-preview":"max-image-preview:large","max-video-preview":"max-video-preview:-1"},"canonical":"https:\/\/nk7-testes.com.br\/agazeta\/policia-prende-quatro-integrantes-de-faccao-no-quinari\/","og_locale":"pt_BR","og_type":"article","og_title":"Pol\u00edcia prende integrantes de fac\u00e7\u00e3o no Quinari - Agazeta.net","og_description":"No grupo, havia uma crian\u00e7a de 12 anos","og_url":"https:\/\/nk7-testes.com.br\/agazeta\/policia-prende-quatro-integrantes-de-faccao-no-quinari\/","og_site_name":"Agazeta.net","article_published_time":"2016-08-19T14:08:43+00:00","og_image":[{"width":458,"height":340,"url":"https:\/\/nk7-testes.com.br\/agazeta\/wp-content\/uploads\/2016\/08\/190816-policia-triopresoquinari-cedida.jpg","type":"image\/jpeg"}],"author":"Agazeta.Net","twitter_card":"summary_large_image","twitter_misc":{"Escrito por":"Agazeta.Net","Est. tempo de leitura":"1 minuto"},"schema":{"@context":"https:\/\/schema.org","@graph":[{"@type":"WebPage","@id":"https:\/\/nk7-testes.com.br\/agazeta\/policia-prende-quatro-integrantes-de-faccao-no-quinari\/","url":"https:\/\/nk7-testes.com.br\/agazeta\/policia-prende-quatro-integrantes-de-faccao-no-quinari\/","name":"Pol\u00edcia prende integrantes de fac\u00e7\u00e3o no Quinari - Agazeta.net","isPartOf":{"@id":"https:\/\/nk7-testes.com.br\/agazeta\/#website"},"primaryImageOfPage":{"@id":"https:\/\/nk7-testes.com.br\/agazeta\/policia-prende-quatro-integrantes-de-faccao-no-quinari\/#primaryimage"},"image":{"@id":"https:\/\/nk7-testes.com.br\/agazeta\/policia-prende-quatro-integrantes-de-faccao-no-quinari\/#primaryimage"},"thumbnailUrl":"https:\/\/nk7-testes.com.br\/agazeta\/wp-content\/uploads\/2016\/08\/190816-policia-triopresoquinari-cedida.jpg","datePublished":"2016-08-19T14:08:43+00:00","author":{"@id":"https:\/\/nk7-testes.com.br\/agazeta\/#\/schema\/person\/6d6e25cb0435eb4a02fd44d30b4e3020"},"breadcrumb":{"@id":"https:\/\/nk7-testes.com.br\/agazeta\/policia-prende-quatro-integrantes-de-faccao-no-quinari\/#breadcrumb"},"inLanguage":"pt-BR","potentialAction":[{"@type":"ReadAction","target":["https:\/\/nk7-testes.com.br\/agazeta\/policia-prende-quatro-integrantes-de-faccao-no-quinari\/"]}]},{"@type":"ImageObject","inLanguage":"pt-BR","@id":"https:\/\/nk7-testes.com.br\/agazeta\/policia-prende-quatro-integrantes-de-faccao-no-quinari\/#primaryimage","url":"https:\/\/nk7-testes.com.br\/agazeta\/wp-content\/uploads\/2016\/08\/190816-policia-triopresoquinari-cedida.jpg","contentUrl":"https:\/\/nk7-testes.com.br\/agazeta\/wp-content\/uploads\/2016\/08\/190816-policia-triopresoquinari-cedida.jpg","width":458,"height":340,"caption":"190816-policia-triopresoquinari-cedida"},{"@type":"BreadcrumbList","@id":"https:\/\/nk7-testes.com.br\/agazeta\/policia-prende-quatro-integrantes-de-faccao-no-quinari\/#breadcrumb","itemListElement":[{"@type":"ListItem","position":1,"name":"In\u00edcio","item":"https:\/\/nk7-testes.com.br\/agazeta\/"},{"@type":"ListItem","position":2,"name":"Pol\u00edcia prende integrantes de fac\u00e7\u00e3o no Quinari"}]},{"@type":"WebSite","@id":"https:\/\/nk7-testes.com.br\/agazeta\/#website","url":"https:\/\/nk7-testes.com.br\/agazeta\/","name":"Agazeta.net","description":"Agazeta.net - Not\u00edcias de Rio Branco\/AC","potentialAction":[{"@type":"SearchAction","target":{"@type":"EntryPoint","urlTemplate":"https:\/\/nk7-testes.com.br\/agazeta\/?s={search_term_string}"},"query-input":{"@type":"PropertyValueSpecification","valueRequired":true,"valueName":"search_term_string"}}],"inLanguage":"pt-BR"},{"@type":"Person","@id":"https:\/\/nk7-testes.com.br\/agazeta\/#\/schema\/person\/6d6e25cb0435eb4a02fd44d30b4e3020","name":"Agazeta.Net","url":"https:\/\/nk7-testes.com.br\/agazeta\/author\/agazeta\/"}]}},"_links":{"self":[{"href":"https:\/\/nk7-testes.com.br\/agazeta\/wp-json\/wp\/v2\/posts\/24573","targetHints":{"allow":["GET"]}}],"collection":[{"href":"https:\/\/nk7-testes.com.br\/agazeta\/wp-json\/wp\/v2\/posts"}],"about":[{"href":"https:\/\/nk7-testes.com.br\/agazeta\/wp-json\/wp\/v2\/types\/post"}],"author":[{"embeddable":true,"href":"https:\/\/nk7-testes.com.br\/agazeta\/wp-json\/wp\/v2\/users\/4"}],"replies":[{"embeddable":true,"href":"https:\/\/nk7-testes.com.br\/agazeta\/wp-json\/wp\/v2\/comments?post=24573"}],"version-history":[{"count":0,"href":"https:\/\/nk7-testes.com.br\/agazeta\/wp-json\/wp\/v2\/posts\/24573\/revisions"}],"wp:featuredmedia":[{"embeddable":true,"href":"https:\/\/nk7-testes.com.br\/agazeta\/wp-json\/wp\/v2\/media\/24572"}],"wp:attachment":[{"href":"https:\/\/nk7-testes.com.br\/agazeta\/wp-json\/wp\/v2\/media?parent=24573"}],"wp:term":[{"taxonomy":"category","embeddable":true,"href":"https:\/\/nk7-testes.com.br\/agazeta\/wp-json\/wp\/v2\/categories?post=24573"},{"taxonomy":"post_tag","embeddable":true,"href":"https:\/\/nk7-testes.com.br\/agazeta\/wp-json\/wp\/v2\/tags?post=24573"}],"curies":[{"name":"wp","href":"https:\/\/api.w.org\/{rel}","templated":true}]}}