{"id":24531,"date":"2016-08-17T23:36:14","date_gmt":"2016-08-17T23:36:14","guid":{"rendered":"https:\/\/abarevegan.com.br\/index.php\/2016\/08\/17\/governo-do-acre-chama-exercito-e-pf-para-combater-faccoes\/"},"modified":"2016-08-17T23:36:14","modified_gmt":"2016-08-17T23:36:14","slug":"governo-do-acre-chama-exercito-e-pf-para-combater-faccoes","status":"publish","type":"post","link":"https:\/\/nk7-testes.com.br\/agazeta\/governo-do-acre-chama-exercito-e-pf-para-combater-faccoes\/","title":{"rendered":"Governo do Acre chama Ex\u00e9rcito e PF para combater fac\u00e7\u00f5es"},"content":{"rendered":"<p style=\"text-align: justify;\">Subcomandante Ulisses conclama tropa<\/p>\n<p style=\"text-align: justify;\">O Governo do Acre acionou o Ex\u00e9rcito e a Pol\u00edcia Federal para se somar \u00e0 Pol\u00edcia Militar e \u00e0 Pol\u00edcia Civil no combate \u00e0 fac\u00e7\u00e3o criminosa que provocou noite de terror em Rio Branco, capital do Estado.<\/p>\n<p style=\"text-align: justify;\">Ao todo, foram 11 pontos onde foram tentadas a\u00e7\u00f5es criminosas. Em quatro, a fac\u00e7\u00e3o efetivamente conseguiu incendiar: a sede do Patrim\u00f4nio Hist\u00f3rico de Rio Branco; uma delegacia; Clube dos Oficiais dos Bombeiros e uma colheitadeira de arroz (esta no interior, no munic\u00edpio de Sena Madureira).<\/p>\n<p style=\"text-align: justify;\">A ordem para a sequ\u00eancia de atos de terror partiu de dentro do pres\u00eddio estadual Francisco D\u2019Oliveira Conde onde uma fac\u00e7\u00e3o criminosa regional mant\u00e9m o controle de parte do tr\u00e1fico e de assassinatos no Acre.<\/p>\n<p style=\"text-align: justify;\">\u201cExiste a possibilidade de transfer\u00eancia de presos\u201d, afirmou o secret\u00e1rio de Estado de Seguran\u00e7a P\u00fablica, Emylson Farias. \u201cA a\u00e7\u00e3o integrada com for\u00e7as federais ser\u00e1 forte e dentro da Lei. Acima da lei, aqui no Acre, nada \u00e9 permitido e nada ser\u00e1 permitido. A resposta ser\u00e1 dura\u201d.<\/p>\n<p style=\"text-align: justify;\">Na manh\u00e3 desta quarta-feira, tr\u00eas pessoas envolvidas com os crimes foram presas. Com elas, 115 quilos de maconha foram apreendidos.<\/p>\n<p style=\"text-align: justify;\">A sequ\u00eancia de a\u00e7\u00f5es, afirma a pol\u00edcia, \u00e9 repres\u00e1lia em decorr\u00eancia da morte de um jovem que integrava a fac\u00e7\u00e3o criminosa. A morte ocorreu na tarde de ontem (16) ap\u00f3s o rapaz tentar fugir durante um assalto a uma resid\u00eancia na periferia de Rio Branco.<\/p>\n<p style=\"text-align: justify;\">Rea\u00e7\u00e3o_ A morte do assaltante j\u00e1 foi uma resposta da pol\u00edcia. Um dia antes, o Cabo da PM Alexandro Aparecido dos Santos, 36, foi assassinado durante uma abordagem de rotina na periferia de Rio Branco: quando um jovem reagiu de forma violenta, tomou a arma do policial e atirou no pesco\u00e7o.<\/p>\n<p style=\"text-align: justify;\">Em redes sociais, um \u00e1udio supostamente feito por um dos l\u00edderes de fac\u00e7\u00e3o criminosa dentro do pres\u00eddio enaltece o assassinato do policial. O \u00e1udio repercutiu rapidamente na corpora\u00e7\u00e3o e criou um clima de nervosismo.<\/p>\n<p style=\"text-align: justify;\">A rea\u00e7\u00e3o da PM tem respaldo do pr\u00f3prio comando. Em uma rede social, o jornalista Altino Machado teve acesso a um texto do sub-comandante da PM do Acre, Ulisses Ara\u00fajo. O texto era direcionado \u00e1 tropa da PM. N\u00e3o h\u00e1 d\u00favidas em rela\u00e7\u00e3o \u00e0 postura a ser emplacada, ap\u00f3s o assassinato do Cabo Alexandro.<\/p>\n<p style=\"text-align: justify;\">\u201cN\u00e3o vamos deixar de gra\u00e7a. O bem vence o mal. \u2018Servir e proteger\u2019 significa tamb\u00e9m usar a for\u00e7a necess\u00e1ria para enfrentar situa\u00e7\u00f5es que colocam em risco a integridade f\u00edsica de qualquer cidad\u00e3o de bem acreano e qualquer integrante das for\u00e7as de seguran\u00e7a p\u00fablica\u201d. A \u00edntegra do texto est\u00e1 publicada neste site nas Quentinhas da Reda\u00e7\u00e3o.<\/p>\n","protected":false},"excerpt":{"rendered":"<p style=\"text-align: justify;\">Subcomandante Ulisses conclama tropa<\/p>\n","protected":false},"author":4,"featured_media":24530,"comment_status":"open","ping_status":"open","sticky":false,"template":"","format":"standard","meta":{"jnews-multi-image_gallery":[],"jnews_single_post":[],"jnews_primary_category":[],"jnews_social_meta":[],"jnews_review":[],"enable_review":"","type":"","name":"","summary":"","brand":"","sku":"","good":[],"bad":[],"score_override":"","override_value":"","rating":[],"price":[],"footnotes":""},"categories":[44],"tags":[],"class_list":["post-24531","post","type-post","status-publish","format-standard","has-post-thumbnail","hentry","category-policia"],"yoast_head":"<!-- This site is optimized with the Yoast SEO plugin v26.5 - https:\/\/yoast.com\/wordpress\/plugins\/seo\/ -->\n<title>Governo do Acre chama Ex\u00e9rcito e PF para combater fac\u00e7\u00f5es - Agazeta.net<\/title>\n<meta name=\"robots\" content=\"index, follow, max-snippet:-1, max-image-preview:large, max-video-preview:-1\" \/>\n<link rel=\"canonical\" href=\"https:\/\/nk7-testes.com.br\/agazeta\/governo-do-acre-chama-exercito-e-pf-para-combater-faccoes\/\" \/>\n<meta property=\"og:locale\" content=\"pt_BR\" \/>\n<meta property=\"og:type\" content=\"article\" \/>\n<meta property=\"og:title\" content=\"Governo do Acre chama Ex\u00e9rcito e PF para combater fac\u00e7\u00f5es - Agazeta.net\" \/>\n<meta property=\"og:description\" content=\"Subcomandante Ulisses conclama tropa\" \/>\n<meta property=\"og:url\" content=\"https:\/\/nk7-testes.com.br\/agazeta\/governo-do-acre-chama-exercito-e-pf-para-combater-faccoes\/\" \/>\n<meta property=\"og:site_name\" content=\"Agazeta.net\" \/>\n<meta property=\"article:published_time\" content=\"2016-08-17T23:36:14+00:00\" \/>\n<meta property=\"og:image\" content=\"https:\/\/nk7-testes.com.br\/agazeta\/wp-content\/uploads\/2016\/08\/170816-policia-subcomandantepm-facebook.jpg\" \/>\n\t<meta property=\"og:image:width\" content=\"458\" \/>\n\t<meta property=\"og:image:height\" content=\"340\" \/>\n\t<meta property=\"og:image:type\" content=\"image\/jpeg\" \/>\n<meta name=\"author\" content=\"Agazeta.Net\" \/>\n<meta name=\"twitter:card\" content=\"summary_large_image\" \/>\n<meta name=\"twitter:label1\" content=\"Escrito por\" \/>\n\t<meta name=\"twitter:data1\" content=\"Agazeta.Net\" \/>\n\t<meta name=\"twitter:label2\" content=\"Est. tempo de leitura\" \/>\n\t<meta name=\"twitter:data2\" content=\"2 minutos\" \/>\n<script type=\"application\/ld+json\" class=\"yoast-schema-graph\">{\"@context\":\"https:\/\/schema.org\",\"@graph\":[{\"@type\":\"WebPage\",\"@id\":\"https:\/\/nk7-testes.com.br\/agazeta\/governo-do-acre-chama-exercito-e-pf-para-combater-faccoes\/\",\"url\":\"https:\/\/nk7-testes.com.br\/agazeta\/governo-do-acre-chama-exercito-e-pf-para-combater-faccoes\/\",\"name\":\"Governo do Acre chama Ex\u00e9rcito e PF para combater fac\u00e7\u00f5es - Agazeta.net\",\"isPartOf\":{\"@id\":\"https:\/\/nk7-testes.com.br\/agazeta\/#website\"},\"primaryImageOfPage\":{\"@id\":\"https:\/\/nk7-testes.com.br\/agazeta\/governo-do-acre-chama-exercito-e-pf-para-combater-faccoes\/#primaryimage\"},\"image\":{\"@id\":\"https:\/\/nk7-testes.com.br\/agazeta\/governo-do-acre-chama-exercito-e-pf-para-combater-faccoes\/#primaryimage\"},\"thumbnailUrl\":\"https:\/\/nk7-testes.com.br\/agazeta\/wp-content\/uploads\/2016\/08\/170816-policia-subcomandantepm-facebook.jpg\",\"datePublished\":\"2016-08-17T23:36:14+00:00\",\"author\":{\"@id\":\"https:\/\/nk7-testes.com.br\/agazeta\/#\/schema\/person\/6d6e25cb0435eb4a02fd44d30b4e3020\"},\"breadcrumb\":{\"@id\":\"https:\/\/nk7-testes.com.br\/agazeta\/governo-do-acre-chama-exercito-e-pf-para-combater-faccoes\/#breadcrumb\"},\"inLanguage\":\"pt-BR\",\"potentialAction\":[{\"@type\":\"ReadAction\",\"target\":[\"https:\/\/nk7-testes.com.br\/agazeta\/governo-do-acre-chama-exercito-e-pf-para-combater-faccoes\/\"]}]},{\"@type\":\"ImageObject\",\"inLanguage\":\"pt-BR\",\"@id\":\"https:\/\/nk7-testes.com.br\/agazeta\/governo-do-acre-chama-exercito-e-pf-para-combater-faccoes\/#primaryimage\",\"url\":\"https:\/\/nk7-testes.com.br\/agazeta\/wp-content\/uploads\/2016\/08\/170816-policia-subcomandantepm-facebook.jpg\",\"contentUrl\":\"https:\/\/nk7-testes.com.br\/agazeta\/wp-content\/uploads\/2016\/08\/170816-policia-subcomandantepm-facebook.jpg\",\"width\":458,\"height\":340,\"caption\":\"170816-policia-subcomandantepm-facebook\"},{\"@type\":\"BreadcrumbList\",\"@id\":\"https:\/\/nk7-testes.com.br\/agazeta\/governo-do-acre-chama-exercito-e-pf-para-combater-faccoes\/#breadcrumb\",\"itemListElement\":[{\"@type\":\"ListItem\",\"position\":1,\"name\":\"In\u00edcio\",\"item\":\"https:\/\/nk7-testes.com.br\/agazeta\/\"},{\"@type\":\"ListItem\",\"position\":2,\"name\":\"Governo do Acre chama Ex\u00e9rcito e PF para combater fac\u00e7\u00f5es\"}]},{\"@type\":\"WebSite\",\"@id\":\"https:\/\/nk7-testes.com.br\/agazeta\/#website\",\"url\":\"https:\/\/nk7-testes.com.br\/agazeta\/\",\"name\":\"Agazeta.net\",\"description\":\"Agazeta.net - Not\u00edcias de Rio Branco\/AC\",\"potentialAction\":[{\"@type\":\"SearchAction\",\"target\":{\"@type\":\"EntryPoint\",\"urlTemplate\":\"https:\/\/nk7-testes.com.br\/agazeta\/?s={search_term_string}\"},\"query-input\":{\"@type\":\"PropertyValueSpecification\",\"valueRequired\":true,\"valueName\":\"search_term_string\"}}],\"inLanguage\":\"pt-BR\"},{\"@type\":\"Person\",\"@id\":\"https:\/\/nk7-testes.com.br\/agazeta\/#\/schema\/person\/6d6e25cb0435eb4a02fd44d30b4e3020\",\"name\":\"Agazeta.Net\",\"url\":\"https:\/\/nk7-testes.com.br\/agazeta\/author\/agazeta\/\"}]}<\/script>\n<!-- \/ Yoast SEO plugin. -->","yoast_head_json":{"title":"Governo do Acre chama Ex\u00e9rcito e PF para combater fac\u00e7\u00f5es - Agazeta.net","robots":{"index":"index","follow":"follow","max-snippet":"max-snippet:-1","max-image-preview":"max-image-preview:large","max-video-preview":"max-video-preview:-1"},"canonical":"https:\/\/nk7-testes.com.br\/agazeta\/governo-do-acre-chama-exercito-e-pf-para-combater-faccoes\/","og_locale":"pt_BR","og_type":"article","og_title":"Governo do Acre chama Ex\u00e9rcito e PF para combater fac\u00e7\u00f5es - Agazeta.net","og_description":"Subcomandante Ulisses conclama tropa","og_url":"https:\/\/nk7-testes.com.br\/agazeta\/governo-do-acre-chama-exercito-e-pf-para-combater-faccoes\/","og_site_name":"Agazeta.net","article_published_time":"2016-08-17T23:36:14+00:00","og_image":[{"width":458,"height":340,"url":"https:\/\/nk7-testes.com.br\/agazeta\/wp-content\/uploads\/2016\/08\/170816-policia-subcomandantepm-facebook.jpg","type":"image\/jpeg"}],"author":"Agazeta.Net","twitter_card":"summary_large_image","twitter_misc":{"Escrito por":"Agazeta.Net","Est. tempo de leitura":"2 minutos"},"schema":{"@context":"https:\/\/schema.org","@graph":[{"@type":"WebPage","@id":"https:\/\/nk7-testes.com.br\/agazeta\/governo-do-acre-chama-exercito-e-pf-para-combater-faccoes\/","url":"https:\/\/nk7-testes.com.br\/agazeta\/governo-do-acre-chama-exercito-e-pf-para-combater-faccoes\/","name":"Governo do Acre chama Ex\u00e9rcito e PF para combater fac\u00e7\u00f5es - Agazeta.net","isPartOf":{"@id":"https:\/\/nk7-testes.com.br\/agazeta\/#website"},"primaryImageOfPage":{"@id":"https:\/\/nk7-testes.com.br\/agazeta\/governo-do-acre-chama-exercito-e-pf-para-combater-faccoes\/#primaryimage"},"image":{"@id":"https:\/\/nk7-testes.com.br\/agazeta\/governo-do-acre-chama-exercito-e-pf-para-combater-faccoes\/#primaryimage"},"thumbnailUrl":"https:\/\/nk7-testes.com.br\/agazeta\/wp-content\/uploads\/2016\/08\/170816-policia-subcomandantepm-facebook.jpg","datePublished":"2016-08-17T23:36:14+00:00","author":{"@id":"https:\/\/nk7-testes.com.br\/agazeta\/#\/schema\/person\/6d6e25cb0435eb4a02fd44d30b4e3020"},"breadcrumb":{"@id":"https:\/\/nk7-testes.com.br\/agazeta\/governo-do-acre-chama-exercito-e-pf-para-combater-faccoes\/#breadcrumb"},"inLanguage":"pt-BR","potentialAction":[{"@type":"ReadAction","target":["https:\/\/nk7-testes.com.br\/agazeta\/governo-do-acre-chama-exercito-e-pf-para-combater-faccoes\/"]}]},{"@type":"ImageObject","inLanguage":"pt-BR","@id":"https:\/\/nk7-testes.com.br\/agazeta\/governo-do-acre-chama-exercito-e-pf-para-combater-faccoes\/#primaryimage","url":"https:\/\/nk7-testes.com.br\/agazeta\/wp-content\/uploads\/2016\/08\/170816-policia-subcomandantepm-facebook.jpg","contentUrl":"https:\/\/nk7-testes.com.br\/agazeta\/wp-content\/uploads\/2016\/08\/170816-policia-subcomandantepm-facebook.jpg","width":458,"height":340,"caption":"170816-policia-subcomandantepm-facebook"},{"@type":"BreadcrumbList","@id":"https:\/\/nk7-testes.com.br\/agazeta\/governo-do-acre-chama-exercito-e-pf-para-combater-faccoes\/#breadcrumb","itemListElement":[{"@type":"ListItem","position":1,"name":"In\u00edcio","item":"https:\/\/nk7-testes.com.br\/agazeta\/"},{"@type":"ListItem","position":2,"name":"Governo do Acre chama Ex\u00e9rcito e PF para combater fac\u00e7\u00f5es"}]},{"@type":"WebSite","@id":"https:\/\/nk7-testes.com.br\/agazeta\/#website","url":"https:\/\/nk7-testes.com.br\/agazeta\/","name":"Agazeta.net","description":"Agazeta.net - Not\u00edcias de Rio Branco\/AC","potentialAction":[{"@type":"SearchAction","target":{"@type":"EntryPoint","urlTemplate":"https:\/\/nk7-testes.com.br\/agazeta\/?s={search_term_string}"},"query-input":{"@type":"PropertyValueSpecification","valueRequired":true,"valueName":"search_term_string"}}],"inLanguage":"pt-BR"},{"@type":"Person","@id":"https:\/\/nk7-testes.com.br\/agazeta\/#\/schema\/person\/6d6e25cb0435eb4a02fd44d30b4e3020","name":"Agazeta.Net","url":"https:\/\/nk7-testes.com.br\/agazeta\/author\/agazeta\/"}]}},"_links":{"self":[{"href":"https:\/\/nk7-testes.com.br\/agazeta\/wp-json\/wp\/v2\/posts\/24531","targetHints":{"allow":["GET"]}}],"collection":[{"href":"https:\/\/nk7-testes.com.br\/agazeta\/wp-json\/wp\/v2\/posts"}],"about":[{"href":"https:\/\/nk7-testes.com.br\/agazeta\/wp-json\/wp\/v2\/types\/post"}],"author":[{"embeddable":true,"href":"https:\/\/nk7-testes.com.br\/agazeta\/wp-json\/wp\/v2\/users\/4"}],"replies":[{"embeddable":true,"href":"https:\/\/nk7-testes.com.br\/agazeta\/wp-json\/wp\/v2\/comments?post=24531"}],"version-history":[{"count":0,"href":"https:\/\/nk7-testes.com.br\/agazeta\/wp-json\/wp\/v2\/posts\/24531\/revisions"}],"wp:featuredmedia":[{"embeddable":true,"href":"https:\/\/nk7-testes.com.br\/agazeta\/wp-json\/wp\/v2\/media\/24530"}],"wp:attachment":[{"href":"https:\/\/nk7-testes.com.br\/agazeta\/wp-json\/wp\/v2\/media?parent=24531"}],"wp:term":[{"taxonomy":"category","embeddable":true,"href":"https:\/\/nk7-testes.com.br\/agazeta\/wp-json\/wp\/v2\/categories?post=24531"},{"taxonomy":"post_tag","embeddable":true,"href":"https:\/\/nk7-testes.com.br\/agazeta\/wp-json\/wp\/v2\/tags?post=24531"}],"curies":[{"name":"wp","href":"https:\/\/api.w.org\/{rel}","templated":true}]}}