{"id":24529,"date":"2016-08-17T22:41:50","date_gmt":"2016-08-17T22:41:50","guid":{"rendered":"https:\/\/abarevegan.com.br\/index.php\/2016\/08\/17\/caso-pinte-mais-tres-acusados-em-juri-popular\/"},"modified":"2016-08-17T22:41:50","modified_gmt":"2016-08-17T22:41:50","slug":"caso-pinte-mais-tres-acusados-em-juri-popular","status":"publish","type":"post","link":"https:\/\/nk7-testes.com.br\/agazeta\/caso-pinte-mais-tres-acusados-em-juri-popular\/","title":{"rendered":"Caso Pint\u00e9: mais tr\u00eas acusados em J\u00fari Popular"},"content":{"rendered":"<p style=\"text-align: justify;\">Audi\u00eancias ser\u00e3o presididas pela ju\u00edza Maha Manasfi<\/p>\n<p style=\"text-align: justify;\">Nos pr\u00f3ximos dias 29, 30 e 31 de agosto v\u00e3o a J\u00fari Popular na Comarca de Acrel\u00e2ndia mais tr\u00eas acusados (Jhonatan Alves da Silva, Ivando da Silva Lang e Carlos Henrique Perreira do Lago.) de envolvimento no assassinato do ex-presidente da C\u00e2mara Municipal do munic\u00edpio, Fernando Jos\u00e9 da Costa, conhecido como Pint\u00e9.<\/p>\n<p style=\"text-align: justify;\">Nos tr\u00eas dias de dura\u00e7\u00e3o ser\u00e3o julgados o Processo n\u00b0 0000787-27.2011.8.01.0006 e o n\u00b0 0000264-73.2015.8.01.0006, sendo o primeiro sobre o acusado Carlos Henrique Perreira do Lago e o segundo de Jhonatan Alves da Silva e Ivandro da Silva Lang. <br \/>Com a aprecia\u00e7\u00e3o dos dois processos em um mesmo Tribunal do J\u00fari a ju\u00edza de Direito Maha Manasfi, respons\u00e1vel pela condu\u00e7\u00e3o dos trabalhos, visou \u00e0 economia processual em vista da grande quantidade de testemunhas.<\/p>\n<p style=\"text-align: justify;\">A magistrada tamb\u00e9m publicou na edi\u00e7\u00e3o n\u00b05.702 do Di\u00e1rio da Justi\u00e7a Eletr\u00f4nico, da sexta-feira (12), a Portaria n\u00b023, suspendendo o hor\u00e1rio de atendimento ao p\u00fablico na Comarca de Acrel\u00e2ndia durante os dias do Tribunal do J\u00fari, com objetivo de mobilizar todos os servidores para auxiliarem durante o julgamento.<\/p>\n<p style=\"text-align: justify;\">Entenda o Caso<\/p>\n<p style=\"text-align: justify;\">O ex-presidente da C\u00e2mara Municipal de Acrel\u00e2ndia Fernando Jos\u00e9 da Costa (Pint\u00e9) foi assassinado no dia 1\u00ba de maio de 2010 no munic\u00edpio. Conforme a den\u00fancia, apresentada pelo Minist\u00e9rio P\u00fablico do Estado do Acre (MPAC), o crime foi motivado pela mudan\u00e7a de posicionamento pol\u00edtico da v\u00edtima que passou a se opor publicamente \u00e0 gest\u00e3o do ex-prefeito Carlos C\u00e9sar Nunes de Ara\u00fajo.<\/p>\n<p style=\"text-align: justify;\">Na pe\u00e7a inicial, \u00e9 relatado que Pint\u00e9 come\u00e7ou a juntar provas da m\u00e1 administra\u00e7\u00e3o p\u00fablica do ent\u00e3o prefeito, tendo afirmado que no dia 3 de maio daquele ano mostraria essas provas no plen\u00e1rio da C\u00e2mara, ocasi\u00e3o em que pediria a instaura\u00e7\u00e3o de Comiss\u00e3o Parlamentar de Inqu\u00e9rito (CPI) contra Carlos C\u00e9sar. Ent\u00e3o, como o ex-vereador foi assassinado dois dias antes, a suspeita recaiu sobre o gestor municipal, sendo denunciadas ainda mais sete pessoas.<\/p>\n<p style=\"text-align: justify;\">Os primeiros a sentar no banco dos r\u00e9us foi Carlos C\u00e9sar, condenado como mandante do crime a 16 anos de reclus\u00e3o em regime fechado e ao pagamento R$ 15 mil \u00e0 fam\u00edlia da v\u00edtima; Jonas Vieira Prado foi condenado ao mesmo tempo de reclus\u00e3o que Carlos e a pagar R$ 10 mil de indeniza\u00e7\u00e3o; e Jos\u00e9 Ant\u00f4nio da Silva a 15 anos e oito meses de reclus\u00e3o em regime fechado, bem como, a pagar R$ 2 mil; e absolveram Maria Concei\u00e7\u00e3o da Silva.<\/p>\n<p style=\"text-align: justify;\">Os r\u00e9us responderam pela pr\u00e1tica dos crimes tipificados no C\u00f3digo Penal art. 121, \u00a7 2\u00ba, incisos I (vingan\u00e7a\/mediante recompensa), II (emboscada\/ recurso que dificultou a defesa do ofendido) e V (para garantir a execu\u00e7\u00e3o, a oculta\u00e7\u00e3o, a impunidade ou vantagem de outro crime).<\/p>\n<p style=\"text-align: justify;\">Quando as apela\u00e7\u00f5es dos condenados foram apreciadas pela C\u00e2mara Criminal do Tribunal de Justi\u00e7a do Acre, o Colegiado anulou a decis\u00e3o do J\u00fari Popular que absolveu a m\u00e3e do ex-prefeito, al\u00e9m de elevarem a pena de Carlos C\u00e9sar e Jonas Prado para 18 anos e reduzirem a pena de Jos\u00e9 Ant\u00f4nio para seis anos e oito meses em regime semiaberto.<\/p>\n<p style=\"text-align: justify;\">Atualmente o processo de Maria da Concei\u00e7\u00e3o da Silva Ara\u00fajo encontra-se suspenso no Supremo Tribunal Federal, pois, ela entrou com recurso na inst\u00e2ncia contra a decis\u00e3o da C\u00e2mara Criminal do TJAC. Um dos acusados morreu, portanto, foi extinta a punibilidade. E os outros tr\u00eas acusados de terem executado o crime ser\u00e3o julgados no final do m\u00eas. O processo correu esses anos na Justi\u00e7a, em fun\u00e7\u00e3o, dos recursos apresentados pelas defesas dos condenados e acusados.<\/p>\n","protected":false},"excerpt":{"rendered":"<p style=\"text-align: justify;\">Audi\u00eancias ser\u00e3o presididas pela ju\u00edza Maha Manasfi<\/p>\n","protected":false},"author":4,"featured_media":24528,"comment_status":"open","ping_status":"open","sticky":false,"template":"","format":"standard","meta":{"jnews-multi-image_gallery":[],"jnews_single_post":[],"jnews_primary_category":[],"jnews_social_meta":[],"jnews_review":[],"enable_review":"","type":"","name":"","summary":"","brand":"","sku":"","good":[],"bad":[],"score_override":"","override_value":"","rating":[],"price":[],"footnotes":""},"categories":[54],"tags":[],"class_list":["post-24529","post","type-post","status-publish","format-standard","has-post-thumbnail","hentry","category-cotidiano"],"yoast_head":"<!-- This site is optimized with the Yoast SEO plugin v26.5 - https:\/\/yoast.com\/wordpress\/plugins\/seo\/ -->\n<title>Caso Pint\u00e9: mais tr\u00eas acusados em J\u00fari Popular - Agazeta.net<\/title>\n<meta name=\"robots\" content=\"index, follow, max-snippet:-1, max-image-preview:large, max-video-preview:-1\" \/>\n<link rel=\"canonical\" href=\"https:\/\/nk7-testes.com.br\/agazeta\/caso-pinte-mais-tres-acusados-em-juri-popular\/\" \/>\n<meta property=\"og:locale\" content=\"pt_BR\" \/>\n<meta property=\"og:type\" content=\"article\" \/>\n<meta property=\"og:title\" content=\"Caso Pint\u00e9: mais tr\u00eas acusados em J\u00fari Popular - Agazeta.net\" \/>\n<meta property=\"og:description\" content=\"Audi\u00eancias ser\u00e3o presididas pela ju\u00edza Maha Manasfi\" \/>\n<meta property=\"og:url\" content=\"https:\/\/nk7-testes.com.br\/agazeta\/caso-pinte-mais-tres-acusados-em-juri-popular\/\" \/>\n<meta property=\"og:site_name\" content=\"Agazeta.net\" \/>\n<meta property=\"article:published_time\" content=\"2016-08-17T22:41:50+00:00\" \/>\n<meta property=\"og:image\" content=\"https:\/\/nk7-testes.com.br\/agazeta\/wp-content\/uploads\/2016\/08\/170816-cotidiano-manasfimanasfi-agenciatj.jpg\" \/>\n\t<meta property=\"og:image:width\" content=\"458\" \/>\n\t<meta property=\"og:image:height\" content=\"340\" \/>\n\t<meta property=\"og:image:type\" content=\"image\/jpeg\" \/>\n<meta name=\"author\" content=\"Agazeta.Net\" \/>\n<meta name=\"twitter:card\" content=\"summary_large_image\" \/>\n<meta name=\"twitter:label1\" content=\"Escrito por\" \/>\n\t<meta name=\"twitter:data1\" content=\"Agazeta.Net\" \/>\n\t<meta name=\"twitter:label2\" content=\"Est. tempo de leitura\" \/>\n\t<meta name=\"twitter:data2\" content=\"3 minutos\" \/>\n<script type=\"application\/ld+json\" class=\"yoast-schema-graph\">{\"@context\":\"https:\/\/schema.org\",\"@graph\":[{\"@type\":\"WebPage\",\"@id\":\"https:\/\/nk7-testes.com.br\/agazeta\/caso-pinte-mais-tres-acusados-em-juri-popular\/\",\"url\":\"https:\/\/nk7-testes.com.br\/agazeta\/caso-pinte-mais-tres-acusados-em-juri-popular\/\",\"name\":\"Caso Pint\u00e9: mais tr\u00eas acusados em J\u00fari Popular - Agazeta.net\",\"isPartOf\":{\"@id\":\"https:\/\/nk7-testes.com.br\/agazeta\/#website\"},\"primaryImageOfPage\":{\"@id\":\"https:\/\/nk7-testes.com.br\/agazeta\/caso-pinte-mais-tres-acusados-em-juri-popular\/#primaryimage\"},\"image\":{\"@id\":\"https:\/\/nk7-testes.com.br\/agazeta\/caso-pinte-mais-tres-acusados-em-juri-popular\/#primaryimage\"},\"thumbnailUrl\":\"https:\/\/nk7-testes.com.br\/agazeta\/wp-content\/uploads\/2016\/08\/170816-cotidiano-manasfimanasfi-agenciatj.jpg\",\"datePublished\":\"2016-08-17T22:41:50+00:00\",\"author\":{\"@id\":\"https:\/\/nk7-testes.com.br\/agazeta\/#\/schema\/person\/6d6e25cb0435eb4a02fd44d30b4e3020\"},\"breadcrumb\":{\"@id\":\"https:\/\/nk7-testes.com.br\/agazeta\/caso-pinte-mais-tres-acusados-em-juri-popular\/#breadcrumb\"},\"inLanguage\":\"pt-BR\",\"potentialAction\":[{\"@type\":\"ReadAction\",\"target\":[\"https:\/\/nk7-testes.com.br\/agazeta\/caso-pinte-mais-tres-acusados-em-juri-popular\/\"]}]},{\"@type\":\"ImageObject\",\"inLanguage\":\"pt-BR\",\"@id\":\"https:\/\/nk7-testes.com.br\/agazeta\/caso-pinte-mais-tres-acusados-em-juri-popular\/#primaryimage\",\"url\":\"https:\/\/nk7-testes.com.br\/agazeta\/wp-content\/uploads\/2016\/08\/170816-cotidiano-manasfimanasfi-agenciatj.jpg\",\"contentUrl\":\"https:\/\/nk7-testes.com.br\/agazeta\/wp-content\/uploads\/2016\/08\/170816-cotidiano-manasfimanasfi-agenciatj.jpg\",\"width\":458,\"height\":340,\"caption\":\"170816-cotidiano-manasfimanasfi-agenciatj\"},{\"@type\":\"BreadcrumbList\",\"@id\":\"https:\/\/nk7-testes.com.br\/agazeta\/caso-pinte-mais-tres-acusados-em-juri-popular\/#breadcrumb\",\"itemListElement\":[{\"@type\":\"ListItem\",\"position\":1,\"name\":\"In\u00edcio\",\"item\":\"https:\/\/nk7-testes.com.br\/agazeta\/\"},{\"@type\":\"ListItem\",\"position\":2,\"name\":\"Caso Pint\u00e9: mais tr\u00eas acusados em J\u00fari Popular\"}]},{\"@type\":\"WebSite\",\"@id\":\"https:\/\/nk7-testes.com.br\/agazeta\/#website\",\"url\":\"https:\/\/nk7-testes.com.br\/agazeta\/\",\"name\":\"Agazeta.net\",\"description\":\"Agazeta.net - Not\u00edcias de Rio Branco\/AC\",\"potentialAction\":[{\"@type\":\"SearchAction\",\"target\":{\"@type\":\"EntryPoint\",\"urlTemplate\":\"https:\/\/nk7-testes.com.br\/agazeta\/?s={search_term_string}\"},\"query-input\":{\"@type\":\"PropertyValueSpecification\",\"valueRequired\":true,\"valueName\":\"search_term_string\"}}],\"inLanguage\":\"pt-BR\"},{\"@type\":\"Person\",\"@id\":\"https:\/\/nk7-testes.com.br\/agazeta\/#\/schema\/person\/6d6e25cb0435eb4a02fd44d30b4e3020\",\"name\":\"Agazeta.Net\",\"url\":\"https:\/\/nk7-testes.com.br\/agazeta\/author\/agazeta\/\"}]}<\/script>\n<!-- \/ Yoast SEO plugin. -->","yoast_head_json":{"title":"Caso Pint\u00e9: mais tr\u00eas acusados em J\u00fari Popular - Agazeta.net","robots":{"index":"index","follow":"follow","max-snippet":"max-snippet:-1","max-image-preview":"max-image-preview:large","max-video-preview":"max-video-preview:-1"},"canonical":"https:\/\/nk7-testes.com.br\/agazeta\/caso-pinte-mais-tres-acusados-em-juri-popular\/","og_locale":"pt_BR","og_type":"article","og_title":"Caso Pint\u00e9: mais tr\u00eas acusados em J\u00fari Popular - Agazeta.net","og_description":"Audi\u00eancias ser\u00e3o presididas pela ju\u00edza Maha Manasfi","og_url":"https:\/\/nk7-testes.com.br\/agazeta\/caso-pinte-mais-tres-acusados-em-juri-popular\/","og_site_name":"Agazeta.net","article_published_time":"2016-08-17T22:41:50+00:00","og_image":[{"width":458,"height":340,"url":"https:\/\/nk7-testes.com.br\/agazeta\/wp-content\/uploads\/2016\/08\/170816-cotidiano-manasfimanasfi-agenciatj.jpg","type":"image\/jpeg"}],"author":"Agazeta.Net","twitter_card":"summary_large_image","twitter_misc":{"Escrito por":"Agazeta.Net","Est. tempo de leitura":"3 minutos"},"schema":{"@context":"https:\/\/schema.org","@graph":[{"@type":"WebPage","@id":"https:\/\/nk7-testes.com.br\/agazeta\/caso-pinte-mais-tres-acusados-em-juri-popular\/","url":"https:\/\/nk7-testes.com.br\/agazeta\/caso-pinte-mais-tres-acusados-em-juri-popular\/","name":"Caso Pint\u00e9: mais tr\u00eas acusados em J\u00fari Popular - Agazeta.net","isPartOf":{"@id":"https:\/\/nk7-testes.com.br\/agazeta\/#website"},"primaryImageOfPage":{"@id":"https:\/\/nk7-testes.com.br\/agazeta\/caso-pinte-mais-tres-acusados-em-juri-popular\/#primaryimage"},"image":{"@id":"https:\/\/nk7-testes.com.br\/agazeta\/caso-pinte-mais-tres-acusados-em-juri-popular\/#primaryimage"},"thumbnailUrl":"https:\/\/nk7-testes.com.br\/agazeta\/wp-content\/uploads\/2016\/08\/170816-cotidiano-manasfimanasfi-agenciatj.jpg","datePublished":"2016-08-17T22:41:50+00:00","author":{"@id":"https:\/\/nk7-testes.com.br\/agazeta\/#\/schema\/person\/6d6e25cb0435eb4a02fd44d30b4e3020"},"breadcrumb":{"@id":"https:\/\/nk7-testes.com.br\/agazeta\/caso-pinte-mais-tres-acusados-em-juri-popular\/#breadcrumb"},"inLanguage":"pt-BR","potentialAction":[{"@type":"ReadAction","target":["https:\/\/nk7-testes.com.br\/agazeta\/caso-pinte-mais-tres-acusados-em-juri-popular\/"]}]},{"@type":"ImageObject","inLanguage":"pt-BR","@id":"https:\/\/nk7-testes.com.br\/agazeta\/caso-pinte-mais-tres-acusados-em-juri-popular\/#primaryimage","url":"https:\/\/nk7-testes.com.br\/agazeta\/wp-content\/uploads\/2016\/08\/170816-cotidiano-manasfimanasfi-agenciatj.jpg","contentUrl":"https:\/\/nk7-testes.com.br\/agazeta\/wp-content\/uploads\/2016\/08\/170816-cotidiano-manasfimanasfi-agenciatj.jpg","width":458,"height":340,"caption":"170816-cotidiano-manasfimanasfi-agenciatj"},{"@type":"BreadcrumbList","@id":"https:\/\/nk7-testes.com.br\/agazeta\/caso-pinte-mais-tres-acusados-em-juri-popular\/#breadcrumb","itemListElement":[{"@type":"ListItem","position":1,"name":"In\u00edcio","item":"https:\/\/nk7-testes.com.br\/agazeta\/"},{"@type":"ListItem","position":2,"name":"Caso Pint\u00e9: mais tr\u00eas acusados em J\u00fari Popular"}]},{"@type":"WebSite","@id":"https:\/\/nk7-testes.com.br\/agazeta\/#website","url":"https:\/\/nk7-testes.com.br\/agazeta\/","name":"Agazeta.net","description":"Agazeta.net - Not\u00edcias de Rio Branco\/AC","potentialAction":[{"@type":"SearchAction","target":{"@type":"EntryPoint","urlTemplate":"https:\/\/nk7-testes.com.br\/agazeta\/?s={search_term_string}"},"query-input":{"@type":"PropertyValueSpecification","valueRequired":true,"valueName":"search_term_string"}}],"inLanguage":"pt-BR"},{"@type":"Person","@id":"https:\/\/nk7-testes.com.br\/agazeta\/#\/schema\/person\/6d6e25cb0435eb4a02fd44d30b4e3020","name":"Agazeta.Net","url":"https:\/\/nk7-testes.com.br\/agazeta\/author\/agazeta\/"}]}},"_links":{"self":[{"href":"https:\/\/nk7-testes.com.br\/agazeta\/wp-json\/wp\/v2\/posts\/24529","targetHints":{"allow":["GET"]}}],"collection":[{"href":"https:\/\/nk7-testes.com.br\/agazeta\/wp-json\/wp\/v2\/posts"}],"about":[{"href":"https:\/\/nk7-testes.com.br\/agazeta\/wp-json\/wp\/v2\/types\/post"}],"author":[{"embeddable":true,"href":"https:\/\/nk7-testes.com.br\/agazeta\/wp-json\/wp\/v2\/users\/4"}],"replies":[{"embeddable":true,"href":"https:\/\/nk7-testes.com.br\/agazeta\/wp-json\/wp\/v2\/comments?post=24529"}],"version-history":[{"count":0,"href":"https:\/\/nk7-testes.com.br\/agazeta\/wp-json\/wp\/v2\/posts\/24529\/revisions"}],"wp:featuredmedia":[{"embeddable":true,"href":"https:\/\/nk7-testes.com.br\/agazeta\/wp-json\/wp\/v2\/media\/24528"}],"wp:attachment":[{"href":"https:\/\/nk7-testes.com.br\/agazeta\/wp-json\/wp\/v2\/media?parent=24529"}],"wp:term":[{"taxonomy":"category","embeddable":true,"href":"https:\/\/nk7-testes.com.br\/agazeta\/wp-json\/wp\/v2\/categories?post=24529"},{"taxonomy":"post_tag","embeddable":true,"href":"https:\/\/nk7-testes.com.br\/agazeta\/wp-json\/wp\/v2\/tags?post=24529"}],"curies":[{"name":"wp","href":"https:\/\/api.w.org\/{rel}","templated":true}]}}