{"id":24522,"date":"2016-08-17T21:07:13","date_gmt":"2016-08-17T21:07:13","guid":{"rendered":"https:\/\/abarevegan.com.br\/index.php\/2016\/08\/17\/exercito-e-pf-sao-acionados-para-ajudar-combater-faccao\/"},"modified":"2016-08-17T21:07:13","modified_gmt":"2016-08-17T21:07:13","slug":"exercito-e-pf-sao-acionados-para-ajudar-combater-faccao","status":"publish","type":"post","link":"https:\/\/nk7-testes.com.br\/agazeta\/exercito-e-pf-sao-acionados-para-ajudar-combater-faccao\/","title":{"rendered":"Ex\u00e9rcito e PF s\u00e3o acionados para ajudar combater fac\u00e7\u00e3o"},"content":{"rendered":"<p style=\"text-align: justify;\">Demonstra\u00e7\u00e3o de for\u00e7a em noite de terror organizado<\/p>\n<p style=\"text-align: justify;\">A Secretaria de Estado de Seguran\u00e7a contabilizou 11 ataques de membros de uma fac\u00e7\u00e3o criminosa a bases da pol\u00edcia e resid\u00eancias de agentes penitenci\u00e1rios e policiais. A sequ\u00eancia de ataques em Rio Branco come\u00e7ou nas primeiras horas da madrugada dessa quarta-feira. O Governo confirmou que j\u00e1 acionou o Ex\u00e9rcito e PF para combater o crime organizado no Acre.<\/p>\n<p style=\"text-align: justify;\">O primeiro alvo dos bandidos foi o arquivo do Patrim\u00f4nio Hist\u00f3rico da Funda\u00e7\u00e3o Garibaldi Brasil, localizado no Parque Capit\u00e3o Cir\u00edaco. Em poucas horas, documentos, jornais, fotografias que contam a hist\u00f3ria de Rio Branco foram consumidos pelo fogo.<\/p>\n<p style=\"text-align: justify;\">A casa que era de madeira n\u00e3o sobrou nada. De acordo com funcion\u00e1rios da funda\u00e7\u00e3o, ao menos quatro homens encapuzados renderam o vigia e colocaram fogo na casa onde ficava o arquivo central.<\/p>\n<p style=\"text-align: justify;\">A viol\u00eancia que durou a madrugada \u00e9 uma resposta a policia, que na tarde dessa ter\u00e7a-feira matou um adolescente, membro da fac\u00e7\u00e3o criminosa respons\u00e1vel pelos ataques, que estava cometendo um assalto na Vila Acre.<\/p>\n<p style=\"text-align: justify;\">Na f\u00faria de vingan\u00e7a, os principais alvos foram bases da pol\u00edcia. Os bandidos jogaram coquet\u00e9is molotov no p\u00e1tio da delegacia da 5\u00aa regional. O fogo atingiu dezenas ve\u00edculos que foram totalmente destru\u00eddos.<\/p>\n<p style=\"text-align: justify;\">Esses carros fazem parte de inqu\u00e9ritos policiais e foram apreendidos em atos il\u00edcitos. A parede da delegacia foi atingida danificando computadores e ar condicionados.<\/p>\n<p style=\"text-align: justify;\">Uma das unidades da per\u00edcia t\u00e9cnica que fica no conjunto Manoel Juli\u00e3o, tamb\u00e9m foi atacada. A bomba caseira, feita com garrafa de cerveja foi arremessada no p\u00e1tio, como n\u00e3o atingiu os ve\u00edculos, ficaram apenas os vidros e a marca de queimado no ch\u00e3o.<\/p>\n<p style=\"text-align: justify;\">Eram quase duas horas da manh\u00e3 quando o Ant\u00f4nio Mariano acordou com o barulho do fogo. Ele \u00e9 o vigia do clube dos oficiais do corpo de bombeiros na regi\u00e3o do panorama. Os bandidos jogaram uma bomba caseira no bar.<\/p>\n<p style=\"text-align: justify;\">O freezer e caixas de cerveja pegaram fogo. O Ant\u00f4nio conseguiu apagar as chamas usando apenas um balde. \u201cEu corri, enchia a balde e jogava rapidamente, ainda bem que eu vi o fogo no in\u00edcio, se n\u00e3o, teria perdido tudo. \u201cEu ainda vi uma homem de camisa vermelha correndo, mas n\u00e3o sei quem \u00e9\u201d relatou.<\/p>\n<p style=\"text-align: justify;\">Na regi\u00e3o do Calafate resid\u00eancias de policiais foram alvejadas com tiros de rev\u00f3lver. A base da policia militar, no bairro Tancredo Neves quase foi incendiada. Apenas a porta ficou danificada. Em Sena Madureira, tamb\u00e9m foram identificados ataques a uma madeireira e a casa de policiais.<\/p>\n<p style=\"text-align: justify;\">O conselho de seguran\u00e7a se reuniu na manh\u00e3 dessa quarta-feira para preparar o contra ataque aos l\u00edderes do grupo bonde dos 13, apontado como respons\u00e1vel pelos ataques.<\/p>\n<p style=\"text-align: justify;\">O secretario de Estado de Seguran\u00e7a, Emylson Farias, informou que j\u00e1 identificou autores e pode transferir l\u00edderes da fac\u00e7\u00e3o, que est\u00e3o no pres\u00eddio de Rio Branco, para outros estados. \u201cN\u00e3o tenham d\u00favidas que seremos duros contra esses agentes. Nas pr\u00f3ximas horas vamos colocar todas as for\u00e7as de seguran\u00e7a na rua para evitar que os ataques se intensifiquem. Agindo r\u00e1pido vamos sufocar o movimento dos bandidos\u201d, advertiu.<\/p>\n<p style=\"text-align: justify;\">O telefone 181 foi disponibilizado para que as pessoas possam passar informa\u00e7\u00f5es, o denunciante n\u00e3o ser\u00e1 identificado.<\/p>\n","protected":false},"excerpt":{"rendered":"<p style=\"text-align: justify;\">Demonstra\u00e7\u00e3o de for\u00e7a em noite de terror organizado<\/p>\n","protected":false},"author":4,"featured_media":24521,"comment_status":"open","ping_status":"open","sticky":false,"template":"","format":"standard","meta":{"jnews-multi-image_gallery":[],"jnews_single_post":[],"jnews_primary_category":[],"jnews_social_meta":[],"jnews_review":[],"enable_review":"","type":"","name":"","summary":"","brand":"","sku":"","good":[],"bad":[],"score_override":"","override_value":"","rating":[],"price":[],"footnotes":""},"categories":[44],"tags":[],"class_list":["post-24522","post","type-post","status-publish","format-standard","has-post-thumbnail","hentry","category-policia"],"yoast_head":"<!-- This site is optimized with the Yoast SEO plugin v26.5 - https:\/\/yoast.com\/wordpress\/plugins\/seo\/ -->\n<title>Ex\u00e9rcito e PF s\u00e3o acionados para ajudar combater fac\u00e7\u00e3o - Agazeta.net<\/title>\n<meta name=\"robots\" content=\"index, follow, max-snippet:-1, max-image-preview:large, max-video-preview:-1\" \/>\n<link rel=\"canonical\" href=\"https:\/\/nk7-testes.com.br\/agazeta\/exercito-e-pf-sao-acionados-para-ajudar-combater-faccao\/\" \/>\n<meta property=\"og:locale\" content=\"pt_BR\" \/>\n<meta property=\"og:type\" content=\"article\" \/>\n<meta property=\"og:title\" content=\"Ex\u00e9rcito e PF s\u00e3o acionados para ajudar combater fac\u00e7\u00e3o - Agazeta.net\" \/>\n<meta property=\"og:description\" content=\"Demonstra\u00e7\u00e3o de for\u00e7a em noite de terror organizado\" \/>\n<meta property=\"og:url\" content=\"https:\/\/nk7-testes.com.br\/agazeta\/exercito-e-pf-sao-acionados-para-ajudar-combater-faccao\/\" \/>\n<meta property=\"og:site_name\" content=\"Agazeta.net\" \/>\n<meta property=\"article:published_time\" content=\"2016-08-17T21:07:13+00:00\" \/>\n<meta property=\"og:image\" content=\"https:\/\/nk7-testes.com.br\/agazeta\/wp-content\/uploads\/2016\/08\/170816-policia-atentadosterroristas-tvgazeta.jpg\" \/>\n\t<meta property=\"og:image:width\" content=\"458\" \/>\n\t<meta property=\"og:image:height\" content=\"340\" \/>\n\t<meta property=\"og:image:type\" content=\"image\/jpeg\" \/>\n<meta name=\"author\" content=\"Agazeta.Net\" \/>\n<meta name=\"twitter:card\" content=\"summary_large_image\" \/>\n<meta name=\"twitter:label1\" content=\"Escrito por\" \/>\n\t<meta name=\"twitter:data1\" content=\"Agazeta.Net\" \/>\n\t<meta name=\"twitter:label2\" content=\"Est. tempo de leitura\" \/>\n\t<meta name=\"twitter:data2\" content=\"3 minutos\" \/>\n<script type=\"application\/ld+json\" class=\"yoast-schema-graph\">{\"@context\":\"https:\/\/schema.org\",\"@graph\":[{\"@type\":\"WebPage\",\"@id\":\"https:\/\/nk7-testes.com.br\/agazeta\/exercito-e-pf-sao-acionados-para-ajudar-combater-faccao\/\",\"url\":\"https:\/\/nk7-testes.com.br\/agazeta\/exercito-e-pf-sao-acionados-para-ajudar-combater-faccao\/\",\"name\":\"Ex\u00e9rcito e PF s\u00e3o acionados para ajudar combater fac\u00e7\u00e3o - Agazeta.net\",\"isPartOf\":{\"@id\":\"https:\/\/nk7-testes.com.br\/agazeta\/#website\"},\"primaryImageOfPage\":{\"@id\":\"https:\/\/nk7-testes.com.br\/agazeta\/exercito-e-pf-sao-acionados-para-ajudar-combater-faccao\/#primaryimage\"},\"image\":{\"@id\":\"https:\/\/nk7-testes.com.br\/agazeta\/exercito-e-pf-sao-acionados-para-ajudar-combater-faccao\/#primaryimage\"},\"thumbnailUrl\":\"https:\/\/nk7-testes.com.br\/agazeta\/wp-content\/uploads\/2016\/08\/170816-policia-atentadosterroristas-tvgazeta.jpg\",\"datePublished\":\"2016-08-17T21:07:13+00:00\",\"author\":{\"@id\":\"https:\/\/nk7-testes.com.br\/agazeta\/#\/schema\/person\/6d6e25cb0435eb4a02fd44d30b4e3020\"},\"breadcrumb\":{\"@id\":\"https:\/\/nk7-testes.com.br\/agazeta\/exercito-e-pf-sao-acionados-para-ajudar-combater-faccao\/#breadcrumb\"},\"inLanguage\":\"pt-BR\",\"potentialAction\":[{\"@type\":\"ReadAction\",\"target\":[\"https:\/\/nk7-testes.com.br\/agazeta\/exercito-e-pf-sao-acionados-para-ajudar-combater-faccao\/\"]}]},{\"@type\":\"ImageObject\",\"inLanguage\":\"pt-BR\",\"@id\":\"https:\/\/nk7-testes.com.br\/agazeta\/exercito-e-pf-sao-acionados-para-ajudar-combater-faccao\/#primaryimage\",\"url\":\"https:\/\/nk7-testes.com.br\/agazeta\/wp-content\/uploads\/2016\/08\/170816-policia-atentadosterroristas-tvgazeta.jpg\",\"contentUrl\":\"https:\/\/nk7-testes.com.br\/agazeta\/wp-content\/uploads\/2016\/08\/170816-policia-atentadosterroristas-tvgazeta.jpg\",\"width\":458,\"height\":340,\"caption\":\"170816-policia-atentadosterroristas-tvgazeta\"},{\"@type\":\"BreadcrumbList\",\"@id\":\"https:\/\/nk7-testes.com.br\/agazeta\/exercito-e-pf-sao-acionados-para-ajudar-combater-faccao\/#breadcrumb\",\"itemListElement\":[{\"@type\":\"ListItem\",\"position\":1,\"name\":\"In\u00edcio\",\"item\":\"https:\/\/nk7-testes.com.br\/agazeta\/\"},{\"@type\":\"ListItem\",\"position\":2,\"name\":\"Ex\u00e9rcito e PF s\u00e3o acionados para ajudar combater fac\u00e7\u00e3o\"}]},{\"@type\":\"WebSite\",\"@id\":\"https:\/\/nk7-testes.com.br\/agazeta\/#website\",\"url\":\"https:\/\/nk7-testes.com.br\/agazeta\/\",\"name\":\"Agazeta.net\",\"description\":\"Agazeta.net - Not\u00edcias de Rio Branco\/AC\",\"potentialAction\":[{\"@type\":\"SearchAction\",\"target\":{\"@type\":\"EntryPoint\",\"urlTemplate\":\"https:\/\/nk7-testes.com.br\/agazeta\/?s={search_term_string}\"},\"query-input\":{\"@type\":\"PropertyValueSpecification\",\"valueRequired\":true,\"valueName\":\"search_term_string\"}}],\"inLanguage\":\"pt-BR\"},{\"@type\":\"Person\",\"@id\":\"https:\/\/nk7-testes.com.br\/agazeta\/#\/schema\/person\/6d6e25cb0435eb4a02fd44d30b4e3020\",\"name\":\"Agazeta.Net\",\"url\":\"https:\/\/nk7-testes.com.br\/agazeta\/author\/agazeta\/\"}]}<\/script>\n<!-- \/ Yoast SEO plugin. -->","yoast_head_json":{"title":"Ex\u00e9rcito e PF s\u00e3o acionados para ajudar combater fac\u00e7\u00e3o - Agazeta.net","robots":{"index":"index","follow":"follow","max-snippet":"max-snippet:-1","max-image-preview":"max-image-preview:large","max-video-preview":"max-video-preview:-1"},"canonical":"https:\/\/nk7-testes.com.br\/agazeta\/exercito-e-pf-sao-acionados-para-ajudar-combater-faccao\/","og_locale":"pt_BR","og_type":"article","og_title":"Ex\u00e9rcito e PF s\u00e3o acionados para ajudar combater fac\u00e7\u00e3o - Agazeta.net","og_description":"Demonstra\u00e7\u00e3o de for\u00e7a em noite de terror organizado","og_url":"https:\/\/nk7-testes.com.br\/agazeta\/exercito-e-pf-sao-acionados-para-ajudar-combater-faccao\/","og_site_name":"Agazeta.net","article_published_time":"2016-08-17T21:07:13+00:00","og_image":[{"width":458,"height":340,"url":"https:\/\/nk7-testes.com.br\/agazeta\/wp-content\/uploads\/2016\/08\/170816-policia-atentadosterroristas-tvgazeta.jpg","type":"image\/jpeg"}],"author":"Agazeta.Net","twitter_card":"summary_large_image","twitter_misc":{"Escrito por":"Agazeta.Net","Est. tempo de leitura":"3 minutos"},"schema":{"@context":"https:\/\/schema.org","@graph":[{"@type":"WebPage","@id":"https:\/\/nk7-testes.com.br\/agazeta\/exercito-e-pf-sao-acionados-para-ajudar-combater-faccao\/","url":"https:\/\/nk7-testes.com.br\/agazeta\/exercito-e-pf-sao-acionados-para-ajudar-combater-faccao\/","name":"Ex\u00e9rcito e PF s\u00e3o acionados para ajudar combater fac\u00e7\u00e3o - Agazeta.net","isPartOf":{"@id":"https:\/\/nk7-testes.com.br\/agazeta\/#website"},"primaryImageOfPage":{"@id":"https:\/\/nk7-testes.com.br\/agazeta\/exercito-e-pf-sao-acionados-para-ajudar-combater-faccao\/#primaryimage"},"image":{"@id":"https:\/\/nk7-testes.com.br\/agazeta\/exercito-e-pf-sao-acionados-para-ajudar-combater-faccao\/#primaryimage"},"thumbnailUrl":"https:\/\/nk7-testes.com.br\/agazeta\/wp-content\/uploads\/2016\/08\/170816-policia-atentadosterroristas-tvgazeta.jpg","datePublished":"2016-08-17T21:07:13+00:00","author":{"@id":"https:\/\/nk7-testes.com.br\/agazeta\/#\/schema\/person\/6d6e25cb0435eb4a02fd44d30b4e3020"},"breadcrumb":{"@id":"https:\/\/nk7-testes.com.br\/agazeta\/exercito-e-pf-sao-acionados-para-ajudar-combater-faccao\/#breadcrumb"},"inLanguage":"pt-BR","potentialAction":[{"@type":"ReadAction","target":["https:\/\/nk7-testes.com.br\/agazeta\/exercito-e-pf-sao-acionados-para-ajudar-combater-faccao\/"]}]},{"@type":"ImageObject","inLanguage":"pt-BR","@id":"https:\/\/nk7-testes.com.br\/agazeta\/exercito-e-pf-sao-acionados-para-ajudar-combater-faccao\/#primaryimage","url":"https:\/\/nk7-testes.com.br\/agazeta\/wp-content\/uploads\/2016\/08\/170816-policia-atentadosterroristas-tvgazeta.jpg","contentUrl":"https:\/\/nk7-testes.com.br\/agazeta\/wp-content\/uploads\/2016\/08\/170816-policia-atentadosterroristas-tvgazeta.jpg","width":458,"height":340,"caption":"170816-policia-atentadosterroristas-tvgazeta"},{"@type":"BreadcrumbList","@id":"https:\/\/nk7-testes.com.br\/agazeta\/exercito-e-pf-sao-acionados-para-ajudar-combater-faccao\/#breadcrumb","itemListElement":[{"@type":"ListItem","position":1,"name":"In\u00edcio","item":"https:\/\/nk7-testes.com.br\/agazeta\/"},{"@type":"ListItem","position":2,"name":"Ex\u00e9rcito e PF s\u00e3o acionados para ajudar combater fac\u00e7\u00e3o"}]},{"@type":"WebSite","@id":"https:\/\/nk7-testes.com.br\/agazeta\/#website","url":"https:\/\/nk7-testes.com.br\/agazeta\/","name":"Agazeta.net","description":"Agazeta.net - Not\u00edcias de Rio Branco\/AC","potentialAction":[{"@type":"SearchAction","target":{"@type":"EntryPoint","urlTemplate":"https:\/\/nk7-testes.com.br\/agazeta\/?s={search_term_string}"},"query-input":{"@type":"PropertyValueSpecification","valueRequired":true,"valueName":"search_term_string"}}],"inLanguage":"pt-BR"},{"@type":"Person","@id":"https:\/\/nk7-testes.com.br\/agazeta\/#\/schema\/person\/6d6e25cb0435eb4a02fd44d30b4e3020","name":"Agazeta.Net","url":"https:\/\/nk7-testes.com.br\/agazeta\/author\/agazeta\/"}]}},"_links":{"self":[{"href":"https:\/\/nk7-testes.com.br\/agazeta\/wp-json\/wp\/v2\/posts\/24522","targetHints":{"allow":["GET"]}}],"collection":[{"href":"https:\/\/nk7-testes.com.br\/agazeta\/wp-json\/wp\/v2\/posts"}],"about":[{"href":"https:\/\/nk7-testes.com.br\/agazeta\/wp-json\/wp\/v2\/types\/post"}],"author":[{"embeddable":true,"href":"https:\/\/nk7-testes.com.br\/agazeta\/wp-json\/wp\/v2\/users\/4"}],"replies":[{"embeddable":true,"href":"https:\/\/nk7-testes.com.br\/agazeta\/wp-json\/wp\/v2\/comments?post=24522"}],"version-history":[{"count":0,"href":"https:\/\/nk7-testes.com.br\/agazeta\/wp-json\/wp\/v2\/posts\/24522\/revisions"}],"wp:featuredmedia":[{"embeddable":true,"href":"https:\/\/nk7-testes.com.br\/agazeta\/wp-json\/wp\/v2\/media\/24521"}],"wp:attachment":[{"href":"https:\/\/nk7-testes.com.br\/agazeta\/wp-json\/wp\/v2\/media?parent=24522"}],"wp:term":[{"taxonomy":"category","embeddable":true,"href":"https:\/\/nk7-testes.com.br\/agazeta\/wp-json\/wp\/v2\/categories?post=24522"},{"taxonomy":"post_tag","embeddable":true,"href":"https:\/\/nk7-testes.com.br\/agazeta\/wp-json\/wp\/v2\/tags?post=24522"}],"curies":[{"name":"wp","href":"https:\/\/api.w.org\/{rel}","templated":true}]}}