{"id":24512,"date":"2016-08-17T13:58:03","date_gmt":"2016-08-17T13:58:03","guid":{"rendered":"https:\/\/abarevegan.com.br\/index.php\/2016\/08\/17\/acougue-e-assaltado-na-vila-ivonete\/"},"modified":"2016-08-17T13:58:03","modified_gmt":"2016-08-17T13:58:03","slug":"acougue-e-assaltado-na-vila-ivonete","status":"publish","type":"post","link":"https:\/\/nk7-testes.com.br\/agazeta\/acougue-e-assaltado-na-vila-ivonete\/","title":{"rendered":"A\u00e7ougue \u00e9 assaltado na Vila Ivonete"},"content":{"rendered":"<p style=\"text-align: justify;\">Agente penitenci\u00e1rio foi ferido no abdome<\/p>\n<p style=\"text-align: justify;\">O agente penitenci\u00e1rio Rafael Sussuarana, 37, foi baleado no come\u00e7o da tarde desta ter\u00e7a-feira, 16, durante tentativa de assalto a um a\u00e7ougue, na Rua Valdomiro Lopes no bairro Vila Ivonete.<\/p>\n<p style=\"text-align: justify;\">O agente foi ferido com um tiro no abd\u00f4men e o propriet\u00e1rio de um estabelecimento ao lado do comercio que foi assaltado identificado por Alexander da Cruz Bezerra, 30, foi atingido com um tiro de rasp\u00e3o na perna.<\/p>\n<p style=\"text-align: justify;\">A dupla chegou em uma motocicleta, e de posse de uma arma de fogo adentrou o comercio e rendeu o propriet\u00e1rio e os funcion\u00e1rios e roubaram o dinheiro do caixa e celulares de funcion\u00e1rios, o agente que chegava no estabelecimento ao perceber que era um assalto reagiu trocando tiro com os bandidos.<\/p>\n<p style=\"text-align: justify;\">Samu acionado e conduziu as v\u00edtimas ao Pronto Socorro.<\/p>\n<p style=\"text-align: justify;\">Policiais Militares do 4\u00ba Batalh\u00e3o estiveram no local, e sa\u00edram em busca dos acusados.<\/p>\n","protected":false},"excerpt":{"rendered":"<p style=\"text-align: justify;\">Agente penitenci\u00e1rio foi ferido no abdome<\/p>\n","protected":false},"author":4,"featured_media":24511,"comment_status":"open","ping_status":"open","sticky":false,"template":"","format":"standard","meta":{"jnews-multi-image_gallery":[],"jnews_single_post":[],"jnews_primary_category":[],"jnews_social_meta":[],"jnews_review":[],"enable_review":"","type":"","name":"","summary":"","brand":"","sku":"","good":[],"bad":[],"score_override":"","override_value":"","rating":[],"price":[],"footnotes":""},"categories":[44],"tags":[],"class_list":["post-24512","post","type-post","status-publish","format-standard","has-post-thumbnail","hentry","category-policia"],"yoast_head":"<!-- This site is optimized with the Yoast SEO plugin v26.5 - https:\/\/yoast.com\/wordpress\/plugins\/seo\/ -->\n<title>A\u00e7ougue \u00e9 assaltado na Vila Ivonete - Agazeta.net<\/title>\n<meta name=\"robots\" content=\"index, follow, max-snippet:-1, max-image-preview:large, max-video-preview:-1\" \/>\n<link rel=\"canonical\" href=\"https:\/\/nk7-testes.com.br\/agazeta\/acougue-e-assaltado-na-vila-ivonete\/\" \/>\n<meta property=\"og:locale\" content=\"pt_BR\" \/>\n<meta property=\"og:type\" content=\"article\" \/>\n<meta property=\"og:title\" content=\"A\u00e7ougue \u00e9 assaltado na Vila Ivonete - Agazeta.net\" \/>\n<meta property=\"og:description\" content=\"Agente penitenci\u00e1rio foi ferido no abdome\" \/>\n<meta property=\"og:url\" content=\"https:\/\/nk7-testes.com.br\/agazeta\/acougue-e-assaltado-na-vila-ivonete\/\" \/>\n<meta property=\"og:site_name\" content=\"Agazeta.net\" \/>\n<meta property=\"article:published_time\" content=\"2016-08-17T13:58:03+00:00\" \/>\n<meta property=\"og:image\" content=\"https:\/\/nk7-testes.com.br\/agazeta\/wp-content\/uploads\/2016\/08\/170816-policia-assalto-cleriston.jpg\" \/>\n\t<meta property=\"og:image:width\" content=\"458\" \/>\n\t<meta property=\"og:image:height\" content=\"340\" \/>\n\t<meta property=\"og:image:type\" content=\"image\/jpeg\" \/>\n<meta name=\"author\" content=\"Agazeta.Net\" \/>\n<meta name=\"twitter:card\" content=\"summary_large_image\" \/>\n<meta name=\"twitter:label1\" content=\"Escrito por\" \/>\n\t<meta name=\"twitter:data1\" content=\"Agazeta.Net\" \/>\n\t<meta name=\"twitter:label2\" content=\"Est. tempo de leitura\" \/>\n\t<meta name=\"twitter:data2\" content=\"1 minuto\" \/>\n<script type=\"application\/ld+json\" class=\"yoast-schema-graph\">{\"@context\":\"https:\/\/schema.org\",\"@graph\":[{\"@type\":\"WebPage\",\"@id\":\"https:\/\/nk7-testes.com.br\/agazeta\/acougue-e-assaltado-na-vila-ivonete\/\",\"url\":\"https:\/\/nk7-testes.com.br\/agazeta\/acougue-e-assaltado-na-vila-ivonete\/\",\"name\":\"A\u00e7ougue \u00e9 assaltado na Vila Ivonete - Agazeta.net\",\"isPartOf\":{\"@id\":\"https:\/\/nk7-testes.com.br\/agazeta\/#website\"},\"primaryImageOfPage\":{\"@id\":\"https:\/\/nk7-testes.com.br\/agazeta\/acougue-e-assaltado-na-vila-ivonete\/#primaryimage\"},\"image\":{\"@id\":\"https:\/\/nk7-testes.com.br\/agazeta\/acougue-e-assaltado-na-vila-ivonete\/#primaryimage\"},\"thumbnailUrl\":\"https:\/\/nk7-testes.com.br\/agazeta\/wp-content\/uploads\/2016\/08\/170816-policia-assalto-cleriston.jpg\",\"datePublished\":\"2016-08-17T13:58:03+00:00\",\"author\":{\"@id\":\"https:\/\/nk7-testes.com.br\/agazeta\/#\/schema\/person\/6d6e25cb0435eb4a02fd44d30b4e3020\"},\"breadcrumb\":{\"@id\":\"https:\/\/nk7-testes.com.br\/agazeta\/acougue-e-assaltado-na-vila-ivonete\/#breadcrumb\"},\"inLanguage\":\"pt-BR\",\"potentialAction\":[{\"@type\":\"ReadAction\",\"target\":[\"https:\/\/nk7-testes.com.br\/agazeta\/acougue-e-assaltado-na-vila-ivonete\/\"]}]},{\"@type\":\"ImageObject\",\"inLanguage\":\"pt-BR\",\"@id\":\"https:\/\/nk7-testes.com.br\/agazeta\/acougue-e-assaltado-na-vila-ivonete\/#primaryimage\",\"url\":\"https:\/\/nk7-testes.com.br\/agazeta\/wp-content\/uploads\/2016\/08\/170816-policia-assalto-cleriston.jpg\",\"contentUrl\":\"https:\/\/nk7-testes.com.br\/agazeta\/wp-content\/uploads\/2016\/08\/170816-policia-assalto-cleriston.jpg\",\"width\":458,\"height\":340,\"caption\":\"170816-policia-assalto-cleriston\"},{\"@type\":\"BreadcrumbList\",\"@id\":\"https:\/\/nk7-testes.com.br\/agazeta\/acougue-e-assaltado-na-vila-ivonete\/#breadcrumb\",\"itemListElement\":[{\"@type\":\"ListItem\",\"position\":1,\"name\":\"In\u00edcio\",\"item\":\"https:\/\/nk7-testes.com.br\/agazeta\/\"},{\"@type\":\"ListItem\",\"position\":2,\"name\":\"A\u00e7ougue \u00e9 assaltado na Vila Ivonete\"}]},{\"@type\":\"WebSite\",\"@id\":\"https:\/\/nk7-testes.com.br\/agazeta\/#website\",\"url\":\"https:\/\/nk7-testes.com.br\/agazeta\/\",\"name\":\"Agazeta.net\",\"description\":\"Agazeta.net - Not\u00edcias de Rio Branco\/AC\",\"potentialAction\":[{\"@type\":\"SearchAction\",\"target\":{\"@type\":\"EntryPoint\",\"urlTemplate\":\"https:\/\/nk7-testes.com.br\/agazeta\/?s={search_term_string}\"},\"query-input\":{\"@type\":\"PropertyValueSpecification\",\"valueRequired\":true,\"valueName\":\"search_term_string\"}}],\"inLanguage\":\"pt-BR\"},{\"@type\":\"Person\",\"@id\":\"https:\/\/nk7-testes.com.br\/agazeta\/#\/schema\/person\/6d6e25cb0435eb4a02fd44d30b4e3020\",\"name\":\"Agazeta.Net\",\"url\":\"https:\/\/nk7-testes.com.br\/agazeta\/author\/agazeta\/\"}]}<\/script>\n<!-- \/ Yoast SEO plugin. -->","yoast_head_json":{"title":"A\u00e7ougue \u00e9 assaltado na Vila Ivonete - Agazeta.net","robots":{"index":"index","follow":"follow","max-snippet":"max-snippet:-1","max-image-preview":"max-image-preview:large","max-video-preview":"max-video-preview:-1"},"canonical":"https:\/\/nk7-testes.com.br\/agazeta\/acougue-e-assaltado-na-vila-ivonete\/","og_locale":"pt_BR","og_type":"article","og_title":"A\u00e7ougue \u00e9 assaltado na Vila Ivonete - Agazeta.net","og_description":"Agente penitenci\u00e1rio foi ferido no abdome","og_url":"https:\/\/nk7-testes.com.br\/agazeta\/acougue-e-assaltado-na-vila-ivonete\/","og_site_name":"Agazeta.net","article_published_time":"2016-08-17T13:58:03+00:00","og_image":[{"width":458,"height":340,"url":"https:\/\/nk7-testes.com.br\/agazeta\/wp-content\/uploads\/2016\/08\/170816-policia-assalto-cleriston.jpg","type":"image\/jpeg"}],"author":"Agazeta.Net","twitter_card":"summary_large_image","twitter_misc":{"Escrito por":"Agazeta.Net","Est. tempo de leitura":"1 minuto"},"schema":{"@context":"https:\/\/schema.org","@graph":[{"@type":"WebPage","@id":"https:\/\/nk7-testes.com.br\/agazeta\/acougue-e-assaltado-na-vila-ivonete\/","url":"https:\/\/nk7-testes.com.br\/agazeta\/acougue-e-assaltado-na-vila-ivonete\/","name":"A\u00e7ougue \u00e9 assaltado na Vila Ivonete - Agazeta.net","isPartOf":{"@id":"https:\/\/nk7-testes.com.br\/agazeta\/#website"},"primaryImageOfPage":{"@id":"https:\/\/nk7-testes.com.br\/agazeta\/acougue-e-assaltado-na-vila-ivonete\/#primaryimage"},"image":{"@id":"https:\/\/nk7-testes.com.br\/agazeta\/acougue-e-assaltado-na-vila-ivonete\/#primaryimage"},"thumbnailUrl":"https:\/\/nk7-testes.com.br\/agazeta\/wp-content\/uploads\/2016\/08\/170816-policia-assalto-cleriston.jpg","datePublished":"2016-08-17T13:58:03+00:00","author":{"@id":"https:\/\/nk7-testes.com.br\/agazeta\/#\/schema\/person\/6d6e25cb0435eb4a02fd44d30b4e3020"},"breadcrumb":{"@id":"https:\/\/nk7-testes.com.br\/agazeta\/acougue-e-assaltado-na-vila-ivonete\/#breadcrumb"},"inLanguage":"pt-BR","potentialAction":[{"@type":"ReadAction","target":["https:\/\/nk7-testes.com.br\/agazeta\/acougue-e-assaltado-na-vila-ivonete\/"]}]},{"@type":"ImageObject","inLanguage":"pt-BR","@id":"https:\/\/nk7-testes.com.br\/agazeta\/acougue-e-assaltado-na-vila-ivonete\/#primaryimage","url":"https:\/\/nk7-testes.com.br\/agazeta\/wp-content\/uploads\/2016\/08\/170816-policia-assalto-cleriston.jpg","contentUrl":"https:\/\/nk7-testes.com.br\/agazeta\/wp-content\/uploads\/2016\/08\/170816-policia-assalto-cleriston.jpg","width":458,"height":340,"caption":"170816-policia-assalto-cleriston"},{"@type":"BreadcrumbList","@id":"https:\/\/nk7-testes.com.br\/agazeta\/acougue-e-assaltado-na-vila-ivonete\/#breadcrumb","itemListElement":[{"@type":"ListItem","position":1,"name":"In\u00edcio","item":"https:\/\/nk7-testes.com.br\/agazeta\/"},{"@type":"ListItem","position":2,"name":"A\u00e7ougue \u00e9 assaltado na Vila Ivonete"}]},{"@type":"WebSite","@id":"https:\/\/nk7-testes.com.br\/agazeta\/#website","url":"https:\/\/nk7-testes.com.br\/agazeta\/","name":"Agazeta.net","description":"Agazeta.net - Not\u00edcias de Rio Branco\/AC","potentialAction":[{"@type":"SearchAction","target":{"@type":"EntryPoint","urlTemplate":"https:\/\/nk7-testes.com.br\/agazeta\/?s={search_term_string}"},"query-input":{"@type":"PropertyValueSpecification","valueRequired":true,"valueName":"search_term_string"}}],"inLanguage":"pt-BR"},{"@type":"Person","@id":"https:\/\/nk7-testes.com.br\/agazeta\/#\/schema\/person\/6d6e25cb0435eb4a02fd44d30b4e3020","name":"Agazeta.Net","url":"https:\/\/nk7-testes.com.br\/agazeta\/author\/agazeta\/"}]}},"_links":{"self":[{"href":"https:\/\/nk7-testes.com.br\/agazeta\/wp-json\/wp\/v2\/posts\/24512","targetHints":{"allow":["GET"]}}],"collection":[{"href":"https:\/\/nk7-testes.com.br\/agazeta\/wp-json\/wp\/v2\/posts"}],"about":[{"href":"https:\/\/nk7-testes.com.br\/agazeta\/wp-json\/wp\/v2\/types\/post"}],"author":[{"embeddable":true,"href":"https:\/\/nk7-testes.com.br\/agazeta\/wp-json\/wp\/v2\/users\/4"}],"replies":[{"embeddable":true,"href":"https:\/\/nk7-testes.com.br\/agazeta\/wp-json\/wp\/v2\/comments?post=24512"}],"version-history":[{"count":0,"href":"https:\/\/nk7-testes.com.br\/agazeta\/wp-json\/wp\/v2\/posts\/24512\/revisions"}],"wp:featuredmedia":[{"embeddable":true,"href":"https:\/\/nk7-testes.com.br\/agazeta\/wp-json\/wp\/v2\/media\/24511"}],"wp:attachment":[{"href":"https:\/\/nk7-testes.com.br\/agazeta\/wp-json\/wp\/v2\/media?parent=24512"}],"wp:term":[{"taxonomy":"category","embeddable":true,"href":"https:\/\/nk7-testes.com.br\/agazeta\/wp-json\/wp\/v2\/categories?post=24512"},{"taxonomy":"post_tag","embeddable":true,"href":"https:\/\/nk7-testes.com.br\/agazeta\/wp-json\/wp\/v2\/tags?post=24512"}],"curies":[{"name":"wp","href":"https:\/\/api.w.org\/{rel}","templated":true}]}}