{"id":24494,"date":"2016-08-16T14:47:01","date_gmt":"2016-08-16T14:47:01","guid":{"rendered":"https:\/\/abarevegan.com.br\/index.php\/2016\/08\/16\/victor-campelo-responde-processo-em-liberdade\/"},"modified":"2016-08-16T14:47:01","modified_gmt":"2016-08-16T14:47:01","slug":"victor-campelo-responde-processo-em-liberdade","status":"publish","type":"post","link":"https:\/\/nk7-testes.com.br\/agazeta\/victor-campelo-responde-processo-em-liberdade\/","title":{"rendered":"Victor Campelo responde processo em liberdade"},"content":{"rendered":"<p style=\"text-align: justify;\">Ele pode exercer fun\u00e7\u00e3o na PF normalmente<\/p>\n<p style=\"text-align: justify;\">O policial federal Victor Campelo, acusado de ser autor dos tiros que mataram o jovem Rafael Frota, vai aguardar o julgamento em liberdade por decis\u00e3o do juiz da 2\u00aa Vara do Tribunal do J\u00fari, Alisson Braz. Rafael Frota foi morto com um tiro disparado por Victor em uma boate da Capital.<\/p>\n<p style=\"text-align: justify;\">Victor Campelo fica proibido, no per\u00edodo at\u00e9 o julgamento, de frequentar boates, casas noturnas, lugares com aglomera\u00e7\u00f5es, bares, casas de show. Al\u00e9m disso, n\u00e3o pode haver contato do policial com nenhum dos envolvidos na investiga\u00e7\u00e3o e citados no inqu\u00e9rito.<\/p>\n<p style=\"text-align: justify;\">N\u00e3o h\u00e1 restri\u00e7\u00f5es em rela\u00e7\u00e3o ao trabalho na PF. Victor pode exercer normalmente a fun\u00e7\u00e3o de policial militar. Ele estava preso em uma cela da Pol\u00edcia Federal desde o in\u00edcio de julho.<\/p>\n","protected":false},"excerpt":{"rendered":"<p style=\"text-align: justify;\">Ele pode exercer fun\u00e7\u00e3o na PF normalmente<\/p>\n","protected":false},"author":4,"featured_media":24493,"comment_status":"open","ping_status":"open","sticky":false,"template":"","format":"standard","meta":{"jnews-multi-image_gallery":[],"jnews_single_post":[],"jnews_primary_category":[],"jnews_social_meta":[],"jnews_review":[],"enable_review":"","type":"","name":"","summary":"","brand":"","sku":"","good":[],"bad":[],"score_override":"","override_value":"","rating":[],"price":[],"footnotes":""},"categories":[44],"tags":[],"class_list":["post-24494","post","type-post","status-publish","format-standard","has-post-thumbnail","hentry","category-policia"],"yoast_head":"<!-- This site is optimized with the Yoast SEO plugin v26.5 - https:\/\/yoast.com\/wordpress\/plugins\/seo\/ -->\n<title>Victor Campelo responde processo em liberdade - Agazeta.net<\/title>\n<meta name=\"robots\" content=\"index, follow, max-snippet:-1, max-image-preview:large, max-video-preview:-1\" \/>\n<link rel=\"canonical\" href=\"https:\/\/nk7-testes.com.br\/agazeta\/victor-campelo-responde-processo-em-liberdade\/\" \/>\n<meta property=\"og:locale\" content=\"pt_BR\" \/>\n<meta property=\"og:type\" content=\"article\" \/>\n<meta property=\"og:title\" content=\"Victor Campelo responde processo em liberdade - Agazeta.net\" \/>\n<meta property=\"og:description\" content=\"Ele pode exercer fun\u00e7\u00e3o na PF normalmente\" \/>\n<meta property=\"og:url\" content=\"https:\/\/nk7-testes.com.br\/agazeta\/victor-campelo-responde-processo-em-liberdade\/\" \/>\n<meta property=\"og:site_name\" content=\"Agazeta.net\" \/>\n<meta property=\"article:published_time\" content=\"2016-08-16T14:47:01+00:00\" \/>\n<meta property=\"og:image\" content=\"https:\/\/nk7-testes.com.br\/agazeta\/wp-content\/uploads\/2016\/08\/160816-policia-victorcampelo-cedida.jpg\" \/>\n\t<meta property=\"og:image:width\" content=\"458\" \/>\n\t<meta property=\"og:image:height\" content=\"340\" \/>\n\t<meta property=\"og:image:type\" content=\"image\/jpeg\" \/>\n<meta name=\"author\" content=\"Agazeta.Net\" \/>\n<meta name=\"twitter:card\" content=\"summary_large_image\" \/>\n<meta name=\"twitter:label1\" content=\"Escrito por\" \/>\n\t<meta name=\"twitter:data1\" content=\"Agazeta.Net\" \/>\n\t<meta name=\"twitter:label2\" content=\"Est. tempo de leitura\" \/>\n\t<meta name=\"twitter:data2\" content=\"1 minuto\" \/>\n<script type=\"application\/ld+json\" class=\"yoast-schema-graph\">{\"@context\":\"https:\/\/schema.org\",\"@graph\":[{\"@type\":\"WebPage\",\"@id\":\"https:\/\/nk7-testes.com.br\/agazeta\/victor-campelo-responde-processo-em-liberdade\/\",\"url\":\"https:\/\/nk7-testes.com.br\/agazeta\/victor-campelo-responde-processo-em-liberdade\/\",\"name\":\"Victor Campelo responde processo em liberdade - Agazeta.net\",\"isPartOf\":{\"@id\":\"https:\/\/nk7-testes.com.br\/agazeta\/#website\"},\"primaryImageOfPage\":{\"@id\":\"https:\/\/nk7-testes.com.br\/agazeta\/victor-campelo-responde-processo-em-liberdade\/#primaryimage\"},\"image\":{\"@id\":\"https:\/\/nk7-testes.com.br\/agazeta\/victor-campelo-responde-processo-em-liberdade\/#primaryimage\"},\"thumbnailUrl\":\"https:\/\/nk7-testes.com.br\/agazeta\/wp-content\/uploads\/2016\/08\/160816-policia-victorcampelo-cedida.jpg\",\"datePublished\":\"2016-08-16T14:47:01+00:00\",\"author\":{\"@id\":\"https:\/\/nk7-testes.com.br\/agazeta\/#\/schema\/person\/6d6e25cb0435eb4a02fd44d30b4e3020\"},\"breadcrumb\":{\"@id\":\"https:\/\/nk7-testes.com.br\/agazeta\/victor-campelo-responde-processo-em-liberdade\/#breadcrumb\"},\"inLanguage\":\"pt-BR\",\"potentialAction\":[{\"@type\":\"ReadAction\",\"target\":[\"https:\/\/nk7-testes.com.br\/agazeta\/victor-campelo-responde-processo-em-liberdade\/\"]}]},{\"@type\":\"ImageObject\",\"inLanguage\":\"pt-BR\",\"@id\":\"https:\/\/nk7-testes.com.br\/agazeta\/victor-campelo-responde-processo-em-liberdade\/#primaryimage\",\"url\":\"https:\/\/nk7-testes.com.br\/agazeta\/wp-content\/uploads\/2016\/08\/160816-policia-victorcampelo-cedida.jpg\",\"contentUrl\":\"https:\/\/nk7-testes.com.br\/agazeta\/wp-content\/uploads\/2016\/08\/160816-policia-victorcampelo-cedida.jpg\",\"width\":458,\"height\":340,\"caption\":\"160816-policia-victorcampelo-cedida\"},{\"@type\":\"BreadcrumbList\",\"@id\":\"https:\/\/nk7-testes.com.br\/agazeta\/victor-campelo-responde-processo-em-liberdade\/#breadcrumb\",\"itemListElement\":[{\"@type\":\"ListItem\",\"position\":1,\"name\":\"In\u00edcio\",\"item\":\"https:\/\/nk7-testes.com.br\/agazeta\/\"},{\"@type\":\"ListItem\",\"position\":2,\"name\":\"Victor Campelo responde processo em liberdade\"}]},{\"@type\":\"WebSite\",\"@id\":\"https:\/\/nk7-testes.com.br\/agazeta\/#website\",\"url\":\"https:\/\/nk7-testes.com.br\/agazeta\/\",\"name\":\"Agazeta.net\",\"description\":\"Agazeta.net - Not\u00edcias de Rio Branco\/AC\",\"potentialAction\":[{\"@type\":\"SearchAction\",\"target\":{\"@type\":\"EntryPoint\",\"urlTemplate\":\"https:\/\/nk7-testes.com.br\/agazeta\/?s={search_term_string}\"},\"query-input\":{\"@type\":\"PropertyValueSpecification\",\"valueRequired\":true,\"valueName\":\"search_term_string\"}}],\"inLanguage\":\"pt-BR\"},{\"@type\":\"Person\",\"@id\":\"https:\/\/nk7-testes.com.br\/agazeta\/#\/schema\/person\/6d6e25cb0435eb4a02fd44d30b4e3020\",\"name\":\"Agazeta.Net\",\"url\":\"https:\/\/nk7-testes.com.br\/agazeta\/author\/agazeta\/\"}]}<\/script>\n<!-- \/ Yoast SEO plugin. -->","yoast_head_json":{"title":"Victor Campelo responde processo em liberdade - Agazeta.net","robots":{"index":"index","follow":"follow","max-snippet":"max-snippet:-1","max-image-preview":"max-image-preview:large","max-video-preview":"max-video-preview:-1"},"canonical":"https:\/\/nk7-testes.com.br\/agazeta\/victor-campelo-responde-processo-em-liberdade\/","og_locale":"pt_BR","og_type":"article","og_title":"Victor Campelo responde processo em liberdade - Agazeta.net","og_description":"Ele pode exercer fun\u00e7\u00e3o na PF normalmente","og_url":"https:\/\/nk7-testes.com.br\/agazeta\/victor-campelo-responde-processo-em-liberdade\/","og_site_name":"Agazeta.net","article_published_time":"2016-08-16T14:47:01+00:00","og_image":[{"width":458,"height":340,"url":"https:\/\/nk7-testes.com.br\/agazeta\/wp-content\/uploads\/2016\/08\/160816-policia-victorcampelo-cedida.jpg","type":"image\/jpeg"}],"author":"Agazeta.Net","twitter_card":"summary_large_image","twitter_misc":{"Escrito por":"Agazeta.Net","Est. tempo de leitura":"1 minuto"},"schema":{"@context":"https:\/\/schema.org","@graph":[{"@type":"WebPage","@id":"https:\/\/nk7-testes.com.br\/agazeta\/victor-campelo-responde-processo-em-liberdade\/","url":"https:\/\/nk7-testes.com.br\/agazeta\/victor-campelo-responde-processo-em-liberdade\/","name":"Victor Campelo responde processo em liberdade - Agazeta.net","isPartOf":{"@id":"https:\/\/nk7-testes.com.br\/agazeta\/#website"},"primaryImageOfPage":{"@id":"https:\/\/nk7-testes.com.br\/agazeta\/victor-campelo-responde-processo-em-liberdade\/#primaryimage"},"image":{"@id":"https:\/\/nk7-testes.com.br\/agazeta\/victor-campelo-responde-processo-em-liberdade\/#primaryimage"},"thumbnailUrl":"https:\/\/nk7-testes.com.br\/agazeta\/wp-content\/uploads\/2016\/08\/160816-policia-victorcampelo-cedida.jpg","datePublished":"2016-08-16T14:47:01+00:00","author":{"@id":"https:\/\/nk7-testes.com.br\/agazeta\/#\/schema\/person\/6d6e25cb0435eb4a02fd44d30b4e3020"},"breadcrumb":{"@id":"https:\/\/nk7-testes.com.br\/agazeta\/victor-campelo-responde-processo-em-liberdade\/#breadcrumb"},"inLanguage":"pt-BR","potentialAction":[{"@type":"ReadAction","target":["https:\/\/nk7-testes.com.br\/agazeta\/victor-campelo-responde-processo-em-liberdade\/"]}]},{"@type":"ImageObject","inLanguage":"pt-BR","@id":"https:\/\/nk7-testes.com.br\/agazeta\/victor-campelo-responde-processo-em-liberdade\/#primaryimage","url":"https:\/\/nk7-testes.com.br\/agazeta\/wp-content\/uploads\/2016\/08\/160816-policia-victorcampelo-cedida.jpg","contentUrl":"https:\/\/nk7-testes.com.br\/agazeta\/wp-content\/uploads\/2016\/08\/160816-policia-victorcampelo-cedida.jpg","width":458,"height":340,"caption":"160816-policia-victorcampelo-cedida"},{"@type":"BreadcrumbList","@id":"https:\/\/nk7-testes.com.br\/agazeta\/victor-campelo-responde-processo-em-liberdade\/#breadcrumb","itemListElement":[{"@type":"ListItem","position":1,"name":"In\u00edcio","item":"https:\/\/nk7-testes.com.br\/agazeta\/"},{"@type":"ListItem","position":2,"name":"Victor Campelo responde processo em liberdade"}]},{"@type":"WebSite","@id":"https:\/\/nk7-testes.com.br\/agazeta\/#website","url":"https:\/\/nk7-testes.com.br\/agazeta\/","name":"Agazeta.net","description":"Agazeta.net - Not\u00edcias de Rio Branco\/AC","potentialAction":[{"@type":"SearchAction","target":{"@type":"EntryPoint","urlTemplate":"https:\/\/nk7-testes.com.br\/agazeta\/?s={search_term_string}"},"query-input":{"@type":"PropertyValueSpecification","valueRequired":true,"valueName":"search_term_string"}}],"inLanguage":"pt-BR"},{"@type":"Person","@id":"https:\/\/nk7-testes.com.br\/agazeta\/#\/schema\/person\/6d6e25cb0435eb4a02fd44d30b4e3020","name":"Agazeta.Net","url":"https:\/\/nk7-testes.com.br\/agazeta\/author\/agazeta\/"}]}},"_links":{"self":[{"href":"https:\/\/nk7-testes.com.br\/agazeta\/wp-json\/wp\/v2\/posts\/24494","targetHints":{"allow":["GET"]}}],"collection":[{"href":"https:\/\/nk7-testes.com.br\/agazeta\/wp-json\/wp\/v2\/posts"}],"about":[{"href":"https:\/\/nk7-testes.com.br\/agazeta\/wp-json\/wp\/v2\/types\/post"}],"author":[{"embeddable":true,"href":"https:\/\/nk7-testes.com.br\/agazeta\/wp-json\/wp\/v2\/users\/4"}],"replies":[{"embeddable":true,"href":"https:\/\/nk7-testes.com.br\/agazeta\/wp-json\/wp\/v2\/comments?post=24494"}],"version-history":[{"count":0,"href":"https:\/\/nk7-testes.com.br\/agazeta\/wp-json\/wp\/v2\/posts\/24494\/revisions"}],"wp:featuredmedia":[{"embeddable":true,"href":"https:\/\/nk7-testes.com.br\/agazeta\/wp-json\/wp\/v2\/media\/24493"}],"wp:attachment":[{"href":"https:\/\/nk7-testes.com.br\/agazeta\/wp-json\/wp\/v2\/media?parent=24494"}],"wp:term":[{"taxonomy":"category","embeddable":true,"href":"https:\/\/nk7-testes.com.br\/agazeta\/wp-json\/wp\/v2\/categories?post=24494"},{"taxonomy":"post_tag","embeddable":true,"href":"https:\/\/nk7-testes.com.br\/agazeta\/wp-json\/wp\/v2\/tags?post=24494"}],"curies":[{"name":"wp","href":"https:\/\/api.w.org\/{rel}","templated":true}]}}