{"id":24485,"date":"2016-08-15T20:42:34","date_gmt":"2016-08-15T20:42:34","guid":{"rendered":"https:\/\/abarevegan.com.br\/index.php\/2016\/08\/15\/ufac-sedia-congresso-de-literatura-latino-americana\/"},"modified":"2016-08-15T20:42:34","modified_gmt":"2016-08-15T20:42:34","slug":"ufac-sedia-congresso-de-literatura-latino-americana","status":"publish","type":"post","link":"https:\/\/nk7-testes.com.br\/agazeta\/ufac-sedia-congresso-de-literatura-latino-americana\/","title":{"rendered":"Ufac sedia congresso de literatura latino-americana"},"content":{"rendered":"<p style=\"text-align: justify;\">13\u00ba Encontro ser\u00e1 realizado em 2018<\/p>\n<p style=\"text-align: justify;\">A Universidade Federal do Acre (Ufac) vai sediar a pr\u00f3xima edi\u00e7\u00e3o das Jornadas Andinas de Literatura Latino-Americana (Jalla). A not\u00edcia foi trazida pela delega\u00e7\u00e3o de professores e alunos do programa de p\u00f3s-gradua\u00e7\u00e3o em Letras: Linguagem e Identidade (PPGLI), que acaba de participar da \u00faltima edi\u00e7\u00e3o do evento, este ano realizada em La Paz, Bol\u00edvia.<\/p>\n<p style=\"text-align: justify;\">A comunica\u00e7\u00e3o oficial sobre a decis\u00e3o de realizar o 13\u00ba congresso Jalla na Amaz\u00f4nia acriana foi feita pelo professor Guillermo Mariaca, que presidiu o evento. Para a delega\u00e7\u00e3o de professores e alunos do PPGLI, que participou do encontro, a realiza\u00e7\u00e3o do pr\u00f3ximo Jalla no campus sede da Ufac \u00e9 motivo de muita honra e responsabilidade, especialmente levando em considera\u00e7\u00e3o o legado desse congresso e o seu papel hist\u00f3rico enquanto espa\u00e7o de congrega\u00e7\u00e3o de importantes intelectuais comprometidos com os estudos liter\u00e1rios latino-americanos, com a formula\u00e7\u00e3o te\u00f3rica e o interc\u00e2mbio de saberes e conhecimentos de natureza interdisciplinar.<\/p>\n<p style=\"text-align: justify;\">\u201cEsse fato deve ser comemorado e \u00e9 motivo de grande orgulho para todos n\u00f3s do PPGLI e para nossa institui\u00e7\u00e3o, que, ao lado de nove outras universidades latino-americanas onde o evento j\u00e1 foi realizado, tem a honra de sediar este que vem sendo considerado o mais importante congresso de literaturas na Am\u00e9rica Latina\u201d, destacou o coordenador do PPGLI, Gerson Albuquerque.<\/p>\n<p style=\"text-align: justify;\">A pr\u00f3xima edi\u00e7\u00e3o do congresso Jalla ser\u00e1 realizada em 2018, com presid\u00eancia do professor Gerson Albuquerque, que ao lado das professoras L\u00edvia Reis (UFF) e M\u00e1rcia Paraquett (UFBA) representam o Brasil no secretariado das Jornadas Andinas de Literatura Latino-Americana. Esta \u00e9 a segunda vez que o congresso acontece no Brasil e a primeira vez na Amaz\u00f4nia.<\/p>\n<p style=\"text-align: justify;\">O primeiro Jalla foi realizado em 1993, em La Paz. Desde ent\u00e3o, as jornadas percorreram distintas institui\u00e7\u00f5es, cidades e pa\u00edses no continente americano: Tucum\u00e1n, Argentina (1995); Quito, Equador (1997); Cusco, Peru (1999); Santiago do Chile (2001); Lima, Peru (2004); Bogot\u00e1, Col\u00f4mbia (2006); Santiago do Chile (2008); Niter\u00f3i, Brasil (2010); Cali, Col\u00f4mbia (2012); Heredia, Costa Rica (2014) e La Paz, Bolivia (2016), cuja cerim\u00f4nia de encerramento aconteceu nessa sexta-feira, 12, na hist\u00f3rica Universidade Maior de San Andr\u00e9s (Umsa).<\/p>\n","protected":false},"excerpt":{"rendered":"<p style=\"text-align: justify;\">13\u00ba Encontro ser\u00e1 realizado em 2018<\/p>\n","protected":false},"author":4,"featured_media":24484,"comment_status":"open","ping_status":"open","sticky":false,"template":"","format":"standard","meta":{"jnews-multi-image_gallery":[],"jnews_single_post":[],"jnews_primary_category":[],"jnews_social_meta":[],"jnews_review":[],"enable_review":"","type":"","name":"","summary":"","brand":"","sku":"","good":[],"bad":[],"score_override":"","override_value":"","rating":[],"price":[],"footnotes":""},"categories":[54],"tags":[],"class_list":["post-24485","post","type-post","status-publish","format-standard","has-post-thumbnail","hentry","category-cotidiano"],"yoast_head":"<!-- This site is optimized with the Yoast SEO plugin v26.5 - https:\/\/yoast.com\/wordpress\/plugins\/seo\/ -->\n<title>Ufac sedia congresso de literatura latino-americana - Agazeta.net<\/title>\n<meta name=\"robots\" content=\"index, follow, max-snippet:-1, max-image-preview:large, max-video-preview:-1\" \/>\n<link rel=\"canonical\" href=\"https:\/\/nk7-testes.com.br\/agazeta\/ufac-sedia-congresso-de-literatura-latino-americana\/\" \/>\n<meta property=\"og:locale\" content=\"pt_BR\" \/>\n<meta property=\"og:type\" content=\"article\" \/>\n<meta property=\"og:title\" content=\"Ufac sedia congresso de literatura latino-americana - Agazeta.net\" \/>\n<meta property=\"og:description\" content=\"13\u00ba Encontro ser\u00e1 realizado em 2018\" \/>\n<meta property=\"og:url\" content=\"https:\/\/nk7-testes.com.br\/agazeta\/ufac-sedia-congresso-de-literatura-latino-americana\/\" \/>\n<meta property=\"og:site_name\" content=\"Agazeta.net\" \/>\n<meta property=\"article:published_time\" content=\"2016-08-15T20:42:34+00:00\" \/>\n<meta property=\"og:image\" content=\"https:\/\/nk7-testes.com.br\/agazeta\/wp-content\/uploads\/2016\/08\/150816-cotidiano-ufacencontrolatinoamericano-cedida.jpg\" \/>\n\t<meta property=\"og:image:width\" content=\"458\" \/>\n\t<meta property=\"og:image:height\" content=\"340\" \/>\n\t<meta property=\"og:image:type\" content=\"image\/jpeg\" \/>\n<meta name=\"author\" content=\"Agazeta.Net\" \/>\n<meta name=\"twitter:card\" content=\"summary_large_image\" \/>\n<meta name=\"twitter:label1\" content=\"Escrito por\" \/>\n\t<meta name=\"twitter:data1\" content=\"Agazeta.Net\" \/>\n\t<meta name=\"twitter:label2\" content=\"Est. tempo de leitura\" \/>\n\t<meta name=\"twitter:data2\" content=\"2 minutos\" \/>\n<script type=\"application\/ld+json\" class=\"yoast-schema-graph\">{\"@context\":\"https:\/\/schema.org\",\"@graph\":[{\"@type\":\"WebPage\",\"@id\":\"https:\/\/nk7-testes.com.br\/agazeta\/ufac-sedia-congresso-de-literatura-latino-americana\/\",\"url\":\"https:\/\/nk7-testes.com.br\/agazeta\/ufac-sedia-congresso-de-literatura-latino-americana\/\",\"name\":\"Ufac sedia congresso de literatura latino-americana - Agazeta.net\",\"isPartOf\":{\"@id\":\"https:\/\/nk7-testes.com.br\/agazeta\/#website\"},\"primaryImageOfPage\":{\"@id\":\"https:\/\/nk7-testes.com.br\/agazeta\/ufac-sedia-congresso-de-literatura-latino-americana\/#primaryimage\"},\"image\":{\"@id\":\"https:\/\/nk7-testes.com.br\/agazeta\/ufac-sedia-congresso-de-literatura-latino-americana\/#primaryimage\"},\"thumbnailUrl\":\"https:\/\/nk7-testes.com.br\/agazeta\/wp-content\/uploads\/2016\/08\/150816-cotidiano-ufacencontrolatinoamericano-cedida.jpg\",\"datePublished\":\"2016-08-15T20:42:34+00:00\",\"author\":{\"@id\":\"https:\/\/nk7-testes.com.br\/agazeta\/#\/schema\/person\/6d6e25cb0435eb4a02fd44d30b4e3020\"},\"breadcrumb\":{\"@id\":\"https:\/\/nk7-testes.com.br\/agazeta\/ufac-sedia-congresso-de-literatura-latino-americana\/#breadcrumb\"},\"inLanguage\":\"pt-BR\",\"potentialAction\":[{\"@type\":\"ReadAction\",\"target\":[\"https:\/\/nk7-testes.com.br\/agazeta\/ufac-sedia-congresso-de-literatura-latino-americana\/\"]}]},{\"@type\":\"ImageObject\",\"inLanguage\":\"pt-BR\",\"@id\":\"https:\/\/nk7-testes.com.br\/agazeta\/ufac-sedia-congresso-de-literatura-latino-americana\/#primaryimage\",\"url\":\"https:\/\/nk7-testes.com.br\/agazeta\/wp-content\/uploads\/2016\/08\/150816-cotidiano-ufacencontrolatinoamericano-cedida.jpg\",\"contentUrl\":\"https:\/\/nk7-testes.com.br\/agazeta\/wp-content\/uploads\/2016\/08\/150816-cotidiano-ufacencontrolatinoamericano-cedida.jpg\",\"width\":458,\"height\":340,\"caption\":\"150816-cotidiano-ufacencontrolatinoamericano-cedida\"},{\"@type\":\"BreadcrumbList\",\"@id\":\"https:\/\/nk7-testes.com.br\/agazeta\/ufac-sedia-congresso-de-literatura-latino-americana\/#breadcrumb\",\"itemListElement\":[{\"@type\":\"ListItem\",\"position\":1,\"name\":\"In\u00edcio\",\"item\":\"https:\/\/nk7-testes.com.br\/agazeta\/\"},{\"@type\":\"ListItem\",\"position\":2,\"name\":\"Ufac sedia congresso de literatura latino-americana\"}]},{\"@type\":\"WebSite\",\"@id\":\"https:\/\/nk7-testes.com.br\/agazeta\/#website\",\"url\":\"https:\/\/nk7-testes.com.br\/agazeta\/\",\"name\":\"Agazeta.net\",\"description\":\"Agazeta.net - Not\u00edcias de Rio Branco\/AC\",\"potentialAction\":[{\"@type\":\"SearchAction\",\"target\":{\"@type\":\"EntryPoint\",\"urlTemplate\":\"https:\/\/nk7-testes.com.br\/agazeta\/?s={search_term_string}\"},\"query-input\":{\"@type\":\"PropertyValueSpecification\",\"valueRequired\":true,\"valueName\":\"search_term_string\"}}],\"inLanguage\":\"pt-BR\"},{\"@type\":\"Person\",\"@id\":\"https:\/\/nk7-testes.com.br\/agazeta\/#\/schema\/person\/6d6e25cb0435eb4a02fd44d30b4e3020\",\"name\":\"Agazeta.Net\",\"url\":\"https:\/\/nk7-testes.com.br\/agazeta\/author\/agazeta\/\"}]}<\/script>\n<!-- \/ Yoast SEO plugin. -->","yoast_head_json":{"title":"Ufac sedia congresso de literatura latino-americana - Agazeta.net","robots":{"index":"index","follow":"follow","max-snippet":"max-snippet:-1","max-image-preview":"max-image-preview:large","max-video-preview":"max-video-preview:-1"},"canonical":"https:\/\/nk7-testes.com.br\/agazeta\/ufac-sedia-congresso-de-literatura-latino-americana\/","og_locale":"pt_BR","og_type":"article","og_title":"Ufac sedia congresso de literatura latino-americana - Agazeta.net","og_description":"13\u00ba Encontro ser\u00e1 realizado em 2018","og_url":"https:\/\/nk7-testes.com.br\/agazeta\/ufac-sedia-congresso-de-literatura-latino-americana\/","og_site_name":"Agazeta.net","article_published_time":"2016-08-15T20:42:34+00:00","og_image":[{"width":458,"height":340,"url":"https:\/\/nk7-testes.com.br\/agazeta\/wp-content\/uploads\/2016\/08\/150816-cotidiano-ufacencontrolatinoamericano-cedida.jpg","type":"image\/jpeg"}],"author":"Agazeta.Net","twitter_card":"summary_large_image","twitter_misc":{"Escrito por":"Agazeta.Net","Est. tempo de leitura":"2 minutos"},"schema":{"@context":"https:\/\/schema.org","@graph":[{"@type":"WebPage","@id":"https:\/\/nk7-testes.com.br\/agazeta\/ufac-sedia-congresso-de-literatura-latino-americana\/","url":"https:\/\/nk7-testes.com.br\/agazeta\/ufac-sedia-congresso-de-literatura-latino-americana\/","name":"Ufac sedia congresso de literatura latino-americana - Agazeta.net","isPartOf":{"@id":"https:\/\/nk7-testes.com.br\/agazeta\/#website"},"primaryImageOfPage":{"@id":"https:\/\/nk7-testes.com.br\/agazeta\/ufac-sedia-congresso-de-literatura-latino-americana\/#primaryimage"},"image":{"@id":"https:\/\/nk7-testes.com.br\/agazeta\/ufac-sedia-congresso-de-literatura-latino-americana\/#primaryimage"},"thumbnailUrl":"https:\/\/nk7-testes.com.br\/agazeta\/wp-content\/uploads\/2016\/08\/150816-cotidiano-ufacencontrolatinoamericano-cedida.jpg","datePublished":"2016-08-15T20:42:34+00:00","author":{"@id":"https:\/\/nk7-testes.com.br\/agazeta\/#\/schema\/person\/6d6e25cb0435eb4a02fd44d30b4e3020"},"breadcrumb":{"@id":"https:\/\/nk7-testes.com.br\/agazeta\/ufac-sedia-congresso-de-literatura-latino-americana\/#breadcrumb"},"inLanguage":"pt-BR","potentialAction":[{"@type":"ReadAction","target":["https:\/\/nk7-testes.com.br\/agazeta\/ufac-sedia-congresso-de-literatura-latino-americana\/"]}]},{"@type":"ImageObject","inLanguage":"pt-BR","@id":"https:\/\/nk7-testes.com.br\/agazeta\/ufac-sedia-congresso-de-literatura-latino-americana\/#primaryimage","url":"https:\/\/nk7-testes.com.br\/agazeta\/wp-content\/uploads\/2016\/08\/150816-cotidiano-ufacencontrolatinoamericano-cedida.jpg","contentUrl":"https:\/\/nk7-testes.com.br\/agazeta\/wp-content\/uploads\/2016\/08\/150816-cotidiano-ufacencontrolatinoamericano-cedida.jpg","width":458,"height":340,"caption":"150816-cotidiano-ufacencontrolatinoamericano-cedida"},{"@type":"BreadcrumbList","@id":"https:\/\/nk7-testes.com.br\/agazeta\/ufac-sedia-congresso-de-literatura-latino-americana\/#breadcrumb","itemListElement":[{"@type":"ListItem","position":1,"name":"In\u00edcio","item":"https:\/\/nk7-testes.com.br\/agazeta\/"},{"@type":"ListItem","position":2,"name":"Ufac sedia congresso de literatura latino-americana"}]},{"@type":"WebSite","@id":"https:\/\/nk7-testes.com.br\/agazeta\/#website","url":"https:\/\/nk7-testes.com.br\/agazeta\/","name":"Agazeta.net","description":"Agazeta.net - Not\u00edcias de Rio Branco\/AC","potentialAction":[{"@type":"SearchAction","target":{"@type":"EntryPoint","urlTemplate":"https:\/\/nk7-testes.com.br\/agazeta\/?s={search_term_string}"},"query-input":{"@type":"PropertyValueSpecification","valueRequired":true,"valueName":"search_term_string"}}],"inLanguage":"pt-BR"},{"@type":"Person","@id":"https:\/\/nk7-testes.com.br\/agazeta\/#\/schema\/person\/6d6e25cb0435eb4a02fd44d30b4e3020","name":"Agazeta.Net","url":"https:\/\/nk7-testes.com.br\/agazeta\/author\/agazeta\/"}]}},"_links":{"self":[{"href":"https:\/\/nk7-testes.com.br\/agazeta\/wp-json\/wp\/v2\/posts\/24485","targetHints":{"allow":["GET"]}}],"collection":[{"href":"https:\/\/nk7-testes.com.br\/agazeta\/wp-json\/wp\/v2\/posts"}],"about":[{"href":"https:\/\/nk7-testes.com.br\/agazeta\/wp-json\/wp\/v2\/types\/post"}],"author":[{"embeddable":true,"href":"https:\/\/nk7-testes.com.br\/agazeta\/wp-json\/wp\/v2\/users\/4"}],"replies":[{"embeddable":true,"href":"https:\/\/nk7-testes.com.br\/agazeta\/wp-json\/wp\/v2\/comments?post=24485"}],"version-history":[{"count":0,"href":"https:\/\/nk7-testes.com.br\/agazeta\/wp-json\/wp\/v2\/posts\/24485\/revisions"}],"wp:featuredmedia":[{"embeddable":true,"href":"https:\/\/nk7-testes.com.br\/agazeta\/wp-json\/wp\/v2\/media\/24484"}],"wp:attachment":[{"href":"https:\/\/nk7-testes.com.br\/agazeta\/wp-json\/wp\/v2\/media?parent=24485"}],"wp:term":[{"taxonomy":"category","embeddable":true,"href":"https:\/\/nk7-testes.com.br\/agazeta\/wp-json\/wp\/v2\/categories?post=24485"},{"taxonomy":"post_tag","embeddable":true,"href":"https:\/\/nk7-testes.com.br\/agazeta\/wp-json\/wp\/v2\/tags?post=24485"}],"curies":[{"name":"wp","href":"https:\/\/api.w.org\/{rel}","templated":true}]}}