{"id":24483,"date":"2016-08-15T16:43:08","date_gmt":"2016-08-15T16:43:08","guid":{"rendered":"https:\/\/abarevegan.com.br\/index.php\/2016\/08\/15\/cabo-da-pm-e-morto-com-tiro-no-pescoco-2\/"},"modified":"2016-08-15T16:43:08","modified_gmt":"2016-08-15T16:43:08","slug":"cabo-da-pm-e-morto-com-tiro-no-pescoco-2","status":"publish","type":"post","link":"https:\/\/nk7-testes.com.br\/agazeta\/cabo-da-pm-e-morto-com-tiro-no-pescoco-2\/","title":{"rendered":"Cabo da PM \u00e9 morto com tiro no pesco\u00e7o"},"content":{"rendered":"<p style=\"text-align: justify;\">Cabo Alexandro v\u00edtima alvejada com a pr\u00f3pria arma<\/p>\n<p style=\"text-align: justify;\">O cabo da Pol\u00edcia Militar do Acre, Alexandro Aparecido dos Santos, 36, morreu na manh\u00e3 desta segunda-feira (15) com um tiro no pesco\u00e7o. Ele foi atender a uma ocorr\u00eancia no bairro Novo Horizonte. A ocorr\u00eancia era de uma briga. Ao tentar apartar, um dos envolvidos conseguiu pegar o rev\u00f3lver do policial e atirou. A bala atingiu a regi\u00e3o abaixo do queixo do policial.<\/p>\n<p style=\"text-align: justify;\">Os envolvidos na confus\u00e3o foram presos e levados para a Delegacia de Flagrantes. O corpo do policial j\u00e1 est\u00e1 no IML onde come\u00e7am a chegar v\u00e1rios amigos.<\/p>\n<p style=\"text-align: justify;\">Comando da PM divulga nota de Pesar<\/p>\n<p><strong>NOTA DE PESAR<\/strong><\/p>\n<p>O Comando da Policia Militar do Estado do Acre (PMAC), Oficiais, Pra\u00e7as e Funcion\u00e1rios Civis, manifestam o mais profundo pesar pelo falecimento do Cabo PM Alexandro Aparecido dos Santos, de 36 anos, ocorrido durante uma abordagem policial.<\/p>\n<p style=\"text-align: justify;\">O fato ocorreu na Rua N\u00e1uas, Bairro Novo Horizonte. O policial foi encaminhado ao Pronto Socorro (PS), mas veio \u00e0 \u00f3bito \u00e0 caminho do hospital. O autor do disparo foi preso e conduzido para a Delegacia de Flagrantes. O oficial superior de dia e o comandante-geral da PMAC estiveram no PS e, pessoalmente, acompanham o caso.<\/p>\n<p style=\"text-align: justify;\">N\u00f3s, militares, mesmo tendo feito o juramento de proteger a sociedade inclusive com risco de nossa pr\u00f3pria vida, sendo ainda sabedores de todos os perigos inerentes \u00e0 profiss\u00e3o em si, sempre vislumbramos cumprir nossas miss\u00f5es e retornar com sa\u00fade para o seio de nossa fam\u00edlia. Mas, infelizmente, hoje, perdemos um excelente policial militar.<\/p>\n<p style=\"text-align: justify;\">Solidarizamo-nos e rogamos a Deus, eterno consolador, que conforte o cora\u00e7\u00e3o da fam\u00edlia do Cabo Alexandro e proteja todos os militares de nosso Estado, durante o desempenho do seu servi\u00e7o em seus respectivos batalh\u00f5es.<\/p>\n<p style=\"text-align: justify;\">Mais uma vez reiteramos nosso pesar e, \u00e0 fam\u00edlia enlutada, prestamos sentidas condol\u00eancias pela perda de seu ente querido.<\/p>\n<p style=\"text-align: justify;\">Disse-lhe Jesus: \u201cEu sou a ressurrei\u00e7\u00e3o e a vida.\/ Aquele que cr\u00ea em mim ainda que morto, viver\u00e1.\/ E todo aquele que vive e cr\u00ea em mim, jamais morrer\u00e1&#8230;\u201dc 1:25-26).<\/p>\n<p style=\"text-align: justify;\">Rio Branco-AC, 12 de agosto de 2016.<\/p>\n<p style=\"text-align: justify;\">J\u00falio C\u00e9sar dos Santos \u2013 CEL PM<\/p>\n<p style=\"text-align: justify;\">Comandante-Geral da PMAC<\/p>\n","protected":false},"excerpt":{"rendered":"<p style=\"text-align: justify;\">Cabo Alexandro v\u00edtima alvejada com a pr\u00f3pria arma<\/p>\n","protected":false},"author":4,"featured_media":24482,"comment_status":"open","ping_status":"open","sticky":false,"template":"","format":"standard","meta":{"jnews-multi-image_gallery":[],"jnews_single_post":[],"jnews_primary_category":[],"jnews_social_meta":[],"jnews_review":[],"enable_review":"","type":"","name":"","summary":"","brand":"","sku":"","good":[],"bad":[],"score_override":"","override_value":"","rating":[],"price":[],"footnotes":""},"categories":[44],"tags":[],"class_list":["post-24483","post","type-post","status-publish","format-standard","has-post-thumbnail","hentry","category-policia"],"yoast_head":"<!-- This site is optimized with the Yoast SEO plugin v26.5 - https:\/\/yoast.com\/wordpress\/plugins\/seo\/ -->\n<title>Cabo da PM \u00e9 morto com tiro no pesco\u00e7o - Agazeta.net<\/title>\n<meta name=\"robots\" content=\"index, follow, max-snippet:-1, max-image-preview:large, max-video-preview:-1\" \/>\n<link rel=\"canonical\" href=\"https:\/\/nk7-testes.com.br\/agazeta\/cabo-da-pm-e-morto-com-tiro-no-pescoco-2\/\" \/>\n<meta property=\"og:locale\" content=\"pt_BR\" \/>\n<meta property=\"og:type\" content=\"article\" \/>\n<meta property=\"og:title\" content=\"Cabo da PM \u00e9 morto com tiro no pesco\u00e7o - Agazeta.net\" \/>\n<meta property=\"og:description\" content=\"Cabo Alexandro v\u00edtima alvejada com a pr\u00f3pria arma\" \/>\n<meta property=\"og:url\" content=\"https:\/\/nk7-testes.com.br\/agazeta\/cabo-da-pm-e-morto-com-tiro-no-pescoco-2\/\" \/>\n<meta property=\"og:site_name\" content=\"Agazeta.net\" \/>\n<meta property=\"article:published_time\" content=\"2016-08-15T16:43:08+00:00\" \/>\n<meta property=\"og:image\" content=\"https:\/\/nk7-testes.com.br\/agazeta\/wp-content\/uploads\/2016\/08\/150816-policia-caboalexssandro-cedida.jpg\" \/>\n\t<meta property=\"og:image:width\" content=\"458\" \/>\n\t<meta property=\"og:image:height\" content=\"340\" \/>\n\t<meta property=\"og:image:type\" content=\"image\/jpeg\" \/>\n<meta name=\"author\" content=\"Agazeta.Net\" \/>\n<meta name=\"twitter:card\" content=\"summary_large_image\" \/>\n<meta name=\"twitter:label1\" content=\"Escrito por\" \/>\n\t<meta name=\"twitter:data1\" content=\"Agazeta.Net\" \/>\n\t<meta name=\"twitter:label2\" content=\"Est. tempo de leitura\" \/>\n\t<meta name=\"twitter:data2\" content=\"2 minutos\" \/>\n<script type=\"application\/ld+json\" class=\"yoast-schema-graph\">{\"@context\":\"https:\/\/schema.org\",\"@graph\":[{\"@type\":\"WebPage\",\"@id\":\"https:\/\/nk7-testes.com.br\/agazeta\/cabo-da-pm-e-morto-com-tiro-no-pescoco-2\/\",\"url\":\"https:\/\/nk7-testes.com.br\/agazeta\/cabo-da-pm-e-morto-com-tiro-no-pescoco-2\/\",\"name\":\"Cabo da PM \u00e9 morto com tiro no pesco\u00e7o - Agazeta.net\",\"isPartOf\":{\"@id\":\"https:\/\/nk7-testes.com.br\/agazeta\/#website\"},\"primaryImageOfPage\":{\"@id\":\"https:\/\/nk7-testes.com.br\/agazeta\/cabo-da-pm-e-morto-com-tiro-no-pescoco-2\/#primaryimage\"},\"image\":{\"@id\":\"https:\/\/nk7-testes.com.br\/agazeta\/cabo-da-pm-e-morto-com-tiro-no-pescoco-2\/#primaryimage\"},\"thumbnailUrl\":\"https:\/\/nk7-testes.com.br\/agazeta\/wp-content\/uploads\/2016\/08\/150816-policia-caboalexssandro-cedida.jpg\",\"datePublished\":\"2016-08-15T16:43:08+00:00\",\"author\":{\"@id\":\"https:\/\/nk7-testes.com.br\/agazeta\/#\/schema\/person\/6d6e25cb0435eb4a02fd44d30b4e3020\"},\"breadcrumb\":{\"@id\":\"https:\/\/nk7-testes.com.br\/agazeta\/cabo-da-pm-e-morto-com-tiro-no-pescoco-2\/#breadcrumb\"},\"inLanguage\":\"pt-BR\",\"potentialAction\":[{\"@type\":\"ReadAction\",\"target\":[\"https:\/\/nk7-testes.com.br\/agazeta\/cabo-da-pm-e-morto-com-tiro-no-pescoco-2\/\"]}]},{\"@type\":\"ImageObject\",\"inLanguage\":\"pt-BR\",\"@id\":\"https:\/\/nk7-testes.com.br\/agazeta\/cabo-da-pm-e-morto-com-tiro-no-pescoco-2\/#primaryimage\",\"url\":\"https:\/\/nk7-testes.com.br\/agazeta\/wp-content\/uploads\/2016\/08\/150816-policia-caboalexssandro-cedida.jpg\",\"contentUrl\":\"https:\/\/nk7-testes.com.br\/agazeta\/wp-content\/uploads\/2016\/08\/150816-policia-caboalexssandro-cedida.jpg\",\"width\":458,\"height\":340,\"caption\":\"150816-policia-caboalexssandro-cedida\"},{\"@type\":\"BreadcrumbList\",\"@id\":\"https:\/\/nk7-testes.com.br\/agazeta\/cabo-da-pm-e-morto-com-tiro-no-pescoco-2\/#breadcrumb\",\"itemListElement\":[{\"@type\":\"ListItem\",\"position\":1,\"name\":\"In\u00edcio\",\"item\":\"https:\/\/nk7-testes.com.br\/agazeta\/\"},{\"@type\":\"ListItem\",\"position\":2,\"name\":\"Cabo da PM \u00e9 morto com tiro no pesco\u00e7o\"}]},{\"@type\":\"WebSite\",\"@id\":\"https:\/\/nk7-testes.com.br\/agazeta\/#website\",\"url\":\"https:\/\/nk7-testes.com.br\/agazeta\/\",\"name\":\"Agazeta.net\",\"description\":\"Agazeta.net - Not\u00edcias de Rio Branco\/AC\",\"potentialAction\":[{\"@type\":\"SearchAction\",\"target\":{\"@type\":\"EntryPoint\",\"urlTemplate\":\"https:\/\/nk7-testes.com.br\/agazeta\/?s={search_term_string}\"},\"query-input\":{\"@type\":\"PropertyValueSpecification\",\"valueRequired\":true,\"valueName\":\"search_term_string\"}}],\"inLanguage\":\"pt-BR\"},{\"@type\":\"Person\",\"@id\":\"https:\/\/nk7-testes.com.br\/agazeta\/#\/schema\/person\/6d6e25cb0435eb4a02fd44d30b4e3020\",\"name\":\"Agazeta.Net\",\"url\":\"https:\/\/nk7-testes.com.br\/agazeta\/author\/agazeta\/\"}]}<\/script>\n<!-- \/ Yoast SEO plugin. -->","yoast_head_json":{"title":"Cabo da PM \u00e9 morto com tiro no pesco\u00e7o - Agazeta.net","robots":{"index":"index","follow":"follow","max-snippet":"max-snippet:-1","max-image-preview":"max-image-preview:large","max-video-preview":"max-video-preview:-1"},"canonical":"https:\/\/nk7-testes.com.br\/agazeta\/cabo-da-pm-e-morto-com-tiro-no-pescoco-2\/","og_locale":"pt_BR","og_type":"article","og_title":"Cabo da PM \u00e9 morto com tiro no pesco\u00e7o - Agazeta.net","og_description":"Cabo Alexandro v\u00edtima alvejada com a pr\u00f3pria arma","og_url":"https:\/\/nk7-testes.com.br\/agazeta\/cabo-da-pm-e-morto-com-tiro-no-pescoco-2\/","og_site_name":"Agazeta.net","article_published_time":"2016-08-15T16:43:08+00:00","og_image":[{"width":458,"height":340,"url":"https:\/\/nk7-testes.com.br\/agazeta\/wp-content\/uploads\/2016\/08\/150816-policia-caboalexssandro-cedida.jpg","type":"image\/jpeg"}],"author":"Agazeta.Net","twitter_card":"summary_large_image","twitter_misc":{"Escrito por":"Agazeta.Net","Est. tempo de leitura":"2 minutos"},"schema":{"@context":"https:\/\/schema.org","@graph":[{"@type":"WebPage","@id":"https:\/\/nk7-testes.com.br\/agazeta\/cabo-da-pm-e-morto-com-tiro-no-pescoco-2\/","url":"https:\/\/nk7-testes.com.br\/agazeta\/cabo-da-pm-e-morto-com-tiro-no-pescoco-2\/","name":"Cabo da PM \u00e9 morto com tiro no pesco\u00e7o - Agazeta.net","isPartOf":{"@id":"https:\/\/nk7-testes.com.br\/agazeta\/#website"},"primaryImageOfPage":{"@id":"https:\/\/nk7-testes.com.br\/agazeta\/cabo-da-pm-e-morto-com-tiro-no-pescoco-2\/#primaryimage"},"image":{"@id":"https:\/\/nk7-testes.com.br\/agazeta\/cabo-da-pm-e-morto-com-tiro-no-pescoco-2\/#primaryimage"},"thumbnailUrl":"https:\/\/nk7-testes.com.br\/agazeta\/wp-content\/uploads\/2016\/08\/150816-policia-caboalexssandro-cedida.jpg","datePublished":"2016-08-15T16:43:08+00:00","author":{"@id":"https:\/\/nk7-testes.com.br\/agazeta\/#\/schema\/person\/6d6e25cb0435eb4a02fd44d30b4e3020"},"breadcrumb":{"@id":"https:\/\/nk7-testes.com.br\/agazeta\/cabo-da-pm-e-morto-com-tiro-no-pescoco-2\/#breadcrumb"},"inLanguage":"pt-BR","potentialAction":[{"@type":"ReadAction","target":["https:\/\/nk7-testes.com.br\/agazeta\/cabo-da-pm-e-morto-com-tiro-no-pescoco-2\/"]}]},{"@type":"ImageObject","inLanguage":"pt-BR","@id":"https:\/\/nk7-testes.com.br\/agazeta\/cabo-da-pm-e-morto-com-tiro-no-pescoco-2\/#primaryimage","url":"https:\/\/nk7-testes.com.br\/agazeta\/wp-content\/uploads\/2016\/08\/150816-policia-caboalexssandro-cedida.jpg","contentUrl":"https:\/\/nk7-testes.com.br\/agazeta\/wp-content\/uploads\/2016\/08\/150816-policia-caboalexssandro-cedida.jpg","width":458,"height":340,"caption":"150816-policia-caboalexssandro-cedida"},{"@type":"BreadcrumbList","@id":"https:\/\/nk7-testes.com.br\/agazeta\/cabo-da-pm-e-morto-com-tiro-no-pescoco-2\/#breadcrumb","itemListElement":[{"@type":"ListItem","position":1,"name":"In\u00edcio","item":"https:\/\/nk7-testes.com.br\/agazeta\/"},{"@type":"ListItem","position":2,"name":"Cabo da PM \u00e9 morto com tiro no pesco\u00e7o"}]},{"@type":"WebSite","@id":"https:\/\/nk7-testes.com.br\/agazeta\/#website","url":"https:\/\/nk7-testes.com.br\/agazeta\/","name":"Agazeta.net","description":"Agazeta.net - Not\u00edcias de Rio Branco\/AC","potentialAction":[{"@type":"SearchAction","target":{"@type":"EntryPoint","urlTemplate":"https:\/\/nk7-testes.com.br\/agazeta\/?s={search_term_string}"},"query-input":{"@type":"PropertyValueSpecification","valueRequired":true,"valueName":"search_term_string"}}],"inLanguage":"pt-BR"},{"@type":"Person","@id":"https:\/\/nk7-testes.com.br\/agazeta\/#\/schema\/person\/6d6e25cb0435eb4a02fd44d30b4e3020","name":"Agazeta.Net","url":"https:\/\/nk7-testes.com.br\/agazeta\/author\/agazeta\/"}]}},"_links":{"self":[{"href":"https:\/\/nk7-testes.com.br\/agazeta\/wp-json\/wp\/v2\/posts\/24483","targetHints":{"allow":["GET"]}}],"collection":[{"href":"https:\/\/nk7-testes.com.br\/agazeta\/wp-json\/wp\/v2\/posts"}],"about":[{"href":"https:\/\/nk7-testes.com.br\/agazeta\/wp-json\/wp\/v2\/types\/post"}],"author":[{"embeddable":true,"href":"https:\/\/nk7-testes.com.br\/agazeta\/wp-json\/wp\/v2\/users\/4"}],"replies":[{"embeddable":true,"href":"https:\/\/nk7-testes.com.br\/agazeta\/wp-json\/wp\/v2\/comments?post=24483"}],"version-history":[{"count":0,"href":"https:\/\/nk7-testes.com.br\/agazeta\/wp-json\/wp\/v2\/posts\/24483\/revisions"}],"wp:featuredmedia":[{"embeddable":true,"href":"https:\/\/nk7-testes.com.br\/agazeta\/wp-json\/wp\/v2\/media\/24482"}],"wp:attachment":[{"href":"https:\/\/nk7-testes.com.br\/agazeta\/wp-json\/wp\/v2\/media?parent=24483"}],"wp:term":[{"taxonomy":"category","embeddable":true,"href":"https:\/\/nk7-testes.com.br\/agazeta\/wp-json\/wp\/v2\/categories?post=24483"},{"taxonomy":"post_tag","embeddable":true,"href":"https:\/\/nk7-testes.com.br\/agazeta\/wp-json\/wp\/v2\/tags?post=24483"}],"curies":[{"name":"wp","href":"https:\/\/api.w.org\/{rel}","templated":true}]}}