{"id":24472,"date":"2016-08-15T13:54:16","date_gmt":"2016-08-15T13:54:16","guid":{"rendered":"https:\/\/abarevegan.com.br\/index.php\/2016\/08\/15\/bairro-aeroporto-velho-comemora-52-anos\/"},"modified":"2016-08-15T13:54:16","modified_gmt":"2016-08-15T13:54:16","slug":"bairro-aeroporto-velho-comemora-52-anos","status":"publish","type":"post","link":"https:\/\/nk7-testes.com.br\/agazeta\/bairro-aeroporto-velho-comemora-52-anos\/","title":{"rendered":"Bairro Aeroporto Velho comemora 52 anos"},"content":{"rendered":"<p style=\"text-align: justify;\">Comunidade celebrou data com muita festa<\/p>\n<p style=\"text-align: justify;\">No \u00faltimo s\u00e1bado (13), os moradores do Aeroporto Velho comemoraram 52 anos de funda\u00e7\u00e3o do bairro. No local, foram constru\u00eddas as estruturas da antiga pista de pouso que atendeu \u00e0s necessidades da cidade durante muito tempo, antes de ser transferida para o 2\u00ba Distrito. Ainda na \u00e9poca de Guiomard Santos.<\/p>\n<p style=\"text-align: justify;\">Durante as festividades tiveram desfiles de escolas p\u00fabicas da regi\u00e3o e exposi\u00e7\u00e3o de arte. \u00c0 noite, teve um show com bandas com moradores da pr\u00f3pria comunidade. Mais de 100 pessoas estiveram presentes na festa.<\/p>\n","protected":false},"excerpt":{"rendered":"<p style=\"text-align: justify;\">Comunidade celebrou data com muita festa<\/p>\n","protected":false},"author":4,"featured_media":24471,"comment_status":"open","ping_status":"open","sticky":false,"template":"","format":"standard","meta":{"jnews-multi-image_gallery":[],"jnews_single_post":[],"jnews_primary_category":[],"jnews_social_meta":[],"jnews_review":[],"enable_review":"","type":"","name":"","summary":"","brand":"","sku":"","good":[],"bad":[],"score_override":"","override_value":"","rating":[],"price":[],"footnotes":""},"categories":[54],"tags":[],"class_list":["post-24472","post","type-post","status-publish","format-standard","has-post-thumbnail","hentry","category-cotidiano"],"yoast_head":"<!-- This site is optimized with the Yoast SEO plugin v26.5 - https:\/\/yoast.com\/wordpress\/plugins\/seo\/ -->\n<title>Bairro Aeroporto Velho comemora 52 anos - Agazeta.net<\/title>\n<meta name=\"robots\" content=\"index, follow, max-snippet:-1, max-image-preview:large, max-video-preview:-1\" \/>\n<link rel=\"canonical\" href=\"https:\/\/nk7-testes.com.br\/agazeta\/bairro-aeroporto-velho-comemora-52-anos\/\" \/>\n<meta property=\"og:locale\" content=\"pt_BR\" \/>\n<meta property=\"og:type\" content=\"article\" \/>\n<meta property=\"og:title\" content=\"Bairro Aeroporto Velho comemora 52 anos - Agazeta.net\" \/>\n<meta property=\"og:description\" content=\"Comunidade celebrou data com muita festa\" \/>\n<meta property=\"og:url\" content=\"https:\/\/nk7-testes.com.br\/agazeta\/bairro-aeroporto-velho-comemora-52-anos\/\" \/>\n<meta property=\"og:site_name\" content=\"Agazeta.net\" \/>\n<meta property=\"article:published_time\" content=\"2016-08-15T13:54:16+00:00\" \/>\n<meta property=\"og:image\" content=\"https:\/\/nk7-testes.com.br\/agazeta\/wp-content\/uploads\/2016\/08\/150816-cotidiano-aniversarioaeroportovelho-cleriston.jpg\" \/>\n\t<meta property=\"og:image:width\" content=\"458\" \/>\n\t<meta property=\"og:image:height\" content=\"340\" \/>\n\t<meta property=\"og:image:type\" content=\"image\/jpeg\" \/>\n<meta name=\"author\" content=\"Agazeta.Net\" \/>\n<meta name=\"twitter:card\" content=\"summary_large_image\" \/>\n<meta name=\"twitter:label1\" content=\"Escrito por\" \/>\n\t<meta name=\"twitter:data1\" content=\"Agazeta.Net\" \/>\n<script type=\"application\/ld+json\" class=\"yoast-schema-graph\">{\"@context\":\"https:\/\/schema.org\",\"@graph\":[{\"@type\":\"WebPage\",\"@id\":\"https:\/\/nk7-testes.com.br\/agazeta\/bairro-aeroporto-velho-comemora-52-anos\/\",\"url\":\"https:\/\/nk7-testes.com.br\/agazeta\/bairro-aeroporto-velho-comemora-52-anos\/\",\"name\":\"Bairro Aeroporto Velho comemora 52 anos - Agazeta.net\",\"isPartOf\":{\"@id\":\"https:\/\/nk7-testes.com.br\/agazeta\/#website\"},\"primaryImageOfPage\":{\"@id\":\"https:\/\/nk7-testes.com.br\/agazeta\/bairro-aeroporto-velho-comemora-52-anos\/#primaryimage\"},\"image\":{\"@id\":\"https:\/\/nk7-testes.com.br\/agazeta\/bairro-aeroporto-velho-comemora-52-anos\/#primaryimage\"},\"thumbnailUrl\":\"https:\/\/nk7-testes.com.br\/agazeta\/wp-content\/uploads\/2016\/08\/150816-cotidiano-aniversarioaeroportovelho-cleriston.jpg\",\"datePublished\":\"2016-08-15T13:54:16+00:00\",\"author\":{\"@id\":\"https:\/\/nk7-testes.com.br\/agazeta\/#\/schema\/person\/6d6e25cb0435eb4a02fd44d30b4e3020\"},\"breadcrumb\":{\"@id\":\"https:\/\/nk7-testes.com.br\/agazeta\/bairro-aeroporto-velho-comemora-52-anos\/#breadcrumb\"},\"inLanguage\":\"pt-BR\",\"potentialAction\":[{\"@type\":\"ReadAction\",\"target\":[\"https:\/\/nk7-testes.com.br\/agazeta\/bairro-aeroporto-velho-comemora-52-anos\/\"]}]},{\"@type\":\"ImageObject\",\"inLanguage\":\"pt-BR\",\"@id\":\"https:\/\/nk7-testes.com.br\/agazeta\/bairro-aeroporto-velho-comemora-52-anos\/#primaryimage\",\"url\":\"https:\/\/nk7-testes.com.br\/agazeta\/wp-content\/uploads\/2016\/08\/150816-cotidiano-aniversarioaeroportovelho-cleriston.jpg\",\"contentUrl\":\"https:\/\/nk7-testes.com.br\/agazeta\/wp-content\/uploads\/2016\/08\/150816-cotidiano-aniversarioaeroportovelho-cleriston.jpg\",\"width\":458,\"height\":340,\"caption\":\"150816-cotidiano-aniversarioaeroportovelho-cleriston\"},{\"@type\":\"BreadcrumbList\",\"@id\":\"https:\/\/nk7-testes.com.br\/agazeta\/bairro-aeroporto-velho-comemora-52-anos\/#breadcrumb\",\"itemListElement\":[{\"@type\":\"ListItem\",\"position\":1,\"name\":\"In\u00edcio\",\"item\":\"https:\/\/nk7-testes.com.br\/agazeta\/\"},{\"@type\":\"ListItem\",\"position\":2,\"name\":\"Bairro Aeroporto Velho comemora 52 anos\"}]},{\"@type\":\"WebSite\",\"@id\":\"https:\/\/nk7-testes.com.br\/agazeta\/#website\",\"url\":\"https:\/\/nk7-testes.com.br\/agazeta\/\",\"name\":\"Agazeta.net\",\"description\":\"Agazeta.net - Not\u00edcias de Rio Branco\/AC\",\"potentialAction\":[{\"@type\":\"SearchAction\",\"target\":{\"@type\":\"EntryPoint\",\"urlTemplate\":\"https:\/\/nk7-testes.com.br\/agazeta\/?s={search_term_string}\"},\"query-input\":{\"@type\":\"PropertyValueSpecification\",\"valueRequired\":true,\"valueName\":\"search_term_string\"}}],\"inLanguage\":\"pt-BR\"},{\"@type\":\"Person\",\"@id\":\"https:\/\/nk7-testes.com.br\/agazeta\/#\/schema\/person\/6d6e25cb0435eb4a02fd44d30b4e3020\",\"name\":\"Agazeta.Net\",\"url\":\"https:\/\/nk7-testes.com.br\/agazeta\/author\/agazeta\/\"}]}<\/script>\n<!-- \/ Yoast SEO plugin. -->","yoast_head_json":{"title":"Bairro Aeroporto Velho comemora 52 anos - Agazeta.net","robots":{"index":"index","follow":"follow","max-snippet":"max-snippet:-1","max-image-preview":"max-image-preview:large","max-video-preview":"max-video-preview:-1"},"canonical":"https:\/\/nk7-testes.com.br\/agazeta\/bairro-aeroporto-velho-comemora-52-anos\/","og_locale":"pt_BR","og_type":"article","og_title":"Bairro Aeroporto Velho comemora 52 anos - Agazeta.net","og_description":"Comunidade celebrou data com muita festa","og_url":"https:\/\/nk7-testes.com.br\/agazeta\/bairro-aeroporto-velho-comemora-52-anos\/","og_site_name":"Agazeta.net","article_published_time":"2016-08-15T13:54:16+00:00","og_image":[{"width":458,"height":340,"url":"https:\/\/nk7-testes.com.br\/agazeta\/wp-content\/uploads\/2016\/08\/150816-cotidiano-aniversarioaeroportovelho-cleriston.jpg","type":"image\/jpeg"}],"author":"Agazeta.Net","twitter_card":"summary_large_image","twitter_misc":{"Escrito por":"Agazeta.Net"},"schema":{"@context":"https:\/\/schema.org","@graph":[{"@type":"WebPage","@id":"https:\/\/nk7-testes.com.br\/agazeta\/bairro-aeroporto-velho-comemora-52-anos\/","url":"https:\/\/nk7-testes.com.br\/agazeta\/bairro-aeroporto-velho-comemora-52-anos\/","name":"Bairro Aeroporto Velho comemora 52 anos - Agazeta.net","isPartOf":{"@id":"https:\/\/nk7-testes.com.br\/agazeta\/#website"},"primaryImageOfPage":{"@id":"https:\/\/nk7-testes.com.br\/agazeta\/bairro-aeroporto-velho-comemora-52-anos\/#primaryimage"},"image":{"@id":"https:\/\/nk7-testes.com.br\/agazeta\/bairro-aeroporto-velho-comemora-52-anos\/#primaryimage"},"thumbnailUrl":"https:\/\/nk7-testes.com.br\/agazeta\/wp-content\/uploads\/2016\/08\/150816-cotidiano-aniversarioaeroportovelho-cleriston.jpg","datePublished":"2016-08-15T13:54:16+00:00","author":{"@id":"https:\/\/nk7-testes.com.br\/agazeta\/#\/schema\/person\/6d6e25cb0435eb4a02fd44d30b4e3020"},"breadcrumb":{"@id":"https:\/\/nk7-testes.com.br\/agazeta\/bairro-aeroporto-velho-comemora-52-anos\/#breadcrumb"},"inLanguage":"pt-BR","potentialAction":[{"@type":"ReadAction","target":["https:\/\/nk7-testes.com.br\/agazeta\/bairro-aeroporto-velho-comemora-52-anos\/"]}]},{"@type":"ImageObject","inLanguage":"pt-BR","@id":"https:\/\/nk7-testes.com.br\/agazeta\/bairro-aeroporto-velho-comemora-52-anos\/#primaryimage","url":"https:\/\/nk7-testes.com.br\/agazeta\/wp-content\/uploads\/2016\/08\/150816-cotidiano-aniversarioaeroportovelho-cleriston.jpg","contentUrl":"https:\/\/nk7-testes.com.br\/agazeta\/wp-content\/uploads\/2016\/08\/150816-cotidiano-aniversarioaeroportovelho-cleriston.jpg","width":458,"height":340,"caption":"150816-cotidiano-aniversarioaeroportovelho-cleriston"},{"@type":"BreadcrumbList","@id":"https:\/\/nk7-testes.com.br\/agazeta\/bairro-aeroporto-velho-comemora-52-anos\/#breadcrumb","itemListElement":[{"@type":"ListItem","position":1,"name":"In\u00edcio","item":"https:\/\/nk7-testes.com.br\/agazeta\/"},{"@type":"ListItem","position":2,"name":"Bairro Aeroporto Velho comemora 52 anos"}]},{"@type":"WebSite","@id":"https:\/\/nk7-testes.com.br\/agazeta\/#website","url":"https:\/\/nk7-testes.com.br\/agazeta\/","name":"Agazeta.net","description":"Agazeta.net - Not\u00edcias de Rio Branco\/AC","potentialAction":[{"@type":"SearchAction","target":{"@type":"EntryPoint","urlTemplate":"https:\/\/nk7-testes.com.br\/agazeta\/?s={search_term_string}"},"query-input":{"@type":"PropertyValueSpecification","valueRequired":true,"valueName":"search_term_string"}}],"inLanguage":"pt-BR"},{"@type":"Person","@id":"https:\/\/nk7-testes.com.br\/agazeta\/#\/schema\/person\/6d6e25cb0435eb4a02fd44d30b4e3020","name":"Agazeta.Net","url":"https:\/\/nk7-testes.com.br\/agazeta\/author\/agazeta\/"}]}},"_links":{"self":[{"href":"https:\/\/nk7-testes.com.br\/agazeta\/wp-json\/wp\/v2\/posts\/24472","targetHints":{"allow":["GET"]}}],"collection":[{"href":"https:\/\/nk7-testes.com.br\/agazeta\/wp-json\/wp\/v2\/posts"}],"about":[{"href":"https:\/\/nk7-testes.com.br\/agazeta\/wp-json\/wp\/v2\/types\/post"}],"author":[{"embeddable":true,"href":"https:\/\/nk7-testes.com.br\/agazeta\/wp-json\/wp\/v2\/users\/4"}],"replies":[{"embeddable":true,"href":"https:\/\/nk7-testes.com.br\/agazeta\/wp-json\/wp\/v2\/comments?post=24472"}],"version-history":[{"count":0,"href":"https:\/\/nk7-testes.com.br\/agazeta\/wp-json\/wp\/v2\/posts\/24472\/revisions"}],"wp:featuredmedia":[{"embeddable":true,"href":"https:\/\/nk7-testes.com.br\/agazeta\/wp-json\/wp\/v2\/media\/24471"}],"wp:attachment":[{"href":"https:\/\/nk7-testes.com.br\/agazeta\/wp-json\/wp\/v2\/media?parent=24472"}],"wp:term":[{"taxonomy":"category","embeddable":true,"href":"https:\/\/nk7-testes.com.br\/agazeta\/wp-json\/wp\/v2\/categories?post=24472"},{"taxonomy":"post_tag","embeddable":true,"href":"https:\/\/nk7-testes.com.br\/agazeta\/wp-json\/wp\/v2\/tags?post=24472"}],"curies":[{"name":"wp","href":"https:\/\/api.w.org\/{rel}","templated":true}]}}