{"id":24466,"date":"2016-08-13T17:41:36","date_gmt":"2016-08-13T17:41:36","guid":{"rendered":"https:\/\/abarevegan.com.br\/index.php\/2016\/08\/13\/ufac-inaugura-nai-em-cruzeiro-do-sul\/"},"modified":"2016-08-13T17:41:36","modified_gmt":"2016-08-13T17:41:36","slug":"ufac-inaugura-nai-em-cruzeiro-do-sul","status":"publish","type":"post","link":"https:\/\/nk7-testes.com.br\/agazeta\/ufac-inaugura-nai-em-cruzeiro-do-sul\/","title":{"rendered":"Ufac inaugura NAI em Cruzeiro do Sul"},"content":{"rendered":"<p style=\"text-align: justify;\">Estrutura atende estudantes da educa\u00e7\u00e3o especial<\/p>\n<p style=\"text-align: justify;\">Com a finalidade de executar pol\u00edticas e diretrizes de inclus\u00e3o e acessibilidade para estudantes e servidores do campus Floresta, em Cruzeiro do Sul, a Universidade Federal do Acre (Ufac) entregou na manh\u00e3 desta sexta-feira, 12, o N\u00facleo de Apoio a Inclus\u00e3o (NAI) e o N\u00facleo de Assist\u00eancia Estudantil.<\/p>\n<p style=\"text-align: justify;\">Os n\u00facleos ter\u00e3o como objetivo a inclus\u00e3o do p\u00fablico da educa\u00e7\u00e3o especial; a garantia das a\u00e7\u00f5es de ensino, pesquisa e extens\u00e3o; o desenvolvimento de a\u00e7\u00f5es afirmativas no \u00e2mbito da institui\u00e7\u00e3o, garantindo igualdade e oportunidade aos estudantes que necessitem de atendimento especial.<\/p>\n<p style=\"text-align: justify;\">A assessora da Pr\u00f3-Reitoria de Assuntos Estudantis (Proaes) no campus Floresta, Carla Coelho, declarou que a presen\u00e7a do espa\u00e7o no campus contribui para que os alunos tenham acesso \u00e0s a\u00e7\u00f5es da Proaes.<\/p>\n<p style=\"text-align: justify;\">Para a coordenadora do NAI em Cruzeiro do Sul, Maria Aldenora, \u00e9 um privil\u00e9gio a universidade receber alunos com defici\u00eancia. O NAI no campus Floresta atender\u00e1, diretamente, 35 alunos matriculados na institui\u00e7\u00e3o.<\/p>\n<p style=\"text-align: justify;\">Para o subprefeito do campus Floresta, Artheson da Cruz, a inclus\u00e3o \u00e9 um grande desafio para a sociedade e para a universidade em Cruzeiro. \u201cAs instala\u00e7\u00f5es executadas pela Ufac s\u00e3o passos grandiosos que a universidade est\u00e1 dando no caminho da acessibilidade, fazendo com que os alunos permane\u00e7am na institui\u00e7\u00e3o\u201d, disse.<\/p>\n<p>De acordo a vice-reitora da Ufac, Guida Aquino, a gest\u00e3o vem fortalecendo as a\u00e7\u00f5es de inclus\u00e3o e acessibilidade. \u201cEstamos no caminho certo. Esse \u00e9 um espa\u00e7o important\u00edssimo na nossa realidade; \u00e9 um desafio que est\u00e1 posto e que estamos encarando de forma positiva a favor dos nossos alunos\u201d, comentou.<\/p>\n<p style=\"text-align: justify;\">O pr\u00f3-reitor de Assuntos Estudantis, Antonio Pontes J\u00fanior, declarou que \u00e9 necess\u00e1rio ampliar as a\u00e7\u00f5es e a presen\u00e7a da assist\u00eancia estudantil no campus. \u201cA equipe em Cruzeiro tem se empenhado em levar as demandas at\u00e9 Rio Branco e a se desenvolver aqui no campus, enquanto NAI e Proaes\u201d, destacou.<\/p>\n<p style=\"text-align: justify;\">Para o reitor da Ufac, Minoru Kinpara, inaugurar uma instala\u00e7\u00e3o como a do NAI em Cruzeiro do Sul n\u00e3o se trata de um ganho somente para a universidade, mas para toda a sociedade acreana, principalmente para a comunidade cruzeirense.<\/p>\n<p style=\"text-align: justify;\">De acordo com Kinpara, as a\u00e7\u00f5es da Ufac visam proporcionar benef\u00edcios reais para estudantes, corpo docente, t\u00e9cnico-administrativos e a sociedade. Ele se referiu \u00e0 assinatura do conv\u00eanio para elabora\u00e7\u00e3o do projeto de constru\u00e7\u00e3o do Hospital Universit\u00e1rio em Rio Branco. \u201cIsso significa muito para a universidade, mas significa muito para a comunidade e para o Acre\u201d, disse.<\/p>\n<p style=\"text-align: justify;\">Quanto ao NAI no campus Floresta, o reitor reconheceu que h\u00e1 profissional de muita boa vontade, mas que, por vezes, n\u00e3o tinha apoio e condi\u00e7\u00f5es necess\u00e1rias para permitir que os estudantes tivessem inclus\u00e3o de fato. \u201cO que estamos fazendo \u00e9 investir em contrata\u00e7\u00e3o de profissionais, como int\u00e9rprete de l\u00edngua de sinais, al\u00e9m de adaptar e reorganizar nossas estruturas para dar possibilidade de um atendimento digno aos nossos estudantes\u201d, concluiu.<\/p>\n","protected":false},"excerpt":{"rendered":"<p style=\"text-align: justify;\">Estrutura atende estudantes da educa\u00e7\u00e3o especial<\/p>\n","protected":false},"author":4,"featured_media":24465,"comment_status":"open","ping_status":"open","sticky":false,"template":"","format":"standard","meta":{"jnews-multi-image_gallery":[],"jnews_single_post":[],"jnews_primary_category":[],"jnews_social_meta":[],"jnews_review":[],"enable_review":"","type":"","name":"","summary":"","brand":"","sku":"","good":[],"bad":[],"score_override":"","override_value":"","rating":[],"price":[],"footnotes":""},"categories":[54],"tags":[],"class_list":["post-24466","post","type-post","status-publish","format-standard","has-post-thumbnail","hentry","category-cotidiano"],"yoast_head":"<!-- This site is optimized with the Yoast SEO plugin v26.5 - https:\/\/yoast.com\/wordpress\/plugins\/seo\/ -->\n<title>Ufac inaugura NAI em Cruzeiro do Sul - Agazeta.net<\/title>\n<meta name=\"robots\" content=\"index, follow, max-snippet:-1, max-image-preview:large, max-video-preview:-1\" \/>\n<link rel=\"canonical\" href=\"https:\/\/nk7-testes.com.br\/agazeta\/ufac-inaugura-nai-em-cruzeiro-do-sul\/\" \/>\n<meta property=\"og:locale\" content=\"pt_BR\" \/>\n<meta property=\"og:type\" content=\"article\" \/>\n<meta property=\"og:title\" content=\"Ufac inaugura NAI em Cruzeiro do Sul - Agazeta.net\" \/>\n<meta property=\"og:description\" content=\"Estrutura atende estudantes da educa\u00e7\u00e3o especial\" \/>\n<meta property=\"og:url\" content=\"https:\/\/nk7-testes.com.br\/agazeta\/ufac-inaugura-nai-em-cruzeiro-do-sul\/\" \/>\n<meta property=\"og:site_name\" content=\"Agazeta.net\" \/>\n<meta property=\"article:published_time\" content=\"2016-08-13T17:41:36+00:00\" \/>\n<meta property=\"og:image\" content=\"https:\/\/nk7-testes.com.br\/agazeta\/wp-content\/uploads\/2016\/08\/130816-cotidiano-ufac-ascomufac.jpg\" \/>\n\t<meta property=\"og:image:width\" content=\"458\" \/>\n\t<meta property=\"og:image:height\" content=\"340\" \/>\n\t<meta property=\"og:image:type\" content=\"image\/jpeg\" \/>\n<meta name=\"author\" content=\"Agazeta.Net\" \/>\n<meta name=\"twitter:card\" content=\"summary_large_image\" \/>\n<meta name=\"twitter:label1\" content=\"Escrito por\" \/>\n\t<meta name=\"twitter:data1\" content=\"Agazeta.Net\" \/>\n\t<meta name=\"twitter:label2\" content=\"Est. tempo de leitura\" \/>\n\t<meta name=\"twitter:data2\" content=\"3 minutos\" \/>\n<script type=\"application\/ld+json\" class=\"yoast-schema-graph\">{\"@context\":\"https:\/\/schema.org\",\"@graph\":[{\"@type\":\"WebPage\",\"@id\":\"https:\/\/nk7-testes.com.br\/agazeta\/ufac-inaugura-nai-em-cruzeiro-do-sul\/\",\"url\":\"https:\/\/nk7-testes.com.br\/agazeta\/ufac-inaugura-nai-em-cruzeiro-do-sul\/\",\"name\":\"Ufac inaugura NAI em Cruzeiro do Sul - Agazeta.net\",\"isPartOf\":{\"@id\":\"https:\/\/nk7-testes.com.br\/agazeta\/#website\"},\"primaryImageOfPage\":{\"@id\":\"https:\/\/nk7-testes.com.br\/agazeta\/ufac-inaugura-nai-em-cruzeiro-do-sul\/#primaryimage\"},\"image\":{\"@id\":\"https:\/\/nk7-testes.com.br\/agazeta\/ufac-inaugura-nai-em-cruzeiro-do-sul\/#primaryimage\"},\"thumbnailUrl\":\"https:\/\/nk7-testes.com.br\/agazeta\/wp-content\/uploads\/2016\/08\/130816-cotidiano-ufac-ascomufac.jpg\",\"datePublished\":\"2016-08-13T17:41:36+00:00\",\"author\":{\"@id\":\"https:\/\/nk7-testes.com.br\/agazeta\/#\/schema\/person\/6d6e25cb0435eb4a02fd44d30b4e3020\"},\"breadcrumb\":{\"@id\":\"https:\/\/nk7-testes.com.br\/agazeta\/ufac-inaugura-nai-em-cruzeiro-do-sul\/#breadcrumb\"},\"inLanguage\":\"pt-BR\",\"potentialAction\":[{\"@type\":\"ReadAction\",\"target\":[\"https:\/\/nk7-testes.com.br\/agazeta\/ufac-inaugura-nai-em-cruzeiro-do-sul\/\"]}]},{\"@type\":\"ImageObject\",\"inLanguage\":\"pt-BR\",\"@id\":\"https:\/\/nk7-testes.com.br\/agazeta\/ufac-inaugura-nai-em-cruzeiro-do-sul\/#primaryimage\",\"url\":\"https:\/\/nk7-testes.com.br\/agazeta\/wp-content\/uploads\/2016\/08\/130816-cotidiano-ufac-ascomufac.jpg\",\"contentUrl\":\"https:\/\/nk7-testes.com.br\/agazeta\/wp-content\/uploads\/2016\/08\/130816-cotidiano-ufac-ascomufac.jpg\",\"width\":458,\"height\":340,\"caption\":\"130816-cotidiano-ufac-ascomufac\"},{\"@type\":\"BreadcrumbList\",\"@id\":\"https:\/\/nk7-testes.com.br\/agazeta\/ufac-inaugura-nai-em-cruzeiro-do-sul\/#breadcrumb\",\"itemListElement\":[{\"@type\":\"ListItem\",\"position\":1,\"name\":\"In\u00edcio\",\"item\":\"https:\/\/nk7-testes.com.br\/agazeta\/\"},{\"@type\":\"ListItem\",\"position\":2,\"name\":\"Ufac inaugura NAI em Cruzeiro do Sul\"}]},{\"@type\":\"WebSite\",\"@id\":\"https:\/\/nk7-testes.com.br\/agazeta\/#website\",\"url\":\"https:\/\/nk7-testes.com.br\/agazeta\/\",\"name\":\"Agazeta.net\",\"description\":\"Agazeta.net - Not\u00edcias de Rio Branco\/AC\",\"potentialAction\":[{\"@type\":\"SearchAction\",\"target\":{\"@type\":\"EntryPoint\",\"urlTemplate\":\"https:\/\/nk7-testes.com.br\/agazeta\/?s={search_term_string}\"},\"query-input\":{\"@type\":\"PropertyValueSpecification\",\"valueRequired\":true,\"valueName\":\"search_term_string\"}}],\"inLanguage\":\"pt-BR\"},{\"@type\":\"Person\",\"@id\":\"https:\/\/nk7-testes.com.br\/agazeta\/#\/schema\/person\/6d6e25cb0435eb4a02fd44d30b4e3020\",\"name\":\"Agazeta.Net\",\"url\":\"https:\/\/nk7-testes.com.br\/agazeta\/author\/agazeta\/\"}]}<\/script>\n<!-- \/ Yoast SEO plugin. -->","yoast_head_json":{"title":"Ufac inaugura NAI em Cruzeiro do Sul - Agazeta.net","robots":{"index":"index","follow":"follow","max-snippet":"max-snippet:-1","max-image-preview":"max-image-preview:large","max-video-preview":"max-video-preview:-1"},"canonical":"https:\/\/nk7-testes.com.br\/agazeta\/ufac-inaugura-nai-em-cruzeiro-do-sul\/","og_locale":"pt_BR","og_type":"article","og_title":"Ufac inaugura NAI em Cruzeiro do Sul - Agazeta.net","og_description":"Estrutura atende estudantes da educa\u00e7\u00e3o especial","og_url":"https:\/\/nk7-testes.com.br\/agazeta\/ufac-inaugura-nai-em-cruzeiro-do-sul\/","og_site_name":"Agazeta.net","article_published_time":"2016-08-13T17:41:36+00:00","og_image":[{"width":458,"height":340,"url":"https:\/\/nk7-testes.com.br\/agazeta\/wp-content\/uploads\/2016\/08\/130816-cotidiano-ufac-ascomufac.jpg","type":"image\/jpeg"}],"author":"Agazeta.Net","twitter_card":"summary_large_image","twitter_misc":{"Escrito por":"Agazeta.Net","Est. tempo de leitura":"3 minutos"},"schema":{"@context":"https:\/\/schema.org","@graph":[{"@type":"WebPage","@id":"https:\/\/nk7-testes.com.br\/agazeta\/ufac-inaugura-nai-em-cruzeiro-do-sul\/","url":"https:\/\/nk7-testes.com.br\/agazeta\/ufac-inaugura-nai-em-cruzeiro-do-sul\/","name":"Ufac inaugura NAI em Cruzeiro do Sul - Agazeta.net","isPartOf":{"@id":"https:\/\/nk7-testes.com.br\/agazeta\/#website"},"primaryImageOfPage":{"@id":"https:\/\/nk7-testes.com.br\/agazeta\/ufac-inaugura-nai-em-cruzeiro-do-sul\/#primaryimage"},"image":{"@id":"https:\/\/nk7-testes.com.br\/agazeta\/ufac-inaugura-nai-em-cruzeiro-do-sul\/#primaryimage"},"thumbnailUrl":"https:\/\/nk7-testes.com.br\/agazeta\/wp-content\/uploads\/2016\/08\/130816-cotidiano-ufac-ascomufac.jpg","datePublished":"2016-08-13T17:41:36+00:00","author":{"@id":"https:\/\/nk7-testes.com.br\/agazeta\/#\/schema\/person\/6d6e25cb0435eb4a02fd44d30b4e3020"},"breadcrumb":{"@id":"https:\/\/nk7-testes.com.br\/agazeta\/ufac-inaugura-nai-em-cruzeiro-do-sul\/#breadcrumb"},"inLanguage":"pt-BR","potentialAction":[{"@type":"ReadAction","target":["https:\/\/nk7-testes.com.br\/agazeta\/ufac-inaugura-nai-em-cruzeiro-do-sul\/"]}]},{"@type":"ImageObject","inLanguage":"pt-BR","@id":"https:\/\/nk7-testes.com.br\/agazeta\/ufac-inaugura-nai-em-cruzeiro-do-sul\/#primaryimage","url":"https:\/\/nk7-testes.com.br\/agazeta\/wp-content\/uploads\/2016\/08\/130816-cotidiano-ufac-ascomufac.jpg","contentUrl":"https:\/\/nk7-testes.com.br\/agazeta\/wp-content\/uploads\/2016\/08\/130816-cotidiano-ufac-ascomufac.jpg","width":458,"height":340,"caption":"130816-cotidiano-ufac-ascomufac"},{"@type":"BreadcrumbList","@id":"https:\/\/nk7-testes.com.br\/agazeta\/ufac-inaugura-nai-em-cruzeiro-do-sul\/#breadcrumb","itemListElement":[{"@type":"ListItem","position":1,"name":"In\u00edcio","item":"https:\/\/nk7-testes.com.br\/agazeta\/"},{"@type":"ListItem","position":2,"name":"Ufac inaugura NAI em Cruzeiro do Sul"}]},{"@type":"WebSite","@id":"https:\/\/nk7-testes.com.br\/agazeta\/#website","url":"https:\/\/nk7-testes.com.br\/agazeta\/","name":"Agazeta.net","description":"Agazeta.net - Not\u00edcias de Rio Branco\/AC","potentialAction":[{"@type":"SearchAction","target":{"@type":"EntryPoint","urlTemplate":"https:\/\/nk7-testes.com.br\/agazeta\/?s={search_term_string}"},"query-input":{"@type":"PropertyValueSpecification","valueRequired":true,"valueName":"search_term_string"}}],"inLanguage":"pt-BR"},{"@type":"Person","@id":"https:\/\/nk7-testes.com.br\/agazeta\/#\/schema\/person\/6d6e25cb0435eb4a02fd44d30b4e3020","name":"Agazeta.Net","url":"https:\/\/nk7-testes.com.br\/agazeta\/author\/agazeta\/"}]}},"_links":{"self":[{"href":"https:\/\/nk7-testes.com.br\/agazeta\/wp-json\/wp\/v2\/posts\/24466","targetHints":{"allow":["GET"]}}],"collection":[{"href":"https:\/\/nk7-testes.com.br\/agazeta\/wp-json\/wp\/v2\/posts"}],"about":[{"href":"https:\/\/nk7-testes.com.br\/agazeta\/wp-json\/wp\/v2\/types\/post"}],"author":[{"embeddable":true,"href":"https:\/\/nk7-testes.com.br\/agazeta\/wp-json\/wp\/v2\/users\/4"}],"replies":[{"embeddable":true,"href":"https:\/\/nk7-testes.com.br\/agazeta\/wp-json\/wp\/v2\/comments?post=24466"}],"version-history":[{"count":0,"href":"https:\/\/nk7-testes.com.br\/agazeta\/wp-json\/wp\/v2\/posts\/24466\/revisions"}],"wp:featuredmedia":[{"embeddable":true,"href":"https:\/\/nk7-testes.com.br\/agazeta\/wp-json\/wp\/v2\/media\/24465"}],"wp:attachment":[{"href":"https:\/\/nk7-testes.com.br\/agazeta\/wp-json\/wp\/v2\/media?parent=24466"}],"wp:term":[{"taxonomy":"category","embeddable":true,"href":"https:\/\/nk7-testes.com.br\/agazeta\/wp-json\/wp\/v2\/categories?post=24466"},{"taxonomy":"post_tag","embeddable":true,"href":"https:\/\/nk7-testes.com.br\/agazeta\/wp-json\/wp\/v2\/tags?post=24466"}],"curies":[{"name":"wp","href":"https:\/\/api.w.org\/{rel}","templated":true}]}}