{"id":24464,"date":"2016-08-13T17:27:05","date_gmt":"2016-08-13T17:27:05","guid":{"rendered":"https:\/\/abarevegan.com.br\/index.php\/2016\/08\/13\/presidente-da-ameac-denuncia-uso-de-coletes-vencidos\/"},"modified":"2016-08-13T17:27:05","modified_gmt":"2016-08-13T17:27:05","slug":"presidente-da-ameac-denuncia-uso-de-coletes-vencidos","status":"publish","type":"post","link":"https:\/\/nk7-testes.com.br\/agazeta\/presidente-da-ameac-denuncia-uso-de-coletes-vencidos\/","title":{"rendered":"Presidente da Ameac denuncia uso de coletes vencidos"},"content":{"rendered":"<p style=\"text-align: justify;\">PM&#8217;s estariam vulner\u00e1veis: corpora\u00e7\u00e3o nega risco<\/p>\n<p style=\"text-align: justify;\">O presidente da Associa\u00e7\u00e3o de Militares do Acre (Ameac), Joelson Dias, denunciou que os policiais militares do Estado est\u00e3o trabalhando com coletes a prova de balas com a data de validade vencida.<\/p>\n<p style=\"text-align: justify;\">De acordo com Dias, alguns coletes j\u00e1 excederam o n\u00famero de horas de uso ano passado, mas \u201ca maioria est\u00e1 com prazo de validade vencido h\u00e1 dois meses\u201d, diferenciou. A quest\u00e3o pr\u00e1tica \u00e9 a seguran\u00e7a dos policiais. \u201cA profiss\u00e3o j\u00e1 \u00e9 de risco e se torna ainda pior com esse problema\u201d.<\/p>\n<p style=\"text-align: justify;\">A Pol\u00edcia Militar, atrav\u00e9s da assessoria de Comunica\u00e7\u00e3o, confirmou a situa\u00e7\u00e3o, mas garantiu que \u201cos coletes dos policiais do interior do estado j\u00e1 foram substitu\u00eddos por novos\u201d. A PM garantiu que o comando est\u00e1 trabalhando para fazer a troca do equipamento de seguran\u00e7a o mais breve poss\u00edvel para os policiais da Capital.<\/p>\n<p style=\"text-align: justify;\">O assessor da PM, capit\u00e3o Felipe Russo, explicou que a demora na troca dos coletes se deu em virtude de quest\u00f5es de log\u00edstica e recursos. \u201cA data de validade \u00e9 uma quest\u00e3o de controle. O colete n\u00e3o deixa de cumprir sua fun\u00e7\u00e3o\u201d.<\/p>\n","protected":false},"excerpt":{"rendered":"<p style=\"text-align: justify;\">PM&#8217;s estariam vulner\u00e1veis: corpora\u00e7\u00e3o nega risco<\/p>\n","protected":false},"author":4,"featured_media":24463,"comment_status":"open","ping_status":"open","sticky":false,"template":"","format":"standard","meta":{"jnews-multi-image_gallery":[],"jnews_single_post":[],"jnews_primary_category":[],"jnews_social_meta":[],"jnews_review":[],"enable_review":"","type":"","name":"","summary":"","brand":"","sku":"","good":[],"bad":[],"score_override":"","override_value":"","rating":[],"price":[],"footnotes":""},"categories":[44],"tags":[],"class_list":["post-24464","post","type-post","status-publish","format-standard","has-post-thumbnail","hentry","category-policia"],"yoast_head":"<!-- This site is optimized with the Yoast SEO plugin v26.5 - https:\/\/yoast.com\/wordpress\/plugins\/seo\/ -->\n<title>Presidente da Ameac denuncia uso de coletes vencidos - Agazeta.net<\/title>\n<meta name=\"robots\" content=\"index, follow, max-snippet:-1, max-image-preview:large, max-video-preview:-1\" \/>\n<link rel=\"canonical\" href=\"https:\/\/nk7-testes.com.br\/agazeta\/presidente-da-ameac-denuncia-uso-de-coletes-vencidos\/\" \/>\n<meta property=\"og:locale\" content=\"pt_BR\" \/>\n<meta property=\"og:type\" content=\"article\" \/>\n<meta property=\"og:title\" content=\"Presidente da Ameac denuncia uso de coletes vencidos - Agazeta.net\" \/>\n<meta property=\"og:description\" content=\"PM&#039;s estariam vulner\u00e1veis: corpora\u00e7\u00e3o nega risco\" \/>\n<meta property=\"og:url\" content=\"https:\/\/nk7-testes.com.br\/agazeta\/presidente-da-ameac-denuncia-uso-de-coletes-vencidos\/\" \/>\n<meta property=\"og:site_name\" content=\"Agazeta.net\" \/>\n<meta property=\"article:published_time\" content=\"2016-08-13T17:27:05+00:00\" \/>\n<meta property=\"og:image\" content=\"https:\/\/nk7-testes.com.br\/agazeta\/wp-content\/uploads\/2016\/08\/130816-policia-coletes-lucianopontesagenciadenoticiasdoacre.jpg\" \/>\n\t<meta property=\"og:image:width\" content=\"458\" \/>\n\t<meta property=\"og:image:height\" content=\"340\" \/>\n\t<meta property=\"og:image:type\" content=\"image\/jpeg\" \/>\n<meta name=\"author\" content=\"Agazeta.Net\" \/>\n<meta name=\"twitter:card\" content=\"summary_large_image\" \/>\n<meta name=\"twitter:label1\" content=\"Escrito por\" \/>\n\t<meta name=\"twitter:data1\" content=\"Agazeta.Net\" \/>\n\t<meta name=\"twitter:label2\" content=\"Est. tempo de leitura\" \/>\n\t<meta name=\"twitter:data2\" content=\"1 minuto\" \/>\n<script type=\"application\/ld+json\" class=\"yoast-schema-graph\">{\"@context\":\"https:\/\/schema.org\",\"@graph\":[{\"@type\":\"WebPage\",\"@id\":\"https:\/\/nk7-testes.com.br\/agazeta\/presidente-da-ameac-denuncia-uso-de-coletes-vencidos\/\",\"url\":\"https:\/\/nk7-testes.com.br\/agazeta\/presidente-da-ameac-denuncia-uso-de-coletes-vencidos\/\",\"name\":\"Presidente da Ameac denuncia uso de coletes vencidos - Agazeta.net\",\"isPartOf\":{\"@id\":\"https:\/\/nk7-testes.com.br\/agazeta\/#website\"},\"primaryImageOfPage\":{\"@id\":\"https:\/\/nk7-testes.com.br\/agazeta\/presidente-da-ameac-denuncia-uso-de-coletes-vencidos\/#primaryimage\"},\"image\":{\"@id\":\"https:\/\/nk7-testes.com.br\/agazeta\/presidente-da-ameac-denuncia-uso-de-coletes-vencidos\/#primaryimage\"},\"thumbnailUrl\":\"https:\/\/nk7-testes.com.br\/agazeta\/wp-content\/uploads\/2016\/08\/130816-policia-coletes-lucianopontesagenciadenoticiasdoacre.jpg\",\"datePublished\":\"2016-08-13T17:27:05+00:00\",\"author\":{\"@id\":\"https:\/\/nk7-testes.com.br\/agazeta\/#\/schema\/person\/6d6e25cb0435eb4a02fd44d30b4e3020\"},\"breadcrumb\":{\"@id\":\"https:\/\/nk7-testes.com.br\/agazeta\/presidente-da-ameac-denuncia-uso-de-coletes-vencidos\/#breadcrumb\"},\"inLanguage\":\"pt-BR\",\"potentialAction\":[{\"@type\":\"ReadAction\",\"target\":[\"https:\/\/nk7-testes.com.br\/agazeta\/presidente-da-ameac-denuncia-uso-de-coletes-vencidos\/\"]}]},{\"@type\":\"ImageObject\",\"inLanguage\":\"pt-BR\",\"@id\":\"https:\/\/nk7-testes.com.br\/agazeta\/presidente-da-ameac-denuncia-uso-de-coletes-vencidos\/#primaryimage\",\"url\":\"https:\/\/nk7-testes.com.br\/agazeta\/wp-content\/uploads\/2016\/08\/130816-policia-coletes-lucianopontesagenciadenoticiasdoacre.jpg\",\"contentUrl\":\"https:\/\/nk7-testes.com.br\/agazeta\/wp-content\/uploads\/2016\/08\/130816-policia-coletes-lucianopontesagenciadenoticiasdoacre.jpg\",\"width\":458,\"height\":340,\"caption\":\"130816-policia-coletes-lucianopontesagenciadenoticiasdoacre\"},{\"@type\":\"BreadcrumbList\",\"@id\":\"https:\/\/nk7-testes.com.br\/agazeta\/presidente-da-ameac-denuncia-uso-de-coletes-vencidos\/#breadcrumb\",\"itemListElement\":[{\"@type\":\"ListItem\",\"position\":1,\"name\":\"In\u00edcio\",\"item\":\"https:\/\/nk7-testes.com.br\/agazeta\/\"},{\"@type\":\"ListItem\",\"position\":2,\"name\":\"Presidente da Ameac denuncia uso de coletes vencidos\"}]},{\"@type\":\"WebSite\",\"@id\":\"https:\/\/nk7-testes.com.br\/agazeta\/#website\",\"url\":\"https:\/\/nk7-testes.com.br\/agazeta\/\",\"name\":\"Agazeta.net\",\"description\":\"Agazeta.net - Not\u00edcias de Rio Branco\/AC\",\"potentialAction\":[{\"@type\":\"SearchAction\",\"target\":{\"@type\":\"EntryPoint\",\"urlTemplate\":\"https:\/\/nk7-testes.com.br\/agazeta\/?s={search_term_string}\"},\"query-input\":{\"@type\":\"PropertyValueSpecification\",\"valueRequired\":true,\"valueName\":\"search_term_string\"}}],\"inLanguage\":\"pt-BR\"},{\"@type\":\"Person\",\"@id\":\"https:\/\/nk7-testes.com.br\/agazeta\/#\/schema\/person\/6d6e25cb0435eb4a02fd44d30b4e3020\",\"name\":\"Agazeta.Net\",\"url\":\"https:\/\/nk7-testes.com.br\/agazeta\/author\/agazeta\/\"}]}<\/script>\n<!-- \/ Yoast SEO plugin. -->","yoast_head_json":{"title":"Presidente da Ameac denuncia uso de coletes vencidos - Agazeta.net","robots":{"index":"index","follow":"follow","max-snippet":"max-snippet:-1","max-image-preview":"max-image-preview:large","max-video-preview":"max-video-preview:-1"},"canonical":"https:\/\/nk7-testes.com.br\/agazeta\/presidente-da-ameac-denuncia-uso-de-coletes-vencidos\/","og_locale":"pt_BR","og_type":"article","og_title":"Presidente da Ameac denuncia uso de coletes vencidos - Agazeta.net","og_description":"PM's estariam vulner\u00e1veis: corpora\u00e7\u00e3o nega risco","og_url":"https:\/\/nk7-testes.com.br\/agazeta\/presidente-da-ameac-denuncia-uso-de-coletes-vencidos\/","og_site_name":"Agazeta.net","article_published_time":"2016-08-13T17:27:05+00:00","og_image":[{"width":458,"height":340,"url":"https:\/\/nk7-testes.com.br\/agazeta\/wp-content\/uploads\/2016\/08\/130816-policia-coletes-lucianopontesagenciadenoticiasdoacre.jpg","type":"image\/jpeg"}],"author":"Agazeta.Net","twitter_card":"summary_large_image","twitter_misc":{"Escrito por":"Agazeta.Net","Est. tempo de leitura":"1 minuto"},"schema":{"@context":"https:\/\/schema.org","@graph":[{"@type":"WebPage","@id":"https:\/\/nk7-testes.com.br\/agazeta\/presidente-da-ameac-denuncia-uso-de-coletes-vencidos\/","url":"https:\/\/nk7-testes.com.br\/agazeta\/presidente-da-ameac-denuncia-uso-de-coletes-vencidos\/","name":"Presidente da Ameac denuncia uso de coletes vencidos - Agazeta.net","isPartOf":{"@id":"https:\/\/nk7-testes.com.br\/agazeta\/#website"},"primaryImageOfPage":{"@id":"https:\/\/nk7-testes.com.br\/agazeta\/presidente-da-ameac-denuncia-uso-de-coletes-vencidos\/#primaryimage"},"image":{"@id":"https:\/\/nk7-testes.com.br\/agazeta\/presidente-da-ameac-denuncia-uso-de-coletes-vencidos\/#primaryimage"},"thumbnailUrl":"https:\/\/nk7-testes.com.br\/agazeta\/wp-content\/uploads\/2016\/08\/130816-policia-coletes-lucianopontesagenciadenoticiasdoacre.jpg","datePublished":"2016-08-13T17:27:05+00:00","author":{"@id":"https:\/\/nk7-testes.com.br\/agazeta\/#\/schema\/person\/6d6e25cb0435eb4a02fd44d30b4e3020"},"breadcrumb":{"@id":"https:\/\/nk7-testes.com.br\/agazeta\/presidente-da-ameac-denuncia-uso-de-coletes-vencidos\/#breadcrumb"},"inLanguage":"pt-BR","potentialAction":[{"@type":"ReadAction","target":["https:\/\/nk7-testes.com.br\/agazeta\/presidente-da-ameac-denuncia-uso-de-coletes-vencidos\/"]}]},{"@type":"ImageObject","inLanguage":"pt-BR","@id":"https:\/\/nk7-testes.com.br\/agazeta\/presidente-da-ameac-denuncia-uso-de-coletes-vencidos\/#primaryimage","url":"https:\/\/nk7-testes.com.br\/agazeta\/wp-content\/uploads\/2016\/08\/130816-policia-coletes-lucianopontesagenciadenoticiasdoacre.jpg","contentUrl":"https:\/\/nk7-testes.com.br\/agazeta\/wp-content\/uploads\/2016\/08\/130816-policia-coletes-lucianopontesagenciadenoticiasdoacre.jpg","width":458,"height":340,"caption":"130816-policia-coletes-lucianopontesagenciadenoticiasdoacre"},{"@type":"BreadcrumbList","@id":"https:\/\/nk7-testes.com.br\/agazeta\/presidente-da-ameac-denuncia-uso-de-coletes-vencidos\/#breadcrumb","itemListElement":[{"@type":"ListItem","position":1,"name":"In\u00edcio","item":"https:\/\/nk7-testes.com.br\/agazeta\/"},{"@type":"ListItem","position":2,"name":"Presidente da Ameac denuncia uso de coletes vencidos"}]},{"@type":"WebSite","@id":"https:\/\/nk7-testes.com.br\/agazeta\/#website","url":"https:\/\/nk7-testes.com.br\/agazeta\/","name":"Agazeta.net","description":"Agazeta.net - Not\u00edcias de Rio Branco\/AC","potentialAction":[{"@type":"SearchAction","target":{"@type":"EntryPoint","urlTemplate":"https:\/\/nk7-testes.com.br\/agazeta\/?s={search_term_string}"},"query-input":{"@type":"PropertyValueSpecification","valueRequired":true,"valueName":"search_term_string"}}],"inLanguage":"pt-BR"},{"@type":"Person","@id":"https:\/\/nk7-testes.com.br\/agazeta\/#\/schema\/person\/6d6e25cb0435eb4a02fd44d30b4e3020","name":"Agazeta.Net","url":"https:\/\/nk7-testes.com.br\/agazeta\/author\/agazeta\/"}]}},"_links":{"self":[{"href":"https:\/\/nk7-testes.com.br\/agazeta\/wp-json\/wp\/v2\/posts\/24464","targetHints":{"allow":["GET"]}}],"collection":[{"href":"https:\/\/nk7-testes.com.br\/agazeta\/wp-json\/wp\/v2\/posts"}],"about":[{"href":"https:\/\/nk7-testes.com.br\/agazeta\/wp-json\/wp\/v2\/types\/post"}],"author":[{"embeddable":true,"href":"https:\/\/nk7-testes.com.br\/agazeta\/wp-json\/wp\/v2\/users\/4"}],"replies":[{"embeddable":true,"href":"https:\/\/nk7-testes.com.br\/agazeta\/wp-json\/wp\/v2\/comments?post=24464"}],"version-history":[{"count":0,"href":"https:\/\/nk7-testes.com.br\/agazeta\/wp-json\/wp\/v2\/posts\/24464\/revisions"}],"wp:featuredmedia":[{"embeddable":true,"href":"https:\/\/nk7-testes.com.br\/agazeta\/wp-json\/wp\/v2\/media\/24463"}],"wp:attachment":[{"href":"https:\/\/nk7-testes.com.br\/agazeta\/wp-json\/wp\/v2\/media?parent=24464"}],"wp:term":[{"taxonomy":"category","embeddable":true,"href":"https:\/\/nk7-testes.com.br\/agazeta\/wp-json\/wp\/v2\/categories?post=24464"},{"taxonomy":"post_tag","embeddable":true,"href":"https:\/\/nk7-testes.com.br\/agazeta\/wp-json\/wp\/v2\/tags?post=24464"}],"curies":[{"name":"wp","href":"https:\/\/api.w.org\/{rel}","templated":true}]}}