{"id":24455,"date":"2016-08-12T20:07:35","date_gmt":"2016-08-12T20:07:35","guid":{"rendered":"https:\/\/abarevegan.com.br\/index.php\/2016\/08\/12\/presidente-da-ame-ac-diz-que-foca-nacional-errou\/"},"modified":"2016-08-12T20:07:35","modified_gmt":"2016-08-12T20:07:35","slug":"presidente-da-ame-ac-diz-que-foca-nacional-errou","status":"publish","type":"post","link":"https:\/\/nk7-testes.com.br\/agazeta\/presidente-da-ame-ac-diz-que-foca-nacional-errou\/","title":{"rendered":"Presidente da Ameac diz que For\u00e7a Nacional errou"},"content":{"rendered":"<p style=\"text-align: justify;\">Na equipe deveria ter &#8220;um policial que conhecesse o Rio&#8221;<\/p>\n<p style=\"text-align: justify;\">O presidente da Associa\u00e7\u00e3o dos Militares do Acre (Ameac), Joelson Dias, avalia que a For\u00e7a Nacional errou ao colocar em uma viatura tr\u00eas militares que n\u00e3o conheciam com seguran\u00e7a a rotina da cidade do Rio de Janeiro. \u201cOs militares s\u00e3o oriundos de outros estados, e o Rio tem suas particularidades. Foi um erro da For\u00e7a Nacional n\u00e3o ter enviado na equipe um policial que conhecesse o estado\u201d.<\/p>\n<p style=\"text-align: justify;\">A cr\u00edtica faz refer\u00eancia ao ataque de traficantes a uma equipe da For\u00e7a Nacional que entrou por engano em uma das favelas do Complexo da Mar\u00e9, Zona Norte do Rio. No epis\u00f3dio, o soldado H\u00e9lio Andrade, da Pol\u00edcia Militar de Roraima, foi atingido na cabe\u00e7a. Teve morte cerebral diagnosticada na quinta-feira.<\/p>\n<p style=\"text-align: justify;\">Al\u00e9m da falta de um policial que conhecesse o local, Dias aponta outras falhas que resultaram no ataque, como a prepara\u00e7\u00e3o dos agentes que teria sido muito r\u00e1pida. \u201cEles foram pra cuidar da seguran\u00e7a nos est\u00e1dios e em torno dos est\u00e1dios, n\u00e3o pra patrulhamento nas ruas. Al\u00e9m disso, tiveram uma prepara\u00e7\u00e3o muito r\u00e1pida, talvez n\u00e3o tenha dado tempo de repassar a real situa\u00e7\u00e3o do estado. O que sabemos do Rio \u00e9 o que vemos pela TV\u201d.<\/p>\n<p style=\"text-align: justify;\">Ele ressalta ainda que a inseguran\u00e7a \u00e9 um problema nacional. \u201cHoje a sociedade est\u00e1 ref\u00e9m de criminosos, seja nos bairros ou morros. Que pa\u00eds \u00e9 esse em que um policial n\u00e3o pode patrulhar as ruas, a sociedade n\u00e3o pode andar tranquilamente? Naquele morro em que os militares foram atingidos, infelizmente, quem domina s\u00e3o criminosos e n\u00e3o o Estado, l\u00e1 n\u00e3o impera o Estado Democr\u00e1tico e de Direito, mas o estado paralelo, o crime\u201d.<\/p>\n<p style=\"text-align: justify;\">O capit\u00e3o Alen Ferreira \u00e9 natural do Piau\u00ed, mas atua na Pol\u00edcia Militar do Acre. Ele estava na viatura e foi atingido com um tiro de rasp\u00e3o. Em redes sociais espec\u00edficas dos militares, ele tem sofrido diversas cr\u00edticas pelo fato de ter sa\u00eddo do local do incidente e ter ido ao hospital de taxi.<\/p>\n<p style=\"text-align: justify;\">O presidente da Associa\u00e7\u00e3o dos Militares do Acre, Joelson Dias, disse n\u00e3o saber ainda detalhes da ocorr\u00eancia e que a associa\u00e7\u00e3o agora tem se preocupado mais com a integridade do capit\u00e3o. \u201cO que n\u00f3s queremos \u00e9 acolher bem o capit\u00e3o, ele sempre foi um profissional exemplar. Vamos verificar como ele est\u00e1, prestar toda assist\u00eancia para que ele voltar a desempenhar o seu trabalho tamb\u00e9m quanto antes\u201d.<\/p>\n","protected":false},"excerpt":{"rendered":"<p style=\"text-align: justify;\">Na equipe deveria ter &#8220;um policial que conhecesse o Rio&#8221;<\/p>\n","protected":false},"author":4,"featured_media":24454,"comment_status":"open","ping_status":"open","sticky":false,"template":"","format":"standard","meta":{"jnews-multi-image_gallery":[],"jnews_single_post":[],"jnews_primary_category":[],"jnews_social_meta":[],"jnews_review":[],"enable_review":"","type":"","name":"","summary":"","brand":"","sku":"","good":[],"bad":[],"score_override":"","override_value":"","rating":[],"price":[],"footnotes":""},"categories":[44],"tags":[],"class_list":["post-24455","post","type-post","status-publish","format-standard","has-post-thumbnail","hentry","category-policia"],"yoast_head":"<!-- This site is optimized with the Yoast SEO plugin v26.5 - https:\/\/yoast.com\/wordpress\/plugins\/seo\/ -->\n<title>Presidente da Ameac diz que For\u00e7a Nacional errou - Agazeta.net<\/title>\n<meta name=\"robots\" content=\"index, follow, max-snippet:-1, max-image-preview:large, max-video-preview:-1\" \/>\n<link rel=\"canonical\" href=\"https:\/\/nk7-testes.com.br\/agazeta\/presidente-da-ame-ac-diz-que-foca-nacional-errou\/\" \/>\n<meta property=\"og:locale\" content=\"pt_BR\" \/>\n<meta property=\"og:type\" content=\"article\" \/>\n<meta property=\"og:title\" content=\"Presidente da Ameac diz que For\u00e7a Nacional errou - Agazeta.net\" \/>\n<meta property=\"og:description\" content=\"Na equipe deveria ter &quot;um policial que conhecesse o Rio&quot;\" \/>\n<meta property=\"og:url\" content=\"https:\/\/nk7-testes.com.br\/agazeta\/presidente-da-ame-ac-diz-que-foca-nacional-errou\/\" \/>\n<meta property=\"og:site_name\" content=\"Agazeta.net\" \/>\n<meta property=\"article:published_time\" content=\"2016-08-12T20:07:35+00:00\" \/>\n<meta property=\"og:image\" content=\"https:\/\/nk7-testes.com.br\/agazeta\/wp-content\/uploads\/2016\/08\/120816-policia-joelsoname-agenciaaleac.JPG\" \/>\n\t<meta property=\"og:image:width\" content=\"458\" \/>\n\t<meta property=\"og:image:height\" content=\"340\" \/>\n\t<meta property=\"og:image:type\" content=\"image\/jpeg\" \/>\n<meta name=\"author\" content=\"Agazeta.Net\" \/>\n<meta name=\"twitter:card\" content=\"summary_large_image\" \/>\n<meta name=\"twitter:label1\" content=\"Escrito por\" \/>\n\t<meta name=\"twitter:data1\" content=\"Agazeta.Net\" \/>\n\t<meta name=\"twitter:label2\" content=\"Est. tempo de leitura\" \/>\n\t<meta name=\"twitter:data2\" content=\"2 minutos\" \/>\n<script type=\"application\/ld+json\" class=\"yoast-schema-graph\">{\"@context\":\"https:\/\/schema.org\",\"@graph\":[{\"@type\":\"WebPage\",\"@id\":\"https:\/\/nk7-testes.com.br\/agazeta\/presidente-da-ame-ac-diz-que-foca-nacional-errou\/\",\"url\":\"https:\/\/nk7-testes.com.br\/agazeta\/presidente-da-ame-ac-diz-que-foca-nacional-errou\/\",\"name\":\"Presidente da Ameac diz que For\u00e7a Nacional errou - Agazeta.net\",\"isPartOf\":{\"@id\":\"https:\/\/nk7-testes.com.br\/agazeta\/#website\"},\"primaryImageOfPage\":{\"@id\":\"https:\/\/nk7-testes.com.br\/agazeta\/presidente-da-ame-ac-diz-que-foca-nacional-errou\/#primaryimage\"},\"image\":{\"@id\":\"https:\/\/nk7-testes.com.br\/agazeta\/presidente-da-ame-ac-diz-que-foca-nacional-errou\/#primaryimage\"},\"thumbnailUrl\":\"https:\/\/nk7-testes.com.br\/agazeta\/wp-content\/uploads\/2016\/08\/120816-policia-joelsoname-agenciaaleac.JPG\",\"datePublished\":\"2016-08-12T20:07:35+00:00\",\"author\":{\"@id\":\"https:\/\/nk7-testes.com.br\/agazeta\/#\/schema\/person\/6d6e25cb0435eb4a02fd44d30b4e3020\"},\"breadcrumb\":{\"@id\":\"https:\/\/nk7-testes.com.br\/agazeta\/presidente-da-ame-ac-diz-que-foca-nacional-errou\/#breadcrumb\"},\"inLanguage\":\"pt-BR\",\"potentialAction\":[{\"@type\":\"ReadAction\",\"target\":[\"https:\/\/nk7-testes.com.br\/agazeta\/presidente-da-ame-ac-diz-que-foca-nacional-errou\/\"]}]},{\"@type\":\"ImageObject\",\"inLanguage\":\"pt-BR\",\"@id\":\"https:\/\/nk7-testes.com.br\/agazeta\/presidente-da-ame-ac-diz-que-foca-nacional-errou\/#primaryimage\",\"url\":\"https:\/\/nk7-testes.com.br\/agazeta\/wp-content\/uploads\/2016\/08\/120816-policia-joelsoname-agenciaaleac.JPG\",\"contentUrl\":\"https:\/\/nk7-testes.com.br\/agazeta\/wp-content\/uploads\/2016\/08\/120816-policia-joelsoname-agenciaaleac.JPG\",\"width\":458,\"height\":340,\"caption\":\"120816-policia-joelsoname-agenciaaleac\"},{\"@type\":\"BreadcrumbList\",\"@id\":\"https:\/\/nk7-testes.com.br\/agazeta\/presidente-da-ame-ac-diz-que-foca-nacional-errou\/#breadcrumb\",\"itemListElement\":[{\"@type\":\"ListItem\",\"position\":1,\"name\":\"In\u00edcio\",\"item\":\"https:\/\/nk7-testes.com.br\/agazeta\/\"},{\"@type\":\"ListItem\",\"position\":2,\"name\":\"Presidente da Ameac diz que For\u00e7a Nacional errou\"}]},{\"@type\":\"WebSite\",\"@id\":\"https:\/\/nk7-testes.com.br\/agazeta\/#website\",\"url\":\"https:\/\/nk7-testes.com.br\/agazeta\/\",\"name\":\"Agazeta.net\",\"description\":\"Agazeta.net - Not\u00edcias de Rio Branco\/AC\",\"potentialAction\":[{\"@type\":\"SearchAction\",\"target\":{\"@type\":\"EntryPoint\",\"urlTemplate\":\"https:\/\/nk7-testes.com.br\/agazeta\/?s={search_term_string}\"},\"query-input\":{\"@type\":\"PropertyValueSpecification\",\"valueRequired\":true,\"valueName\":\"search_term_string\"}}],\"inLanguage\":\"pt-BR\"},{\"@type\":\"Person\",\"@id\":\"https:\/\/nk7-testes.com.br\/agazeta\/#\/schema\/person\/6d6e25cb0435eb4a02fd44d30b4e3020\",\"name\":\"Agazeta.Net\",\"url\":\"https:\/\/nk7-testes.com.br\/agazeta\/author\/agazeta\/\"}]}<\/script>\n<!-- \/ Yoast SEO plugin. -->","yoast_head_json":{"title":"Presidente da Ameac diz que For\u00e7a Nacional errou - Agazeta.net","robots":{"index":"index","follow":"follow","max-snippet":"max-snippet:-1","max-image-preview":"max-image-preview:large","max-video-preview":"max-video-preview:-1"},"canonical":"https:\/\/nk7-testes.com.br\/agazeta\/presidente-da-ame-ac-diz-que-foca-nacional-errou\/","og_locale":"pt_BR","og_type":"article","og_title":"Presidente da Ameac diz que For\u00e7a Nacional errou - Agazeta.net","og_description":"Na equipe deveria ter \"um policial que conhecesse o Rio\"","og_url":"https:\/\/nk7-testes.com.br\/agazeta\/presidente-da-ame-ac-diz-que-foca-nacional-errou\/","og_site_name":"Agazeta.net","article_published_time":"2016-08-12T20:07:35+00:00","og_image":[{"width":458,"height":340,"url":"https:\/\/nk7-testes.com.br\/agazeta\/wp-content\/uploads\/2016\/08\/120816-policia-joelsoname-agenciaaleac.JPG","type":"image\/jpeg"}],"author":"Agazeta.Net","twitter_card":"summary_large_image","twitter_misc":{"Escrito por":"Agazeta.Net","Est. tempo de leitura":"2 minutos"},"schema":{"@context":"https:\/\/schema.org","@graph":[{"@type":"WebPage","@id":"https:\/\/nk7-testes.com.br\/agazeta\/presidente-da-ame-ac-diz-que-foca-nacional-errou\/","url":"https:\/\/nk7-testes.com.br\/agazeta\/presidente-da-ame-ac-diz-que-foca-nacional-errou\/","name":"Presidente da Ameac diz que For\u00e7a Nacional errou - Agazeta.net","isPartOf":{"@id":"https:\/\/nk7-testes.com.br\/agazeta\/#website"},"primaryImageOfPage":{"@id":"https:\/\/nk7-testes.com.br\/agazeta\/presidente-da-ame-ac-diz-que-foca-nacional-errou\/#primaryimage"},"image":{"@id":"https:\/\/nk7-testes.com.br\/agazeta\/presidente-da-ame-ac-diz-que-foca-nacional-errou\/#primaryimage"},"thumbnailUrl":"https:\/\/nk7-testes.com.br\/agazeta\/wp-content\/uploads\/2016\/08\/120816-policia-joelsoname-agenciaaleac.JPG","datePublished":"2016-08-12T20:07:35+00:00","author":{"@id":"https:\/\/nk7-testes.com.br\/agazeta\/#\/schema\/person\/6d6e25cb0435eb4a02fd44d30b4e3020"},"breadcrumb":{"@id":"https:\/\/nk7-testes.com.br\/agazeta\/presidente-da-ame-ac-diz-que-foca-nacional-errou\/#breadcrumb"},"inLanguage":"pt-BR","potentialAction":[{"@type":"ReadAction","target":["https:\/\/nk7-testes.com.br\/agazeta\/presidente-da-ame-ac-diz-que-foca-nacional-errou\/"]}]},{"@type":"ImageObject","inLanguage":"pt-BR","@id":"https:\/\/nk7-testes.com.br\/agazeta\/presidente-da-ame-ac-diz-que-foca-nacional-errou\/#primaryimage","url":"https:\/\/nk7-testes.com.br\/agazeta\/wp-content\/uploads\/2016\/08\/120816-policia-joelsoname-agenciaaleac.JPG","contentUrl":"https:\/\/nk7-testes.com.br\/agazeta\/wp-content\/uploads\/2016\/08\/120816-policia-joelsoname-agenciaaleac.JPG","width":458,"height":340,"caption":"120816-policia-joelsoname-agenciaaleac"},{"@type":"BreadcrumbList","@id":"https:\/\/nk7-testes.com.br\/agazeta\/presidente-da-ame-ac-diz-que-foca-nacional-errou\/#breadcrumb","itemListElement":[{"@type":"ListItem","position":1,"name":"In\u00edcio","item":"https:\/\/nk7-testes.com.br\/agazeta\/"},{"@type":"ListItem","position":2,"name":"Presidente da Ameac diz que For\u00e7a Nacional errou"}]},{"@type":"WebSite","@id":"https:\/\/nk7-testes.com.br\/agazeta\/#website","url":"https:\/\/nk7-testes.com.br\/agazeta\/","name":"Agazeta.net","description":"Agazeta.net - Not\u00edcias de Rio Branco\/AC","potentialAction":[{"@type":"SearchAction","target":{"@type":"EntryPoint","urlTemplate":"https:\/\/nk7-testes.com.br\/agazeta\/?s={search_term_string}"},"query-input":{"@type":"PropertyValueSpecification","valueRequired":true,"valueName":"search_term_string"}}],"inLanguage":"pt-BR"},{"@type":"Person","@id":"https:\/\/nk7-testes.com.br\/agazeta\/#\/schema\/person\/6d6e25cb0435eb4a02fd44d30b4e3020","name":"Agazeta.Net","url":"https:\/\/nk7-testes.com.br\/agazeta\/author\/agazeta\/"}]}},"_links":{"self":[{"href":"https:\/\/nk7-testes.com.br\/agazeta\/wp-json\/wp\/v2\/posts\/24455","targetHints":{"allow":["GET"]}}],"collection":[{"href":"https:\/\/nk7-testes.com.br\/agazeta\/wp-json\/wp\/v2\/posts"}],"about":[{"href":"https:\/\/nk7-testes.com.br\/agazeta\/wp-json\/wp\/v2\/types\/post"}],"author":[{"embeddable":true,"href":"https:\/\/nk7-testes.com.br\/agazeta\/wp-json\/wp\/v2\/users\/4"}],"replies":[{"embeddable":true,"href":"https:\/\/nk7-testes.com.br\/agazeta\/wp-json\/wp\/v2\/comments?post=24455"}],"version-history":[{"count":0,"href":"https:\/\/nk7-testes.com.br\/agazeta\/wp-json\/wp\/v2\/posts\/24455\/revisions"}],"wp:featuredmedia":[{"embeddable":true,"href":"https:\/\/nk7-testes.com.br\/agazeta\/wp-json\/wp\/v2\/media\/24454"}],"wp:attachment":[{"href":"https:\/\/nk7-testes.com.br\/agazeta\/wp-json\/wp\/v2\/media?parent=24455"}],"wp:term":[{"taxonomy":"category","embeddable":true,"href":"https:\/\/nk7-testes.com.br\/agazeta\/wp-json\/wp\/v2\/categories?post=24455"},{"taxonomy":"post_tag","embeddable":true,"href":"https:\/\/nk7-testes.com.br\/agazeta\/wp-json\/wp\/v2\/tags?post=24455"}],"curies":[{"name":"wp","href":"https:\/\/api.w.org\/{rel}","templated":true}]}}