{"id":24453,"date":"2016-08-12T16:02:11","date_gmt":"2016-08-12T16:02:11","guid":{"rendered":"https:\/\/abarevegan.com.br\/index.php\/2016\/08\/12\/testemunha-da-operacao-lares-tem-casa-incendiada\/"},"modified":"2016-08-12T16:02:11","modified_gmt":"2016-08-12T16:02:11","slug":"testemunha-da-operacao-lares-tem-casa-incendiada","status":"publish","type":"post","link":"https:\/\/nk7-testes.com.br\/agazeta\/testemunha-da-operacao-lares-tem-casa-incendiada\/","title":{"rendered":"Testemunha da Opera\u00e7\u00e3o Lares tem casa incendiada"},"content":{"rendered":"<p style=\"text-align: justify;\">Foi usado \u00f3leo diesel para iniciar fogo<\/p>\n<p style=\"text-align: justify;\">Simone da Silva Oliveira tem 30 anos. Ela foi testemunha da Opera\u00e7\u00e3o Lares, a investiga\u00e7\u00e3o que pretende combater os casos de corrup\u00e7\u00e3o no programa Minha Casa Minha Vida no Acre. Os vizinhos tiveram que arrombar a porta para combater as chamas que j\u00e1 tinham invadido a sala e queimado um dos dois sof\u00e1s.<\/p>\n<p style=\"text-align: justify;\">O forro de PVC foi atingido, assim como a rede el\u00e9trica da resid\u00eancia. Segundo testemunhas, a Pol\u00edcia T\u00e9cnica esteve no local e constatou que foi usado \u00f3leo diesel para iniciar o fogo. A porta de entrada foi o local onde o suposto criminoso iniciou a a\u00e7\u00e3o.<\/p>\n<p style=\"text-align: justify;\">O Corpo de Bombeiros tamb\u00e9m esteve no local. A resid\u00eancia est\u00e1 localizada no Conjunto Cabre\u00fava, na regi\u00e3o da Baixada da Sobral. O suposto crime aconteceu aproximadamente 9 horas da noite de quinta. Simone da Silva Oliveira, testemunha da Opera\u00e7\u00e3o Lares, n\u00e3o estava na resid\u00eancia no momento do inc\u00eandio.<\/p>\n","protected":false},"excerpt":{"rendered":"<p style=\"text-align: justify;\">Foi usado \u00f3leo diesel para iniciar fogo<\/p>\n","protected":false},"author":4,"featured_media":24452,"comment_status":"open","ping_status":"open","sticky":false,"template":"","format":"standard","meta":{"jnews-multi-image_gallery":[],"jnews_single_post":[],"jnews_primary_category":[],"jnews_social_meta":[],"jnews_review":[],"enable_review":"","type":"","name":"","summary":"","brand":"","sku":"","good":[],"bad":[],"score_override":"","override_value":"","rating":[],"price":[],"footnotes":""},"categories":[44],"tags":[],"class_list":["post-24453","post","type-post","status-publish","format-standard","has-post-thumbnail","hentry","category-policia"],"yoast_head":"<!-- This site is optimized with the Yoast SEO plugin v26.5 - https:\/\/yoast.com\/wordpress\/plugins\/seo\/ -->\n<title>Testemunha da Opera\u00e7\u00e3o Lares tem casa incendiada - Agazeta.net<\/title>\n<meta name=\"robots\" content=\"index, follow, max-snippet:-1, max-image-preview:large, max-video-preview:-1\" \/>\n<link rel=\"canonical\" href=\"https:\/\/nk7-testes.com.br\/agazeta\/testemunha-da-operacao-lares-tem-casa-incendiada\/\" \/>\n<meta property=\"og:locale\" content=\"pt_BR\" \/>\n<meta property=\"og:type\" content=\"article\" \/>\n<meta property=\"og:title\" content=\"Testemunha da Opera\u00e7\u00e3o Lares tem casa incendiada - Agazeta.net\" \/>\n<meta property=\"og:description\" content=\"Foi usado \u00f3leo diesel para iniciar fogo\" \/>\n<meta property=\"og:url\" content=\"https:\/\/nk7-testes.com.br\/agazeta\/testemunha-da-operacao-lares-tem-casa-incendiada\/\" \/>\n<meta property=\"og:site_name\" content=\"Agazeta.net\" \/>\n<meta property=\"article:published_time\" content=\"2016-08-12T16:02:11+00:00\" \/>\n<meta property=\"og:image\" content=\"https:\/\/nk7-testes.com.br\/agazeta\/wp-content\/uploads\/2016\/08\/120816-policia-casaincendiada-tvgazeta2.jpg\" \/>\n\t<meta property=\"og:image:width\" content=\"458\" \/>\n\t<meta property=\"og:image:height\" content=\"340\" \/>\n\t<meta property=\"og:image:type\" content=\"image\/jpeg\" \/>\n<meta name=\"author\" content=\"Agazeta.Net\" \/>\n<meta name=\"twitter:card\" content=\"summary_large_image\" \/>\n<meta name=\"twitter:label1\" content=\"Escrito por\" \/>\n\t<meta name=\"twitter:data1\" content=\"Agazeta.Net\" \/>\n\t<meta name=\"twitter:label2\" content=\"Est. tempo de leitura\" \/>\n\t<meta name=\"twitter:data2\" content=\"1 minuto\" \/>\n<script type=\"application\/ld+json\" class=\"yoast-schema-graph\">{\"@context\":\"https:\/\/schema.org\",\"@graph\":[{\"@type\":\"WebPage\",\"@id\":\"https:\/\/nk7-testes.com.br\/agazeta\/testemunha-da-operacao-lares-tem-casa-incendiada\/\",\"url\":\"https:\/\/nk7-testes.com.br\/agazeta\/testemunha-da-operacao-lares-tem-casa-incendiada\/\",\"name\":\"Testemunha da Opera\u00e7\u00e3o Lares tem casa incendiada - Agazeta.net\",\"isPartOf\":{\"@id\":\"https:\/\/nk7-testes.com.br\/agazeta\/#website\"},\"primaryImageOfPage\":{\"@id\":\"https:\/\/nk7-testes.com.br\/agazeta\/testemunha-da-operacao-lares-tem-casa-incendiada\/#primaryimage\"},\"image\":{\"@id\":\"https:\/\/nk7-testes.com.br\/agazeta\/testemunha-da-operacao-lares-tem-casa-incendiada\/#primaryimage\"},\"thumbnailUrl\":\"https:\/\/nk7-testes.com.br\/agazeta\/wp-content\/uploads\/2016\/08\/120816-policia-casaincendiada-tvgazeta2.jpg\",\"datePublished\":\"2016-08-12T16:02:11+00:00\",\"author\":{\"@id\":\"https:\/\/nk7-testes.com.br\/agazeta\/#\/schema\/person\/6d6e25cb0435eb4a02fd44d30b4e3020\"},\"breadcrumb\":{\"@id\":\"https:\/\/nk7-testes.com.br\/agazeta\/testemunha-da-operacao-lares-tem-casa-incendiada\/#breadcrumb\"},\"inLanguage\":\"pt-BR\",\"potentialAction\":[{\"@type\":\"ReadAction\",\"target\":[\"https:\/\/nk7-testes.com.br\/agazeta\/testemunha-da-operacao-lares-tem-casa-incendiada\/\"]}]},{\"@type\":\"ImageObject\",\"inLanguage\":\"pt-BR\",\"@id\":\"https:\/\/nk7-testes.com.br\/agazeta\/testemunha-da-operacao-lares-tem-casa-incendiada\/#primaryimage\",\"url\":\"https:\/\/nk7-testes.com.br\/agazeta\/wp-content\/uploads\/2016\/08\/120816-policia-casaincendiada-tvgazeta2.jpg\",\"contentUrl\":\"https:\/\/nk7-testes.com.br\/agazeta\/wp-content\/uploads\/2016\/08\/120816-policia-casaincendiada-tvgazeta2.jpg\",\"width\":458,\"height\":340,\"caption\":\"120816-policia-casaincendiada-tvgazeta2\"},{\"@type\":\"BreadcrumbList\",\"@id\":\"https:\/\/nk7-testes.com.br\/agazeta\/testemunha-da-operacao-lares-tem-casa-incendiada\/#breadcrumb\",\"itemListElement\":[{\"@type\":\"ListItem\",\"position\":1,\"name\":\"In\u00edcio\",\"item\":\"https:\/\/nk7-testes.com.br\/agazeta\/\"},{\"@type\":\"ListItem\",\"position\":2,\"name\":\"Testemunha da Opera\u00e7\u00e3o Lares tem casa incendiada\"}]},{\"@type\":\"WebSite\",\"@id\":\"https:\/\/nk7-testes.com.br\/agazeta\/#website\",\"url\":\"https:\/\/nk7-testes.com.br\/agazeta\/\",\"name\":\"Agazeta.net\",\"description\":\"Agazeta.net - Not\u00edcias de Rio Branco\/AC\",\"potentialAction\":[{\"@type\":\"SearchAction\",\"target\":{\"@type\":\"EntryPoint\",\"urlTemplate\":\"https:\/\/nk7-testes.com.br\/agazeta\/?s={search_term_string}\"},\"query-input\":{\"@type\":\"PropertyValueSpecification\",\"valueRequired\":true,\"valueName\":\"search_term_string\"}}],\"inLanguage\":\"pt-BR\"},{\"@type\":\"Person\",\"@id\":\"https:\/\/nk7-testes.com.br\/agazeta\/#\/schema\/person\/6d6e25cb0435eb4a02fd44d30b4e3020\",\"name\":\"Agazeta.Net\",\"url\":\"https:\/\/nk7-testes.com.br\/agazeta\/author\/agazeta\/\"}]}<\/script>\n<!-- \/ Yoast SEO plugin. -->","yoast_head_json":{"title":"Testemunha da Opera\u00e7\u00e3o Lares tem casa incendiada - Agazeta.net","robots":{"index":"index","follow":"follow","max-snippet":"max-snippet:-1","max-image-preview":"max-image-preview:large","max-video-preview":"max-video-preview:-1"},"canonical":"https:\/\/nk7-testes.com.br\/agazeta\/testemunha-da-operacao-lares-tem-casa-incendiada\/","og_locale":"pt_BR","og_type":"article","og_title":"Testemunha da Opera\u00e7\u00e3o Lares tem casa incendiada - Agazeta.net","og_description":"Foi usado \u00f3leo diesel para iniciar fogo","og_url":"https:\/\/nk7-testes.com.br\/agazeta\/testemunha-da-operacao-lares-tem-casa-incendiada\/","og_site_name":"Agazeta.net","article_published_time":"2016-08-12T16:02:11+00:00","og_image":[{"width":458,"height":340,"url":"https:\/\/nk7-testes.com.br\/agazeta\/wp-content\/uploads\/2016\/08\/120816-policia-casaincendiada-tvgazeta2.jpg","type":"image\/jpeg"}],"author":"Agazeta.Net","twitter_card":"summary_large_image","twitter_misc":{"Escrito por":"Agazeta.Net","Est. tempo de leitura":"1 minuto"},"schema":{"@context":"https:\/\/schema.org","@graph":[{"@type":"WebPage","@id":"https:\/\/nk7-testes.com.br\/agazeta\/testemunha-da-operacao-lares-tem-casa-incendiada\/","url":"https:\/\/nk7-testes.com.br\/agazeta\/testemunha-da-operacao-lares-tem-casa-incendiada\/","name":"Testemunha da Opera\u00e7\u00e3o Lares tem casa incendiada - Agazeta.net","isPartOf":{"@id":"https:\/\/nk7-testes.com.br\/agazeta\/#website"},"primaryImageOfPage":{"@id":"https:\/\/nk7-testes.com.br\/agazeta\/testemunha-da-operacao-lares-tem-casa-incendiada\/#primaryimage"},"image":{"@id":"https:\/\/nk7-testes.com.br\/agazeta\/testemunha-da-operacao-lares-tem-casa-incendiada\/#primaryimage"},"thumbnailUrl":"https:\/\/nk7-testes.com.br\/agazeta\/wp-content\/uploads\/2016\/08\/120816-policia-casaincendiada-tvgazeta2.jpg","datePublished":"2016-08-12T16:02:11+00:00","author":{"@id":"https:\/\/nk7-testes.com.br\/agazeta\/#\/schema\/person\/6d6e25cb0435eb4a02fd44d30b4e3020"},"breadcrumb":{"@id":"https:\/\/nk7-testes.com.br\/agazeta\/testemunha-da-operacao-lares-tem-casa-incendiada\/#breadcrumb"},"inLanguage":"pt-BR","potentialAction":[{"@type":"ReadAction","target":["https:\/\/nk7-testes.com.br\/agazeta\/testemunha-da-operacao-lares-tem-casa-incendiada\/"]}]},{"@type":"ImageObject","inLanguage":"pt-BR","@id":"https:\/\/nk7-testes.com.br\/agazeta\/testemunha-da-operacao-lares-tem-casa-incendiada\/#primaryimage","url":"https:\/\/nk7-testes.com.br\/agazeta\/wp-content\/uploads\/2016\/08\/120816-policia-casaincendiada-tvgazeta2.jpg","contentUrl":"https:\/\/nk7-testes.com.br\/agazeta\/wp-content\/uploads\/2016\/08\/120816-policia-casaincendiada-tvgazeta2.jpg","width":458,"height":340,"caption":"120816-policia-casaincendiada-tvgazeta2"},{"@type":"BreadcrumbList","@id":"https:\/\/nk7-testes.com.br\/agazeta\/testemunha-da-operacao-lares-tem-casa-incendiada\/#breadcrumb","itemListElement":[{"@type":"ListItem","position":1,"name":"In\u00edcio","item":"https:\/\/nk7-testes.com.br\/agazeta\/"},{"@type":"ListItem","position":2,"name":"Testemunha da Opera\u00e7\u00e3o Lares tem casa incendiada"}]},{"@type":"WebSite","@id":"https:\/\/nk7-testes.com.br\/agazeta\/#website","url":"https:\/\/nk7-testes.com.br\/agazeta\/","name":"Agazeta.net","description":"Agazeta.net - Not\u00edcias de Rio Branco\/AC","potentialAction":[{"@type":"SearchAction","target":{"@type":"EntryPoint","urlTemplate":"https:\/\/nk7-testes.com.br\/agazeta\/?s={search_term_string}"},"query-input":{"@type":"PropertyValueSpecification","valueRequired":true,"valueName":"search_term_string"}}],"inLanguage":"pt-BR"},{"@type":"Person","@id":"https:\/\/nk7-testes.com.br\/agazeta\/#\/schema\/person\/6d6e25cb0435eb4a02fd44d30b4e3020","name":"Agazeta.Net","url":"https:\/\/nk7-testes.com.br\/agazeta\/author\/agazeta\/"}]}},"_links":{"self":[{"href":"https:\/\/nk7-testes.com.br\/agazeta\/wp-json\/wp\/v2\/posts\/24453","targetHints":{"allow":["GET"]}}],"collection":[{"href":"https:\/\/nk7-testes.com.br\/agazeta\/wp-json\/wp\/v2\/posts"}],"about":[{"href":"https:\/\/nk7-testes.com.br\/agazeta\/wp-json\/wp\/v2\/types\/post"}],"author":[{"embeddable":true,"href":"https:\/\/nk7-testes.com.br\/agazeta\/wp-json\/wp\/v2\/users\/4"}],"replies":[{"embeddable":true,"href":"https:\/\/nk7-testes.com.br\/agazeta\/wp-json\/wp\/v2\/comments?post=24453"}],"version-history":[{"count":0,"href":"https:\/\/nk7-testes.com.br\/agazeta\/wp-json\/wp\/v2\/posts\/24453\/revisions"}],"wp:featuredmedia":[{"embeddable":true,"href":"https:\/\/nk7-testes.com.br\/agazeta\/wp-json\/wp\/v2\/media\/24452"}],"wp:attachment":[{"href":"https:\/\/nk7-testes.com.br\/agazeta\/wp-json\/wp\/v2\/media?parent=24453"}],"wp:term":[{"taxonomy":"category","embeddable":true,"href":"https:\/\/nk7-testes.com.br\/agazeta\/wp-json\/wp\/v2\/categories?post=24453"},{"taxonomy":"post_tag","embeddable":true,"href":"https:\/\/nk7-testes.com.br\/agazeta\/wp-json\/wp\/v2\/tags?post=24453"}],"curies":[{"name":"wp","href":"https:\/\/api.w.org\/{rel}","templated":true}]}}