{"id":24447,"date":"2016-08-12T14:48:29","date_gmt":"2016-08-12T14:48:29","guid":{"rendered":"https:\/\/abarevegan.com.br\/index.php\/2016\/08\/12\/comercio-acumula-queda-em-vendas-de-10-47\/"},"modified":"2016-08-12T14:48:29","modified_gmt":"2016-08-12T14:48:29","slug":"comercio-acumula-queda-em-vendas-de-10-47","status":"publish","type":"post","link":"https:\/\/nk7-testes.com.br\/agazeta\/comercio-acumula-queda-em-vendas-de-10-47\/","title":{"rendered":"Com\u00e9rcio acumula queda em vendas de 10,47%"},"content":{"rendered":"<p style=\"text-align: justify;\">Rea\u00e7\u00e3o \u00e9 aguardada para o Dia dos Pais<\/p>\n<p style=\"text-align: justify;\">O com\u00e9rcio varejista fechou o primeiro semestre do ano com queda nas vendas, mas se aproxima o dia dos pais, data comemorativa em que pelo menos alguns setores esperam recuperar o preju\u00edzo.<\/p>\n<p style=\"text-align: justify;\">Segundo pesquisa da Fecomercio, 70% dos acrianos t\u00eam inten\u00e7\u00e3o em presentear nessa data, por outro lado, os comerciantes est\u00e3o aguardando pra ver a rea\u00e7\u00e3o dos consumidores nessa \u00e9poca.<\/p>\n<p style=\"text-align: justify;\">Segundo pesquisa do Instituto Brasileiro de geografia e Estat\u00edstica (IBGE), as vendas no com\u00e9rcio do Acre acumularam queda de 10,4%, entre janeiro e julho de 2016. Na ordem, sentiram mais o recuo no consumo, m\u00f3veis e eletrodom\u00e9sticos (-9,7%), combust\u00edveis e lubrificantes (-8,9%), artigos de uso pessoal e dom\u00e9stico (-8,4%) e os hipermercados, supermercados, produtos aliment\u00edcios, bebidas e fumo (-2,9%).<\/p>\n<p style=\"text-align: justify;\">Para a Federa\u00e7\u00e3o do Com\u00e9rcio do Acre, (Fecomercio), a queda nas vendas est\u00e1 ligada a crise econ\u00f4mica, que mudou h\u00e1bitos do consumidor. &#8220;O consumidor est\u00e1 restritivo na hora da compra. Ele passa a comprar produtos e extrema necessidade e fica mais reticente com aqueles produtos que pode deixar pra depois. Isso \u00e9 reflexo da crise econ\u00f4mica que gera a crise de confian\u00e7a do consumidor&#8221;, explica o superintendente da Fecomercio, Aur\u00e9lio Cruz.<\/p>\n<p style=\"text-align: justify;\">O empres\u00e1rio Patrick Di\u00f3genes sentiu como nunca nos \u00faltimos dois anos, o que \u00e9 crise econ\u00f4mica. Antes, nessa \u00e9poca ele encomendava at\u00e9 2 mil camisas, e a partir de 2015 passou a renovar o estoque com no m\u00e1ximo 700 unidades. Para ele, o dia dos pais que se aproxima \u00e9 uma oportunidade a mais de vendas, j\u00e1 que trabalha exclusivamente com artigos masculinos, contudo, o cen\u00e1rio ainda \u00e9 preocupante.<\/p>\n<p style=\"text-align: justify;\">\u201cA gente aguarda boas vendas, mas durante a semana a gente percebe que o movimento est\u00e1 brando, mas esperamos aquecimento nos \u00faltimos dias\u201d, disse.<\/p>\n<p style=\"text-align: justify;\">Segundo a pesquisa da federa\u00e7\u00e3o, 88% dos empres\u00e1rios do ramo varejista acreditam em vendas regulares no dia dos pais. O levantamento mostra ainda que o setor est\u00e1 com a opini\u00e3o divida sobre o per\u00edodo. Entre o empresariado, 35% disseram que acreditam em crescimento das vendas e 34% apostam em redu\u00e7\u00e3o.<\/p>\n<p style=\"text-align: justify;\">\u201cA perspectiva do comerciante \u00e9 positiva. No m\u00e1ximo que as vendas se mantenham as vendas do ano passado. A expectativa do comerciante \u00e9 boa\u201d, afirma Aur\u00e9lio Cruz.<br \/> A pesquisa tamb\u00e9m ouviu consumidores. Mais de 70% disseram ter inten\u00e7\u00e3o de presentear no dia dos pais. Entre os itens preferidos est\u00e3o camisas e bermudas e depois v\u00eam perfumes e sapatos.<\/p>\n<p style=\"text-align: justify;\">A expectativa dos comerciantes \u00e9 de receber muitos clientes como a Maria Od\u00e9lia e o filho dela, Isaque Luiz, que j\u00e1 est\u00e3o no clima do dia dos pais, a ca\u00e7a do melhor presente. \u201cA gente est\u00e1 preparando uma surpresa, com roupas\u201d disse a consumidora.<\/p>\n","protected":false},"excerpt":{"rendered":"<p style=\"text-align: justify;\">Rea\u00e7\u00e3o \u00e9 aguardada para o Dia dos Pais<\/p>\n","protected":false},"author":4,"featured_media":24446,"comment_status":"open","ping_status":"open","sticky":false,"template":"","format":"standard","meta":{"jnews-multi-image_gallery":[],"jnews_single_post":[],"jnews_primary_category":[],"jnews_social_meta":[],"jnews_review":[],"enable_review":"","type":"","name":"","summary":"","brand":"","sku":"","good":[],"bad":[],"score_override":"","override_value":"","rating":[],"price":[],"footnotes":""},"categories":[54],"tags":[],"class_list":["post-24447","post","type-post","status-publish","format-standard","has-post-thumbnail","hentry","category-cotidiano"],"yoast_head":"<!-- This site is optimized with the Yoast SEO plugin v26.5 - https:\/\/yoast.com\/wordpress\/plugins\/seo\/ -->\n<title>Com\u00e9rcio acumula queda em vendas de 10,47% - Agazeta.net<\/title>\n<meta name=\"robots\" content=\"index, follow, max-snippet:-1, max-image-preview:large, max-video-preview:-1\" \/>\n<link rel=\"canonical\" href=\"https:\/\/nk7-testes.com.br\/agazeta\/comercio-acumula-queda-em-vendas-de-10-47\/\" \/>\n<meta property=\"og:locale\" content=\"pt_BR\" \/>\n<meta property=\"og:type\" content=\"article\" \/>\n<meta property=\"og:title\" content=\"Com\u00e9rcio acumula queda em vendas de 10,47% - Agazeta.net\" \/>\n<meta property=\"og:description\" content=\"Rea\u00e7\u00e3o \u00e9 aguardada para o Dia dos Pais\" \/>\n<meta property=\"og:url\" content=\"https:\/\/nk7-testes.com.br\/agazeta\/comercio-acumula-queda-em-vendas-de-10-47\/\" \/>\n<meta property=\"og:site_name\" content=\"Agazeta.net\" \/>\n<meta property=\"article:published_time\" content=\"2016-08-12T14:48:29+00:00\" \/>\n<meta property=\"og:image\" content=\"https:\/\/nk7-testes.com.br\/agazeta\/wp-content\/uploads\/2016\/08\/120816-cotidiano-comerciodiadospais-tvgazeta.jpg\" \/>\n\t<meta property=\"og:image:width\" content=\"458\" \/>\n\t<meta property=\"og:image:height\" content=\"340\" \/>\n\t<meta property=\"og:image:type\" content=\"image\/jpeg\" \/>\n<meta name=\"author\" content=\"Agazeta.Net\" \/>\n<meta name=\"twitter:card\" content=\"summary_large_image\" \/>\n<meta name=\"twitter:label1\" content=\"Escrito por\" \/>\n\t<meta name=\"twitter:data1\" content=\"Agazeta.Net\" \/>\n\t<meta name=\"twitter:label2\" content=\"Est. tempo de leitura\" \/>\n\t<meta name=\"twitter:data2\" content=\"2 minutos\" \/>\n<script type=\"application\/ld+json\" class=\"yoast-schema-graph\">{\"@context\":\"https:\/\/schema.org\",\"@graph\":[{\"@type\":\"WebPage\",\"@id\":\"https:\/\/nk7-testes.com.br\/agazeta\/comercio-acumula-queda-em-vendas-de-10-47\/\",\"url\":\"https:\/\/nk7-testes.com.br\/agazeta\/comercio-acumula-queda-em-vendas-de-10-47\/\",\"name\":\"Com\u00e9rcio acumula queda em vendas de 10,47% - Agazeta.net\",\"isPartOf\":{\"@id\":\"https:\/\/nk7-testes.com.br\/agazeta\/#website\"},\"primaryImageOfPage\":{\"@id\":\"https:\/\/nk7-testes.com.br\/agazeta\/comercio-acumula-queda-em-vendas-de-10-47\/#primaryimage\"},\"image\":{\"@id\":\"https:\/\/nk7-testes.com.br\/agazeta\/comercio-acumula-queda-em-vendas-de-10-47\/#primaryimage\"},\"thumbnailUrl\":\"https:\/\/nk7-testes.com.br\/agazeta\/wp-content\/uploads\/2016\/08\/120816-cotidiano-comerciodiadospais-tvgazeta.jpg\",\"datePublished\":\"2016-08-12T14:48:29+00:00\",\"author\":{\"@id\":\"https:\/\/nk7-testes.com.br\/agazeta\/#\/schema\/person\/6d6e25cb0435eb4a02fd44d30b4e3020\"},\"breadcrumb\":{\"@id\":\"https:\/\/nk7-testes.com.br\/agazeta\/comercio-acumula-queda-em-vendas-de-10-47\/#breadcrumb\"},\"inLanguage\":\"pt-BR\",\"potentialAction\":[{\"@type\":\"ReadAction\",\"target\":[\"https:\/\/nk7-testes.com.br\/agazeta\/comercio-acumula-queda-em-vendas-de-10-47\/\"]}]},{\"@type\":\"ImageObject\",\"inLanguage\":\"pt-BR\",\"@id\":\"https:\/\/nk7-testes.com.br\/agazeta\/comercio-acumula-queda-em-vendas-de-10-47\/#primaryimage\",\"url\":\"https:\/\/nk7-testes.com.br\/agazeta\/wp-content\/uploads\/2016\/08\/120816-cotidiano-comerciodiadospais-tvgazeta.jpg\",\"contentUrl\":\"https:\/\/nk7-testes.com.br\/agazeta\/wp-content\/uploads\/2016\/08\/120816-cotidiano-comerciodiadospais-tvgazeta.jpg\",\"width\":458,\"height\":340,\"caption\":\"120816-cotidiano-comerciodiadospais-tvgazeta\"},{\"@type\":\"BreadcrumbList\",\"@id\":\"https:\/\/nk7-testes.com.br\/agazeta\/comercio-acumula-queda-em-vendas-de-10-47\/#breadcrumb\",\"itemListElement\":[{\"@type\":\"ListItem\",\"position\":1,\"name\":\"In\u00edcio\",\"item\":\"https:\/\/nk7-testes.com.br\/agazeta\/\"},{\"@type\":\"ListItem\",\"position\":2,\"name\":\"Com\u00e9rcio acumula queda em vendas de 10,47%\"}]},{\"@type\":\"WebSite\",\"@id\":\"https:\/\/nk7-testes.com.br\/agazeta\/#website\",\"url\":\"https:\/\/nk7-testes.com.br\/agazeta\/\",\"name\":\"Agazeta.net\",\"description\":\"Agazeta.net - Not\u00edcias de Rio Branco\/AC\",\"potentialAction\":[{\"@type\":\"SearchAction\",\"target\":{\"@type\":\"EntryPoint\",\"urlTemplate\":\"https:\/\/nk7-testes.com.br\/agazeta\/?s={search_term_string}\"},\"query-input\":{\"@type\":\"PropertyValueSpecification\",\"valueRequired\":true,\"valueName\":\"search_term_string\"}}],\"inLanguage\":\"pt-BR\"},{\"@type\":\"Person\",\"@id\":\"https:\/\/nk7-testes.com.br\/agazeta\/#\/schema\/person\/6d6e25cb0435eb4a02fd44d30b4e3020\",\"name\":\"Agazeta.Net\",\"url\":\"https:\/\/nk7-testes.com.br\/agazeta\/author\/agazeta\/\"}]}<\/script>\n<!-- \/ Yoast SEO plugin. -->","yoast_head_json":{"title":"Com\u00e9rcio acumula queda em vendas de 10,47% - Agazeta.net","robots":{"index":"index","follow":"follow","max-snippet":"max-snippet:-1","max-image-preview":"max-image-preview:large","max-video-preview":"max-video-preview:-1"},"canonical":"https:\/\/nk7-testes.com.br\/agazeta\/comercio-acumula-queda-em-vendas-de-10-47\/","og_locale":"pt_BR","og_type":"article","og_title":"Com\u00e9rcio acumula queda em vendas de 10,47% - Agazeta.net","og_description":"Rea\u00e7\u00e3o \u00e9 aguardada para o Dia dos Pais","og_url":"https:\/\/nk7-testes.com.br\/agazeta\/comercio-acumula-queda-em-vendas-de-10-47\/","og_site_name":"Agazeta.net","article_published_time":"2016-08-12T14:48:29+00:00","og_image":[{"width":458,"height":340,"url":"https:\/\/nk7-testes.com.br\/agazeta\/wp-content\/uploads\/2016\/08\/120816-cotidiano-comerciodiadospais-tvgazeta.jpg","type":"image\/jpeg"}],"author":"Agazeta.Net","twitter_card":"summary_large_image","twitter_misc":{"Escrito por":"Agazeta.Net","Est. tempo de leitura":"2 minutos"},"schema":{"@context":"https:\/\/schema.org","@graph":[{"@type":"WebPage","@id":"https:\/\/nk7-testes.com.br\/agazeta\/comercio-acumula-queda-em-vendas-de-10-47\/","url":"https:\/\/nk7-testes.com.br\/agazeta\/comercio-acumula-queda-em-vendas-de-10-47\/","name":"Com\u00e9rcio acumula queda em vendas de 10,47% - Agazeta.net","isPartOf":{"@id":"https:\/\/nk7-testes.com.br\/agazeta\/#website"},"primaryImageOfPage":{"@id":"https:\/\/nk7-testes.com.br\/agazeta\/comercio-acumula-queda-em-vendas-de-10-47\/#primaryimage"},"image":{"@id":"https:\/\/nk7-testes.com.br\/agazeta\/comercio-acumula-queda-em-vendas-de-10-47\/#primaryimage"},"thumbnailUrl":"https:\/\/nk7-testes.com.br\/agazeta\/wp-content\/uploads\/2016\/08\/120816-cotidiano-comerciodiadospais-tvgazeta.jpg","datePublished":"2016-08-12T14:48:29+00:00","author":{"@id":"https:\/\/nk7-testes.com.br\/agazeta\/#\/schema\/person\/6d6e25cb0435eb4a02fd44d30b4e3020"},"breadcrumb":{"@id":"https:\/\/nk7-testes.com.br\/agazeta\/comercio-acumula-queda-em-vendas-de-10-47\/#breadcrumb"},"inLanguage":"pt-BR","potentialAction":[{"@type":"ReadAction","target":["https:\/\/nk7-testes.com.br\/agazeta\/comercio-acumula-queda-em-vendas-de-10-47\/"]}]},{"@type":"ImageObject","inLanguage":"pt-BR","@id":"https:\/\/nk7-testes.com.br\/agazeta\/comercio-acumula-queda-em-vendas-de-10-47\/#primaryimage","url":"https:\/\/nk7-testes.com.br\/agazeta\/wp-content\/uploads\/2016\/08\/120816-cotidiano-comerciodiadospais-tvgazeta.jpg","contentUrl":"https:\/\/nk7-testes.com.br\/agazeta\/wp-content\/uploads\/2016\/08\/120816-cotidiano-comerciodiadospais-tvgazeta.jpg","width":458,"height":340,"caption":"120816-cotidiano-comerciodiadospais-tvgazeta"},{"@type":"BreadcrumbList","@id":"https:\/\/nk7-testes.com.br\/agazeta\/comercio-acumula-queda-em-vendas-de-10-47\/#breadcrumb","itemListElement":[{"@type":"ListItem","position":1,"name":"In\u00edcio","item":"https:\/\/nk7-testes.com.br\/agazeta\/"},{"@type":"ListItem","position":2,"name":"Com\u00e9rcio acumula queda em vendas de 10,47%"}]},{"@type":"WebSite","@id":"https:\/\/nk7-testes.com.br\/agazeta\/#website","url":"https:\/\/nk7-testes.com.br\/agazeta\/","name":"Agazeta.net","description":"Agazeta.net - Not\u00edcias de Rio Branco\/AC","potentialAction":[{"@type":"SearchAction","target":{"@type":"EntryPoint","urlTemplate":"https:\/\/nk7-testes.com.br\/agazeta\/?s={search_term_string}"},"query-input":{"@type":"PropertyValueSpecification","valueRequired":true,"valueName":"search_term_string"}}],"inLanguage":"pt-BR"},{"@type":"Person","@id":"https:\/\/nk7-testes.com.br\/agazeta\/#\/schema\/person\/6d6e25cb0435eb4a02fd44d30b4e3020","name":"Agazeta.Net","url":"https:\/\/nk7-testes.com.br\/agazeta\/author\/agazeta\/"}]}},"_links":{"self":[{"href":"https:\/\/nk7-testes.com.br\/agazeta\/wp-json\/wp\/v2\/posts\/24447","targetHints":{"allow":["GET"]}}],"collection":[{"href":"https:\/\/nk7-testes.com.br\/agazeta\/wp-json\/wp\/v2\/posts"}],"about":[{"href":"https:\/\/nk7-testes.com.br\/agazeta\/wp-json\/wp\/v2\/types\/post"}],"author":[{"embeddable":true,"href":"https:\/\/nk7-testes.com.br\/agazeta\/wp-json\/wp\/v2\/users\/4"}],"replies":[{"embeddable":true,"href":"https:\/\/nk7-testes.com.br\/agazeta\/wp-json\/wp\/v2\/comments?post=24447"}],"version-history":[{"count":0,"href":"https:\/\/nk7-testes.com.br\/agazeta\/wp-json\/wp\/v2\/posts\/24447\/revisions"}],"wp:featuredmedia":[{"embeddable":true,"href":"https:\/\/nk7-testes.com.br\/agazeta\/wp-json\/wp\/v2\/media\/24446"}],"wp:attachment":[{"href":"https:\/\/nk7-testes.com.br\/agazeta\/wp-json\/wp\/v2\/media?parent=24447"}],"wp:term":[{"taxonomy":"category","embeddable":true,"href":"https:\/\/nk7-testes.com.br\/agazeta\/wp-json\/wp\/v2\/categories?post=24447"},{"taxonomy":"post_tag","embeddable":true,"href":"https:\/\/nk7-testes.com.br\/agazeta\/wp-json\/wp\/v2\/tags?post=24447"}],"curies":[{"name":"wp","href":"https:\/\/api.w.org\/{rel}","templated":true}]}}