{"id":24433,"date":"2016-08-11T16:44:40","date_gmt":"2016-08-11T16:44:40","guid":{"rendered":"https:\/\/abarevegan.com.br\/index.php\/2016\/08\/11\/apos-chuvas-seca-deve-voltar\/"},"modified":"2016-08-11T16:44:40","modified_gmt":"2016-08-11T16:44:40","slug":"apos-chuvas-seca-deve-voltar","status":"publish","type":"post","link":"https:\/\/nk7-testes.com.br\/agazeta\/apos-chuvas-seca-deve-voltar\/","title":{"rendered":"Ap\u00f3s chuvas seca deve voltar"},"content":{"rendered":"<p style=\"text-align: justify;\">Economia de \u00e1gua deve continuar, alerta Depasa<\/p>\n<p style=\"text-align: justify;\">Ap\u00f3s dois dias de chuvas no Acre, o ar mudou, as cortinas de fuma\u00e7a desapareceram e veio o frio que amenizou o forte calor dos \u00faltimos dias. Mas quem entende do assunto afirma que a seca volta com for\u00e7a nos pr\u00f3ximos dias e a popula\u00e7\u00e3o deve continuar economizando \u00e1gua por que as chuvas n\u00e3o mudaram a situa\u00e7\u00e3o de crise h\u00eddrica que o estado enfrenta.<\/p>\n<p style=\"text-align: justify;\">O principal benef\u00edcio que as chuvas dos \u00faltimos dias trouxeram foi em rela\u00e7\u00e3o ao risco de fogo. Os mapas mostram que esse fator diminuiu. Isso \u00e9 o que informa a diretora t\u00e9cnica do Instituto de Mudan\u00e7as Clim\u00e1ticas do Acre (IMC), Vera Reis.<\/p>\n<p style=\"text-align: justify;\">Todos os dias ela e uma equipe monitoram as condi\u00e7\u00f5es do rio e do tempo para informar aos gestores das institui\u00e7\u00f5es que fazem parte da Defesa Civil Estadual.<\/p>\n<p style=\"text-align: justify;\">De acordo com as previs\u00f5es de institui\u00e7\u00f5es nacionais ligadas a meteorologia, sabe-se, por exemplo, que agosto n\u00e3o ser\u00e1 um m\u00eas chuvoso. \u201cProvavelmente a gente vai ter outra entrada de umidade a partir do dia 16 e 17 de agosto, mas nada significativo pra \u00e9poca\u201d, afirma Vera Reis.<\/p>\n<p style=\"text-align: justify;\">Outro benef\u00edcio que as \u00e1guas trouxeram foi o aumento da umidade relativa do ar que estava com \u00edndice em m\u00e9dia de 30% e passou para 54%, na capital. Em Cruzeiro do Sul, a umidade relativa do ar chegou nesta quarta-feira a 70%. Depois da chuva uma frente fria, amenizou o calor de at\u00e9 35 graus enfrentado nos \u00faltimos dias. Segundo Vera Reis, a friagem vem acompanhada da conhecida estiagem.<\/p>\n<p style=\"text-align: justify;\">\u201cAinda n\u00e3o \u00e9 o suficiente para amenizar a situa\u00e7\u00e3o. Devemos continuar tomando as mesmas medidas que v\u00ednhamos adotando antes em raz\u00e3o de que sempre ap\u00f3s uma frente fria voc\u00ea tem ventos, possibilidade de maior seca e o risco de fogo podem aumentar a voltar\u201d, explica a diretora.<\/p>\n<p style=\"text-align: justify;\">Com as chuvas dos \u00faltimos dias, o n\u00edvel do rio Acre subiu 3 cent\u00edmetros nesta quarta-feira, n\u00e3o sendo portanto suficiente para amenizar a crise h\u00eddrica.<br \/>\u201cN\u00f3s pedimos que as pessoas n\u00e3o relaxem. Precisamos continuar vigilantes, consumo consciente. Esque\u00e7amos lavar carro, cal\u00e7ada, qualquer coisa do g\u00eanero por que o momento \u00e9 de muita dificuldade\u201d, disse o superintendente do Depasa, Miguel F\u00e9lix.<\/p>\n","protected":false},"excerpt":{"rendered":"<p style=\"text-align: justify;\">Economia de \u00e1gua deve continuar, alerta Depasa<\/p>\n","protected":false},"author":4,"featured_media":24432,"comment_status":"open","ping_status":"open","sticky":false,"template":"","format":"standard","meta":{"jnews-multi-image_gallery":[],"jnews_single_post":[],"jnews_primary_category":[],"jnews_social_meta":[],"jnews_review":[],"enable_review":"","type":"","name":"","summary":"","brand":"","sku":"","good":[],"bad":[],"score_override":"","override_value":"","rating":[],"price":[],"footnotes":""},"categories":[54],"tags":[],"class_list":["post-24433","post","type-post","status-publish","format-standard","has-post-thumbnail","hentry","category-cotidiano"],"yoast_head":"<!-- This site is optimized with the Yoast SEO plugin v26.5 - https:\/\/yoast.com\/wordpress\/plugins\/seo\/ -->\n<title>Ap\u00f3s chuvas seca deve voltar - Agazeta.net<\/title>\n<meta name=\"robots\" content=\"index, follow, max-snippet:-1, max-image-preview:large, max-video-preview:-1\" \/>\n<link rel=\"canonical\" href=\"https:\/\/nk7-testes.com.br\/agazeta\/apos-chuvas-seca-deve-voltar\/\" \/>\n<meta property=\"og:locale\" content=\"pt_BR\" \/>\n<meta property=\"og:type\" content=\"article\" \/>\n<meta property=\"og:title\" content=\"Ap\u00f3s chuvas seca deve voltar - Agazeta.net\" \/>\n<meta property=\"og:description\" content=\"Economia de \u00e1gua deve continuar, alerta Depasa\" \/>\n<meta property=\"og:url\" content=\"https:\/\/nk7-testes.com.br\/agazeta\/apos-chuvas-seca-deve-voltar\/\" \/>\n<meta property=\"og:site_name\" content=\"Agazeta.net\" \/>\n<meta property=\"article:published_time\" content=\"2016-08-11T16:44:40+00:00\" \/>\n<meta property=\"og:image\" content=\"https:\/\/nk7-testes.com.br\/agazeta\/wp-content\/uploads\/2016\/08\/110816-cotidiano-mapa-tvgazeta.jpg\" \/>\n\t<meta property=\"og:image:width\" content=\"458\" \/>\n\t<meta property=\"og:image:height\" content=\"340\" \/>\n\t<meta property=\"og:image:type\" content=\"image\/jpeg\" \/>\n<meta name=\"author\" content=\"Agazeta.Net\" \/>\n<meta name=\"twitter:card\" content=\"summary_large_image\" \/>\n<meta name=\"twitter:label1\" content=\"Escrito por\" \/>\n\t<meta name=\"twitter:data1\" content=\"Agazeta.Net\" \/>\n\t<meta name=\"twitter:label2\" content=\"Est. tempo de leitura\" \/>\n\t<meta name=\"twitter:data2\" content=\"2 minutos\" \/>\n<script type=\"application\/ld+json\" class=\"yoast-schema-graph\">{\"@context\":\"https:\/\/schema.org\",\"@graph\":[{\"@type\":\"WebPage\",\"@id\":\"https:\/\/nk7-testes.com.br\/agazeta\/apos-chuvas-seca-deve-voltar\/\",\"url\":\"https:\/\/nk7-testes.com.br\/agazeta\/apos-chuvas-seca-deve-voltar\/\",\"name\":\"Ap\u00f3s chuvas seca deve voltar - Agazeta.net\",\"isPartOf\":{\"@id\":\"https:\/\/nk7-testes.com.br\/agazeta\/#website\"},\"primaryImageOfPage\":{\"@id\":\"https:\/\/nk7-testes.com.br\/agazeta\/apos-chuvas-seca-deve-voltar\/#primaryimage\"},\"image\":{\"@id\":\"https:\/\/nk7-testes.com.br\/agazeta\/apos-chuvas-seca-deve-voltar\/#primaryimage\"},\"thumbnailUrl\":\"https:\/\/nk7-testes.com.br\/agazeta\/wp-content\/uploads\/2016\/08\/110816-cotidiano-mapa-tvgazeta.jpg\",\"datePublished\":\"2016-08-11T16:44:40+00:00\",\"author\":{\"@id\":\"https:\/\/nk7-testes.com.br\/agazeta\/#\/schema\/person\/6d6e25cb0435eb4a02fd44d30b4e3020\"},\"breadcrumb\":{\"@id\":\"https:\/\/nk7-testes.com.br\/agazeta\/apos-chuvas-seca-deve-voltar\/#breadcrumb\"},\"inLanguage\":\"pt-BR\",\"potentialAction\":[{\"@type\":\"ReadAction\",\"target\":[\"https:\/\/nk7-testes.com.br\/agazeta\/apos-chuvas-seca-deve-voltar\/\"]}]},{\"@type\":\"ImageObject\",\"inLanguage\":\"pt-BR\",\"@id\":\"https:\/\/nk7-testes.com.br\/agazeta\/apos-chuvas-seca-deve-voltar\/#primaryimage\",\"url\":\"https:\/\/nk7-testes.com.br\/agazeta\/wp-content\/uploads\/2016\/08\/110816-cotidiano-mapa-tvgazeta.jpg\",\"contentUrl\":\"https:\/\/nk7-testes.com.br\/agazeta\/wp-content\/uploads\/2016\/08\/110816-cotidiano-mapa-tvgazeta.jpg\",\"width\":458,\"height\":340,\"caption\":\"110816-cotidiano-mapa-tvgazeta\"},{\"@type\":\"BreadcrumbList\",\"@id\":\"https:\/\/nk7-testes.com.br\/agazeta\/apos-chuvas-seca-deve-voltar\/#breadcrumb\",\"itemListElement\":[{\"@type\":\"ListItem\",\"position\":1,\"name\":\"In\u00edcio\",\"item\":\"https:\/\/nk7-testes.com.br\/agazeta\/\"},{\"@type\":\"ListItem\",\"position\":2,\"name\":\"Ap\u00f3s chuvas seca deve voltar\"}]},{\"@type\":\"WebSite\",\"@id\":\"https:\/\/nk7-testes.com.br\/agazeta\/#website\",\"url\":\"https:\/\/nk7-testes.com.br\/agazeta\/\",\"name\":\"Agazeta.net\",\"description\":\"Agazeta.net - Not\u00edcias de Rio Branco\/AC\",\"potentialAction\":[{\"@type\":\"SearchAction\",\"target\":{\"@type\":\"EntryPoint\",\"urlTemplate\":\"https:\/\/nk7-testes.com.br\/agazeta\/?s={search_term_string}\"},\"query-input\":{\"@type\":\"PropertyValueSpecification\",\"valueRequired\":true,\"valueName\":\"search_term_string\"}}],\"inLanguage\":\"pt-BR\"},{\"@type\":\"Person\",\"@id\":\"https:\/\/nk7-testes.com.br\/agazeta\/#\/schema\/person\/6d6e25cb0435eb4a02fd44d30b4e3020\",\"name\":\"Agazeta.Net\",\"url\":\"https:\/\/nk7-testes.com.br\/agazeta\/author\/agazeta\/\"}]}<\/script>\n<!-- \/ Yoast SEO plugin. -->","yoast_head_json":{"title":"Ap\u00f3s chuvas seca deve voltar - Agazeta.net","robots":{"index":"index","follow":"follow","max-snippet":"max-snippet:-1","max-image-preview":"max-image-preview:large","max-video-preview":"max-video-preview:-1"},"canonical":"https:\/\/nk7-testes.com.br\/agazeta\/apos-chuvas-seca-deve-voltar\/","og_locale":"pt_BR","og_type":"article","og_title":"Ap\u00f3s chuvas seca deve voltar - Agazeta.net","og_description":"Economia de \u00e1gua deve continuar, alerta Depasa","og_url":"https:\/\/nk7-testes.com.br\/agazeta\/apos-chuvas-seca-deve-voltar\/","og_site_name":"Agazeta.net","article_published_time":"2016-08-11T16:44:40+00:00","og_image":[{"width":458,"height":340,"url":"https:\/\/nk7-testes.com.br\/agazeta\/wp-content\/uploads\/2016\/08\/110816-cotidiano-mapa-tvgazeta.jpg","type":"image\/jpeg"}],"author":"Agazeta.Net","twitter_card":"summary_large_image","twitter_misc":{"Escrito por":"Agazeta.Net","Est. tempo de leitura":"2 minutos"},"schema":{"@context":"https:\/\/schema.org","@graph":[{"@type":"WebPage","@id":"https:\/\/nk7-testes.com.br\/agazeta\/apos-chuvas-seca-deve-voltar\/","url":"https:\/\/nk7-testes.com.br\/agazeta\/apos-chuvas-seca-deve-voltar\/","name":"Ap\u00f3s chuvas seca deve voltar - Agazeta.net","isPartOf":{"@id":"https:\/\/nk7-testes.com.br\/agazeta\/#website"},"primaryImageOfPage":{"@id":"https:\/\/nk7-testes.com.br\/agazeta\/apos-chuvas-seca-deve-voltar\/#primaryimage"},"image":{"@id":"https:\/\/nk7-testes.com.br\/agazeta\/apos-chuvas-seca-deve-voltar\/#primaryimage"},"thumbnailUrl":"https:\/\/nk7-testes.com.br\/agazeta\/wp-content\/uploads\/2016\/08\/110816-cotidiano-mapa-tvgazeta.jpg","datePublished":"2016-08-11T16:44:40+00:00","author":{"@id":"https:\/\/nk7-testes.com.br\/agazeta\/#\/schema\/person\/6d6e25cb0435eb4a02fd44d30b4e3020"},"breadcrumb":{"@id":"https:\/\/nk7-testes.com.br\/agazeta\/apos-chuvas-seca-deve-voltar\/#breadcrumb"},"inLanguage":"pt-BR","potentialAction":[{"@type":"ReadAction","target":["https:\/\/nk7-testes.com.br\/agazeta\/apos-chuvas-seca-deve-voltar\/"]}]},{"@type":"ImageObject","inLanguage":"pt-BR","@id":"https:\/\/nk7-testes.com.br\/agazeta\/apos-chuvas-seca-deve-voltar\/#primaryimage","url":"https:\/\/nk7-testes.com.br\/agazeta\/wp-content\/uploads\/2016\/08\/110816-cotidiano-mapa-tvgazeta.jpg","contentUrl":"https:\/\/nk7-testes.com.br\/agazeta\/wp-content\/uploads\/2016\/08\/110816-cotidiano-mapa-tvgazeta.jpg","width":458,"height":340,"caption":"110816-cotidiano-mapa-tvgazeta"},{"@type":"BreadcrumbList","@id":"https:\/\/nk7-testes.com.br\/agazeta\/apos-chuvas-seca-deve-voltar\/#breadcrumb","itemListElement":[{"@type":"ListItem","position":1,"name":"In\u00edcio","item":"https:\/\/nk7-testes.com.br\/agazeta\/"},{"@type":"ListItem","position":2,"name":"Ap\u00f3s chuvas seca deve voltar"}]},{"@type":"WebSite","@id":"https:\/\/nk7-testes.com.br\/agazeta\/#website","url":"https:\/\/nk7-testes.com.br\/agazeta\/","name":"Agazeta.net","description":"Agazeta.net - Not\u00edcias de Rio Branco\/AC","potentialAction":[{"@type":"SearchAction","target":{"@type":"EntryPoint","urlTemplate":"https:\/\/nk7-testes.com.br\/agazeta\/?s={search_term_string}"},"query-input":{"@type":"PropertyValueSpecification","valueRequired":true,"valueName":"search_term_string"}}],"inLanguage":"pt-BR"},{"@type":"Person","@id":"https:\/\/nk7-testes.com.br\/agazeta\/#\/schema\/person\/6d6e25cb0435eb4a02fd44d30b4e3020","name":"Agazeta.Net","url":"https:\/\/nk7-testes.com.br\/agazeta\/author\/agazeta\/"}]}},"_links":{"self":[{"href":"https:\/\/nk7-testes.com.br\/agazeta\/wp-json\/wp\/v2\/posts\/24433","targetHints":{"allow":["GET"]}}],"collection":[{"href":"https:\/\/nk7-testes.com.br\/agazeta\/wp-json\/wp\/v2\/posts"}],"about":[{"href":"https:\/\/nk7-testes.com.br\/agazeta\/wp-json\/wp\/v2\/types\/post"}],"author":[{"embeddable":true,"href":"https:\/\/nk7-testes.com.br\/agazeta\/wp-json\/wp\/v2\/users\/4"}],"replies":[{"embeddable":true,"href":"https:\/\/nk7-testes.com.br\/agazeta\/wp-json\/wp\/v2\/comments?post=24433"}],"version-history":[{"count":0,"href":"https:\/\/nk7-testes.com.br\/agazeta\/wp-json\/wp\/v2\/posts\/24433\/revisions"}],"wp:featuredmedia":[{"embeddable":true,"href":"https:\/\/nk7-testes.com.br\/agazeta\/wp-json\/wp\/v2\/media\/24432"}],"wp:attachment":[{"href":"https:\/\/nk7-testes.com.br\/agazeta\/wp-json\/wp\/v2\/media?parent=24433"}],"wp:term":[{"taxonomy":"category","embeddable":true,"href":"https:\/\/nk7-testes.com.br\/agazeta\/wp-json\/wp\/v2\/categories?post=24433"},{"taxonomy":"post_tag","embeddable":true,"href":"https:\/\/nk7-testes.com.br\/agazeta\/wp-json\/wp\/v2\/tags?post=24433"}],"curies":[{"name":"wp","href":"https:\/\/api.w.org\/{rel}","templated":true}]}}