{"id":24390,"date":"2016-08-09T14:26:27","date_gmt":"2016-08-09T14:26:27","guid":{"rendered":"https:\/\/abarevegan.com.br\/index.php\/2016\/08\/09\/seca-tambem-castiga-comunidades-de-sena-madueira\/"},"modified":"2016-08-09T14:26:27","modified_gmt":"2016-08-09T14:26:27","slug":"seca-tambem-castiga-comunidades-de-sena-madueira","status":"publish","type":"post","link":"https:\/\/nk7-testes.com.br\/agazeta\/seca-tambem-castiga-comunidades-de-sena-madueira\/","title":{"rendered":"Seca tamb\u00e9m castiga comunidades de Sena Madureira"},"content":{"rendered":"<p style=\"text-align: justify;\">Rio Iaco agoniza e clima seco: amea\u00e7as de inc\u00eandio florestal<\/p>\n<p style=\"text-align: justify;\">O Igarap\u00e9 Cafezal respons\u00e1vel por 30% do abastecimento de \u00e1gua pot\u00e1vel em Sena Madureira est\u00e1 seco. O Depasa come\u00e7ou um plano de emerg\u00eancia para que n\u00e3o falte \u00e1gua nas casas. A partir dessa segunda-feira (8), a capta\u00e7\u00e3o ser\u00e1 feita apenas pela bomba que est\u00e1 no Rio Iaco.<\/p>\n<p style=\"text-align: justify;\">S\u00f3 que existe um problema: o Iaco tamb\u00e9m est\u00e1 com baixo volume, um dos piores de sua hist\u00f3ria. O principal manancial do munic\u00edpio est\u00e1 com 80 cent\u00edmetros de profundidade. Com uma l\u00e2mina de \u00e1gua t\u00e3o baixa, a bomba demora em tempo, tr\u00eas vezes mais para encher os tanques da esta\u00e7\u00e3o de tratamento.<\/p>\n<p style=\"text-align: justify;\">O diretor do Depasa em Sena Madureira, Barna Alves, informou que, por enquanto, o abastecimento das resid\u00eancias est\u00e1 sendo mantido. Se o Rio Iaco baixar mais, o fornecimento ser\u00e1 feito em forma de rod\u00edzios.<\/p>\n<p style=\"text-align: justify;\">\u201cDepois de 37 anos abastecendo a cidade o Igarap\u00e9 Cafezal est\u00e1 seco, nunca vimos isso por aqui. Agora \u00e9 torcer para que o Iaco se mantenha na cota atual. S\u00f3 assim conseguiremos bombear \u00e1gua para a esta\u00e7\u00e3o\u201d, explicou.<\/p>\n<p style=\"text-align: justify;\">Outro rio que passa em Sena Madureira e apresenta s\u00e9rios sinais de seca \u00e9 o Caet\u00e9. Em alguns pontos amea\u00e7a apartar. Existe apenas um filete de \u00e1gua. Ele \u00e9 usado pelos seringueiros e produtores rurais da reserva Cazumb\u00e1-Iracema para escoar a produ\u00e7\u00e3o.<\/p>\n<p style=\"text-align: justify;\">Mas, sem condi\u00e7\u00f5es de navega\u00e7\u00e3o, essas fam\u00edlias v\u00e3o ter que usar velhos caminhos na mata para chegar \u00e0 cidade.<\/p>\n<p style=\"text-align: justify;\">Situa\u00e7\u00e3o de emerg\u00eancia<\/p>\n<p style=\"text-align: justify;\">O prefeito de Sena Madureira, Mano Rufino, decretou situa\u00e7\u00e3o de emerg\u00eancia na \u00faltima sexta-feira (5). O gestor disse que est\u00e1 com medo que o Rio Iaco chegue aos 50 cent\u00edmetros, com essa profundidade fica dif\u00edcil captar a \u00e1gua.<\/p>\n<p style=\"text-align: justify;\">Outro receio \u00e9 quanto \u00e0s queimadas no munic\u00edpio. Diariamente s\u00e3o registradas em m\u00e9dia oito ocorr\u00eancias de focos de inc\u00eandio. \u201cSena Madureira tem uma vasta \u00e1rea de floresta e reservas. Tudo est\u00e1 muito seco. Qualquer fa\u00edsca poderemos ter um inc\u00eandio de grandes propor\u00e7\u00f5es\u201d, reclamou.<\/p>\n<p style=\"text-align: justify;\">Com o pedido de situa\u00e7\u00e3o de emerg\u00eancia, o prefeito espera conseguir recursos para comprar equipamentos de combate ao fogo e buscar alternativas para bombear \u00e1gua do rio Iaco para a esta\u00e7\u00e3o de tratamento do Depasa.<\/p>\n","protected":false},"excerpt":{"rendered":"<p style=\"text-align: justify;\">Rio Iaco agoniza e clima seco: amea\u00e7as de inc\u00eandio florestal<\/p>\n","protected":false},"author":4,"featured_media":24389,"comment_status":"open","ping_status":"open","sticky":false,"template":"","format":"standard","meta":{"jnews-multi-image_gallery":[],"jnews_single_post":[],"jnews_primary_category":[],"jnews_social_meta":[],"jnews_review":[],"enable_review":"","type":"","name":"","summary":"","brand":"","sku":"","good":[],"bad":[],"score_override":"","override_value":"","rating":[],"price":[],"footnotes":""},"categories":[54],"tags":[],"class_list":["post-24390","post","type-post","status-publish","format-standard","has-post-thumbnail","hentry","category-cotidiano"],"yoast_head":"<!-- This site is optimized with the Yoast SEO plugin v26.5 - https:\/\/yoast.com\/wordpress\/plugins\/seo\/ -->\n<title>Seca tamb\u00e9m castiga comunidades de Sena Madureira - Agazeta.net<\/title>\n<meta name=\"robots\" content=\"index, follow, max-snippet:-1, max-image-preview:large, max-video-preview:-1\" \/>\n<link rel=\"canonical\" href=\"https:\/\/nk7-testes.com.br\/agazeta\/seca-tambem-castiga-comunidades-de-sena-madueira\/\" \/>\n<meta property=\"og:locale\" content=\"pt_BR\" \/>\n<meta property=\"og:type\" content=\"article\" \/>\n<meta property=\"og:title\" content=\"Seca tamb\u00e9m castiga comunidades de Sena Madureira - Agazeta.net\" \/>\n<meta property=\"og:description\" content=\"Rio Iaco agoniza e clima seco: amea\u00e7as de inc\u00eandio florestal\" \/>\n<meta property=\"og:url\" content=\"https:\/\/nk7-testes.com.br\/agazeta\/seca-tambem-castiga-comunidades-de-sena-madueira\/\" \/>\n<meta property=\"og:site_name\" content=\"Agazeta.net\" \/>\n<meta property=\"article:published_time\" content=\"2016-08-09T14:26:27+00:00\" \/>\n<meta property=\"og:image\" content=\"https:\/\/nk7-testes.com.br\/agazeta\/wp-content\/uploads\/2016\/08\/090816-cotidiano-rioiaco-tvgazeta.jpg\" \/>\n\t<meta property=\"og:image:width\" content=\"458\" \/>\n\t<meta property=\"og:image:height\" content=\"340\" \/>\n\t<meta property=\"og:image:type\" content=\"image\/jpeg\" \/>\n<meta name=\"author\" content=\"Agazeta.Net\" \/>\n<meta name=\"twitter:card\" content=\"summary_large_image\" \/>\n<meta name=\"twitter:label1\" content=\"Escrito por\" \/>\n\t<meta name=\"twitter:data1\" content=\"Agazeta.Net\" \/>\n\t<meta name=\"twitter:label2\" content=\"Est. tempo de leitura\" \/>\n\t<meta name=\"twitter:data2\" content=\"2 minutos\" \/>\n<script type=\"application\/ld+json\" class=\"yoast-schema-graph\">{\"@context\":\"https:\/\/schema.org\",\"@graph\":[{\"@type\":\"WebPage\",\"@id\":\"https:\/\/nk7-testes.com.br\/agazeta\/seca-tambem-castiga-comunidades-de-sena-madueira\/\",\"url\":\"https:\/\/nk7-testes.com.br\/agazeta\/seca-tambem-castiga-comunidades-de-sena-madueira\/\",\"name\":\"Seca tamb\u00e9m castiga comunidades de Sena Madureira - Agazeta.net\",\"isPartOf\":{\"@id\":\"https:\/\/nk7-testes.com.br\/agazeta\/#website\"},\"primaryImageOfPage\":{\"@id\":\"https:\/\/nk7-testes.com.br\/agazeta\/seca-tambem-castiga-comunidades-de-sena-madueira\/#primaryimage\"},\"image\":{\"@id\":\"https:\/\/nk7-testes.com.br\/agazeta\/seca-tambem-castiga-comunidades-de-sena-madueira\/#primaryimage\"},\"thumbnailUrl\":\"https:\/\/nk7-testes.com.br\/agazeta\/wp-content\/uploads\/2016\/08\/090816-cotidiano-rioiaco-tvgazeta.jpg\",\"datePublished\":\"2016-08-09T14:26:27+00:00\",\"author\":{\"@id\":\"https:\/\/nk7-testes.com.br\/agazeta\/#\/schema\/person\/6d6e25cb0435eb4a02fd44d30b4e3020\"},\"breadcrumb\":{\"@id\":\"https:\/\/nk7-testes.com.br\/agazeta\/seca-tambem-castiga-comunidades-de-sena-madueira\/#breadcrumb\"},\"inLanguage\":\"pt-BR\",\"potentialAction\":[{\"@type\":\"ReadAction\",\"target\":[\"https:\/\/nk7-testes.com.br\/agazeta\/seca-tambem-castiga-comunidades-de-sena-madueira\/\"]}]},{\"@type\":\"ImageObject\",\"inLanguage\":\"pt-BR\",\"@id\":\"https:\/\/nk7-testes.com.br\/agazeta\/seca-tambem-castiga-comunidades-de-sena-madueira\/#primaryimage\",\"url\":\"https:\/\/nk7-testes.com.br\/agazeta\/wp-content\/uploads\/2016\/08\/090816-cotidiano-rioiaco-tvgazeta.jpg\",\"contentUrl\":\"https:\/\/nk7-testes.com.br\/agazeta\/wp-content\/uploads\/2016\/08\/090816-cotidiano-rioiaco-tvgazeta.jpg\",\"width\":458,\"height\":340,\"caption\":\"090816-cotidiano-rioiaco-tvgazeta\"},{\"@type\":\"BreadcrumbList\",\"@id\":\"https:\/\/nk7-testes.com.br\/agazeta\/seca-tambem-castiga-comunidades-de-sena-madueira\/#breadcrumb\",\"itemListElement\":[{\"@type\":\"ListItem\",\"position\":1,\"name\":\"In\u00edcio\",\"item\":\"https:\/\/nk7-testes.com.br\/agazeta\/\"},{\"@type\":\"ListItem\",\"position\":2,\"name\":\"Seca tamb\u00e9m castiga comunidades de Sena Madureira\"}]},{\"@type\":\"WebSite\",\"@id\":\"https:\/\/nk7-testes.com.br\/agazeta\/#website\",\"url\":\"https:\/\/nk7-testes.com.br\/agazeta\/\",\"name\":\"Agazeta.net\",\"description\":\"Agazeta.net - Not\u00edcias de Rio Branco\/AC\",\"potentialAction\":[{\"@type\":\"SearchAction\",\"target\":{\"@type\":\"EntryPoint\",\"urlTemplate\":\"https:\/\/nk7-testes.com.br\/agazeta\/?s={search_term_string}\"},\"query-input\":{\"@type\":\"PropertyValueSpecification\",\"valueRequired\":true,\"valueName\":\"search_term_string\"}}],\"inLanguage\":\"pt-BR\"},{\"@type\":\"Person\",\"@id\":\"https:\/\/nk7-testes.com.br\/agazeta\/#\/schema\/person\/6d6e25cb0435eb4a02fd44d30b4e3020\",\"name\":\"Agazeta.Net\",\"url\":\"https:\/\/nk7-testes.com.br\/agazeta\/author\/agazeta\/\"}]}<\/script>\n<!-- \/ Yoast SEO plugin. -->","yoast_head_json":{"title":"Seca tamb\u00e9m castiga comunidades de Sena Madureira - Agazeta.net","robots":{"index":"index","follow":"follow","max-snippet":"max-snippet:-1","max-image-preview":"max-image-preview:large","max-video-preview":"max-video-preview:-1"},"canonical":"https:\/\/nk7-testes.com.br\/agazeta\/seca-tambem-castiga-comunidades-de-sena-madueira\/","og_locale":"pt_BR","og_type":"article","og_title":"Seca tamb\u00e9m castiga comunidades de Sena Madureira - Agazeta.net","og_description":"Rio Iaco agoniza e clima seco: amea\u00e7as de inc\u00eandio florestal","og_url":"https:\/\/nk7-testes.com.br\/agazeta\/seca-tambem-castiga-comunidades-de-sena-madueira\/","og_site_name":"Agazeta.net","article_published_time":"2016-08-09T14:26:27+00:00","og_image":[{"width":458,"height":340,"url":"https:\/\/nk7-testes.com.br\/agazeta\/wp-content\/uploads\/2016\/08\/090816-cotidiano-rioiaco-tvgazeta.jpg","type":"image\/jpeg"}],"author":"Agazeta.Net","twitter_card":"summary_large_image","twitter_misc":{"Escrito por":"Agazeta.Net","Est. tempo de leitura":"2 minutos"},"schema":{"@context":"https:\/\/schema.org","@graph":[{"@type":"WebPage","@id":"https:\/\/nk7-testes.com.br\/agazeta\/seca-tambem-castiga-comunidades-de-sena-madueira\/","url":"https:\/\/nk7-testes.com.br\/agazeta\/seca-tambem-castiga-comunidades-de-sena-madueira\/","name":"Seca tamb\u00e9m castiga comunidades de Sena Madureira - Agazeta.net","isPartOf":{"@id":"https:\/\/nk7-testes.com.br\/agazeta\/#website"},"primaryImageOfPage":{"@id":"https:\/\/nk7-testes.com.br\/agazeta\/seca-tambem-castiga-comunidades-de-sena-madueira\/#primaryimage"},"image":{"@id":"https:\/\/nk7-testes.com.br\/agazeta\/seca-tambem-castiga-comunidades-de-sena-madueira\/#primaryimage"},"thumbnailUrl":"https:\/\/nk7-testes.com.br\/agazeta\/wp-content\/uploads\/2016\/08\/090816-cotidiano-rioiaco-tvgazeta.jpg","datePublished":"2016-08-09T14:26:27+00:00","author":{"@id":"https:\/\/nk7-testes.com.br\/agazeta\/#\/schema\/person\/6d6e25cb0435eb4a02fd44d30b4e3020"},"breadcrumb":{"@id":"https:\/\/nk7-testes.com.br\/agazeta\/seca-tambem-castiga-comunidades-de-sena-madueira\/#breadcrumb"},"inLanguage":"pt-BR","potentialAction":[{"@type":"ReadAction","target":["https:\/\/nk7-testes.com.br\/agazeta\/seca-tambem-castiga-comunidades-de-sena-madueira\/"]}]},{"@type":"ImageObject","inLanguage":"pt-BR","@id":"https:\/\/nk7-testes.com.br\/agazeta\/seca-tambem-castiga-comunidades-de-sena-madueira\/#primaryimage","url":"https:\/\/nk7-testes.com.br\/agazeta\/wp-content\/uploads\/2016\/08\/090816-cotidiano-rioiaco-tvgazeta.jpg","contentUrl":"https:\/\/nk7-testes.com.br\/agazeta\/wp-content\/uploads\/2016\/08\/090816-cotidiano-rioiaco-tvgazeta.jpg","width":458,"height":340,"caption":"090816-cotidiano-rioiaco-tvgazeta"},{"@type":"BreadcrumbList","@id":"https:\/\/nk7-testes.com.br\/agazeta\/seca-tambem-castiga-comunidades-de-sena-madueira\/#breadcrumb","itemListElement":[{"@type":"ListItem","position":1,"name":"In\u00edcio","item":"https:\/\/nk7-testes.com.br\/agazeta\/"},{"@type":"ListItem","position":2,"name":"Seca tamb\u00e9m castiga comunidades de Sena Madureira"}]},{"@type":"WebSite","@id":"https:\/\/nk7-testes.com.br\/agazeta\/#website","url":"https:\/\/nk7-testes.com.br\/agazeta\/","name":"Agazeta.net","description":"Agazeta.net - Not\u00edcias de Rio Branco\/AC","potentialAction":[{"@type":"SearchAction","target":{"@type":"EntryPoint","urlTemplate":"https:\/\/nk7-testes.com.br\/agazeta\/?s={search_term_string}"},"query-input":{"@type":"PropertyValueSpecification","valueRequired":true,"valueName":"search_term_string"}}],"inLanguage":"pt-BR"},{"@type":"Person","@id":"https:\/\/nk7-testes.com.br\/agazeta\/#\/schema\/person\/6d6e25cb0435eb4a02fd44d30b4e3020","name":"Agazeta.Net","url":"https:\/\/nk7-testes.com.br\/agazeta\/author\/agazeta\/"}]}},"_links":{"self":[{"href":"https:\/\/nk7-testes.com.br\/agazeta\/wp-json\/wp\/v2\/posts\/24390","targetHints":{"allow":["GET"]}}],"collection":[{"href":"https:\/\/nk7-testes.com.br\/agazeta\/wp-json\/wp\/v2\/posts"}],"about":[{"href":"https:\/\/nk7-testes.com.br\/agazeta\/wp-json\/wp\/v2\/types\/post"}],"author":[{"embeddable":true,"href":"https:\/\/nk7-testes.com.br\/agazeta\/wp-json\/wp\/v2\/users\/4"}],"replies":[{"embeddable":true,"href":"https:\/\/nk7-testes.com.br\/agazeta\/wp-json\/wp\/v2\/comments?post=24390"}],"version-history":[{"count":0,"href":"https:\/\/nk7-testes.com.br\/agazeta\/wp-json\/wp\/v2\/posts\/24390\/revisions"}],"wp:featuredmedia":[{"embeddable":true,"href":"https:\/\/nk7-testes.com.br\/agazeta\/wp-json\/wp\/v2\/media\/24389"}],"wp:attachment":[{"href":"https:\/\/nk7-testes.com.br\/agazeta\/wp-json\/wp\/v2\/media?parent=24390"}],"wp:term":[{"taxonomy":"category","embeddable":true,"href":"https:\/\/nk7-testes.com.br\/agazeta\/wp-json\/wp\/v2\/categories?post=24390"},{"taxonomy":"post_tag","embeddable":true,"href":"https:\/\/nk7-testes.com.br\/agazeta\/wp-json\/wp\/v2\/tags?post=24390"}],"curies":[{"name":"wp","href":"https:\/\/api.w.org\/{rel}","templated":true}]}}