{"id":24377,"date":"2016-08-08T15:59:49","date_gmt":"2016-08-08T15:59:49","guid":{"rendered":"https:\/\/abarevegan.com.br\/index.php\/2016\/08\/08\/ribeirinhos-sofrem-para-escoar-producao-devido-a-seca\/"},"modified":"2016-08-08T15:59:49","modified_gmt":"2016-08-08T15:59:49","slug":"ribeirinhos-sofrem-para-escoar-producao-devido-a-seca","status":"publish","type":"post","link":"https:\/\/nk7-testes.com.br\/agazeta\/ribeirinhos-sofrem-para-escoar-producao-devido-a-seca\/","title":{"rendered":"Ribeirinhos sofrem para escoar produ\u00e7\u00e3o devido \u00e0 seca"},"content":{"rendered":"<p style=\"text-align: justify;\">Rio continua baixando e previs\u00e3o de chuva n\u00e3o \u00e9 animadora<\/p>\n<p style=\"text-align: justify;\">O Presidente da Associa\u00e7\u00e3o de moradores do Panorama, o produtor rural Jos\u00e9 Carlos, fala das dificuldades que os moradores da localidade est\u00e3o enfrentando para escoar o que produzem atrav\u00e9s do rio Acre.<\/p>\n<p style=\"text-align: justify;\">Jos\u00e9 Carlos usa o transporte fluvial todos os dias para trazer a Rio Branco o que produz em suas terras, com a seca severa deste ano e o n\u00edvel do rio Acre cada vez mais baixo ele diz que j\u00e1 est\u00e1 com dificuldades para transportar os produtos. \u201cT\u00e1 muito cr\u00edtico (sic) a situa\u00e7\u00e3o do nosso rio Acre, se continuar assim, em quest\u00e3o de trinta dias n\u00f3s vamos parar os barcos porque n\u00f3s n\u00e3o temos canal pra passar nossas embarca\u00e7\u00f5es. O ribeirinho vai ficar preso.\u201d<\/p>\n<p style=\"text-align: justify;\">Em algumas comunidades os ribeirinhos j\u00e1 n\u00e3o conseguem escoar a produ\u00e7\u00e3o atrav\u00e9s do rio, em alguns casos a sa\u00edda \u00e9 usar o trajeto mais longo, portanto mais caro, por terra. \u201cEu tenho um amigo l\u00e1 do Lua Nova que teve que ir pra Porto Acre pra de l\u00e1 fazer a trajet\u00f3ria por terra.\u201d Disse Jos\u00e9.<\/p>\n<p style=\"text-align: justify;\">Desanimador<\/p>\n<p style=\"text-align: justify;\">O n\u00edvel do Rio Acre chegou hoje (8) a marca de 1 metro e 34 cent\u00edmetros. O Major Claudio Falc\u00e3o, confirma que a seca prejudica n\u00e3o s\u00f3 os ribeirinhos, mas tamb\u00e9m a capta\u00e7\u00e3o de \u00e1gua. \u201cJ\u00e1 com promete a navega\u00e7\u00e3o, a capta\u00e7\u00e3o de \u00e1gua e \u00e9 um momento cr\u00edtico para nossa cidade, para popula\u00e7\u00e3o Acre.\u201d<\/p>\n<p style=\"text-align: justify;\">E a previs\u00e3o n\u00e3o \u00e9 nada animadora, de acordo com o Major a previs\u00e3o \u00e9 chuva \u00e9 m\u00ednima, \u201c\u00e9 5% de probabilidade. N\u00f3s temos previs\u00e3o de chuva aqui em Rio Branco pra amanh\u00e3. Choveu esse fim de semana em Epitaciol\u00e2ndia e em Assis brasil. E aqui em Rio Branco temos previs\u00e3o de chuva leve para amanh\u00e3 e tamb\u00e9m pra quinta-feira, mas nada muito animador.\u201d<\/p>\n","protected":false},"excerpt":{"rendered":"<p style=\"text-align: justify;\">Rio continua baixando e previs\u00e3o de chuva n\u00e3o \u00e9 animadora<\/p>\n","protected":false},"author":4,"featured_media":24376,"comment_status":"open","ping_status":"open","sticky":false,"template":"","format":"standard","meta":{"jnews-multi-image_gallery":[],"jnews_single_post":[],"jnews_primary_category":[],"jnews_social_meta":[],"jnews_review":[],"enable_review":"","type":"","name":"","summary":"","brand":"","sku":"","good":[],"bad":[],"score_override":"","override_value":"","rating":[],"price":[],"footnotes":""},"categories":[54],"tags":[],"class_list":["post-24377","post","type-post","status-publish","format-standard","has-post-thumbnail","hentry","category-cotidiano"],"yoast_head":"<!-- This site is optimized with the Yoast SEO plugin v26.5 - https:\/\/yoast.com\/wordpress\/plugins\/seo\/ -->\n<title>Ribeirinhos sofrem para escoar produ\u00e7\u00e3o devido \u00e0 seca - Agazeta.net<\/title>\n<meta name=\"robots\" content=\"index, follow, max-snippet:-1, max-image-preview:large, max-video-preview:-1\" \/>\n<link rel=\"canonical\" href=\"https:\/\/nk7-testes.com.br\/agazeta\/ribeirinhos-sofrem-para-escoar-producao-devido-a-seca\/\" \/>\n<meta property=\"og:locale\" content=\"pt_BR\" \/>\n<meta property=\"og:type\" content=\"article\" \/>\n<meta property=\"og:title\" content=\"Ribeirinhos sofrem para escoar produ\u00e7\u00e3o devido \u00e0 seca - Agazeta.net\" \/>\n<meta property=\"og:description\" content=\"Rio continua baixando e previs\u00e3o de chuva n\u00e3o \u00e9 animadora\" \/>\n<meta property=\"og:url\" content=\"https:\/\/nk7-testes.com.br\/agazeta\/ribeirinhos-sofrem-para-escoar-producao-devido-a-seca\/\" \/>\n<meta property=\"og:site_name\" content=\"Agazeta.net\" \/>\n<meta property=\"article:published_time\" content=\"2016-08-08T15:59:49+00:00\" \/>\n<meta property=\"og:image\" content=\"https:\/\/nk7-testes.com.br\/agazeta\/wp-content\/uploads\/2016\/08\/080816-cotidiano-seca-ribeirinhos.jpg\" \/>\n\t<meta property=\"og:image:width\" content=\"458\" \/>\n\t<meta property=\"og:image:height\" content=\"340\" \/>\n\t<meta property=\"og:image:type\" content=\"image\/jpeg\" \/>\n<meta name=\"author\" content=\"Agazeta.Net\" \/>\n<meta name=\"twitter:card\" content=\"summary_large_image\" \/>\n<meta name=\"twitter:label1\" content=\"Escrito por\" \/>\n\t<meta name=\"twitter:data1\" content=\"Agazeta.Net\" \/>\n\t<meta name=\"twitter:label2\" content=\"Est. tempo de leitura\" \/>\n\t<meta name=\"twitter:data2\" content=\"2 minutos\" \/>\n<script type=\"application\/ld+json\" class=\"yoast-schema-graph\">{\"@context\":\"https:\/\/schema.org\",\"@graph\":[{\"@type\":\"WebPage\",\"@id\":\"https:\/\/nk7-testes.com.br\/agazeta\/ribeirinhos-sofrem-para-escoar-producao-devido-a-seca\/\",\"url\":\"https:\/\/nk7-testes.com.br\/agazeta\/ribeirinhos-sofrem-para-escoar-producao-devido-a-seca\/\",\"name\":\"Ribeirinhos sofrem para escoar produ\u00e7\u00e3o devido \u00e0 seca - Agazeta.net\",\"isPartOf\":{\"@id\":\"https:\/\/nk7-testes.com.br\/agazeta\/#website\"},\"primaryImageOfPage\":{\"@id\":\"https:\/\/nk7-testes.com.br\/agazeta\/ribeirinhos-sofrem-para-escoar-producao-devido-a-seca\/#primaryimage\"},\"image\":{\"@id\":\"https:\/\/nk7-testes.com.br\/agazeta\/ribeirinhos-sofrem-para-escoar-producao-devido-a-seca\/#primaryimage\"},\"thumbnailUrl\":\"https:\/\/nk7-testes.com.br\/agazeta\/wp-content\/uploads\/2016\/08\/080816-cotidiano-seca-ribeirinhos.jpg\",\"datePublished\":\"2016-08-08T15:59:49+00:00\",\"author\":{\"@id\":\"https:\/\/nk7-testes.com.br\/agazeta\/#\/schema\/person\/6d6e25cb0435eb4a02fd44d30b4e3020\"},\"breadcrumb\":{\"@id\":\"https:\/\/nk7-testes.com.br\/agazeta\/ribeirinhos-sofrem-para-escoar-producao-devido-a-seca\/#breadcrumb\"},\"inLanguage\":\"pt-BR\",\"potentialAction\":[{\"@type\":\"ReadAction\",\"target\":[\"https:\/\/nk7-testes.com.br\/agazeta\/ribeirinhos-sofrem-para-escoar-producao-devido-a-seca\/\"]}]},{\"@type\":\"ImageObject\",\"inLanguage\":\"pt-BR\",\"@id\":\"https:\/\/nk7-testes.com.br\/agazeta\/ribeirinhos-sofrem-para-escoar-producao-devido-a-seca\/#primaryimage\",\"url\":\"https:\/\/nk7-testes.com.br\/agazeta\/wp-content\/uploads\/2016\/08\/080816-cotidiano-seca-ribeirinhos.jpg\",\"contentUrl\":\"https:\/\/nk7-testes.com.br\/agazeta\/wp-content\/uploads\/2016\/08\/080816-cotidiano-seca-ribeirinhos.jpg\",\"width\":458,\"height\":340,\"caption\":\"080816-cotidiano-seca-ribeirinhos\"},{\"@type\":\"BreadcrumbList\",\"@id\":\"https:\/\/nk7-testes.com.br\/agazeta\/ribeirinhos-sofrem-para-escoar-producao-devido-a-seca\/#breadcrumb\",\"itemListElement\":[{\"@type\":\"ListItem\",\"position\":1,\"name\":\"In\u00edcio\",\"item\":\"https:\/\/nk7-testes.com.br\/agazeta\/\"},{\"@type\":\"ListItem\",\"position\":2,\"name\":\"Ribeirinhos sofrem para escoar produ\u00e7\u00e3o devido \u00e0 seca\"}]},{\"@type\":\"WebSite\",\"@id\":\"https:\/\/nk7-testes.com.br\/agazeta\/#website\",\"url\":\"https:\/\/nk7-testes.com.br\/agazeta\/\",\"name\":\"Agazeta.net\",\"description\":\"Agazeta.net - Not\u00edcias de Rio Branco\/AC\",\"potentialAction\":[{\"@type\":\"SearchAction\",\"target\":{\"@type\":\"EntryPoint\",\"urlTemplate\":\"https:\/\/nk7-testes.com.br\/agazeta\/?s={search_term_string}\"},\"query-input\":{\"@type\":\"PropertyValueSpecification\",\"valueRequired\":true,\"valueName\":\"search_term_string\"}}],\"inLanguage\":\"pt-BR\"},{\"@type\":\"Person\",\"@id\":\"https:\/\/nk7-testes.com.br\/agazeta\/#\/schema\/person\/6d6e25cb0435eb4a02fd44d30b4e3020\",\"name\":\"Agazeta.Net\",\"url\":\"https:\/\/nk7-testes.com.br\/agazeta\/author\/agazeta\/\"}]}<\/script>\n<!-- \/ Yoast SEO plugin. -->","yoast_head_json":{"title":"Ribeirinhos sofrem para escoar produ\u00e7\u00e3o devido \u00e0 seca - Agazeta.net","robots":{"index":"index","follow":"follow","max-snippet":"max-snippet:-1","max-image-preview":"max-image-preview:large","max-video-preview":"max-video-preview:-1"},"canonical":"https:\/\/nk7-testes.com.br\/agazeta\/ribeirinhos-sofrem-para-escoar-producao-devido-a-seca\/","og_locale":"pt_BR","og_type":"article","og_title":"Ribeirinhos sofrem para escoar produ\u00e7\u00e3o devido \u00e0 seca - Agazeta.net","og_description":"Rio continua baixando e previs\u00e3o de chuva n\u00e3o \u00e9 animadora","og_url":"https:\/\/nk7-testes.com.br\/agazeta\/ribeirinhos-sofrem-para-escoar-producao-devido-a-seca\/","og_site_name":"Agazeta.net","article_published_time":"2016-08-08T15:59:49+00:00","og_image":[{"width":458,"height":340,"url":"https:\/\/nk7-testes.com.br\/agazeta\/wp-content\/uploads\/2016\/08\/080816-cotidiano-seca-ribeirinhos.jpg","type":"image\/jpeg"}],"author":"Agazeta.Net","twitter_card":"summary_large_image","twitter_misc":{"Escrito por":"Agazeta.Net","Est. tempo de leitura":"2 minutos"},"schema":{"@context":"https:\/\/schema.org","@graph":[{"@type":"WebPage","@id":"https:\/\/nk7-testes.com.br\/agazeta\/ribeirinhos-sofrem-para-escoar-producao-devido-a-seca\/","url":"https:\/\/nk7-testes.com.br\/agazeta\/ribeirinhos-sofrem-para-escoar-producao-devido-a-seca\/","name":"Ribeirinhos sofrem para escoar produ\u00e7\u00e3o devido \u00e0 seca - Agazeta.net","isPartOf":{"@id":"https:\/\/nk7-testes.com.br\/agazeta\/#website"},"primaryImageOfPage":{"@id":"https:\/\/nk7-testes.com.br\/agazeta\/ribeirinhos-sofrem-para-escoar-producao-devido-a-seca\/#primaryimage"},"image":{"@id":"https:\/\/nk7-testes.com.br\/agazeta\/ribeirinhos-sofrem-para-escoar-producao-devido-a-seca\/#primaryimage"},"thumbnailUrl":"https:\/\/nk7-testes.com.br\/agazeta\/wp-content\/uploads\/2016\/08\/080816-cotidiano-seca-ribeirinhos.jpg","datePublished":"2016-08-08T15:59:49+00:00","author":{"@id":"https:\/\/nk7-testes.com.br\/agazeta\/#\/schema\/person\/6d6e25cb0435eb4a02fd44d30b4e3020"},"breadcrumb":{"@id":"https:\/\/nk7-testes.com.br\/agazeta\/ribeirinhos-sofrem-para-escoar-producao-devido-a-seca\/#breadcrumb"},"inLanguage":"pt-BR","potentialAction":[{"@type":"ReadAction","target":["https:\/\/nk7-testes.com.br\/agazeta\/ribeirinhos-sofrem-para-escoar-producao-devido-a-seca\/"]}]},{"@type":"ImageObject","inLanguage":"pt-BR","@id":"https:\/\/nk7-testes.com.br\/agazeta\/ribeirinhos-sofrem-para-escoar-producao-devido-a-seca\/#primaryimage","url":"https:\/\/nk7-testes.com.br\/agazeta\/wp-content\/uploads\/2016\/08\/080816-cotidiano-seca-ribeirinhos.jpg","contentUrl":"https:\/\/nk7-testes.com.br\/agazeta\/wp-content\/uploads\/2016\/08\/080816-cotidiano-seca-ribeirinhos.jpg","width":458,"height":340,"caption":"080816-cotidiano-seca-ribeirinhos"},{"@type":"BreadcrumbList","@id":"https:\/\/nk7-testes.com.br\/agazeta\/ribeirinhos-sofrem-para-escoar-producao-devido-a-seca\/#breadcrumb","itemListElement":[{"@type":"ListItem","position":1,"name":"In\u00edcio","item":"https:\/\/nk7-testes.com.br\/agazeta\/"},{"@type":"ListItem","position":2,"name":"Ribeirinhos sofrem para escoar produ\u00e7\u00e3o devido \u00e0 seca"}]},{"@type":"WebSite","@id":"https:\/\/nk7-testes.com.br\/agazeta\/#website","url":"https:\/\/nk7-testes.com.br\/agazeta\/","name":"Agazeta.net","description":"Agazeta.net - Not\u00edcias de Rio Branco\/AC","potentialAction":[{"@type":"SearchAction","target":{"@type":"EntryPoint","urlTemplate":"https:\/\/nk7-testes.com.br\/agazeta\/?s={search_term_string}"},"query-input":{"@type":"PropertyValueSpecification","valueRequired":true,"valueName":"search_term_string"}}],"inLanguage":"pt-BR"},{"@type":"Person","@id":"https:\/\/nk7-testes.com.br\/agazeta\/#\/schema\/person\/6d6e25cb0435eb4a02fd44d30b4e3020","name":"Agazeta.Net","url":"https:\/\/nk7-testes.com.br\/agazeta\/author\/agazeta\/"}]}},"_links":{"self":[{"href":"https:\/\/nk7-testes.com.br\/agazeta\/wp-json\/wp\/v2\/posts\/24377","targetHints":{"allow":["GET"]}}],"collection":[{"href":"https:\/\/nk7-testes.com.br\/agazeta\/wp-json\/wp\/v2\/posts"}],"about":[{"href":"https:\/\/nk7-testes.com.br\/agazeta\/wp-json\/wp\/v2\/types\/post"}],"author":[{"embeddable":true,"href":"https:\/\/nk7-testes.com.br\/agazeta\/wp-json\/wp\/v2\/users\/4"}],"replies":[{"embeddable":true,"href":"https:\/\/nk7-testes.com.br\/agazeta\/wp-json\/wp\/v2\/comments?post=24377"}],"version-history":[{"count":0,"href":"https:\/\/nk7-testes.com.br\/agazeta\/wp-json\/wp\/v2\/posts\/24377\/revisions"}],"wp:featuredmedia":[{"embeddable":true,"href":"https:\/\/nk7-testes.com.br\/agazeta\/wp-json\/wp\/v2\/media\/24376"}],"wp:attachment":[{"href":"https:\/\/nk7-testes.com.br\/agazeta\/wp-json\/wp\/v2\/media?parent=24377"}],"wp:term":[{"taxonomy":"category","embeddable":true,"href":"https:\/\/nk7-testes.com.br\/agazeta\/wp-json\/wp\/v2\/categories?post=24377"},{"taxonomy":"post_tag","embeddable":true,"href":"https:\/\/nk7-testes.com.br\/agazeta\/wp-json\/wp\/v2\/tags?post=24377"}],"curies":[{"name":"wp","href":"https:\/\/api.w.org\/{rel}","templated":true}]}}