{"id":24375,"date":"2016-08-08T15:12:18","date_gmt":"2016-08-08T15:12:18","guid":{"rendered":"https:\/\/abarevegan.com.br\/index.php\/2016\/08\/08\/homem-morre-em-acidente-na-estrada-de-placido-de-castro\/"},"modified":"2016-08-08T15:12:18","modified_gmt":"2016-08-08T15:12:18","slug":"homem-morre-em-acidente-na-estrada-de-placido-de-castro","status":"publish","type":"post","link":"https:\/\/nk7-testes.com.br\/agazeta\/homem-morre-em-acidente-na-estrada-de-placido-de-castro\/","title":{"rendered":"Homem morre em acidente na estrada de Pl\u00e1cido de Castro"},"content":{"rendered":"<p style=\"text-align: justify;\">Ele perdeu o controle do ve\u00edculo e colidiu contra um poste<\/p>\n<p style=\"text-align: justify;\">Um grave acidente foi registrado na noite deste domingo (7) na estrada de Pl\u00e1cido de Castro. Marivaldo Tom\u00e9, 46 anos, morreu ap\u00f3s colidir contra um poste de ilumina\u00e7\u00e3o p\u00fablica \u00e0 margens da estrada.<\/p>\n<p style=\"text-align: justify;\">De acordo com testemunhas, Marivaldo estava numa festa ,quando anoite teria resolvido voltar pra casa. Ele dirigia num carro modelo Fiat Strada quando perdeu o controle do ve\u00edculo e bateu contra o poste.<\/p>\n<p style=\"text-align: justify;\">O carro capotou algumas vezes. O impacto foi t\u00e3o forte que a v\u00edtima teve a cabe\u00e7a decepada. N\u00e3o se sabe o que causou o acidente.<\/p>\n","protected":false},"excerpt":{"rendered":"<p style=\"text-align: justify;\">Ele perdeu o controle do ve\u00edculo e colidiu contra um poste<\/p>\n","protected":false},"author":4,"featured_media":24374,"comment_status":"open","ping_status":"open","sticky":false,"template":"","format":"standard","meta":{"jnews-multi-image_gallery":[],"jnews_single_post":[],"jnews_primary_category":[],"jnews_social_meta":[],"jnews_review":[],"enable_review":"","type":"","name":"","summary":"","brand":"","sku":"","good":[],"bad":[],"score_override":"","override_value":"","rating":[],"price":[],"footnotes":""},"categories":[44],"tags":[],"class_list":["post-24375","post","type-post","status-publish","format-standard","has-post-thumbnail","hentry","category-policia"],"yoast_head":"<!-- This site is optimized with the Yoast SEO plugin v26.5 - https:\/\/yoast.com\/wordpress\/plugins\/seo\/ -->\n<title>Homem morre em acidente na estrada de Pl\u00e1cido de Castro - Agazeta.net<\/title>\n<meta name=\"robots\" content=\"index, follow, max-snippet:-1, max-image-preview:large, max-video-preview:-1\" \/>\n<link rel=\"canonical\" href=\"https:\/\/nk7-testes.com.br\/agazeta\/homem-morre-em-acidente-na-estrada-de-placido-de-castro\/\" \/>\n<meta property=\"og:locale\" content=\"pt_BR\" \/>\n<meta property=\"og:type\" content=\"article\" \/>\n<meta property=\"og:title\" content=\"Homem morre em acidente na estrada de Pl\u00e1cido de Castro - Agazeta.net\" \/>\n<meta property=\"og:description\" content=\"Ele perdeu o controle do ve\u00edculo e colidiu contra um poste\" \/>\n<meta property=\"og:url\" content=\"https:\/\/nk7-testes.com.br\/agazeta\/homem-morre-em-acidente-na-estrada-de-placido-de-castro\/\" \/>\n<meta property=\"og:site_name\" content=\"Agazeta.net\" \/>\n<meta property=\"article:published_time\" content=\"2016-08-08T15:12:18+00:00\" \/>\n<meta property=\"og:image\" content=\"https:\/\/nk7-testes.com.br\/agazeta\/wp-content\/uploads\/2016\/08\/080816-policia-acidentegraveplacido.jpg\" \/>\n\t<meta property=\"og:image:width\" content=\"458\" \/>\n\t<meta property=\"og:image:height\" content=\"340\" \/>\n\t<meta property=\"og:image:type\" content=\"image\/jpeg\" \/>\n<meta name=\"author\" content=\"Agazeta.Net\" \/>\n<meta name=\"twitter:card\" content=\"summary_large_image\" \/>\n<meta name=\"twitter:label1\" content=\"Escrito por\" \/>\n\t<meta name=\"twitter:data1\" content=\"Agazeta.Net\" \/>\n\t<meta name=\"twitter:label2\" content=\"Est. tempo de leitura\" \/>\n\t<meta name=\"twitter:data2\" content=\"1 minuto\" \/>\n<script type=\"application\/ld+json\" class=\"yoast-schema-graph\">{\"@context\":\"https:\/\/schema.org\",\"@graph\":[{\"@type\":\"WebPage\",\"@id\":\"https:\/\/nk7-testes.com.br\/agazeta\/homem-morre-em-acidente-na-estrada-de-placido-de-castro\/\",\"url\":\"https:\/\/nk7-testes.com.br\/agazeta\/homem-morre-em-acidente-na-estrada-de-placido-de-castro\/\",\"name\":\"Homem morre em acidente na estrada de Pl\u00e1cido de Castro - Agazeta.net\",\"isPartOf\":{\"@id\":\"https:\/\/nk7-testes.com.br\/agazeta\/#website\"},\"primaryImageOfPage\":{\"@id\":\"https:\/\/nk7-testes.com.br\/agazeta\/homem-morre-em-acidente-na-estrada-de-placido-de-castro\/#primaryimage\"},\"image\":{\"@id\":\"https:\/\/nk7-testes.com.br\/agazeta\/homem-morre-em-acidente-na-estrada-de-placido-de-castro\/#primaryimage\"},\"thumbnailUrl\":\"https:\/\/nk7-testes.com.br\/agazeta\/wp-content\/uploads\/2016\/08\/080816-policia-acidentegraveplacido.jpg\",\"datePublished\":\"2016-08-08T15:12:18+00:00\",\"author\":{\"@id\":\"https:\/\/nk7-testes.com.br\/agazeta\/#\/schema\/person\/6d6e25cb0435eb4a02fd44d30b4e3020\"},\"breadcrumb\":{\"@id\":\"https:\/\/nk7-testes.com.br\/agazeta\/homem-morre-em-acidente-na-estrada-de-placido-de-castro\/#breadcrumb\"},\"inLanguage\":\"pt-BR\",\"potentialAction\":[{\"@type\":\"ReadAction\",\"target\":[\"https:\/\/nk7-testes.com.br\/agazeta\/homem-morre-em-acidente-na-estrada-de-placido-de-castro\/\"]}]},{\"@type\":\"ImageObject\",\"inLanguage\":\"pt-BR\",\"@id\":\"https:\/\/nk7-testes.com.br\/agazeta\/homem-morre-em-acidente-na-estrada-de-placido-de-castro\/#primaryimage\",\"url\":\"https:\/\/nk7-testes.com.br\/agazeta\/wp-content\/uploads\/2016\/08\/080816-policia-acidentegraveplacido.jpg\",\"contentUrl\":\"https:\/\/nk7-testes.com.br\/agazeta\/wp-content\/uploads\/2016\/08\/080816-policia-acidentegraveplacido.jpg\",\"width\":458,\"height\":340,\"caption\":\"080816-policia-acidentegravepl\u00e1cido\"},{\"@type\":\"BreadcrumbList\",\"@id\":\"https:\/\/nk7-testes.com.br\/agazeta\/homem-morre-em-acidente-na-estrada-de-placido-de-castro\/#breadcrumb\",\"itemListElement\":[{\"@type\":\"ListItem\",\"position\":1,\"name\":\"In\u00edcio\",\"item\":\"https:\/\/nk7-testes.com.br\/agazeta\/\"},{\"@type\":\"ListItem\",\"position\":2,\"name\":\"Homem morre em acidente na estrada de Pl\u00e1cido de Castro\"}]},{\"@type\":\"WebSite\",\"@id\":\"https:\/\/nk7-testes.com.br\/agazeta\/#website\",\"url\":\"https:\/\/nk7-testes.com.br\/agazeta\/\",\"name\":\"Agazeta.net\",\"description\":\"Agazeta.net - Not\u00edcias de Rio Branco\/AC\",\"potentialAction\":[{\"@type\":\"SearchAction\",\"target\":{\"@type\":\"EntryPoint\",\"urlTemplate\":\"https:\/\/nk7-testes.com.br\/agazeta\/?s={search_term_string}\"},\"query-input\":{\"@type\":\"PropertyValueSpecification\",\"valueRequired\":true,\"valueName\":\"search_term_string\"}}],\"inLanguage\":\"pt-BR\"},{\"@type\":\"Person\",\"@id\":\"https:\/\/nk7-testes.com.br\/agazeta\/#\/schema\/person\/6d6e25cb0435eb4a02fd44d30b4e3020\",\"name\":\"Agazeta.Net\",\"url\":\"https:\/\/nk7-testes.com.br\/agazeta\/author\/agazeta\/\"}]}<\/script>\n<!-- \/ Yoast SEO plugin. -->","yoast_head_json":{"title":"Homem morre em acidente na estrada de Pl\u00e1cido de Castro - Agazeta.net","robots":{"index":"index","follow":"follow","max-snippet":"max-snippet:-1","max-image-preview":"max-image-preview:large","max-video-preview":"max-video-preview:-1"},"canonical":"https:\/\/nk7-testes.com.br\/agazeta\/homem-morre-em-acidente-na-estrada-de-placido-de-castro\/","og_locale":"pt_BR","og_type":"article","og_title":"Homem morre em acidente na estrada de Pl\u00e1cido de Castro - Agazeta.net","og_description":"Ele perdeu o controle do ve\u00edculo e colidiu contra um poste","og_url":"https:\/\/nk7-testes.com.br\/agazeta\/homem-morre-em-acidente-na-estrada-de-placido-de-castro\/","og_site_name":"Agazeta.net","article_published_time":"2016-08-08T15:12:18+00:00","og_image":[{"width":458,"height":340,"url":"https:\/\/nk7-testes.com.br\/agazeta\/wp-content\/uploads\/2016\/08\/080816-policia-acidentegraveplacido.jpg","type":"image\/jpeg"}],"author":"Agazeta.Net","twitter_card":"summary_large_image","twitter_misc":{"Escrito por":"Agazeta.Net","Est. tempo de leitura":"1 minuto"},"schema":{"@context":"https:\/\/schema.org","@graph":[{"@type":"WebPage","@id":"https:\/\/nk7-testes.com.br\/agazeta\/homem-morre-em-acidente-na-estrada-de-placido-de-castro\/","url":"https:\/\/nk7-testes.com.br\/agazeta\/homem-morre-em-acidente-na-estrada-de-placido-de-castro\/","name":"Homem morre em acidente na estrada de Pl\u00e1cido de Castro - Agazeta.net","isPartOf":{"@id":"https:\/\/nk7-testes.com.br\/agazeta\/#website"},"primaryImageOfPage":{"@id":"https:\/\/nk7-testes.com.br\/agazeta\/homem-morre-em-acidente-na-estrada-de-placido-de-castro\/#primaryimage"},"image":{"@id":"https:\/\/nk7-testes.com.br\/agazeta\/homem-morre-em-acidente-na-estrada-de-placido-de-castro\/#primaryimage"},"thumbnailUrl":"https:\/\/nk7-testes.com.br\/agazeta\/wp-content\/uploads\/2016\/08\/080816-policia-acidentegraveplacido.jpg","datePublished":"2016-08-08T15:12:18+00:00","author":{"@id":"https:\/\/nk7-testes.com.br\/agazeta\/#\/schema\/person\/6d6e25cb0435eb4a02fd44d30b4e3020"},"breadcrumb":{"@id":"https:\/\/nk7-testes.com.br\/agazeta\/homem-morre-em-acidente-na-estrada-de-placido-de-castro\/#breadcrumb"},"inLanguage":"pt-BR","potentialAction":[{"@type":"ReadAction","target":["https:\/\/nk7-testes.com.br\/agazeta\/homem-morre-em-acidente-na-estrada-de-placido-de-castro\/"]}]},{"@type":"ImageObject","inLanguage":"pt-BR","@id":"https:\/\/nk7-testes.com.br\/agazeta\/homem-morre-em-acidente-na-estrada-de-placido-de-castro\/#primaryimage","url":"https:\/\/nk7-testes.com.br\/agazeta\/wp-content\/uploads\/2016\/08\/080816-policia-acidentegraveplacido.jpg","contentUrl":"https:\/\/nk7-testes.com.br\/agazeta\/wp-content\/uploads\/2016\/08\/080816-policia-acidentegraveplacido.jpg","width":458,"height":340,"caption":"080816-policia-acidentegravepl\u00e1cido"},{"@type":"BreadcrumbList","@id":"https:\/\/nk7-testes.com.br\/agazeta\/homem-morre-em-acidente-na-estrada-de-placido-de-castro\/#breadcrumb","itemListElement":[{"@type":"ListItem","position":1,"name":"In\u00edcio","item":"https:\/\/nk7-testes.com.br\/agazeta\/"},{"@type":"ListItem","position":2,"name":"Homem morre em acidente na estrada de Pl\u00e1cido de Castro"}]},{"@type":"WebSite","@id":"https:\/\/nk7-testes.com.br\/agazeta\/#website","url":"https:\/\/nk7-testes.com.br\/agazeta\/","name":"Agazeta.net","description":"Agazeta.net - Not\u00edcias de Rio Branco\/AC","potentialAction":[{"@type":"SearchAction","target":{"@type":"EntryPoint","urlTemplate":"https:\/\/nk7-testes.com.br\/agazeta\/?s={search_term_string}"},"query-input":{"@type":"PropertyValueSpecification","valueRequired":true,"valueName":"search_term_string"}}],"inLanguage":"pt-BR"},{"@type":"Person","@id":"https:\/\/nk7-testes.com.br\/agazeta\/#\/schema\/person\/6d6e25cb0435eb4a02fd44d30b4e3020","name":"Agazeta.Net","url":"https:\/\/nk7-testes.com.br\/agazeta\/author\/agazeta\/"}]}},"_links":{"self":[{"href":"https:\/\/nk7-testes.com.br\/agazeta\/wp-json\/wp\/v2\/posts\/24375","targetHints":{"allow":["GET"]}}],"collection":[{"href":"https:\/\/nk7-testes.com.br\/agazeta\/wp-json\/wp\/v2\/posts"}],"about":[{"href":"https:\/\/nk7-testes.com.br\/agazeta\/wp-json\/wp\/v2\/types\/post"}],"author":[{"embeddable":true,"href":"https:\/\/nk7-testes.com.br\/agazeta\/wp-json\/wp\/v2\/users\/4"}],"replies":[{"embeddable":true,"href":"https:\/\/nk7-testes.com.br\/agazeta\/wp-json\/wp\/v2\/comments?post=24375"}],"version-history":[{"count":0,"href":"https:\/\/nk7-testes.com.br\/agazeta\/wp-json\/wp\/v2\/posts\/24375\/revisions"}],"wp:featuredmedia":[{"embeddable":true,"href":"https:\/\/nk7-testes.com.br\/agazeta\/wp-json\/wp\/v2\/media\/24374"}],"wp:attachment":[{"href":"https:\/\/nk7-testes.com.br\/agazeta\/wp-json\/wp\/v2\/media?parent=24375"}],"wp:term":[{"taxonomy":"category","embeddable":true,"href":"https:\/\/nk7-testes.com.br\/agazeta\/wp-json\/wp\/v2\/categories?post=24375"},{"taxonomy":"post_tag","embeddable":true,"href":"https:\/\/nk7-testes.com.br\/agazeta\/wp-json\/wp\/v2\/tags?post=24375"}],"curies":[{"name":"wp","href":"https:\/\/api.w.org\/{rel}","templated":true}]}}