{"id":24371,"date":"2016-08-08T14:12:18","date_gmt":"2016-08-08T14:12:18","guid":{"rendered":"https:\/\/abarevegan.com.br\/index.php\/2016\/08\/08\/brasileia-registra-2-homicidio-em-24h-por-arma-branca\/"},"modified":"2016-08-08T14:12:18","modified_gmt":"2016-08-08T14:12:18","slug":"brasileia-registra-2-homicidio-em-24h-por-arma-branca","status":"publish","type":"post","link":"https:\/\/nk7-testes.com.br\/agazeta\/brasileia-registra-2-homicidio-em-24h-por-arma-branca\/","title":{"rendered":"Brasil\u00e9ia registra 2\u00ba homic\u00eddio em menos de 24h por arma branca"},"content":{"rendered":"<p style=\"text-align: justify;\">Sand\u00e1lias e faca foram achadas pr\u00f3ximo a cena do crime<\/p>\n<p style=\"text-align: justify;\">Ap\u00f3s identificarem que o vigia de ch\u00e1cara teria sido assassinado por arma branca na madrugada deste s\u00e1bado (6), as autoridades locais foram acionadas para verificarem um homem que estava ferido no Bairro Eldorado, pr\u00f3ximo ao Sesc em Brasil\u00e9ia.<\/p>\n<p style=\"text-align: justify;\">O homem identificado como Odailson Silva e Silva (23), conhecido como \u201cJana\u00fa\u201d, teria sido ferido com arma branca (faca) no peito por volta das 1h30 da madrugada deste domingo (7), na Rua Francisco Alves de Moraes.<\/p>\n<p style=\"text-align: justify;\">Segundo testemunhas, a v\u00edtima n\u00e3o teve tempo de dizer quem teria lhe ferido. O crime teria ocorrido poucos metros do local onde estava o corpo, onde foi localizado um par de sand\u00e1lias e uma faca com mancha de sangue no cabo.<\/p>\n<p style=\"text-align: justify;\">Uma equipe do Samu foi at\u00e9 o local, mas nada pode fazer, pois o rapaz j\u00e1 estava sem vida.<\/p>\n<p style=\"text-align: justify;\">A v\u00edtima teria sido vista se confraternizando com amigos pela redondeza antes de ser assassinado.<\/p>\n<p style=\"text-align: justify;\">O corpo foi conduzido ao IML da capital.<\/p>\n","protected":false},"excerpt":{"rendered":"<p style=\"text-align: justify;\">Sand\u00e1lias e faca foram achadas pr\u00f3ximo a cena do crime<\/p>\n","protected":false},"author":4,"featured_media":24370,"comment_status":"open","ping_status":"open","sticky":false,"template":"","format":"standard","meta":{"jnews-multi-image_gallery":[],"jnews_single_post":[],"jnews_primary_category":[],"jnews_social_meta":[],"jnews_review":[],"enable_review":"","type":"","name":"","summary":"","brand":"","sku":"","good":[],"bad":[],"score_override":"","override_value":"","rating":[],"price":[],"footnotes":""},"categories":[44],"tags":[],"class_list":["post-24371","post","type-post","status-publish","format-standard","has-post-thumbnail","hentry","category-policia"],"yoast_head":"<!-- This site is optimized with the Yoast SEO plugin v26.5 - https:\/\/yoast.com\/wordpress\/plugins\/seo\/ -->\n<title>Brasil\u00e9ia registra 2\u00ba homic\u00eddio em menos de 24h por arma branca - Agazeta.net<\/title>\n<meta name=\"robots\" content=\"index, follow, max-snippet:-1, max-image-preview:large, max-video-preview:-1\" \/>\n<link rel=\"canonical\" href=\"https:\/\/nk7-testes.com.br\/agazeta\/brasileia-registra-2-homicidio-em-24h-por-arma-branca\/\" \/>\n<meta property=\"og:locale\" content=\"pt_BR\" \/>\n<meta property=\"og:type\" content=\"article\" \/>\n<meta property=\"og:title\" content=\"Brasil\u00e9ia registra 2\u00ba homic\u00eddio em menos de 24h por arma branca - Agazeta.net\" \/>\n<meta property=\"og:description\" content=\"Sand\u00e1lias e faca foram achadas pr\u00f3ximo a cena do crime\" \/>\n<meta property=\"og:url\" content=\"https:\/\/nk7-testes.com.br\/agazeta\/brasileia-registra-2-homicidio-em-24h-por-arma-branca\/\" \/>\n<meta property=\"og:site_name\" content=\"Agazeta.net\" \/>\n<meta property=\"article:published_time\" content=\"2016-08-08T14:12:18+00:00\" \/>\n<meta property=\"og:image\" content=\"https:\/\/nk7-testes.com.br\/agazeta\/wp-content\/uploads\/2016\/08\/080816-policia-jovemassassinado.jpg\" \/>\n\t<meta property=\"og:image:width\" content=\"458\" \/>\n\t<meta property=\"og:image:height\" content=\"340\" \/>\n\t<meta property=\"og:image:type\" content=\"image\/jpeg\" \/>\n<meta name=\"author\" content=\"Agazeta.Net\" \/>\n<meta name=\"twitter:card\" content=\"summary_large_image\" \/>\n<meta name=\"twitter:label1\" content=\"Escrito por\" \/>\n\t<meta name=\"twitter:data1\" content=\"Agazeta.Net\" \/>\n\t<meta name=\"twitter:label2\" content=\"Est. tempo de leitura\" \/>\n\t<meta name=\"twitter:data2\" content=\"1 minuto\" \/>\n<script type=\"application\/ld+json\" class=\"yoast-schema-graph\">{\"@context\":\"https:\/\/schema.org\",\"@graph\":[{\"@type\":\"WebPage\",\"@id\":\"https:\/\/nk7-testes.com.br\/agazeta\/brasileia-registra-2-homicidio-em-24h-por-arma-branca\/\",\"url\":\"https:\/\/nk7-testes.com.br\/agazeta\/brasileia-registra-2-homicidio-em-24h-por-arma-branca\/\",\"name\":\"Brasil\u00e9ia registra 2\u00ba homic\u00eddio em menos de 24h por arma branca - Agazeta.net\",\"isPartOf\":{\"@id\":\"https:\/\/nk7-testes.com.br\/agazeta\/#website\"},\"primaryImageOfPage\":{\"@id\":\"https:\/\/nk7-testes.com.br\/agazeta\/brasileia-registra-2-homicidio-em-24h-por-arma-branca\/#primaryimage\"},\"image\":{\"@id\":\"https:\/\/nk7-testes.com.br\/agazeta\/brasileia-registra-2-homicidio-em-24h-por-arma-branca\/#primaryimage\"},\"thumbnailUrl\":\"https:\/\/nk7-testes.com.br\/agazeta\/wp-content\/uploads\/2016\/08\/080816-policia-jovemassassinado.jpg\",\"datePublished\":\"2016-08-08T14:12:18+00:00\",\"author\":{\"@id\":\"https:\/\/nk7-testes.com.br\/agazeta\/#\/schema\/person\/6d6e25cb0435eb4a02fd44d30b4e3020\"},\"breadcrumb\":{\"@id\":\"https:\/\/nk7-testes.com.br\/agazeta\/brasileia-registra-2-homicidio-em-24h-por-arma-branca\/#breadcrumb\"},\"inLanguage\":\"pt-BR\",\"potentialAction\":[{\"@type\":\"ReadAction\",\"target\":[\"https:\/\/nk7-testes.com.br\/agazeta\/brasileia-registra-2-homicidio-em-24h-por-arma-branca\/\"]}]},{\"@type\":\"ImageObject\",\"inLanguage\":\"pt-BR\",\"@id\":\"https:\/\/nk7-testes.com.br\/agazeta\/brasileia-registra-2-homicidio-em-24h-por-arma-branca\/#primaryimage\",\"url\":\"https:\/\/nk7-testes.com.br\/agazeta\/wp-content\/uploads\/2016\/08\/080816-policia-jovemassassinado.jpg\",\"contentUrl\":\"https:\/\/nk7-testes.com.br\/agazeta\/wp-content\/uploads\/2016\/08\/080816-policia-jovemassassinado.jpg\",\"width\":458,\"height\":340,\"caption\":\"080816-policia-jovemassassinado\"},{\"@type\":\"BreadcrumbList\",\"@id\":\"https:\/\/nk7-testes.com.br\/agazeta\/brasileia-registra-2-homicidio-em-24h-por-arma-branca\/#breadcrumb\",\"itemListElement\":[{\"@type\":\"ListItem\",\"position\":1,\"name\":\"In\u00edcio\",\"item\":\"https:\/\/nk7-testes.com.br\/agazeta\/\"},{\"@type\":\"ListItem\",\"position\":2,\"name\":\"Brasil\u00e9ia registra 2\u00ba homic\u00eddio em menos de 24h por arma branca\"}]},{\"@type\":\"WebSite\",\"@id\":\"https:\/\/nk7-testes.com.br\/agazeta\/#website\",\"url\":\"https:\/\/nk7-testes.com.br\/agazeta\/\",\"name\":\"Agazeta.net\",\"description\":\"Agazeta.net - Not\u00edcias de Rio Branco\/AC\",\"potentialAction\":[{\"@type\":\"SearchAction\",\"target\":{\"@type\":\"EntryPoint\",\"urlTemplate\":\"https:\/\/nk7-testes.com.br\/agazeta\/?s={search_term_string}\"},\"query-input\":{\"@type\":\"PropertyValueSpecification\",\"valueRequired\":true,\"valueName\":\"search_term_string\"}}],\"inLanguage\":\"pt-BR\"},{\"@type\":\"Person\",\"@id\":\"https:\/\/nk7-testes.com.br\/agazeta\/#\/schema\/person\/6d6e25cb0435eb4a02fd44d30b4e3020\",\"name\":\"Agazeta.Net\",\"url\":\"https:\/\/nk7-testes.com.br\/agazeta\/author\/agazeta\/\"}]}<\/script>\n<!-- \/ Yoast SEO plugin. -->","yoast_head_json":{"title":"Brasil\u00e9ia registra 2\u00ba homic\u00eddio em menos de 24h por arma branca - Agazeta.net","robots":{"index":"index","follow":"follow","max-snippet":"max-snippet:-1","max-image-preview":"max-image-preview:large","max-video-preview":"max-video-preview:-1"},"canonical":"https:\/\/nk7-testes.com.br\/agazeta\/brasileia-registra-2-homicidio-em-24h-por-arma-branca\/","og_locale":"pt_BR","og_type":"article","og_title":"Brasil\u00e9ia registra 2\u00ba homic\u00eddio em menos de 24h por arma branca - Agazeta.net","og_description":"Sand\u00e1lias e faca foram achadas pr\u00f3ximo a cena do crime","og_url":"https:\/\/nk7-testes.com.br\/agazeta\/brasileia-registra-2-homicidio-em-24h-por-arma-branca\/","og_site_name":"Agazeta.net","article_published_time":"2016-08-08T14:12:18+00:00","og_image":[{"width":458,"height":340,"url":"https:\/\/nk7-testes.com.br\/agazeta\/wp-content\/uploads\/2016\/08\/080816-policia-jovemassassinado.jpg","type":"image\/jpeg"}],"author":"Agazeta.Net","twitter_card":"summary_large_image","twitter_misc":{"Escrito por":"Agazeta.Net","Est. tempo de leitura":"1 minuto"},"schema":{"@context":"https:\/\/schema.org","@graph":[{"@type":"WebPage","@id":"https:\/\/nk7-testes.com.br\/agazeta\/brasileia-registra-2-homicidio-em-24h-por-arma-branca\/","url":"https:\/\/nk7-testes.com.br\/agazeta\/brasileia-registra-2-homicidio-em-24h-por-arma-branca\/","name":"Brasil\u00e9ia registra 2\u00ba homic\u00eddio em menos de 24h por arma branca - Agazeta.net","isPartOf":{"@id":"https:\/\/nk7-testes.com.br\/agazeta\/#website"},"primaryImageOfPage":{"@id":"https:\/\/nk7-testes.com.br\/agazeta\/brasileia-registra-2-homicidio-em-24h-por-arma-branca\/#primaryimage"},"image":{"@id":"https:\/\/nk7-testes.com.br\/agazeta\/brasileia-registra-2-homicidio-em-24h-por-arma-branca\/#primaryimage"},"thumbnailUrl":"https:\/\/nk7-testes.com.br\/agazeta\/wp-content\/uploads\/2016\/08\/080816-policia-jovemassassinado.jpg","datePublished":"2016-08-08T14:12:18+00:00","author":{"@id":"https:\/\/nk7-testes.com.br\/agazeta\/#\/schema\/person\/6d6e25cb0435eb4a02fd44d30b4e3020"},"breadcrumb":{"@id":"https:\/\/nk7-testes.com.br\/agazeta\/brasileia-registra-2-homicidio-em-24h-por-arma-branca\/#breadcrumb"},"inLanguage":"pt-BR","potentialAction":[{"@type":"ReadAction","target":["https:\/\/nk7-testes.com.br\/agazeta\/brasileia-registra-2-homicidio-em-24h-por-arma-branca\/"]}]},{"@type":"ImageObject","inLanguage":"pt-BR","@id":"https:\/\/nk7-testes.com.br\/agazeta\/brasileia-registra-2-homicidio-em-24h-por-arma-branca\/#primaryimage","url":"https:\/\/nk7-testes.com.br\/agazeta\/wp-content\/uploads\/2016\/08\/080816-policia-jovemassassinado.jpg","contentUrl":"https:\/\/nk7-testes.com.br\/agazeta\/wp-content\/uploads\/2016\/08\/080816-policia-jovemassassinado.jpg","width":458,"height":340,"caption":"080816-policia-jovemassassinado"},{"@type":"BreadcrumbList","@id":"https:\/\/nk7-testes.com.br\/agazeta\/brasileia-registra-2-homicidio-em-24h-por-arma-branca\/#breadcrumb","itemListElement":[{"@type":"ListItem","position":1,"name":"In\u00edcio","item":"https:\/\/nk7-testes.com.br\/agazeta\/"},{"@type":"ListItem","position":2,"name":"Brasil\u00e9ia registra 2\u00ba homic\u00eddio em menos de 24h por arma branca"}]},{"@type":"WebSite","@id":"https:\/\/nk7-testes.com.br\/agazeta\/#website","url":"https:\/\/nk7-testes.com.br\/agazeta\/","name":"Agazeta.net","description":"Agazeta.net - Not\u00edcias de Rio Branco\/AC","potentialAction":[{"@type":"SearchAction","target":{"@type":"EntryPoint","urlTemplate":"https:\/\/nk7-testes.com.br\/agazeta\/?s={search_term_string}"},"query-input":{"@type":"PropertyValueSpecification","valueRequired":true,"valueName":"search_term_string"}}],"inLanguage":"pt-BR"},{"@type":"Person","@id":"https:\/\/nk7-testes.com.br\/agazeta\/#\/schema\/person\/6d6e25cb0435eb4a02fd44d30b4e3020","name":"Agazeta.Net","url":"https:\/\/nk7-testes.com.br\/agazeta\/author\/agazeta\/"}]}},"_links":{"self":[{"href":"https:\/\/nk7-testes.com.br\/agazeta\/wp-json\/wp\/v2\/posts\/24371","targetHints":{"allow":["GET"]}}],"collection":[{"href":"https:\/\/nk7-testes.com.br\/agazeta\/wp-json\/wp\/v2\/posts"}],"about":[{"href":"https:\/\/nk7-testes.com.br\/agazeta\/wp-json\/wp\/v2\/types\/post"}],"author":[{"embeddable":true,"href":"https:\/\/nk7-testes.com.br\/agazeta\/wp-json\/wp\/v2\/users\/4"}],"replies":[{"embeddable":true,"href":"https:\/\/nk7-testes.com.br\/agazeta\/wp-json\/wp\/v2\/comments?post=24371"}],"version-history":[{"count":0,"href":"https:\/\/nk7-testes.com.br\/agazeta\/wp-json\/wp\/v2\/posts\/24371\/revisions"}],"wp:featuredmedia":[{"embeddable":true,"href":"https:\/\/nk7-testes.com.br\/agazeta\/wp-json\/wp\/v2\/media\/24370"}],"wp:attachment":[{"href":"https:\/\/nk7-testes.com.br\/agazeta\/wp-json\/wp\/v2\/media?parent=24371"}],"wp:term":[{"taxonomy":"category","embeddable":true,"href":"https:\/\/nk7-testes.com.br\/agazeta\/wp-json\/wp\/v2\/categories?post=24371"},{"taxonomy":"post_tag","embeddable":true,"href":"https:\/\/nk7-testes.com.br\/agazeta\/wp-json\/wp\/v2\/tags?post=24371"}],"curies":[{"name":"wp","href":"https:\/\/api.w.org\/{rel}","templated":true}]}}