{"id":24347,"date":"2016-08-05T20:09:05","date_gmt":"2016-08-05T20:09:05","guid":{"rendered":"https:\/\/abarevegan.com.br\/index.php\/2016\/08\/05\/corpo-de-bombeiros-intensifica-combate-as-queimadas\/"},"modified":"2016-08-05T20:09:05","modified_gmt":"2016-08-05T20:09:05","slug":"corpo-de-bombeiros-intensifica-combate-as-queimadas","status":"publish","type":"post","link":"https:\/\/nk7-testes.com.br\/agazeta\/corpo-de-bombeiros-intensifica-combate-as-queimadas\/","title":{"rendered":"Corpo de Bombeiros intensifica combate \u00e0s queimadas"},"content":{"rendered":"<p style=\"text-align: justify;\">Ex\u00e9rcito ser\u00e1 solicitado pelo Governo do Acre a cooperar<\/p>\n<p style=\"text-align: justify;\">O Corpo de Bombeiros, em parceria com os \u00f3rg\u00e3os ambientais do Estado, realizou na manh\u00e3 desta sexta-feira (5) v\u00e1rias fiscaliza\u00e7\u00f5es na zona rural de Rio Branco e munic\u00edpios para detectar focos de queimadas.<\/p>\n<p style=\"text-align: justify;\">Para a fiscaliza\u00e7\u00e3o, foi utilizado o helic\u00f3ptero Jo\u00e3o Donato. \u201cDe cima, n\u00f3s tivemos uma vis\u00e3o ampla e pudemos perceber o dano que isso tem causado ao meio ambiente, ao ecossistema, aos animais, \u00e0 sa\u00fade da comunidade. Ent\u00e3o, a partir de hoje, reunimos tamb\u00e9m equipes de terra, justamente para come\u00e7ar uma fiscaliza\u00e7\u00e3o muito mais intensa para combater esses inc\u00eandios ambientais criminosos\u201d, detalhou o major do Corpo de Bombeiros, Claudio Falc\u00e3o.<\/p>\n<p style=\"text-align: justify;\">Para auxiliar nas medidas de combate \u00e0s queimadas, o Estado espera agora o reconhecimento da situa\u00e7\u00e3o de emerg\u00eancia em rela\u00e7\u00e3o aos focos de inc\u00eandio, assim como aconteceu no caso da seca do Rio Acre.<\/p>\n<p style=\"text-align: justify;\">\u201cA situa\u00e7\u00e3o \u00e9 muito cr\u00edtica em rela\u00e7\u00e3o \u00e0s queimadas. Ent\u00e3o, foi reconhecido o decreto de situa\u00e7\u00e3o de emerg\u00eancia para a parte h\u00eddrica. Providenciaremos tamb\u00e9m, atrav\u00e9s do Governo do Estado, o decreto de situa\u00e7\u00e3o de emerg\u00eancia para as queimadas\u201d.<\/p>\n<p style=\"text-align: justify;\">O major disse ainda que receber\u00e3o ajuda tamb\u00e9m do Ex\u00e9rcito, j\u00e1 que o n\u00famero elevado de queimadas tem sobrecarregado as equipes do Corpo de Bombeiros.<\/p>\n<p style=\"text-align: justify;\"><img decoding=\"async\" class=\" size-full wp-image-24333\" src=\"https:\/\/nk7-testes.com.br\/wp-content\/uploads\/2016\/08\/1eaeras05092016.png\" width=\"458\" height=\"258\" alt=\"1eaeras05092016\" srcset=\"https:\/\/nk7-testes.com.br\/agazeta\/wp-content\/uploads\/2016\/08\/1eaeras05092016.png 771w, https:\/\/nk7-testes.com.br\/agazeta\/wp-content\/uploads\/2016\/08\/1eaeras05092016-300x169.png 300w, https:\/\/nk7-testes.com.br\/agazeta\/wp-content\/uploads\/2016\/08\/1eaeras05092016-768x432.png 768w\" sizes=\"(max-width: 458px) 100vw, 458px\" \/><\/p>\n<p style=\"text-align: justify;\"><img decoding=\"async\" class=\" size-full wp-image-24334\" src=\"https:\/\/nk7-testes.com.br\/wp-content\/uploads\/2016\/08\/2eaeras05092016.png\" width=\"458\" height=\"257\" alt=\"2eaeras05092016\" srcset=\"https:\/\/nk7-testes.com.br\/agazeta\/wp-content\/uploads\/2016\/08\/2eaeras05092016.png 778w, https:\/\/nk7-testes.com.br\/agazeta\/wp-content\/uploads\/2016\/08\/2eaeras05092016-300x168.png 300w, https:\/\/nk7-testes.com.br\/agazeta\/wp-content\/uploads\/2016\/08\/2eaeras05092016-768x430.png 768w\" sizes=\"(max-width: 458px) 100vw, 458px\" \/><\/p>\n<p style=\"text-align: justify;\"><img decoding=\"async\" class=\" size-full wp-image-24335\" src=\"https:\/\/nk7-testes.com.br\/wp-content\/uploads\/2016\/08\/3eaeras05092016.png\" width=\"458\" alt=\"3eaeras05092016\" srcset=\"https:\/\/nk7-testes.com.br\/agazeta\/wp-content\/uploads\/2016\/08\/3eaeras05092016.png 777w, https:\/\/nk7-testes.com.br\/agazeta\/wp-content\/uploads\/2016\/08\/3eaeras05092016-300x167.png 300w, https:\/\/nk7-testes.com.br\/agazeta\/wp-content\/uploads\/2016\/08\/3eaeras05092016-768x428.png 768w\" sizes=\"(max-width: 777px) 100vw, 777px\" \/><\/p>\n<p style=\"text-align: justify;\"><img decoding=\"async\" class=\" size-full wp-image-24336\" src=\"https:\/\/nk7-testes.com.br\/wp-content\/uploads\/2016\/08\/4eaeras05092016.png\" width=\"458\" height=\"258\" alt=\"4eaeras05092016\" srcset=\"https:\/\/nk7-testes.com.br\/agazeta\/wp-content\/uploads\/2016\/08\/4eaeras05092016.png 774w, https:\/\/nk7-testes.com.br\/agazeta\/wp-content\/uploads\/2016\/08\/4eaeras05092016-300x169.png 300w, https:\/\/nk7-testes.com.br\/agazeta\/wp-content\/uploads\/2016\/08\/4eaeras05092016-768x433.png 768w\" sizes=\"(max-width: 458px) 100vw, 458px\" \/><\/p>\n<p style=\"text-align: justify;\"><img decoding=\"async\" class=\" size-full wp-image-24337\" src=\"https:\/\/nk7-testes.com.br\/wp-content\/uploads\/2016\/08\/5eaeras05092016.png\" width=\"458\" alt=\"5eaeras05092016\" srcset=\"https:\/\/nk7-testes.com.br\/agazeta\/wp-content\/uploads\/2016\/08\/5eaeras05092016.png 778w, https:\/\/nk7-testes.com.br\/agazeta\/wp-content\/uploads\/2016\/08\/5eaeras05092016-300x168.png 300w, https:\/\/nk7-testes.com.br\/agazeta\/wp-content\/uploads\/2016\/08\/5eaeras05092016-768x430.png 768w\" sizes=\"(max-width: 778px) 100vw, 778px\" \/><\/p>\n<p style=\"text-align: justify;\"><img decoding=\"async\" class=\" size-full wp-image-24338\" src=\"https:\/\/nk7-testes.com.br\/wp-content\/uploads\/2016\/08\/6eaeras05092016.png\" width=\"458\" alt=\"6eaeras05092016\" srcset=\"https:\/\/nk7-testes.com.br\/agazeta\/wp-content\/uploads\/2016\/08\/6eaeras05092016.png 775w, https:\/\/nk7-testes.com.br\/agazeta\/wp-content\/uploads\/2016\/08\/6eaeras05092016-300x169.png 300w, https:\/\/nk7-testes.com.br\/agazeta\/wp-content\/uploads\/2016\/08\/6eaeras05092016-768x432.png 768w\" sizes=\"(max-width: 775px) 100vw, 775px\" \/><\/p>\n<p style=\"text-align: justify;\"><img decoding=\"async\" class=\" size-full wp-image-24339\" src=\"https:\/\/nk7-testes.com.br\/wp-content\/uploads\/2016\/08\/7eaeras05092016.png\" width=\"458\" alt=\"7eaeras05092016\" srcset=\"https:\/\/nk7-testes.com.br\/agazeta\/wp-content\/uploads\/2016\/08\/7eaeras05092016.png 776w, https:\/\/nk7-testes.com.br\/agazeta\/wp-content\/uploads\/2016\/08\/7eaeras05092016-300x168.png 300w, https:\/\/nk7-testes.com.br\/agazeta\/wp-content\/uploads\/2016\/08\/7eaeras05092016-768x431.png 768w\" sizes=\"(max-width: 776px) 100vw, 776px\" \/><\/p>\n<p style=\"text-align: justify;\"><img decoding=\"async\" class=\" size-full wp-image-24340\" src=\"https:\/\/nk7-testes.com.br\/wp-content\/uploads\/2016\/08\/8eaeras05092016.png\" width=\"458\" alt=\"8eaeras05092016\" srcset=\"https:\/\/nk7-testes.com.br\/agazeta\/wp-content\/uploads\/2016\/08\/8eaeras05092016.png 776w, https:\/\/nk7-testes.com.br\/agazeta\/wp-content\/uploads\/2016\/08\/8eaeras05092016-300x169.png 300w, https:\/\/nk7-testes.com.br\/agazeta\/wp-content\/uploads\/2016\/08\/8eaeras05092016-768x432.png 768w\" sizes=\"(max-width: 776px) 100vw, 776px\" \/><\/p>\n<p style=\"text-align: justify;\"><img decoding=\"async\" class=\" size-full wp-image-24341\" src=\"https:\/\/nk7-testes.com.br\/wp-content\/uploads\/2016\/08\/9eaeras05092016.png\" width=\"458\" alt=\"9eaeras05092016\" srcset=\"https:\/\/nk7-testes.com.br\/agazeta\/wp-content\/uploads\/2016\/08\/9eaeras05092016.png 776w, https:\/\/nk7-testes.com.br\/agazeta\/wp-content\/uploads\/2016\/08\/9eaeras05092016-300x169.png 300w, https:\/\/nk7-testes.com.br\/agazeta\/wp-content\/uploads\/2016\/08\/9eaeras05092016-768x432.png 768w\" sizes=\"(max-width: 776px) 100vw, 776px\" \/><\/p>\n<p style=\"text-align: justify;\"><img decoding=\"async\" class=\" size-full wp-image-24342\" src=\"https:\/\/nk7-testes.com.br\/wp-content\/uploads\/2016\/08\/10eaeras05092016.png\" width=\"458\" alt=\"10eaeras05092016\" srcset=\"https:\/\/nk7-testes.com.br\/agazeta\/wp-content\/uploads\/2016\/08\/10eaeras05092016.png 776w, https:\/\/nk7-testes.com.br\/agazeta\/wp-content\/uploads\/2016\/08\/10eaeras05092016-300x169.png 300w, https:\/\/nk7-testes.com.br\/agazeta\/wp-content\/uploads\/2016\/08\/10eaeras05092016-768x432.png 768w\" sizes=\"(max-width: 776px) 100vw, 776px\" \/><\/p>\n<p style=\"text-align: justify;\"><img decoding=\"async\" class=\" size-full wp-image-24343\" src=\"https:\/\/nk7-testes.com.br\/wp-content\/uploads\/2016\/08\/11eaeras05092016.png\" width=\"458\" alt=\"11eaeras05092016\" srcset=\"https:\/\/nk7-testes.com.br\/agazeta\/wp-content\/uploads\/2016\/08\/11eaeras05092016.png 778w, https:\/\/nk7-testes.com.br\/agazeta\/wp-content\/uploads\/2016\/08\/11eaeras05092016-300x168.png 300w, https:\/\/nk7-testes.com.br\/agazeta\/wp-content\/uploads\/2016\/08\/11eaeras05092016-768x430.png 768w\" sizes=\"(max-width: 778px) 100vw, 778px\" \/><\/p>\n<p style=\"text-align: justify;\"><img decoding=\"async\" class=\" size-full wp-image-24344\" src=\"https:\/\/nk7-testes.com.br\/wp-content\/uploads\/2016\/08\/12eaeras05092016.png\" width=\"458\" alt=\"12eaeras05092016\" srcset=\"https:\/\/nk7-testes.com.br\/agazeta\/wp-content\/uploads\/2016\/08\/12eaeras05092016.png 777w, https:\/\/nk7-testes.com.br\/agazeta\/wp-content\/uploads\/2016\/08\/12eaeras05092016-300x168.png 300w, https:\/\/nk7-testes.com.br\/agazeta\/wp-content\/uploads\/2016\/08\/12eaeras05092016-768x431.png 768w\" sizes=\"(max-width: 777px) 100vw, 777px\" \/><\/p>\n<p style=\"text-align: justify;\"><img decoding=\"async\" class=\" size-full wp-image-24345\" src=\"https:\/\/nk7-testes.com.br\/wp-content\/uploads\/2016\/08\/13eaeras05092016.png\" width=\"458\" alt=\"13eaeras05092016\" srcset=\"https:\/\/nk7-testes.com.br\/agazeta\/wp-content\/uploads\/2016\/08\/13eaeras05092016.png 778w, https:\/\/nk7-testes.com.br\/agazeta\/wp-content\/uploads\/2016\/08\/13eaeras05092016-300x169.png 300w, https:\/\/nk7-testes.com.br\/agazeta\/wp-content\/uploads\/2016\/08\/13eaeras05092016-768x432.png 768w\" sizes=\"(max-width: 778px) 100vw, 778px\" \/><img decoding=\"async\" class=\" size-full wp-image-24346\" src=\"https:\/\/nk7-testes.com.br\/wp-content\/uploads\/2016\/08\/14eaeras05092016.png\" width=\"458\" alt=\"14eaeras05092016\" srcset=\"https:\/\/nk7-testes.com.br\/agazeta\/wp-content\/uploads\/2016\/08\/14eaeras05092016.png 777w, https:\/\/nk7-testes.com.br\/agazeta\/wp-content\/uploads\/2016\/08\/14eaeras05092016-300x168.png 300w, https:\/\/nk7-testes.com.br\/agazeta\/wp-content\/uploads\/2016\/08\/14eaeras05092016-768x429.png 768w\" sizes=\"(max-width: 777px) 100vw, 777px\" \/><\/p>\n<p style=\"text-align: justify;\">&nbsp;<\/p>\n<p style=\"text-align: justify;\">&nbsp;<\/p>\n<p style=\"text-align: justify;\">&nbsp;<\/p>\n","protected":false},"excerpt":{"rendered":"<p style=\"text-align: justify;\">Ex\u00e9rcito ser\u00e1 solicitado pelo Governo do Acre a cooperar<\/p>\n","protected":false},"author":4,"featured_media":24332,"comment_status":"open","ping_status":"open","sticky":false,"template":"","format":"standard","meta":{"jnews-multi-image_gallery":[],"jnews_single_post":[],"jnews_primary_category":[],"jnews_social_meta":[],"jnews_review":[],"enable_review":"","type":"","name":"","summary":"","brand":"","sku":"","good":[],"bad":[],"score_override":"","override_value":"","rating":[],"price":[],"footnotes":""},"categories":[54],"tags":[],"class_list":["post-24347","post","type-post","status-publish","format-standard","has-post-thumbnail","hentry","category-cotidiano"],"yoast_head":"<!-- This site is optimized with the Yoast SEO plugin v26.5 - https:\/\/yoast.com\/wordpress\/plugins\/seo\/ -->\n<title>Corpo de Bombeiros intensifica combate \u00e0s queimadas - Agazeta.net<\/title>\n<meta name=\"robots\" content=\"index, follow, max-snippet:-1, max-image-preview:large, max-video-preview:-1\" \/>\n<link rel=\"canonical\" href=\"https:\/\/nk7-testes.com.br\/agazeta\/corpo-de-bombeiros-intensifica-combate-as-queimadas\/\" \/>\n<meta property=\"og:locale\" content=\"pt_BR\" \/>\n<meta property=\"og:type\" content=\"article\" \/>\n<meta property=\"og:title\" content=\"Corpo de Bombeiros intensifica combate \u00e0s queimadas - Agazeta.net\" \/>\n<meta property=\"og:description\" content=\"Ex\u00e9rcito ser\u00e1 solicitado pelo Governo do Acre a cooperar\" \/>\n<meta property=\"og:url\" content=\"https:\/\/nk7-testes.com.br\/agazeta\/corpo-de-bombeiros-intensifica-combate-as-queimadas\/\" \/>\n<meta property=\"og:site_name\" content=\"Agazeta.net\" \/>\n<meta property=\"article:published_time\" content=\"2016-08-05T20:09:05+00:00\" \/>\n<meta property=\"og:image\" content=\"https:\/\/nk7-testes.com.br\/agazeta\/wp-content\/uploads\/2016\/08\/050816-cotidiano-queimadafloresta-pedrodevaniragenciadenoticiasdoacre.jpg\" \/>\n\t<meta property=\"og:image:width\" content=\"458\" \/>\n\t<meta property=\"og:image:height\" content=\"340\" \/>\n\t<meta property=\"og:image:type\" content=\"image\/jpeg\" \/>\n<meta name=\"author\" content=\"Agazeta.Net\" \/>\n<meta name=\"twitter:card\" content=\"summary_large_image\" \/>\n<meta name=\"twitter:label1\" content=\"Escrito por\" \/>\n\t<meta name=\"twitter:data1\" content=\"Agazeta.Net\" \/>\n\t<meta name=\"twitter:label2\" content=\"Est. tempo de leitura\" \/>\n\t<meta name=\"twitter:data2\" content=\"1 minuto\" \/>\n<script type=\"application\/ld+json\" class=\"yoast-schema-graph\">{\"@context\":\"https:\/\/schema.org\",\"@graph\":[{\"@type\":\"WebPage\",\"@id\":\"https:\/\/nk7-testes.com.br\/agazeta\/corpo-de-bombeiros-intensifica-combate-as-queimadas\/\",\"url\":\"https:\/\/nk7-testes.com.br\/agazeta\/corpo-de-bombeiros-intensifica-combate-as-queimadas\/\",\"name\":\"Corpo de Bombeiros intensifica combate \u00e0s queimadas - Agazeta.net\",\"isPartOf\":{\"@id\":\"https:\/\/nk7-testes.com.br\/agazeta\/#website\"},\"primaryImageOfPage\":{\"@id\":\"https:\/\/nk7-testes.com.br\/agazeta\/corpo-de-bombeiros-intensifica-combate-as-queimadas\/#primaryimage\"},\"image\":{\"@id\":\"https:\/\/nk7-testes.com.br\/agazeta\/corpo-de-bombeiros-intensifica-combate-as-queimadas\/#primaryimage\"},\"thumbnailUrl\":\"https:\/\/nk7-testes.com.br\/agazeta\/wp-content\/uploads\/2016\/08\/050816-cotidiano-queimadafloresta-pedrodevaniragenciadenoticiasdoacre.jpg\",\"datePublished\":\"2016-08-05T20:09:05+00:00\",\"author\":{\"@id\":\"https:\/\/nk7-testes.com.br\/agazeta\/#\/schema\/person\/6d6e25cb0435eb4a02fd44d30b4e3020\"},\"breadcrumb\":{\"@id\":\"https:\/\/nk7-testes.com.br\/agazeta\/corpo-de-bombeiros-intensifica-combate-as-queimadas\/#breadcrumb\"},\"inLanguage\":\"pt-BR\",\"potentialAction\":[{\"@type\":\"ReadAction\",\"target\":[\"https:\/\/nk7-testes.com.br\/agazeta\/corpo-de-bombeiros-intensifica-combate-as-queimadas\/\"]}]},{\"@type\":\"ImageObject\",\"inLanguage\":\"pt-BR\",\"@id\":\"https:\/\/nk7-testes.com.br\/agazeta\/corpo-de-bombeiros-intensifica-combate-as-queimadas\/#primaryimage\",\"url\":\"https:\/\/nk7-testes.com.br\/agazeta\/wp-content\/uploads\/2016\/08\/050816-cotidiano-queimadafloresta-pedrodevaniragenciadenoticiasdoacre.jpg\",\"contentUrl\":\"https:\/\/nk7-testes.com.br\/agazeta\/wp-content\/uploads\/2016\/08\/050816-cotidiano-queimadafloresta-pedrodevaniragenciadenoticiasdoacre.jpg\",\"width\":458,\"height\":340,\"caption\":\"050816-cotidiano-queimadafloresta-pedrodevaniragenciadenoticiasdoacre\"},{\"@type\":\"BreadcrumbList\",\"@id\":\"https:\/\/nk7-testes.com.br\/agazeta\/corpo-de-bombeiros-intensifica-combate-as-queimadas\/#breadcrumb\",\"itemListElement\":[{\"@type\":\"ListItem\",\"position\":1,\"name\":\"In\u00edcio\",\"item\":\"https:\/\/nk7-testes.com.br\/agazeta\/\"},{\"@type\":\"ListItem\",\"position\":2,\"name\":\"Corpo de Bombeiros intensifica combate \u00e0s queimadas\"}]},{\"@type\":\"WebSite\",\"@id\":\"https:\/\/nk7-testes.com.br\/agazeta\/#website\",\"url\":\"https:\/\/nk7-testes.com.br\/agazeta\/\",\"name\":\"Agazeta.net\",\"description\":\"Agazeta.net - Not\u00edcias de Rio Branco\/AC\",\"potentialAction\":[{\"@type\":\"SearchAction\",\"target\":{\"@type\":\"EntryPoint\",\"urlTemplate\":\"https:\/\/nk7-testes.com.br\/agazeta\/?s={search_term_string}\"},\"query-input\":{\"@type\":\"PropertyValueSpecification\",\"valueRequired\":true,\"valueName\":\"search_term_string\"}}],\"inLanguage\":\"pt-BR\"},{\"@type\":\"Person\",\"@id\":\"https:\/\/nk7-testes.com.br\/agazeta\/#\/schema\/person\/6d6e25cb0435eb4a02fd44d30b4e3020\",\"name\":\"Agazeta.Net\",\"url\":\"https:\/\/nk7-testes.com.br\/agazeta\/author\/agazeta\/\"}]}<\/script>\n<!-- \/ Yoast SEO plugin. -->","yoast_head_json":{"title":"Corpo de Bombeiros intensifica combate \u00e0s queimadas - Agazeta.net","robots":{"index":"index","follow":"follow","max-snippet":"max-snippet:-1","max-image-preview":"max-image-preview:large","max-video-preview":"max-video-preview:-1"},"canonical":"https:\/\/nk7-testes.com.br\/agazeta\/corpo-de-bombeiros-intensifica-combate-as-queimadas\/","og_locale":"pt_BR","og_type":"article","og_title":"Corpo de Bombeiros intensifica combate \u00e0s queimadas - Agazeta.net","og_description":"Ex\u00e9rcito ser\u00e1 solicitado pelo Governo do Acre a cooperar","og_url":"https:\/\/nk7-testes.com.br\/agazeta\/corpo-de-bombeiros-intensifica-combate-as-queimadas\/","og_site_name":"Agazeta.net","article_published_time":"2016-08-05T20:09:05+00:00","og_image":[{"width":458,"height":340,"url":"https:\/\/nk7-testes.com.br\/agazeta\/wp-content\/uploads\/2016\/08\/050816-cotidiano-queimadafloresta-pedrodevaniragenciadenoticiasdoacre.jpg","type":"image\/jpeg"}],"author":"Agazeta.Net","twitter_card":"summary_large_image","twitter_misc":{"Escrito por":"Agazeta.Net","Est. tempo de leitura":"1 minuto"},"schema":{"@context":"https:\/\/schema.org","@graph":[{"@type":"WebPage","@id":"https:\/\/nk7-testes.com.br\/agazeta\/corpo-de-bombeiros-intensifica-combate-as-queimadas\/","url":"https:\/\/nk7-testes.com.br\/agazeta\/corpo-de-bombeiros-intensifica-combate-as-queimadas\/","name":"Corpo de Bombeiros intensifica combate \u00e0s queimadas - Agazeta.net","isPartOf":{"@id":"https:\/\/nk7-testes.com.br\/agazeta\/#website"},"primaryImageOfPage":{"@id":"https:\/\/nk7-testes.com.br\/agazeta\/corpo-de-bombeiros-intensifica-combate-as-queimadas\/#primaryimage"},"image":{"@id":"https:\/\/nk7-testes.com.br\/agazeta\/corpo-de-bombeiros-intensifica-combate-as-queimadas\/#primaryimage"},"thumbnailUrl":"https:\/\/nk7-testes.com.br\/agazeta\/wp-content\/uploads\/2016\/08\/050816-cotidiano-queimadafloresta-pedrodevaniragenciadenoticiasdoacre.jpg","datePublished":"2016-08-05T20:09:05+00:00","author":{"@id":"https:\/\/nk7-testes.com.br\/agazeta\/#\/schema\/person\/6d6e25cb0435eb4a02fd44d30b4e3020"},"breadcrumb":{"@id":"https:\/\/nk7-testes.com.br\/agazeta\/corpo-de-bombeiros-intensifica-combate-as-queimadas\/#breadcrumb"},"inLanguage":"pt-BR","potentialAction":[{"@type":"ReadAction","target":["https:\/\/nk7-testes.com.br\/agazeta\/corpo-de-bombeiros-intensifica-combate-as-queimadas\/"]}]},{"@type":"ImageObject","inLanguage":"pt-BR","@id":"https:\/\/nk7-testes.com.br\/agazeta\/corpo-de-bombeiros-intensifica-combate-as-queimadas\/#primaryimage","url":"https:\/\/nk7-testes.com.br\/agazeta\/wp-content\/uploads\/2016\/08\/050816-cotidiano-queimadafloresta-pedrodevaniragenciadenoticiasdoacre.jpg","contentUrl":"https:\/\/nk7-testes.com.br\/agazeta\/wp-content\/uploads\/2016\/08\/050816-cotidiano-queimadafloresta-pedrodevaniragenciadenoticiasdoacre.jpg","width":458,"height":340,"caption":"050816-cotidiano-queimadafloresta-pedrodevaniragenciadenoticiasdoacre"},{"@type":"BreadcrumbList","@id":"https:\/\/nk7-testes.com.br\/agazeta\/corpo-de-bombeiros-intensifica-combate-as-queimadas\/#breadcrumb","itemListElement":[{"@type":"ListItem","position":1,"name":"In\u00edcio","item":"https:\/\/nk7-testes.com.br\/agazeta\/"},{"@type":"ListItem","position":2,"name":"Corpo de Bombeiros intensifica combate \u00e0s queimadas"}]},{"@type":"WebSite","@id":"https:\/\/nk7-testes.com.br\/agazeta\/#website","url":"https:\/\/nk7-testes.com.br\/agazeta\/","name":"Agazeta.net","description":"Agazeta.net - Not\u00edcias de Rio Branco\/AC","potentialAction":[{"@type":"SearchAction","target":{"@type":"EntryPoint","urlTemplate":"https:\/\/nk7-testes.com.br\/agazeta\/?s={search_term_string}"},"query-input":{"@type":"PropertyValueSpecification","valueRequired":true,"valueName":"search_term_string"}}],"inLanguage":"pt-BR"},{"@type":"Person","@id":"https:\/\/nk7-testes.com.br\/agazeta\/#\/schema\/person\/6d6e25cb0435eb4a02fd44d30b4e3020","name":"Agazeta.Net","url":"https:\/\/nk7-testes.com.br\/agazeta\/author\/agazeta\/"}]}},"_links":{"self":[{"href":"https:\/\/nk7-testes.com.br\/agazeta\/wp-json\/wp\/v2\/posts\/24347","targetHints":{"allow":["GET"]}}],"collection":[{"href":"https:\/\/nk7-testes.com.br\/agazeta\/wp-json\/wp\/v2\/posts"}],"about":[{"href":"https:\/\/nk7-testes.com.br\/agazeta\/wp-json\/wp\/v2\/types\/post"}],"author":[{"embeddable":true,"href":"https:\/\/nk7-testes.com.br\/agazeta\/wp-json\/wp\/v2\/users\/4"}],"replies":[{"embeddable":true,"href":"https:\/\/nk7-testes.com.br\/agazeta\/wp-json\/wp\/v2\/comments?post=24347"}],"version-history":[{"count":0,"href":"https:\/\/nk7-testes.com.br\/agazeta\/wp-json\/wp\/v2\/posts\/24347\/revisions"}],"wp:featuredmedia":[{"embeddable":true,"href":"https:\/\/nk7-testes.com.br\/agazeta\/wp-json\/wp\/v2\/media\/24332"}],"wp:attachment":[{"href":"https:\/\/nk7-testes.com.br\/agazeta\/wp-json\/wp\/v2\/media?parent=24347"}],"wp:term":[{"taxonomy":"category","embeddable":true,"href":"https:\/\/nk7-testes.com.br\/agazeta\/wp-json\/wp\/v2\/categories?post=24347"},{"taxonomy":"post_tag","embeddable":true,"href":"https:\/\/nk7-testes.com.br\/agazeta\/wp-json\/wp\/v2\/tags?post=24347"}],"curies":[{"name":"wp","href":"https:\/\/api.w.org\/{rel}","templated":true}]}}