{"id":24319,"date":"2016-08-04T19:48:51","date_gmt":"2016-08-04T19:48:51","guid":{"rendered":"https:\/\/abarevegan.com.br\/index.php\/2016\/08\/04\/governo-planeja-medidas-apos-decisao-do-governo-federal\/"},"modified":"2016-08-04T19:48:51","modified_gmt":"2016-08-04T19:48:51","slug":"governo-planeja-medidas-apos-decisao-do-governo-federal","status":"publish","type":"post","link":"https:\/\/nk7-testes.com.br\/agazeta\/governo-planeja-medidas-apos-decisao-do-governo-federal\/","title":{"rendered":"Governo planeja medidas ap\u00f3s decis\u00e3o do Governo Federal"},"content":{"rendered":"<p style=\"text-align: justify;\">Rio Acre registrou 1,38 na manh\u00e3 desta sexta<\/p>\n<p style=\"text-align: justify;\">O decreto de situa\u00e7\u00e3o de emerg\u00eancia foi reconhecido pelo Governo Federal quase um m\u00eas ap\u00f3s a solicita\u00e7\u00e3o do Estado. Isso significa que os munic\u00edpios banhados pelo Rio Acre v\u00e3o receber a\u00e7\u00f5es preventivas e ajuda nacional, al\u00e9m de Acrel\u00e2ndia e Pl\u00e1cido de Castro, que tamb\u00e9m enfrentam problemas com o abastecimento de \u00e1gua devido \u00e0 estiagem no Rio Abun\u00e3 e afluentes.<\/p>\n<p style=\"text-align: justify;\">Nesta sexta-feira, o Rio Acre marcava 1,38 m de profundidade na Capital. Al\u00e9m do problema da \u00e1gua, as queimadas e o desmatamento preocupam. Por esse motivo, \u00f3rg\u00e3os do meio ambiente se reuniram hoje, na sala de situa\u00e7\u00e3o da Defesa Civil, para tra\u00e7ar estrat\u00e9gias de combate a inc\u00eandios florestais. A expectativa \u00e9 montar agora um plano para decretar situa\u00e7\u00e3o de emerg\u00eancia tamb\u00e9m em rela\u00e7\u00e3o \u00e0s queimadas.<\/p>\n<p style=\"text-align: justify;\">O Instituto de Meio Ambiente do Acre (Imac), j\u00e1 informou que vai ser mais rigoroso com quem insiste em realizar essas pr\u00e1ticas, que s\u00e3o criminosas. A partir de agora, quem for pego em flagrante vai ser preso, multado e vai responder processo administrativo. Em todo o Estado, 30 pessoas j\u00e1 foram penalizadas, somando juntas mais de R$ 100 mil em multas.<\/p>\n<p style=\"text-align: justify;\">O Corpo de Bombeiros n\u00e3o consegue dar conta de atender tantas ocorr\u00eancias. S\u00f3 em Rio Branco s\u00e3o computadas 50 por dia e mais de 500 focos de calor em todo o Acre. Com isso, a fuma\u00e7a tomou conta das cidades. Em qualquer hora do dia, \u00e9 poss\u00edvel ver nuvens de fuma\u00e7a. A popula\u00e7\u00e3o e o meio ambiente ficam prejudicados.<\/p>\n<p style=\"text-align: justify;\">Na tarde de quarta-feira, um inc\u00eandio ao lado do Parque Ambiental Chico Mendes destruiu toda a vegeta\u00e7\u00e3o. O fogo se espalhou rapidamente e mais uma vez o Corpo de Bombeiros teve que atuar.<\/p>\n<p style=\"text-align: justify;\">Hoje pela manh\u00e3 ainda era poss\u00edvel ver fuma\u00e7a na regi\u00e3o. Essa rua que corta a \u00e1rea ajudou a evitar que as chamas se espalhassem mais rapidamente. Mesmo ap\u00f3s o controle, funcion\u00e1rios do parque jogavam \u00e1gua e utilizavam abafadores dentro da floresta que foi danificada, para afastar a possibilidade do fogo voltar.<\/p>\n","protected":false},"excerpt":{"rendered":"<p style=\"text-align: justify;\">Rio Acre registrou 1,38 na manh\u00e3 desta sexta<\/p>\n","protected":false},"author":4,"featured_media":24318,"comment_status":"open","ping_status":"open","sticky":false,"template":"","format":"standard","meta":{"jnews-multi-image_gallery":[],"jnews_single_post":[],"jnews_primary_category":[],"jnews_social_meta":[],"jnews_review":[],"enable_review":"","type":"","name":"","summary":"","brand":"","sku":"","good":[],"bad":[],"score_override":"","override_value":"","rating":[],"price":[],"footnotes":""},"categories":[54],"tags":[],"class_list":["post-24319","post","type-post","status-publish","format-standard","has-post-thumbnail","hentry","category-cotidiano"],"yoast_head":"<!-- This site is optimized with the Yoast SEO plugin v26.5 - https:\/\/yoast.com\/wordpress\/plugins\/seo\/ -->\n<title>Governo planeja medidas ap\u00f3s decis\u00e3o do Governo Federal - Agazeta.net<\/title>\n<meta name=\"robots\" content=\"index, follow, max-snippet:-1, max-image-preview:large, max-video-preview:-1\" \/>\n<link rel=\"canonical\" href=\"https:\/\/nk7-testes.com.br\/agazeta\/governo-planeja-medidas-apos-decisao-do-governo-federal\/\" \/>\n<meta property=\"og:locale\" content=\"pt_BR\" \/>\n<meta property=\"og:type\" content=\"article\" \/>\n<meta property=\"og:title\" content=\"Governo planeja medidas ap\u00f3s decis\u00e3o do Governo Federal - Agazeta.net\" \/>\n<meta property=\"og:description\" content=\"Rio Acre registrou 1,38 na manh\u00e3 desta sexta\" \/>\n<meta property=\"og:url\" content=\"https:\/\/nk7-testes.com.br\/agazeta\/governo-planeja-medidas-apos-decisao-do-governo-federal\/\" \/>\n<meta property=\"og:site_name\" content=\"Agazeta.net\" \/>\n<meta property=\"article:published_time\" content=\"2016-08-04T19:48:51+00:00\" \/>\n<meta property=\"og:image\" content=\"https:\/\/nk7-testes.com.br\/agazeta\/wp-content\/uploads\/2016\/08\/040816-cotidiano-rioacre-cleriston.jpg\" \/>\n\t<meta property=\"og:image:width\" content=\"458\" \/>\n\t<meta property=\"og:image:height\" content=\"340\" \/>\n\t<meta property=\"og:image:type\" content=\"image\/jpeg\" \/>\n<meta name=\"author\" content=\"Agazeta.Net\" \/>\n<meta name=\"twitter:card\" content=\"summary_large_image\" \/>\n<meta name=\"twitter:label1\" content=\"Escrito por\" \/>\n\t<meta name=\"twitter:data1\" content=\"Agazeta.Net\" \/>\n\t<meta name=\"twitter:label2\" content=\"Est. tempo de leitura\" \/>\n\t<meta name=\"twitter:data2\" content=\"2 minutos\" \/>\n<script type=\"application\/ld+json\" class=\"yoast-schema-graph\">{\"@context\":\"https:\/\/schema.org\",\"@graph\":[{\"@type\":\"WebPage\",\"@id\":\"https:\/\/nk7-testes.com.br\/agazeta\/governo-planeja-medidas-apos-decisao-do-governo-federal\/\",\"url\":\"https:\/\/nk7-testes.com.br\/agazeta\/governo-planeja-medidas-apos-decisao-do-governo-federal\/\",\"name\":\"Governo planeja medidas ap\u00f3s decis\u00e3o do Governo Federal - Agazeta.net\",\"isPartOf\":{\"@id\":\"https:\/\/nk7-testes.com.br\/agazeta\/#website\"},\"primaryImageOfPage\":{\"@id\":\"https:\/\/nk7-testes.com.br\/agazeta\/governo-planeja-medidas-apos-decisao-do-governo-federal\/#primaryimage\"},\"image\":{\"@id\":\"https:\/\/nk7-testes.com.br\/agazeta\/governo-planeja-medidas-apos-decisao-do-governo-federal\/#primaryimage\"},\"thumbnailUrl\":\"https:\/\/nk7-testes.com.br\/agazeta\/wp-content\/uploads\/2016\/08\/040816-cotidiano-rioacre-cleriston.jpg\",\"datePublished\":\"2016-08-04T19:48:51+00:00\",\"author\":{\"@id\":\"https:\/\/nk7-testes.com.br\/agazeta\/#\/schema\/person\/6d6e25cb0435eb4a02fd44d30b4e3020\"},\"breadcrumb\":{\"@id\":\"https:\/\/nk7-testes.com.br\/agazeta\/governo-planeja-medidas-apos-decisao-do-governo-federal\/#breadcrumb\"},\"inLanguage\":\"pt-BR\",\"potentialAction\":[{\"@type\":\"ReadAction\",\"target\":[\"https:\/\/nk7-testes.com.br\/agazeta\/governo-planeja-medidas-apos-decisao-do-governo-federal\/\"]}]},{\"@type\":\"ImageObject\",\"inLanguage\":\"pt-BR\",\"@id\":\"https:\/\/nk7-testes.com.br\/agazeta\/governo-planeja-medidas-apos-decisao-do-governo-federal\/#primaryimage\",\"url\":\"https:\/\/nk7-testes.com.br\/agazeta\/wp-content\/uploads\/2016\/08\/040816-cotidiano-rioacre-cleriston.jpg\",\"contentUrl\":\"https:\/\/nk7-testes.com.br\/agazeta\/wp-content\/uploads\/2016\/08\/040816-cotidiano-rioacre-cleriston.jpg\",\"width\":458,\"height\":340,\"caption\":\"040816-cotidiano-rioacre-cleriston\"},{\"@type\":\"BreadcrumbList\",\"@id\":\"https:\/\/nk7-testes.com.br\/agazeta\/governo-planeja-medidas-apos-decisao-do-governo-federal\/#breadcrumb\",\"itemListElement\":[{\"@type\":\"ListItem\",\"position\":1,\"name\":\"In\u00edcio\",\"item\":\"https:\/\/nk7-testes.com.br\/agazeta\/\"},{\"@type\":\"ListItem\",\"position\":2,\"name\":\"Governo planeja medidas ap\u00f3s decis\u00e3o do Governo Federal\"}]},{\"@type\":\"WebSite\",\"@id\":\"https:\/\/nk7-testes.com.br\/agazeta\/#website\",\"url\":\"https:\/\/nk7-testes.com.br\/agazeta\/\",\"name\":\"Agazeta.net\",\"description\":\"Agazeta.net - Not\u00edcias de Rio Branco\/AC\",\"potentialAction\":[{\"@type\":\"SearchAction\",\"target\":{\"@type\":\"EntryPoint\",\"urlTemplate\":\"https:\/\/nk7-testes.com.br\/agazeta\/?s={search_term_string}\"},\"query-input\":{\"@type\":\"PropertyValueSpecification\",\"valueRequired\":true,\"valueName\":\"search_term_string\"}}],\"inLanguage\":\"pt-BR\"},{\"@type\":\"Person\",\"@id\":\"https:\/\/nk7-testes.com.br\/agazeta\/#\/schema\/person\/6d6e25cb0435eb4a02fd44d30b4e3020\",\"name\":\"Agazeta.Net\",\"url\":\"https:\/\/nk7-testes.com.br\/agazeta\/author\/agazeta\/\"}]}<\/script>\n<!-- \/ Yoast SEO plugin. -->","yoast_head_json":{"title":"Governo planeja medidas ap\u00f3s decis\u00e3o do Governo Federal - Agazeta.net","robots":{"index":"index","follow":"follow","max-snippet":"max-snippet:-1","max-image-preview":"max-image-preview:large","max-video-preview":"max-video-preview:-1"},"canonical":"https:\/\/nk7-testes.com.br\/agazeta\/governo-planeja-medidas-apos-decisao-do-governo-federal\/","og_locale":"pt_BR","og_type":"article","og_title":"Governo planeja medidas ap\u00f3s decis\u00e3o do Governo Federal - Agazeta.net","og_description":"Rio Acre registrou 1,38 na manh\u00e3 desta sexta","og_url":"https:\/\/nk7-testes.com.br\/agazeta\/governo-planeja-medidas-apos-decisao-do-governo-federal\/","og_site_name":"Agazeta.net","article_published_time":"2016-08-04T19:48:51+00:00","og_image":[{"width":458,"height":340,"url":"https:\/\/nk7-testes.com.br\/agazeta\/wp-content\/uploads\/2016\/08\/040816-cotidiano-rioacre-cleriston.jpg","type":"image\/jpeg"}],"author":"Agazeta.Net","twitter_card":"summary_large_image","twitter_misc":{"Escrito por":"Agazeta.Net","Est. tempo de leitura":"2 minutos"},"schema":{"@context":"https:\/\/schema.org","@graph":[{"@type":"WebPage","@id":"https:\/\/nk7-testes.com.br\/agazeta\/governo-planeja-medidas-apos-decisao-do-governo-federal\/","url":"https:\/\/nk7-testes.com.br\/agazeta\/governo-planeja-medidas-apos-decisao-do-governo-federal\/","name":"Governo planeja medidas ap\u00f3s decis\u00e3o do Governo Federal - Agazeta.net","isPartOf":{"@id":"https:\/\/nk7-testes.com.br\/agazeta\/#website"},"primaryImageOfPage":{"@id":"https:\/\/nk7-testes.com.br\/agazeta\/governo-planeja-medidas-apos-decisao-do-governo-federal\/#primaryimage"},"image":{"@id":"https:\/\/nk7-testes.com.br\/agazeta\/governo-planeja-medidas-apos-decisao-do-governo-federal\/#primaryimage"},"thumbnailUrl":"https:\/\/nk7-testes.com.br\/agazeta\/wp-content\/uploads\/2016\/08\/040816-cotidiano-rioacre-cleriston.jpg","datePublished":"2016-08-04T19:48:51+00:00","author":{"@id":"https:\/\/nk7-testes.com.br\/agazeta\/#\/schema\/person\/6d6e25cb0435eb4a02fd44d30b4e3020"},"breadcrumb":{"@id":"https:\/\/nk7-testes.com.br\/agazeta\/governo-planeja-medidas-apos-decisao-do-governo-federal\/#breadcrumb"},"inLanguage":"pt-BR","potentialAction":[{"@type":"ReadAction","target":["https:\/\/nk7-testes.com.br\/agazeta\/governo-planeja-medidas-apos-decisao-do-governo-federal\/"]}]},{"@type":"ImageObject","inLanguage":"pt-BR","@id":"https:\/\/nk7-testes.com.br\/agazeta\/governo-planeja-medidas-apos-decisao-do-governo-federal\/#primaryimage","url":"https:\/\/nk7-testes.com.br\/agazeta\/wp-content\/uploads\/2016\/08\/040816-cotidiano-rioacre-cleriston.jpg","contentUrl":"https:\/\/nk7-testes.com.br\/agazeta\/wp-content\/uploads\/2016\/08\/040816-cotidiano-rioacre-cleriston.jpg","width":458,"height":340,"caption":"040816-cotidiano-rioacre-cleriston"},{"@type":"BreadcrumbList","@id":"https:\/\/nk7-testes.com.br\/agazeta\/governo-planeja-medidas-apos-decisao-do-governo-federal\/#breadcrumb","itemListElement":[{"@type":"ListItem","position":1,"name":"In\u00edcio","item":"https:\/\/nk7-testes.com.br\/agazeta\/"},{"@type":"ListItem","position":2,"name":"Governo planeja medidas ap\u00f3s decis\u00e3o do Governo Federal"}]},{"@type":"WebSite","@id":"https:\/\/nk7-testes.com.br\/agazeta\/#website","url":"https:\/\/nk7-testes.com.br\/agazeta\/","name":"Agazeta.net","description":"Agazeta.net - Not\u00edcias de Rio Branco\/AC","potentialAction":[{"@type":"SearchAction","target":{"@type":"EntryPoint","urlTemplate":"https:\/\/nk7-testes.com.br\/agazeta\/?s={search_term_string}"},"query-input":{"@type":"PropertyValueSpecification","valueRequired":true,"valueName":"search_term_string"}}],"inLanguage":"pt-BR"},{"@type":"Person","@id":"https:\/\/nk7-testes.com.br\/agazeta\/#\/schema\/person\/6d6e25cb0435eb4a02fd44d30b4e3020","name":"Agazeta.Net","url":"https:\/\/nk7-testes.com.br\/agazeta\/author\/agazeta\/"}]}},"_links":{"self":[{"href":"https:\/\/nk7-testes.com.br\/agazeta\/wp-json\/wp\/v2\/posts\/24319","targetHints":{"allow":["GET"]}}],"collection":[{"href":"https:\/\/nk7-testes.com.br\/agazeta\/wp-json\/wp\/v2\/posts"}],"about":[{"href":"https:\/\/nk7-testes.com.br\/agazeta\/wp-json\/wp\/v2\/types\/post"}],"author":[{"embeddable":true,"href":"https:\/\/nk7-testes.com.br\/agazeta\/wp-json\/wp\/v2\/users\/4"}],"replies":[{"embeddable":true,"href":"https:\/\/nk7-testes.com.br\/agazeta\/wp-json\/wp\/v2\/comments?post=24319"}],"version-history":[{"count":0,"href":"https:\/\/nk7-testes.com.br\/agazeta\/wp-json\/wp\/v2\/posts\/24319\/revisions"}],"wp:featuredmedia":[{"embeddable":true,"href":"https:\/\/nk7-testes.com.br\/agazeta\/wp-json\/wp\/v2\/media\/24318"}],"wp:attachment":[{"href":"https:\/\/nk7-testes.com.br\/agazeta\/wp-json\/wp\/v2\/media?parent=24319"}],"wp:term":[{"taxonomy":"category","embeddable":true,"href":"https:\/\/nk7-testes.com.br\/agazeta\/wp-json\/wp\/v2\/categories?post=24319"},{"taxonomy":"post_tag","embeddable":true,"href":"https:\/\/nk7-testes.com.br\/agazeta\/wp-json\/wp\/v2\/tags?post=24319"}],"curies":[{"name":"wp","href":"https:\/\/api.w.org\/{rel}","templated":true}]}}