{"id":24315,"date":"2016-08-04T19:08:27","date_gmt":"2016-08-04T19:08:27","guid":{"rendered":"https:\/\/abarevegan.com.br\/index.php\/2016\/08\/04\/mae-de-jovem-atropelada-por-carreta-quer-responsabilizar-estado\/"},"modified":"2016-08-04T19:08:27","modified_gmt":"2016-08-04T19:08:27","slug":"mae-de-jovem-atropelada-por-carreta-quer-responsabilizar-estado","status":"publish","type":"post","link":"https:\/\/nk7-testes.com.br\/agazeta\/mae-de-jovem-atropelada-por-carreta-quer-responsabilizar-estado\/","title":{"rendered":"M\u00e3e de jovem atropelada por carreta quer responsabilizar Estado"},"content":{"rendered":"<p style=\"text-align: justify;\">Eliane conta que filha n\u00e3o recebeu nenhuma ajuda<\/p>\n<p style=\"text-align: justify;\">A Fam\u00edlia da jovem que foi atropelada por uma carreta durante a cavalgada deste ano quer responsabilizar o estado e o dono do ve\u00edculo pelo acidente. Segundo a m\u00e3e da jovem, ningu\u00e9m apareceu para prestar assist\u00eancia \u00e0 v\u00edtima.<\/p>\n<p style=\"text-align: justify;\">Durante a cavalgada da Expoacre, a jovem Cleissa Maria Santos, 21 anos, foi atropelada por uma das carretas que faziam o percurso do evento. Ela ficou com a perna direita presa ao pneu do ve\u00edculo e sofreu queimaduras e ferimentos graves. \u201cEla tava (sic) andando na beira da rua e a carreta veio r\u00e1pido. Ela viu e pegou a prima dela e botou pro outro lado, mas da\u00ed a carreta bateu e ela caiu\u201d, explica a m\u00e3e da v\u00edtima, Eliane Maria.<\/p>\n<p style=\"text-align: justify;\">De acordo com a m\u00e3e da jovem, a carreta s\u00f3 n\u00e3o passou por cima da filha, por que amigos dela bateram na porta do ve\u00edculo pra avisar o motorista. Hoje, Cleissa est\u00e1 internada no Pronto-socorro e segundo a fam\u00edlia a situa\u00e7\u00e3o \u00e9 delicada. \u201cEst\u00e3o fazendo limpeza, curativos, mas se a perna n\u00e3o restaurar, ou pegar infec\u00e7\u00e3o, ela corre o risco de perder a perna\u201d, disse Eliane.<\/p>\n<p style=\"text-align: justify;\">Agora a fam\u00edlia quer que os respons\u00e1veis pela cavalgada e que o motorista da carreta sejam responsabilizados pelo acidente. Segundo dona Eliane, mesmo com a filha internada em hospital p\u00fablico, a fam\u00edlia precisa dispor de recursos para rem\u00e9dio, alimenta\u00e7\u00e3o, entre outros e isso tem trazido dificuldades. \u201cO governo que promoveu esse evento, as autoridades, que se sensibilizem e venham ver como ela est\u00e1. O motorista da carreta nem prestou socorro. Moramos na Cidade do Povo, precisamos vir aqui todos os dias, tem os rem\u00e9dios, \u00e9 uma situa\u00e7\u00e3o dif\u00edcil pra n\u00f3s.\u201d, afirma.&nbsp;<\/p>\n<p>&nbsp;<\/p>\n<p>&nbsp;<\/p>\n<div id=\"_mcePaste\" class=\"mcePaste\" data-mce-bogus=\"1\" style=\"position: absolute; left: 0px; top: -25px; width: 1px; height: 1px; overflow: hidden;\">\n<p class=\"MsoNormal\" style=\"margin-bottom: 0.0001pt; text-align: justify; line-height: normal; background-image: initial; background-attachment: initial; background-size: initial; background-origin: initial; background-clip: initial; background-position: initial; background-repeat: initial;\"><span style=\"font-size: 12.0pt; font-family: 'Times New Roman','serif'; mso-fareast-font-family: 'Times New Roman'; color: #222222; mso-fareast-language: PT-BR;\">M\u00e3e de jovem atropelada por carreta quer responsabilizar estado<o:p><\/o:p><\/span><\/p>\n<p class=\"MsoNormal\" style=\"margin-bottom: 0.0001pt; text-align: justify; line-height: normal; background-image: initial; background-attachment: initial; background-size: initial; background-origin: initial; background-clip: initial; background-position: initial; background-repeat: initial;\"><span style=\"font-size: 12.0pt; font-family: 'Times New Roman','serif'; mso-fareast-font-family: 'Times New Roman'; color: #222222; mso-fareast-language: PT-BR;\">&nbsp;<\/span><\/p>\n<p class=\"MsoNormal\" style=\"margin-bottom: 0.0001pt; text-align: justify; line-height: normal; background-image: initial; background-attachment: initial; background-size: initial; background-origin: initial; background-clip: initial; background-position: initial; background-repeat: initial;\"><span style=\"font-size: 12.0pt; font-family: 'Times New Roman','serif'; mso-fareast-font-family: 'Times New Roman'; color: #222222; mso-fareast-language: PT-BR;\">Eliane conta que filha n\u00e3o recebeu nenhuma ajuda<o:p><\/o:p><\/span><\/p>\n<p class=\"MsoNormal\" style=\"margin-bottom: 0.0001pt; text-align: justify; line-height: normal; background-image: initial; background-attachment: initial; background-size: initial; background-origin: initial; background-clip: initial; background-position: initial; background-repeat: initial;\"><span style=\"font-size: 12.0pt; font-family: 'Times New Roman','serif'; mso-fareast-font-family: 'Times New Roman'; color: #222222; mso-fareast-language: PT-BR;\">&nbsp;<\/span><\/p>\n<p class=\"MsoNormal\" style=\"margin-bottom: 0.0001pt; text-align: justify; line-height: normal; background-image: initial; background-attachment: initial; background-size: initial; background-origin: initial; background-clip: initial; background-position: initial; background-repeat: initial;\"><span style=\"font-size: 12.0pt; font-family: 'Times New Roman','serif'; mso-fareast-font-family: 'Times New Roman'; color: #222222; mso-fareast-language: PT-BR;\">A Fam\u00edlia da jovem que foi atropelada por uma carreta durante a cavalgada deste ano quer responsabilizar o estado e o dono do ve\u00edculo pelo acidente. Segundo a m\u00e3e da jovem, ningu\u00e9m apareceu para prestar assist\u00eancia \u00e0 v\u00edtima.<o:p><\/o:p><\/span><\/p>\n<p class=\"MsoNormal\" style=\"margin-bottom: 0.0001pt; text-align: justify; line-height: normal; background-image: initial; background-attachment: initial; background-size: initial; background-origin: initial; background-clip: initial; background-position: initial; background-repeat: initial;\"><span style=\"font-size: 12.0pt; font-family: 'Times New Roman','serif'; mso-fareast-font-family: 'Times New Roman'; color: #222222; mso-fareast-language: PT-BR;\">&nbsp;<\/span><\/p>\n<p class=\"MsoNormal\" style=\"margin-bottom: 0.0001pt; text-align: justify; line-height: normal; background-image: initial; background-attachment: initial; background-size: initial; background-origin: initial; background-clip: initial; background-position: initial; background-repeat: initial;\"><span style=\"font-size: 12.0pt; font-family: 'Times New Roman','serif'; mso-fareast-font-family: 'Times New Roman'; color: #222222; mso-fareast-language: PT-BR;\">Durante a cavalgada da Expoacre, a jovem Cleissa Maria Santos, 21 anos, foi atropelada por uma das carretas que faziam o percurso do evento. Ela ficou com a perna direita presa ao pneu do ve\u00edculo e sofreu queimaduras e ferimentos graves. \u201cEla tava (sic) andando na beira da rua e a carreta veio r\u00e1pido. Ela viu e pegou a prima dela e botou pro outro lado, mas da\u00ed a carreta bateu e ela caiu\u201d, explica a m\u00e3e da v\u00edtima, Eliane Maria.<o:p><\/o:p><\/span><\/p>\n<p class=\"MsoNormal\" style=\"margin-bottom: 0.0001pt; text-align: justify; line-height: normal; background-image: initial; background-attachment: initial; background-size: initial; background-origin: initial; background-clip: initial; background-position: initial; background-repeat: initial;\"><span style=\"font-size: 12.0pt; font-family: 'Times New Roman','serif'; mso-fareast-font-family: 'Times New Roman'; color: #222222; mso-fareast-language: PT-BR;\">&nbsp;<\/span><\/p>\n<p class=\"MsoNormal\" style=\"margin-bottom: 0.0001pt; text-align: justify; line-height: normal; background-image: initial; background-attachment: initial; background-size: initial; background-origin: initial; background-clip: initial; background-position: initial; background-repeat: initial;\"><span style=\"font-size: 12.0pt; font-family: 'Times New Roman','serif'; mso-fareast-font-family: 'Times New Roman'; color: #222222; mso-fareast-language: PT-BR;\">De acordo com a m\u00e3e da jovem, a carreta s\u00f3 n\u00e3o passou por cima da filha, por que amigos dela bateram na porta do ve\u00edculo pra avisar o motorista. Hoje, Cleissa est\u00e1 internada no Pronto-socorro e segundo a fam\u00edlia a situa\u00e7\u00e3o \u00e9 delicada. \u201cEst\u00e3o fazendo limpeza, curativos, mas se a perna n\u00e3o restaurar, ou pegar infec\u00e7\u00e3o, ela corre o risco de perder a perna\u201d, disse Eliane.<o:p><\/o:p><\/span><\/p>\n<p class=\"MsoNormal\" style=\"margin-bottom: 0.0001pt; text-align: justify; line-height: normal; background-image: initial; background-attachment: initial; background-size: initial; background-origin: initial; background-clip: initial; background-position: initial; background-repeat: initial;\"><span style=\"font-size: 12.0pt; font-family: 'Times New Roman','serif'; mso-fareast-font-family: 'Times New Roman'; color: #222222; mso-fareast-language: PT-BR;\">&nbsp;<\/span><\/p>\n<p class=\"MsoNormal\" style=\"margin-bottom: 0.0001pt; text-align: justify; line-height: normal; background-image: initial; background-attachment: initial; background-size: initial; background-origin: initial; background-clip: initial; background-position: initial; background-repeat: initial;\"><span style=\"font-size: 12.0pt; font-family: 'Times New Roman','serif'; mso-fareast-font-family: 'Times New Roman'; color: #222222; mso-fareast-language: PT-BR;\">Agora a fam\u00edlia quer que os respons\u00e1veis pela cavalgada e que o motorista da carreta sejam responsabilizados pelo acidente. Segundo dona Eliane, mesmo com a filha internada em hospital p\u00fablico, a fam\u00edlia precisa dispor de recursos para rem\u00e9dio, alimenta\u00e7\u00e3o, entre outros e isso tem trazido dificuldades. \u201cO governo que promoveu esse evento, as autoridades, que se sensibilizem e venham ver como ela est\u00e1. O motorista da carreta nem prestou socorro. Moramos na Cidade do Povo, precisamos vir aqui todos os dias, tem os rem\u00e9dios, \u00e9 uma situa\u00e7\u00e3o dif\u00edcil pra n\u00f3s.\u201d, afirma.<o:p><\/o:p><\/span><\/p>\n<p class=\"MsoNormal\" style=\"margin-bottom: 0.0001pt; text-align: justify; line-height: normal; background-image: initial; background-attachment: initial; background-size: initial; background-origin: initial; background-clip: initial; background-position: initial; background-repeat: initial;\"><span style=\"font-size: 12.0pt; font-family: 'Times New Roman','serif'; mso-fareast-font-family: 'Times New Roman'; color: #222222; mso-fareast-language: PT-BR;\">&nbsp;<o:p><\/o:p><\/span><\/p>\n<p class=\"MsoNormal\" style=\"text-align: justify;\"><span style=\"font-size: 12.0pt; line-height: 115%; font-family: 'Times New Roman','serif';\">&nbsp;<\/span><\/p>\n<p class=\"MsoNormal\" style=\"margin-bottom: 0.0001pt; text-align: justify; line-height: normal; background-image: initial; background-attachment: initial; background-size: initial; background-origin: initial; background-clip: initial; background-position: initial; background-repeat: initial;\"><span style=\"font-size: 12.0pt; font-family: 'Times New Roman','serif'; mso-fareast-font-family: 'Times New Roman'; color: #222222; mso-fareast-language: PT-BR;\">&nbsp;<\/span><\/p>\n<\/p><\/div>\n","protected":false},"excerpt":{"rendered":"<p style=\"text-align: justify;\">Eliane conta que filha n\u00e3o recebeu nenhuma ajuda<\/p>\n","protected":false},"author":4,"featured_media":24314,"comment_status":"open","ping_status":"open","sticky":false,"template":"","format":"standard","meta":{"jnews-multi-image_gallery":[],"jnews_single_post":[],"jnews_primary_category":[],"jnews_social_meta":[],"jnews_review":[],"enable_review":"","type":"","name":"","summary":"","brand":"","sku":"","good":[],"bad":[],"score_override":"","override_value":"","rating":[],"price":[],"footnotes":""},"categories":[44],"tags":[],"class_list":["post-24315","post","type-post","status-publish","format-standard","has-post-thumbnail","hentry","category-policia"],"yoast_head":"<!-- This site is optimized with the Yoast SEO plugin v26.5 - https:\/\/yoast.com\/wordpress\/plugins\/seo\/ -->\n<title>M\u00e3e de jovem atropelada por carreta quer responsabilizar Estado - Agazeta.net<\/title>\n<meta name=\"robots\" content=\"index, follow, max-snippet:-1, max-image-preview:large, max-video-preview:-1\" \/>\n<link rel=\"canonical\" href=\"https:\/\/nk7-testes.com.br\/agazeta\/mae-de-jovem-atropelada-por-carreta-quer-responsabilizar-estado\/\" \/>\n<meta property=\"og:locale\" content=\"pt_BR\" \/>\n<meta property=\"og:type\" content=\"article\" \/>\n<meta property=\"og:title\" content=\"M\u00e3e de jovem atropelada por carreta quer responsabilizar Estado - Agazeta.net\" \/>\n<meta property=\"og:description\" content=\"Eliane conta que filha n\u00e3o recebeu nenhuma ajuda\" \/>\n<meta property=\"og:url\" content=\"https:\/\/nk7-testes.com.br\/agazeta\/mae-de-jovem-atropelada-por-carreta-quer-responsabilizar-estado\/\" \/>\n<meta property=\"og:site_name\" content=\"Agazeta.net\" \/>\n<meta property=\"article:published_time\" content=\"2016-08-04T19:08:27+00:00\" \/>\n<meta property=\"og:image\" content=\"https:\/\/nk7-testes.com.br\/agazeta\/wp-content\/uploads\/2016\/08\/040816-policia-jovemaatropelada-familia.jpg\" \/>\n\t<meta property=\"og:image:width\" content=\"458\" \/>\n\t<meta property=\"og:image:height\" content=\"340\" \/>\n\t<meta property=\"og:image:type\" content=\"image\/jpeg\" \/>\n<meta name=\"author\" content=\"Agazeta.Net\" \/>\n<meta name=\"twitter:card\" content=\"summary_large_image\" \/>\n<meta name=\"twitter:label1\" content=\"Escrito por\" \/>\n\t<meta name=\"twitter:data1\" content=\"Agazeta.Net\" \/>\n\t<meta name=\"twitter:label2\" content=\"Est. tempo de leitura\" \/>\n\t<meta name=\"twitter:data2\" content=\"3 minutos\" \/>\n<script type=\"application\/ld+json\" class=\"yoast-schema-graph\">{\"@context\":\"https:\/\/schema.org\",\"@graph\":[{\"@type\":\"WebPage\",\"@id\":\"https:\/\/nk7-testes.com.br\/agazeta\/mae-de-jovem-atropelada-por-carreta-quer-responsabilizar-estado\/\",\"url\":\"https:\/\/nk7-testes.com.br\/agazeta\/mae-de-jovem-atropelada-por-carreta-quer-responsabilizar-estado\/\",\"name\":\"M\u00e3e de jovem atropelada por carreta quer responsabilizar Estado - Agazeta.net\",\"isPartOf\":{\"@id\":\"https:\/\/nk7-testes.com.br\/agazeta\/#website\"},\"primaryImageOfPage\":{\"@id\":\"https:\/\/nk7-testes.com.br\/agazeta\/mae-de-jovem-atropelada-por-carreta-quer-responsabilizar-estado\/#primaryimage\"},\"image\":{\"@id\":\"https:\/\/nk7-testes.com.br\/agazeta\/mae-de-jovem-atropelada-por-carreta-quer-responsabilizar-estado\/#primaryimage\"},\"thumbnailUrl\":\"https:\/\/nk7-testes.com.br\/agazeta\/wp-content\/uploads\/2016\/08\/040816-policia-jovemaatropelada-familia.jpg\",\"datePublished\":\"2016-08-04T19:08:27+00:00\",\"author\":{\"@id\":\"https:\/\/nk7-testes.com.br\/agazeta\/#\/schema\/person\/6d6e25cb0435eb4a02fd44d30b4e3020\"},\"breadcrumb\":{\"@id\":\"https:\/\/nk7-testes.com.br\/agazeta\/mae-de-jovem-atropelada-por-carreta-quer-responsabilizar-estado\/#breadcrumb\"},\"inLanguage\":\"pt-BR\",\"potentialAction\":[{\"@type\":\"ReadAction\",\"target\":[\"https:\/\/nk7-testes.com.br\/agazeta\/mae-de-jovem-atropelada-por-carreta-quer-responsabilizar-estado\/\"]}]},{\"@type\":\"ImageObject\",\"inLanguage\":\"pt-BR\",\"@id\":\"https:\/\/nk7-testes.com.br\/agazeta\/mae-de-jovem-atropelada-por-carreta-quer-responsabilizar-estado\/#primaryimage\",\"url\":\"https:\/\/nk7-testes.com.br\/agazeta\/wp-content\/uploads\/2016\/08\/040816-policia-jovemaatropelada-familia.jpg\",\"contentUrl\":\"https:\/\/nk7-testes.com.br\/agazeta\/wp-content\/uploads\/2016\/08\/040816-policia-jovemaatropelada-familia.jpg\",\"width\":458,\"height\":340,\"caption\":\"040816-policia-jovemaatropelada-familia\"},{\"@type\":\"BreadcrumbList\",\"@id\":\"https:\/\/nk7-testes.com.br\/agazeta\/mae-de-jovem-atropelada-por-carreta-quer-responsabilizar-estado\/#breadcrumb\",\"itemListElement\":[{\"@type\":\"ListItem\",\"position\":1,\"name\":\"In\u00edcio\",\"item\":\"https:\/\/nk7-testes.com.br\/agazeta\/\"},{\"@type\":\"ListItem\",\"position\":2,\"name\":\"M\u00e3e de jovem atropelada por carreta quer responsabilizar Estado\"}]},{\"@type\":\"WebSite\",\"@id\":\"https:\/\/nk7-testes.com.br\/agazeta\/#website\",\"url\":\"https:\/\/nk7-testes.com.br\/agazeta\/\",\"name\":\"Agazeta.net\",\"description\":\"Agazeta.net - Not\u00edcias de Rio Branco\/AC\",\"potentialAction\":[{\"@type\":\"SearchAction\",\"target\":{\"@type\":\"EntryPoint\",\"urlTemplate\":\"https:\/\/nk7-testes.com.br\/agazeta\/?s={search_term_string}\"},\"query-input\":{\"@type\":\"PropertyValueSpecification\",\"valueRequired\":true,\"valueName\":\"search_term_string\"}}],\"inLanguage\":\"pt-BR\"},{\"@type\":\"Person\",\"@id\":\"https:\/\/nk7-testes.com.br\/agazeta\/#\/schema\/person\/6d6e25cb0435eb4a02fd44d30b4e3020\",\"name\":\"Agazeta.Net\",\"url\":\"https:\/\/nk7-testes.com.br\/agazeta\/author\/agazeta\/\"}]}<\/script>\n<!-- \/ Yoast SEO plugin. -->","yoast_head_json":{"title":"M\u00e3e de jovem atropelada por carreta quer responsabilizar Estado - Agazeta.net","robots":{"index":"index","follow":"follow","max-snippet":"max-snippet:-1","max-image-preview":"max-image-preview:large","max-video-preview":"max-video-preview:-1"},"canonical":"https:\/\/nk7-testes.com.br\/agazeta\/mae-de-jovem-atropelada-por-carreta-quer-responsabilizar-estado\/","og_locale":"pt_BR","og_type":"article","og_title":"M\u00e3e de jovem atropelada por carreta quer responsabilizar Estado - Agazeta.net","og_description":"Eliane conta que filha n\u00e3o recebeu nenhuma ajuda","og_url":"https:\/\/nk7-testes.com.br\/agazeta\/mae-de-jovem-atropelada-por-carreta-quer-responsabilizar-estado\/","og_site_name":"Agazeta.net","article_published_time":"2016-08-04T19:08:27+00:00","og_image":[{"width":458,"height":340,"url":"https:\/\/nk7-testes.com.br\/agazeta\/wp-content\/uploads\/2016\/08\/040816-policia-jovemaatropelada-familia.jpg","type":"image\/jpeg"}],"author":"Agazeta.Net","twitter_card":"summary_large_image","twitter_misc":{"Escrito por":"Agazeta.Net","Est. tempo de leitura":"3 minutos"},"schema":{"@context":"https:\/\/schema.org","@graph":[{"@type":"WebPage","@id":"https:\/\/nk7-testes.com.br\/agazeta\/mae-de-jovem-atropelada-por-carreta-quer-responsabilizar-estado\/","url":"https:\/\/nk7-testes.com.br\/agazeta\/mae-de-jovem-atropelada-por-carreta-quer-responsabilizar-estado\/","name":"M\u00e3e de jovem atropelada por carreta quer responsabilizar Estado - Agazeta.net","isPartOf":{"@id":"https:\/\/nk7-testes.com.br\/agazeta\/#website"},"primaryImageOfPage":{"@id":"https:\/\/nk7-testes.com.br\/agazeta\/mae-de-jovem-atropelada-por-carreta-quer-responsabilizar-estado\/#primaryimage"},"image":{"@id":"https:\/\/nk7-testes.com.br\/agazeta\/mae-de-jovem-atropelada-por-carreta-quer-responsabilizar-estado\/#primaryimage"},"thumbnailUrl":"https:\/\/nk7-testes.com.br\/agazeta\/wp-content\/uploads\/2016\/08\/040816-policia-jovemaatropelada-familia.jpg","datePublished":"2016-08-04T19:08:27+00:00","author":{"@id":"https:\/\/nk7-testes.com.br\/agazeta\/#\/schema\/person\/6d6e25cb0435eb4a02fd44d30b4e3020"},"breadcrumb":{"@id":"https:\/\/nk7-testes.com.br\/agazeta\/mae-de-jovem-atropelada-por-carreta-quer-responsabilizar-estado\/#breadcrumb"},"inLanguage":"pt-BR","potentialAction":[{"@type":"ReadAction","target":["https:\/\/nk7-testes.com.br\/agazeta\/mae-de-jovem-atropelada-por-carreta-quer-responsabilizar-estado\/"]}]},{"@type":"ImageObject","inLanguage":"pt-BR","@id":"https:\/\/nk7-testes.com.br\/agazeta\/mae-de-jovem-atropelada-por-carreta-quer-responsabilizar-estado\/#primaryimage","url":"https:\/\/nk7-testes.com.br\/agazeta\/wp-content\/uploads\/2016\/08\/040816-policia-jovemaatropelada-familia.jpg","contentUrl":"https:\/\/nk7-testes.com.br\/agazeta\/wp-content\/uploads\/2016\/08\/040816-policia-jovemaatropelada-familia.jpg","width":458,"height":340,"caption":"040816-policia-jovemaatropelada-familia"},{"@type":"BreadcrumbList","@id":"https:\/\/nk7-testes.com.br\/agazeta\/mae-de-jovem-atropelada-por-carreta-quer-responsabilizar-estado\/#breadcrumb","itemListElement":[{"@type":"ListItem","position":1,"name":"In\u00edcio","item":"https:\/\/nk7-testes.com.br\/agazeta\/"},{"@type":"ListItem","position":2,"name":"M\u00e3e de jovem atropelada por carreta quer responsabilizar Estado"}]},{"@type":"WebSite","@id":"https:\/\/nk7-testes.com.br\/agazeta\/#website","url":"https:\/\/nk7-testes.com.br\/agazeta\/","name":"Agazeta.net","description":"Agazeta.net - Not\u00edcias de Rio Branco\/AC","potentialAction":[{"@type":"SearchAction","target":{"@type":"EntryPoint","urlTemplate":"https:\/\/nk7-testes.com.br\/agazeta\/?s={search_term_string}"},"query-input":{"@type":"PropertyValueSpecification","valueRequired":true,"valueName":"search_term_string"}}],"inLanguage":"pt-BR"},{"@type":"Person","@id":"https:\/\/nk7-testes.com.br\/agazeta\/#\/schema\/person\/6d6e25cb0435eb4a02fd44d30b4e3020","name":"Agazeta.Net","url":"https:\/\/nk7-testes.com.br\/agazeta\/author\/agazeta\/"}]}},"_links":{"self":[{"href":"https:\/\/nk7-testes.com.br\/agazeta\/wp-json\/wp\/v2\/posts\/24315","targetHints":{"allow":["GET"]}}],"collection":[{"href":"https:\/\/nk7-testes.com.br\/agazeta\/wp-json\/wp\/v2\/posts"}],"about":[{"href":"https:\/\/nk7-testes.com.br\/agazeta\/wp-json\/wp\/v2\/types\/post"}],"author":[{"embeddable":true,"href":"https:\/\/nk7-testes.com.br\/agazeta\/wp-json\/wp\/v2\/users\/4"}],"replies":[{"embeddable":true,"href":"https:\/\/nk7-testes.com.br\/agazeta\/wp-json\/wp\/v2\/comments?post=24315"}],"version-history":[{"count":0,"href":"https:\/\/nk7-testes.com.br\/agazeta\/wp-json\/wp\/v2\/posts\/24315\/revisions"}],"wp:featuredmedia":[{"embeddable":true,"href":"https:\/\/nk7-testes.com.br\/agazeta\/wp-json\/wp\/v2\/media\/24314"}],"wp:attachment":[{"href":"https:\/\/nk7-testes.com.br\/agazeta\/wp-json\/wp\/v2\/media?parent=24315"}],"wp:term":[{"taxonomy":"category","embeddable":true,"href":"https:\/\/nk7-testes.com.br\/agazeta\/wp-json\/wp\/v2\/categories?post=24315"},{"taxonomy":"post_tag","embeddable":true,"href":"https:\/\/nk7-testes.com.br\/agazeta\/wp-json\/wp\/v2\/tags?post=24315"}],"curies":[{"name":"wp","href":"https:\/\/api.w.org\/{rel}","templated":true}]}}