{"id":24313,"date":"2016-08-04T18:51:54","date_gmt":"2016-08-04T18:51:54","guid":{"rendered":"https:\/\/abarevegan.com.br\/index.php\/2016\/08\/04\/crise-valor-de-imoveis-despenca-no-acre\/"},"modified":"2016-08-04T18:51:54","modified_gmt":"2016-08-04T18:51:54","slug":"crise-valor-de-imoveis-despenca-no-acre","status":"publish","type":"post","link":"https:\/\/nk7-testes.com.br\/agazeta\/crise-valor-de-imoveis-despenca-no-acre\/","title":{"rendered":"Crise: Valor de im\u00f3veis despenca no Acre"},"content":{"rendered":"<p style=\"text-align: justify;\">Foi registrada queda de 30% a 40%<\/p>\n<p style=\"text-align: justify;\">O pre\u00e7o dos im\u00f3veis e dos alugueis caiu e com isso, o mercado imobili\u00e1rio entrou em um novo momento. Quem trabalha no setor acredita que a crise econ\u00f4mica que o Brasil atravessa e os crit\u00e9rios mais r\u00edgidos na concess\u00e3o de financiamentos s\u00e3o os respons\u00e1veis pela deprecia\u00e7\u00e3o.<\/p>\n<p style=\"text-align: justify;\">Em qualquer bairro, em qualquer rua de Rio Branco n\u00e3o \u00e9 dif\u00edcil encontrar placas de vende-se ou aluga-se. O mercado imobili\u00e1rio local n\u00e3o vive mais a realidade dos \u00faltimos seis anos, onde casas e apartamentos valorizaram em at\u00e9 300%. Hoje, o pre\u00e7o dos im\u00f3veis caiu de 30% a 40% e o aluguel tamb\u00e9m teve queda, de 10% a 50%.<\/p>\n<p style=\"text-align: justify;\">Se o valor dos im\u00f3veis caiu esse \u00e9 o melhor momento pra quem quer investir. Mas quem for comprar im\u00f3veis pra alugar precisa ficar ciente que a vez \u00e9 do locador. Nesse momento, com tanta oferta, dependendo da situa\u00e7\u00e3o, quem aluga \u00e9 que diz at\u00e9 quanto pode pagar.<\/p>\n<p style=\"text-align: justify;\">A queda nos pre\u00e7os dos im\u00f3veis segundo o administrador Jurilandi Filho, se deve a dois fatores preponderantes. O primeiro \u00e9 a crise econ\u00f4mica que freou o consumo, impedindo novos neg\u00f3cios em compra e venda, e ainda, os crit\u00e9rios mais r\u00edgidos para financiamentos.<\/p>\n<p style=\"text-align: justify;\">\u201cHouve uma redu\u00e7\u00e3o significativa de cr\u00e9dito pelos bancos e isso ocorreu num momento com muita oferta no mercado e muitas construtoras estavam com im\u00f3veis novos. Esse foi o ano com maior n\u00famero de processos judiciais de pessoas que compraram im\u00f3veis na planta e est\u00e3o pedindo devolu\u00e7\u00e3o de dinheiro\u201d, ressalta.<\/p>\n<p style=\"text-align: justify;\">Um conselho, de quem entende, para o atual momento do mercado imobili\u00e1rio \u00e9: quem quer vender precisa estar flex\u00edvel para baixar o valor da propriedade. \u201cO momento seria de aguardar, mas se precisa vender tem que saber que vai ter que baixar de 20 a 30% para efetuar a venda\u201d, explica.<\/p>\n","protected":false},"excerpt":{"rendered":"<p style=\"text-align: justify;\">Foi registrada queda de 30% a 40%<\/p>\n","protected":false},"author":4,"featured_media":24312,"comment_status":"open","ping_status":"open","sticky":false,"template":"","format":"standard","meta":{"jnews-multi-image_gallery":[],"jnews_single_post":[],"jnews_primary_category":[],"jnews_social_meta":[],"jnews_review":[],"enable_review":"","type":"","name":"","summary":"","brand":"","sku":"","good":[],"bad":[],"score_override":"","override_value":"","rating":[],"price":[],"footnotes":""},"categories":[54],"tags":[],"class_list":["post-24313","post","type-post","status-publish","format-standard","has-post-thumbnail","hentry","category-cotidiano"],"yoast_head":"<!-- This site is optimized with the Yoast SEO plugin v26.5 - https:\/\/yoast.com\/wordpress\/plugins\/seo\/ -->\n<title>Crise: Valor de im\u00f3veis despenca no Acre - Agazeta.net<\/title>\n<meta name=\"robots\" content=\"index, follow, max-snippet:-1, max-image-preview:large, max-video-preview:-1\" \/>\n<link rel=\"canonical\" href=\"https:\/\/nk7-testes.com.br\/agazeta\/crise-valor-de-imoveis-despenca-no-acre\/\" \/>\n<meta property=\"og:locale\" content=\"pt_BR\" \/>\n<meta property=\"og:type\" content=\"article\" \/>\n<meta property=\"og:title\" content=\"Crise: Valor de im\u00f3veis despenca no Acre - Agazeta.net\" \/>\n<meta property=\"og:description\" content=\"Foi registrada queda de 30% a 40%\" \/>\n<meta property=\"og:url\" content=\"https:\/\/nk7-testes.com.br\/agazeta\/crise-valor-de-imoveis-despenca-no-acre\/\" \/>\n<meta property=\"og:site_name\" content=\"Agazeta.net\" \/>\n<meta property=\"article:published_time\" content=\"2016-08-04T18:51:54+00:00\" \/>\n<meta property=\"og:image\" content=\"https:\/\/nk7-testes.com.br\/agazeta\/wp-content\/uploads\/2016\/08\/040816-cotidiano-imoveisbaratos.jpg\" \/>\n\t<meta property=\"og:image:width\" content=\"458\" \/>\n\t<meta property=\"og:image:height\" content=\"340\" \/>\n\t<meta property=\"og:image:type\" content=\"image\/jpeg\" \/>\n<meta name=\"author\" content=\"Agazeta.Net\" \/>\n<meta name=\"twitter:card\" content=\"summary_large_image\" \/>\n<meta name=\"twitter:label1\" content=\"Escrito por\" \/>\n\t<meta name=\"twitter:data1\" content=\"Agazeta.Net\" \/>\n\t<meta name=\"twitter:label2\" content=\"Est. tempo de leitura\" \/>\n\t<meta name=\"twitter:data2\" content=\"2 minutos\" \/>\n<script type=\"application\/ld+json\" class=\"yoast-schema-graph\">{\"@context\":\"https:\/\/schema.org\",\"@graph\":[{\"@type\":\"WebPage\",\"@id\":\"https:\/\/nk7-testes.com.br\/agazeta\/crise-valor-de-imoveis-despenca-no-acre\/\",\"url\":\"https:\/\/nk7-testes.com.br\/agazeta\/crise-valor-de-imoveis-despenca-no-acre\/\",\"name\":\"Crise: Valor de im\u00f3veis despenca no Acre - Agazeta.net\",\"isPartOf\":{\"@id\":\"https:\/\/nk7-testes.com.br\/agazeta\/#website\"},\"primaryImageOfPage\":{\"@id\":\"https:\/\/nk7-testes.com.br\/agazeta\/crise-valor-de-imoveis-despenca-no-acre\/#primaryimage\"},\"image\":{\"@id\":\"https:\/\/nk7-testes.com.br\/agazeta\/crise-valor-de-imoveis-despenca-no-acre\/#primaryimage\"},\"thumbnailUrl\":\"https:\/\/nk7-testes.com.br\/agazeta\/wp-content\/uploads\/2016\/08\/040816-cotidiano-imoveisbaratos.jpg\",\"datePublished\":\"2016-08-04T18:51:54+00:00\",\"author\":{\"@id\":\"https:\/\/nk7-testes.com.br\/agazeta\/#\/schema\/person\/6d6e25cb0435eb4a02fd44d30b4e3020\"},\"breadcrumb\":{\"@id\":\"https:\/\/nk7-testes.com.br\/agazeta\/crise-valor-de-imoveis-despenca-no-acre\/#breadcrumb\"},\"inLanguage\":\"pt-BR\",\"potentialAction\":[{\"@type\":\"ReadAction\",\"target\":[\"https:\/\/nk7-testes.com.br\/agazeta\/crise-valor-de-imoveis-despenca-no-acre\/\"]}]},{\"@type\":\"ImageObject\",\"inLanguage\":\"pt-BR\",\"@id\":\"https:\/\/nk7-testes.com.br\/agazeta\/crise-valor-de-imoveis-despenca-no-acre\/#primaryimage\",\"url\":\"https:\/\/nk7-testes.com.br\/agazeta\/wp-content\/uploads\/2016\/08\/040816-cotidiano-imoveisbaratos.jpg\",\"contentUrl\":\"https:\/\/nk7-testes.com.br\/agazeta\/wp-content\/uploads\/2016\/08\/040816-cotidiano-imoveisbaratos.jpg\",\"width\":458,\"height\":340,\"caption\":\"040816-cotidiano-imoveisbaratos\"},{\"@type\":\"BreadcrumbList\",\"@id\":\"https:\/\/nk7-testes.com.br\/agazeta\/crise-valor-de-imoveis-despenca-no-acre\/#breadcrumb\",\"itemListElement\":[{\"@type\":\"ListItem\",\"position\":1,\"name\":\"In\u00edcio\",\"item\":\"https:\/\/nk7-testes.com.br\/agazeta\/\"},{\"@type\":\"ListItem\",\"position\":2,\"name\":\"Crise: Valor de im\u00f3veis despenca no Acre\"}]},{\"@type\":\"WebSite\",\"@id\":\"https:\/\/nk7-testes.com.br\/agazeta\/#website\",\"url\":\"https:\/\/nk7-testes.com.br\/agazeta\/\",\"name\":\"Agazeta.net\",\"description\":\"Agazeta.net - Not\u00edcias de Rio Branco\/AC\",\"potentialAction\":[{\"@type\":\"SearchAction\",\"target\":{\"@type\":\"EntryPoint\",\"urlTemplate\":\"https:\/\/nk7-testes.com.br\/agazeta\/?s={search_term_string}\"},\"query-input\":{\"@type\":\"PropertyValueSpecification\",\"valueRequired\":true,\"valueName\":\"search_term_string\"}}],\"inLanguage\":\"pt-BR\"},{\"@type\":\"Person\",\"@id\":\"https:\/\/nk7-testes.com.br\/agazeta\/#\/schema\/person\/6d6e25cb0435eb4a02fd44d30b4e3020\",\"name\":\"Agazeta.Net\",\"url\":\"https:\/\/nk7-testes.com.br\/agazeta\/author\/agazeta\/\"}]}<\/script>\n<!-- \/ Yoast SEO plugin. -->","yoast_head_json":{"title":"Crise: Valor de im\u00f3veis despenca no Acre - Agazeta.net","robots":{"index":"index","follow":"follow","max-snippet":"max-snippet:-1","max-image-preview":"max-image-preview:large","max-video-preview":"max-video-preview:-1"},"canonical":"https:\/\/nk7-testes.com.br\/agazeta\/crise-valor-de-imoveis-despenca-no-acre\/","og_locale":"pt_BR","og_type":"article","og_title":"Crise: Valor de im\u00f3veis despenca no Acre - Agazeta.net","og_description":"Foi registrada queda de 30% a 40%","og_url":"https:\/\/nk7-testes.com.br\/agazeta\/crise-valor-de-imoveis-despenca-no-acre\/","og_site_name":"Agazeta.net","article_published_time":"2016-08-04T18:51:54+00:00","og_image":[{"width":458,"height":340,"url":"https:\/\/nk7-testes.com.br\/agazeta\/wp-content\/uploads\/2016\/08\/040816-cotidiano-imoveisbaratos.jpg","type":"image\/jpeg"}],"author":"Agazeta.Net","twitter_card":"summary_large_image","twitter_misc":{"Escrito por":"Agazeta.Net","Est. tempo de leitura":"2 minutos"},"schema":{"@context":"https:\/\/schema.org","@graph":[{"@type":"WebPage","@id":"https:\/\/nk7-testes.com.br\/agazeta\/crise-valor-de-imoveis-despenca-no-acre\/","url":"https:\/\/nk7-testes.com.br\/agazeta\/crise-valor-de-imoveis-despenca-no-acre\/","name":"Crise: Valor de im\u00f3veis despenca no Acre - Agazeta.net","isPartOf":{"@id":"https:\/\/nk7-testes.com.br\/agazeta\/#website"},"primaryImageOfPage":{"@id":"https:\/\/nk7-testes.com.br\/agazeta\/crise-valor-de-imoveis-despenca-no-acre\/#primaryimage"},"image":{"@id":"https:\/\/nk7-testes.com.br\/agazeta\/crise-valor-de-imoveis-despenca-no-acre\/#primaryimage"},"thumbnailUrl":"https:\/\/nk7-testes.com.br\/agazeta\/wp-content\/uploads\/2016\/08\/040816-cotidiano-imoveisbaratos.jpg","datePublished":"2016-08-04T18:51:54+00:00","author":{"@id":"https:\/\/nk7-testes.com.br\/agazeta\/#\/schema\/person\/6d6e25cb0435eb4a02fd44d30b4e3020"},"breadcrumb":{"@id":"https:\/\/nk7-testes.com.br\/agazeta\/crise-valor-de-imoveis-despenca-no-acre\/#breadcrumb"},"inLanguage":"pt-BR","potentialAction":[{"@type":"ReadAction","target":["https:\/\/nk7-testes.com.br\/agazeta\/crise-valor-de-imoveis-despenca-no-acre\/"]}]},{"@type":"ImageObject","inLanguage":"pt-BR","@id":"https:\/\/nk7-testes.com.br\/agazeta\/crise-valor-de-imoveis-despenca-no-acre\/#primaryimage","url":"https:\/\/nk7-testes.com.br\/agazeta\/wp-content\/uploads\/2016\/08\/040816-cotidiano-imoveisbaratos.jpg","contentUrl":"https:\/\/nk7-testes.com.br\/agazeta\/wp-content\/uploads\/2016\/08\/040816-cotidiano-imoveisbaratos.jpg","width":458,"height":340,"caption":"040816-cotidiano-imoveisbaratos"},{"@type":"BreadcrumbList","@id":"https:\/\/nk7-testes.com.br\/agazeta\/crise-valor-de-imoveis-despenca-no-acre\/#breadcrumb","itemListElement":[{"@type":"ListItem","position":1,"name":"In\u00edcio","item":"https:\/\/nk7-testes.com.br\/agazeta\/"},{"@type":"ListItem","position":2,"name":"Crise: Valor de im\u00f3veis despenca no Acre"}]},{"@type":"WebSite","@id":"https:\/\/nk7-testes.com.br\/agazeta\/#website","url":"https:\/\/nk7-testes.com.br\/agazeta\/","name":"Agazeta.net","description":"Agazeta.net - Not\u00edcias de Rio Branco\/AC","potentialAction":[{"@type":"SearchAction","target":{"@type":"EntryPoint","urlTemplate":"https:\/\/nk7-testes.com.br\/agazeta\/?s={search_term_string}"},"query-input":{"@type":"PropertyValueSpecification","valueRequired":true,"valueName":"search_term_string"}}],"inLanguage":"pt-BR"},{"@type":"Person","@id":"https:\/\/nk7-testes.com.br\/agazeta\/#\/schema\/person\/6d6e25cb0435eb4a02fd44d30b4e3020","name":"Agazeta.Net","url":"https:\/\/nk7-testes.com.br\/agazeta\/author\/agazeta\/"}]}},"_links":{"self":[{"href":"https:\/\/nk7-testes.com.br\/agazeta\/wp-json\/wp\/v2\/posts\/24313","targetHints":{"allow":["GET"]}}],"collection":[{"href":"https:\/\/nk7-testes.com.br\/agazeta\/wp-json\/wp\/v2\/posts"}],"about":[{"href":"https:\/\/nk7-testes.com.br\/agazeta\/wp-json\/wp\/v2\/types\/post"}],"author":[{"embeddable":true,"href":"https:\/\/nk7-testes.com.br\/agazeta\/wp-json\/wp\/v2\/users\/4"}],"replies":[{"embeddable":true,"href":"https:\/\/nk7-testes.com.br\/agazeta\/wp-json\/wp\/v2\/comments?post=24313"}],"version-history":[{"count":0,"href":"https:\/\/nk7-testes.com.br\/agazeta\/wp-json\/wp\/v2\/posts\/24313\/revisions"}],"wp:featuredmedia":[{"embeddable":true,"href":"https:\/\/nk7-testes.com.br\/agazeta\/wp-json\/wp\/v2\/media\/24312"}],"wp:attachment":[{"href":"https:\/\/nk7-testes.com.br\/agazeta\/wp-json\/wp\/v2\/media?parent=24313"}],"wp:term":[{"taxonomy":"category","embeddable":true,"href":"https:\/\/nk7-testes.com.br\/agazeta\/wp-json\/wp\/v2\/categories?post=24313"},{"taxonomy":"post_tag","embeddable":true,"href":"https:\/\/nk7-testes.com.br\/agazeta\/wp-json\/wp\/v2\/tags?post=24313"}],"curies":[{"name":"wp","href":"https:\/\/api.w.org\/{rel}","templated":true}]}}