{"id":24309,"date":"2016-08-04T16:07:44","date_gmt":"2016-08-04T16:07:44","guid":{"rendered":"https:\/\/abarevegan.com.br\/index.php\/2016\/08\/04\/acusado-de-trafico-jovem-e-preso-no-conquista\/"},"modified":"2016-08-04T16:07:44","modified_gmt":"2016-08-04T16:07:44","slug":"acusado-de-trafico-jovem-e-preso-no-conquista","status":"publish","type":"post","link":"https:\/\/nk7-testes.com.br\/agazeta\/acusado-de-trafico-jovem-e-preso-no-conquista\/","title":{"rendered":"Acusado de tr\u00e1fico, jovem \u00e9 preso no Conquista"},"content":{"rendered":"<p style=\"text-align: justify;\">Revistado ap\u00f3s sair de casa movimentada no bairro<\/p>\n<p style=\"text-align: justify;\">Enilson Jos\u00e9 Lopes de Oliveira J\u00fanior, 21, foi preso na tarde desta quarta feira (3), por policias civis da DIC (Delegacia de Investiga\u00e7\u00f5es Criminais). Os policias estavam na Rua Botafogo, no bairro Conquista, investigando uma situa\u00e7\u00e3o de assalto, quando perceberam uma grande movimenta\u00e7\u00e3o de pessoas saindo de uma casa.<\/p>\n<p style=\"text-align: justify;\">Durante alguns minutos, os policias ficaram observando a movimenta\u00e7\u00e3o e resolveram abordar uma pessoa que saiu da casa. Durante a revista, os policias descobriram que ele seria usu\u00e1rio de droga.<\/p>\n<p style=\"text-align: justify;\">Os policias invadiram a casa e prenderam Enilson. Ao revistar dentro da resid\u00eancia, os policias encontraram muita droga e dinheiro trocado e uma balan\u00e7a de precis\u00e3o. O acusado foi preso por crime de tr\u00e1fico de droga e conduzido \u00e0 Delegacia Central de Flagrantes.<\/p>\n","protected":false},"excerpt":{"rendered":"<p style=\"text-align: justify;\">Revistado ap\u00f3s sair de casa movimentada no bairro<\/p>\n","protected":false},"author":4,"featured_media":24308,"comment_status":"open","ping_status":"open","sticky":false,"template":"","format":"standard","meta":{"jnews-multi-image_gallery":[],"jnews_single_post":[],"jnews_primary_category":[],"jnews_social_meta":[],"jnews_review":[],"enable_review":"","type":"","name":"","summary":"","brand":"","sku":"","good":[],"bad":[],"score_override":"","override_value":"","rating":[],"price":[],"footnotes":""},"categories":[44],"tags":[],"class_list":["post-24309","post","type-post","status-publish","format-standard","has-post-thumbnail","hentry","category-policia"],"yoast_head":"<!-- This site is optimized with the Yoast SEO plugin v26.5 - https:\/\/yoast.com\/wordpress\/plugins\/seo\/ -->\n<title>Acusado de tr\u00e1fico, jovem \u00e9 preso no Conquista - Agazeta.net<\/title>\n<meta name=\"robots\" content=\"index, follow, max-snippet:-1, max-image-preview:large, max-video-preview:-1\" \/>\n<link rel=\"canonical\" href=\"https:\/\/nk7-testes.com.br\/agazeta\/acusado-de-trafico-jovem-e-preso-no-conquista\/\" \/>\n<meta property=\"og:locale\" content=\"pt_BR\" \/>\n<meta property=\"og:type\" content=\"article\" \/>\n<meta property=\"og:title\" content=\"Acusado de tr\u00e1fico, jovem \u00e9 preso no Conquista - Agazeta.net\" \/>\n<meta property=\"og:description\" content=\"Revistado ap\u00f3s sair de casa movimentada no bairro\" \/>\n<meta property=\"og:url\" content=\"https:\/\/nk7-testes.com.br\/agazeta\/acusado-de-trafico-jovem-e-preso-no-conquista\/\" \/>\n<meta property=\"og:site_name\" content=\"Agazeta.net\" \/>\n<meta property=\"article:published_time\" content=\"2016-08-04T16:07:44+00:00\" \/>\n<meta property=\"og:image\" content=\"https:\/\/nk7-testes.com.br\/agazeta\/wp-content\/uploads\/2016\/08\/040816-policia-jovempresodrogas-cleriston.jpg\" \/>\n\t<meta property=\"og:image:width\" content=\"458\" \/>\n\t<meta property=\"og:image:height\" content=\"340\" \/>\n\t<meta property=\"og:image:type\" content=\"image\/jpeg\" \/>\n<meta name=\"author\" content=\"Agazeta.Net\" \/>\n<meta name=\"twitter:card\" content=\"summary_large_image\" \/>\n<meta name=\"twitter:label1\" content=\"Escrito por\" \/>\n\t<meta name=\"twitter:data1\" content=\"Agazeta.Net\" \/>\n\t<meta name=\"twitter:label2\" content=\"Est. tempo de leitura\" \/>\n\t<meta name=\"twitter:data2\" content=\"1 minuto\" \/>\n<script type=\"application\/ld+json\" class=\"yoast-schema-graph\">{\"@context\":\"https:\/\/schema.org\",\"@graph\":[{\"@type\":\"WebPage\",\"@id\":\"https:\/\/nk7-testes.com.br\/agazeta\/acusado-de-trafico-jovem-e-preso-no-conquista\/\",\"url\":\"https:\/\/nk7-testes.com.br\/agazeta\/acusado-de-trafico-jovem-e-preso-no-conquista\/\",\"name\":\"Acusado de tr\u00e1fico, jovem \u00e9 preso no Conquista - Agazeta.net\",\"isPartOf\":{\"@id\":\"https:\/\/nk7-testes.com.br\/agazeta\/#website\"},\"primaryImageOfPage\":{\"@id\":\"https:\/\/nk7-testes.com.br\/agazeta\/acusado-de-trafico-jovem-e-preso-no-conquista\/#primaryimage\"},\"image\":{\"@id\":\"https:\/\/nk7-testes.com.br\/agazeta\/acusado-de-trafico-jovem-e-preso-no-conquista\/#primaryimage\"},\"thumbnailUrl\":\"https:\/\/nk7-testes.com.br\/agazeta\/wp-content\/uploads\/2016\/08\/040816-policia-jovempresodrogas-cleriston.jpg\",\"datePublished\":\"2016-08-04T16:07:44+00:00\",\"author\":{\"@id\":\"https:\/\/nk7-testes.com.br\/agazeta\/#\/schema\/person\/6d6e25cb0435eb4a02fd44d30b4e3020\"},\"breadcrumb\":{\"@id\":\"https:\/\/nk7-testes.com.br\/agazeta\/acusado-de-trafico-jovem-e-preso-no-conquista\/#breadcrumb\"},\"inLanguage\":\"pt-BR\",\"potentialAction\":[{\"@type\":\"ReadAction\",\"target\":[\"https:\/\/nk7-testes.com.br\/agazeta\/acusado-de-trafico-jovem-e-preso-no-conquista\/\"]}]},{\"@type\":\"ImageObject\",\"inLanguage\":\"pt-BR\",\"@id\":\"https:\/\/nk7-testes.com.br\/agazeta\/acusado-de-trafico-jovem-e-preso-no-conquista\/#primaryimage\",\"url\":\"https:\/\/nk7-testes.com.br\/agazeta\/wp-content\/uploads\/2016\/08\/040816-policia-jovempresodrogas-cleriston.jpg\",\"contentUrl\":\"https:\/\/nk7-testes.com.br\/agazeta\/wp-content\/uploads\/2016\/08\/040816-policia-jovempresodrogas-cleriston.jpg\",\"width\":458,\"height\":340,\"caption\":\"040816-policia-jovempresodrogas-cleriston\"},{\"@type\":\"BreadcrumbList\",\"@id\":\"https:\/\/nk7-testes.com.br\/agazeta\/acusado-de-trafico-jovem-e-preso-no-conquista\/#breadcrumb\",\"itemListElement\":[{\"@type\":\"ListItem\",\"position\":1,\"name\":\"In\u00edcio\",\"item\":\"https:\/\/nk7-testes.com.br\/agazeta\/\"},{\"@type\":\"ListItem\",\"position\":2,\"name\":\"Acusado de tr\u00e1fico, jovem \u00e9 preso no Conquista\"}]},{\"@type\":\"WebSite\",\"@id\":\"https:\/\/nk7-testes.com.br\/agazeta\/#website\",\"url\":\"https:\/\/nk7-testes.com.br\/agazeta\/\",\"name\":\"Agazeta.net\",\"description\":\"Agazeta.net - Not\u00edcias de Rio Branco\/AC\",\"potentialAction\":[{\"@type\":\"SearchAction\",\"target\":{\"@type\":\"EntryPoint\",\"urlTemplate\":\"https:\/\/nk7-testes.com.br\/agazeta\/?s={search_term_string}\"},\"query-input\":{\"@type\":\"PropertyValueSpecification\",\"valueRequired\":true,\"valueName\":\"search_term_string\"}}],\"inLanguage\":\"pt-BR\"},{\"@type\":\"Person\",\"@id\":\"https:\/\/nk7-testes.com.br\/agazeta\/#\/schema\/person\/6d6e25cb0435eb4a02fd44d30b4e3020\",\"name\":\"Agazeta.Net\",\"url\":\"https:\/\/nk7-testes.com.br\/agazeta\/author\/agazeta\/\"}]}<\/script>\n<!-- \/ Yoast SEO plugin. -->","yoast_head_json":{"title":"Acusado de tr\u00e1fico, jovem \u00e9 preso no Conquista - Agazeta.net","robots":{"index":"index","follow":"follow","max-snippet":"max-snippet:-1","max-image-preview":"max-image-preview:large","max-video-preview":"max-video-preview:-1"},"canonical":"https:\/\/nk7-testes.com.br\/agazeta\/acusado-de-trafico-jovem-e-preso-no-conquista\/","og_locale":"pt_BR","og_type":"article","og_title":"Acusado de tr\u00e1fico, jovem \u00e9 preso no Conquista - Agazeta.net","og_description":"Revistado ap\u00f3s sair de casa movimentada no bairro","og_url":"https:\/\/nk7-testes.com.br\/agazeta\/acusado-de-trafico-jovem-e-preso-no-conquista\/","og_site_name":"Agazeta.net","article_published_time":"2016-08-04T16:07:44+00:00","og_image":[{"width":458,"height":340,"url":"https:\/\/nk7-testes.com.br\/agazeta\/wp-content\/uploads\/2016\/08\/040816-policia-jovempresodrogas-cleriston.jpg","type":"image\/jpeg"}],"author":"Agazeta.Net","twitter_card":"summary_large_image","twitter_misc":{"Escrito por":"Agazeta.Net","Est. tempo de leitura":"1 minuto"},"schema":{"@context":"https:\/\/schema.org","@graph":[{"@type":"WebPage","@id":"https:\/\/nk7-testes.com.br\/agazeta\/acusado-de-trafico-jovem-e-preso-no-conquista\/","url":"https:\/\/nk7-testes.com.br\/agazeta\/acusado-de-trafico-jovem-e-preso-no-conquista\/","name":"Acusado de tr\u00e1fico, jovem \u00e9 preso no Conquista - Agazeta.net","isPartOf":{"@id":"https:\/\/nk7-testes.com.br\/agazeta\/#website"},"primaryImageOfPage":{"@id":"https:\/\/nk7-testes.com.br\/agazeta\/acusado-de-trafico-jovem-e-preso-no-conquista\/#primaryimage"},"image":{"@id":"https:\/\/nk7-testes.com.br\/agazeta\/acusado-de-trafico-jovem-e-preso-no-conquista\/#primaryimage"},"thumbnailUrl":"https:\/\/nk7-testes.com.br\/agazeta\/wp-content\/uploads\/2016\/08\/040816-policia-jovempresodrogas-cleriston.jpg","datePublished":"2016-08-04T16:07:44+00:00","author":{"@id":"https:\/\/nk7-testes.com.br\/agazeta\/#\/schema\/person\/6d6e25cb0435eb4a02fd44d30b4e3020"},"breadcrumb":{"@id":"https:\/\/nk7-testes.com.br\/agazeta\/acusado-de-trafico-jovem-e-preso-no-conquista\/#breadcrumb"},"inLanguage":"pt-BR","potentialAction":[{"@type":"ReadAction","target":["https:\/\/nk7-testes.com.br\/agazeta\/acusado-de-trafico-jovem-e-preso-no-conquista\/"]}]},{"@type":"ImageObject","inLanguage":"pt-BR","@id":"https:\/\/nk7-testes.com.br\/agazeta\/acusado-de-trafico-jovem-e-preso-no-conquista\/#primaryimage","url":"https:\/\/nk7-testes.com.br\/agazeta\/wp-content\/uploads\/2016\/08\/040816-policia-jovempresodrogas-cleriston.jpg","contentUrl":"https:\/\/nk7-testes.com.br\/agazeta\/wp-content\/uploads\/2016\/08\/040816-policia-jovempresodrogas-cleriston.jpg","width":458,"height":340,"caption":"040816-policia-jovempresodrogas-cleriston"},{"@type":"BreadcrumbList","@id":"https:\/\/nk7-testes.com.br\/agazeta\/acusado-de-trafico-jovem-e-preso-no-conquista\/#breadcrumb","itemListElement":[{"@type":"ListItem","position":1,"name":"In\u00edcio","item":"https:\/\/nk7-testes.com.br\/agazeta\/"},{"@type":"ListItem","position":2,"name":"Acusado de tr\u00e1fico, jovem \u00e9 preso no Conquista"}]},{"@type":"WebSite","@id":"https:\/\/nk7-testes.com.br\/agazeta\/#website","url":"https:\/\/nk7-testes.com.br\/agazeta\/","name":"Agazeta.net","description":"Agazeta.net - Not\u00edcias de Rio Branco\/AC","potentialAction":[{"@type":"SearchAction","target":{"@type":"EntryPoint","urlTemplate":"https:\/\/nk7-testes.com.br\/agazeta\/?s={search_term_string}"},"query-input":{"@type":"PropertyValueSpecification","valueRequired":true,"valueName":"search_term_string"}}],"inLanguage":"pt-BR"},{"@type":"Person","@id":"https:\/\/nk7-testes.com.br\/agazeta\/#\/schema\/person\/6d6e25cb0435eb4a02fd44d30b4e3020","name":"Agazeta.Net","url":"https:\/\/nk7-testes.com.br\/agazeta\/author\/agazeta\/"}]}},"_links":{"self":[{"href":"https:\/\/nk7-testes.com.br\/agazeta\/wp-json\/wp\/v2\/posts\/24309","targetHints":{"allow":["GET"]}}],"collection":[{"href":"https:\/\/nk7-testes.com.br\/agazeta\/wp-json\/wp\/v2\/posts"}],"about":[{"href":"https:\/\/nk7-testes.com.br\/agazeta\/wp-json\/wp\/v2\/types\/post"}],"author":[{"embeddable":true,"href":"https:\/\/nk7-testes.com.br\/agazeta\/wp-json\/wp\/v2\/users\/4"}],"replies":[{"embeddable":true,"href":"https:\/\/nk7-testes.com.br\/agazeta\/wp-json\/wp\/v2\/comments?post=24309"}],"version-history":[{"count":0,"href":"https:\/\/nk7-testes.com.br\/agazeta\/wp-json\/wp\/v2\/posts\/24309\/revisions"}],"wp:featuredmedia":[{"embeddable":true,"href":"https:\/\/nk7-testes.com.br\/agazeta\/wp-json\/wp\/v2\/media\/24308"}],"wp:attachment":[{"href":"https:\/\/nk7-testes.com.br\/agazeta\/wp-json\/wp\/v2\/media?parent=24309"}],"wp:term":[{"taxonomy":"category","embeddable":true,"href":"https:\/\/nk7-testes.com.br\/agazeta\/wp-json\/wp\/v2\/categories?post=24309"},{"taxonomy":"post_tag","embeddable":true,"href":"https:\/\/nk7-testes.com.br\/agazeta\/wp-json\/wp\/v2\/tags?post=24309"}],"curies":[{"name":"wp","href":"https:\/\/api.w.org\/{rel}","templated":true}]}}