{"id":24307,"date":"2016-08-04T14:42:01","date_gmt":"2016-08-04T14:42:01","guid":{"rendered":"https:\/\/abarevegan.com.br\/index.php\/2016\/08\/04\/governo-federal-reconhece-situacao-de-emergencia\/"},"modified":"2016-08-04T14:42:01","modified_gmt":"2016-08-04T14:42:01","slug":"governo-federal-reconhece-situacao-de-emergencia","status":"publish","type":"post","link":"https:\/\/nk7-testes.com.br\/agazeta\/governo-federal-reconhece-situacao-de-emergencia\/","title":{"rendered":"Governo Federal reconhece Situa\u00e7\u00e3o de Emerg\u00eancia"},"content":{"rendered":"<p style=\"text-align: justify;\">Rio Branco amanhece sob densa fuma\u00e7a<\/p>\n<p style=\"text-align: justify;\">O Minist\u00e9rio da Integra\u00e7\u00e3o Nacional reconheceu nesta quinta-feira (4) a situa\u00e7\u00e3o de emerg\u00eancia no estado do Acre, decorrente da estiagem que atinge nove munic\u00edpios. O reconhecimento federal foi publicado no Di\u00e1rio Oficial da Uni\u00e3o (DOU) e atende as cidades de Acrel\u00e2ndia, Assis Brasil, Brasil\u00e9ia, Bujari, Epitaciol\u00e2ndia, Pl\u00e1cido de Castro, Porto Acre, Rio Branco e Xapuri.<\/p>\n<p style=\"text-align: justify;\">Ap\u00f3s a medida, os munic\u00edpios podem solicitar o apoio federal em a\u00e7\u00f5es de socorro, assist\u00eancia e o restabelecimento de servi\u00e7os essenciais, al\u00e9m de permitir que o acesso a outros benef\u00edcios, como a renegocia\u00e7\u00e3o de d\u00edvidas no setor de agricultura com o Banco do Brasil; aquisi\u00e7\u00e3o de cestas b\u00e1sicas do Minist\u00e9rio do Desenvolvimento Social e Combate \u00e0 Fome; retomada da atividade econ\u00f4mica dos munic\u00edpios afetados com o Banco Nacional de Desenvolvimento Econ\u00f4mico e Social (BNDES), entre outros.<\/p>\n<p style=\"text-align: justify;\"><strong>Recursos<\/strong><\/p>\n<p style=\"text-align: justify;\">O Minist\u00e9rio da Integra\u00e7\u00e3o Nacional tamb\u00e9m autorizou o empenho e transfer\u00eancia de R$ 339,5 mil para a\u00e7\u00f5es de Defesa Civil no estado do Amazonas (AM). O repasse foi publicado no DOU e tamb\u00e9m ser\u00e1 empregado na execu\u00e7\u00e3o de a\u00e7\u00f5es de resposta a desastres. O recurso atender\u00e1 os munic\u00edpios de Barcelos, Santa Isabel do Rio Negro e Cachoeira. Cerca de 37 mil pessoas da regi\u00e3o nordeste do estado do amazonas ser\u00e3o beneficiadas.<\/p>\n<p style=\"text-align: justify;\">As a\u00e7\u00f5es de resposta consistem em promover o socorro e a assist\u00eancia \u00e0s pessoas afetadas por desastres (cestas de alimentos, kits de higiene pessoal, de limpeza e de dormit\u00f3rio), restabelecer as atividades essenciais e recuperar os danos causados, principalmente os relacionados \u00e0s infraestruturas p\u00fablicas.<\/p>\n","protected":false},"excerpt":{"rendered":"<p style=\"text-align: justify;\">Rio Branco amanhece sob densa fuma\u00e7a<\/p>\n","protected":false},"author":4,"featured_media":24306,"comment_status":"open","ping_status":"open","sticky":false,"template":"","format":"standard","meta":{"jnews-multi-image_gallery":[],"jnews_single_post":[],"jnews_primary_category":[],"jnews_social_meta":[],"jnews_review":[],"enable_review":"","type":"","name":"","summary":"","brand":"","sku":"","good":[],"bad":[],"score_override":"","override_value":"","rating":[],"price":[],"footnotes":""},"categories":[54],"tags":[],"class_list":["post-24307","post","type-post","status-publish","format-standard","has-post-thumbnail","hentry","category-cotidiano"],"yoast_head":"<!-- This site is optimized with the Yoast SEO plugin v26.5 - https:\/\/yoast.com\/wordpress\/plugins\/seo\/ -->\n<title>Governo Federal reconhece Situa\u00e7\u00e3o de Emerg\u00eancia - Agazeta.net<\/title>\n<meta name=\"robots\" content=\"index, follow, max-snippet:-1, max-image-preview:large, max-video-preview:-1\" \/>\n<link rel=\"canonical\" href=\"https:\/\/nk7-testes.com.br\/agazeta\/governo-federal-reconhece-situacao-de-emergencia\/\" \/>\n<meta property=\"og:locale\" content=\"pt_BR\" \/>\n<meta property=\"og:type\" content=\"article\" \/>\n<meta property=\"og:title\" content=\"Governo Federal reconhece Situa\u00e7\u00e3o de Emerg\u00eancia - Agazeta.net\" \/>\n<meta property=\"og:description\" content=\"Rio Branco amanhece sob densa fuma\u00e7a\" \/>\n<meta property=\"og:url\" content=\"https:\/\/nk7-testes.com.br\/agazeta\/governo-federal-reconhece-situacao-de-emergencia\/\" \/>\n<meta property=\"og:site_name\" content=\"Agazeta.net\" \/>\n<meta property=\"article:published_time\" content=\"2016-08-04T14:42:01+00:00\" \/>\n<meta property=\"og:image\" content=\"https:\/\/nk7-testes.com.br\/agazeta\/wp-content\/uploads\/2016\/08\/040816-cotidiano-riobrancofumaca-altinomachado.jpg\" \/>\n\t<meta property=\"og:image:width\" content=\"458\" \/>\n\t<meta property=\"og:image:height\" content=\"340\" \/>\n\t<meta property=\"og:image:type\" content=\"image\/jpeg\" \/>\n<meta name=\"author\" content=\"Agazeta.Net\" \/>\n<meta name=\"twitter:card\" content=\"summary_large_image\" \/>\n<meta name=\"twitter:label1\" content=\"Escrito por\" \/>\n\t<meta name=\"twitter:data1\" content=\"Agazeta.Net\" \/>\n\t<meta name=\"twitter:label2\" content=\"Est. tempo de leitura\" \/>\n\t<meta name=\"twitter:data2\" content=\"1 minuto\" \/>\n<script type=\"application\/ld+json\" class=\"yoast-schema-graph\">{\"@context\":\"https:\/\/schema.org\",\"@graph\":[{\"@type\":\"WebPage\",\"@id\":\"https:\/\/nk7-testes.com.br\/agazeta\/governo-federal-reconhece-situacao-de-emergencia\/\",\"url\":\"https:\/\/nk7-testes.com.br\/agazeta\/governo-federal-reconhece-situacao-de-emergencia\/\",\"name\":\"Governo Federal reconhece Situa\u00e7\u00e3o de Emerg\u00eancia - Agazeta.net\",\"isPartOf\":{\"@id\":\"https:\/\/nk7-testes.com.br\/agazeta\/#website\"},\"primaryImageOfPage\":{\"@id\":\"https:\/\/nk7-testes.com.br\/agazeta\/governo-federal-reconhece-situacao-de-emergencia\/#primaryimage\"},\"image\":{\"@id\":\"https:\/\/nk7-testes.com.br\/agazeta\/governo-federal-reconhece-situacao-de-emergencia\/#primaryimage\"},\"thumbnailUrl\":\"https:\/\/nk7-testes.com.br\/agazeta\/wp-content\/uploads\/2016\/08\/040816-cotidiano-riobrancofumaca-altinomachado.jpg\",\"datePublished\":\"2016-08-04T14:42:01+00:00\",\"author\":{\"@id\":\"https:\/\/nk7-testes.com.br\/agazeta\/#\/schema\/person\/6d6e25cb0435eb4a02fd44d30b4e3020\"},\"breadcrumb\":{\"@id\":\"https:\/\/nk7-testes.com.br\/agazeta\/governo-federal-reconhece-situacao-de-emergencia\/#breadcrumb\"},\"inLanguage\":\"pt-BR\",\"potentialAction\":[{\"@type\":\"ReadAction\",\"target\":[\"https:\/\/nk7-testes.com.br\/agazeta\/governo-federal-reconhece-situacao-de-emergencia\/\"]}]},{\"@type\":\"ImageObject\",\"inLanguage\":\"pt-BR\",\"@id\":\"https:\/\/nk7-testes.com.br\/agazeta\/governo-federal-reconhece-situacao-de-emergencia\/#primaryimage\",\"url\":\"https:\/\/nk7-testes.com.br\/agazeta\/wp-content\/uploads\/2016\/08\/040816-cotidiano-riobrancofumaca-altinomachado.jpg\",\"contentUrl\":\"https:\/\/nk7-testes.com.br\/agazeta\/wp-content\/uploads\/2016\/08\/040816-cotidiano-riobrancofumaca-altinomachado.jpg\",\"width\":458,\"height\":340,\"caption\":\"040816-cotidiano-riobrancofumaca-altinomachado\"},{\"@type\":\"BreadcrumbList\",\"@id\":\"https:\/\/nk7-testes.com.br\/agazeta\/governo-federal-reconhece-situacao-de-emergencia\/#breadcrumb\",\"itemListElement\":[{\"@type\":\"ListItem\",\"position\":1,\"name\":\"In\u00edcio\",\"item\":\"https:\/\/nk7-testes.com.br\/agazeta\/\"},{\"@type\":\"ListItem\",\"position\":2,\"name\":\"Governo Federal reconhece Situa\u00e7\u00e3o de Emerg\u00eancia\"}]},{\"@type\":\"WebSite\",\"@id\":\"https:\/\/nk7-testes.com.br\/agazeta\/#website\",\"url\":\"https:\/\/nk7-testes.com.br\/agazeta\/\",\"name\":\"Agazeta.net\",\"description\":\"Agazeta.net - Not\u00edcias de Rio Branco\/AC\",\"potentialAction\":[{\"@type\":\"SearchAction\",\"target\":{\"@type\":\"EntryPoint\",\"urlTemplate\":\"https:\/\/nk7-testes.com.br\/agazeta\/?s={search_term_string}\"},\"query-input\":{\"@type\":\"PropertyValueSpecification\",\"valueRequired\":true,\"valueName\":\"search_term_string\"}}],\"inLanguage\":\"pt-BR\"},{\"@type\":\"Person\",\"@id\":\"https:\/\/nk7-testes.com.br\/agazeta\/#\/schema\/person\/6d6e25cb0435eb4a02fd44d30b4e3020\",\"name\":\"Agazeta.Net\",\"url\":\"https:\/\/nk7-testes.com.br\/agazeta\/author\/agazeta\/\"}]}<\/script>\n<!-- \/ Yoast SEO plugin. -->","yoast_head_json":{"title":"Governo Federal reconhece Situa\u00e7\u00e3o de Emerg\u00eancia - Agazeta.net","robots":{"index":"index","follow":"follow","max-snippet":"max-snippet:-1","max-image-preview":"max-image-preview:large","max-video-preview":"max-video-preview:-1"},"canonical":"https:\/\/nk7-testes.com.br\/agazeta\/governo-federal-reconhece-situacao-de-emergencia\/","og_locale":"pt_BR","og_type":"article","og_title":"Governo Federal reconhece Situa\u00e7\u00e3o de Emerg\u00eancia - Agazeta.net","og_description":"Rio Branco amanhece sob densa fuma\u00e7a","og_url":"https:\/\/nk7-testes.com.br\/agazeta\/governo-federal-reconhece-situacao-de-emergencia\/","og_site_name":"Agazeta.net","article_published_time":"2016-08-04T14:42:01+00:00","og_image":[{"width":458,"height":340,"url":"https:\/\/nk7-testes.com.br\/agazeta\/wp-content\/uploads\/2016\/08\/040816-cotidiano-riobrancofumaca-altinomachado.jpg","type":"image\/jpeg"}],"author":"Agazeta.Net","twitter_card":"summary_large_image","twitter_misc":{"Escrito por":"Agazeta.Net","Est. tempo de leitura":"1 minuto"},"schema":{"@context":"https:\/\/schema.org","@graph":[{"@type":"WebPage","@id":"https:\/\/nk7-testes.com.br\/agazeta\/governo-federal-reconhece-situacao-de-emergencia\/","url":"https:\/\/nk7-testes.com.br\/agazeta\/governo-federal-reconhece-situacao-de-emergencia\/","name":"Governo Federal reconhece Situa\u00e7\u00e3o de Emerg\u00eancia - Agazeta.net","isPartOf":{"@id":"https:\/\/nk7-testes.com.br\/agazeta\/#website"},"primaryImageOfPage":{"@id":"https:\/\/nk7-testes.com.br\/agazeta\/governo-federal-reconhece-situacao-de-emergencia\/#primaryimage"},"image":{"@id":"https:\/\/nk7-testes.com.br\/agazeta\/governo-federal-reconhece-situacao-de-emergencia\/#primaryimage"},"thumbnailUrl":"https:\/\/nk7-testes.com.br\/agazeta\/wp-content\/uploads\/2016\/08\/040816-cotidiano-riobrancofumaca-altinomachado.jpg","datePublished":"2016-08-04T14:42:01+00:00","author":{"@id":"https:\/\/nk7-testes.com.br\/agazeta\/#\/schema\/person\/6d6e25cb0435eb4a02fd44d30b4e3020"},"breadcrumb":{"@id":"https:\/\/nk7-testes.com.br\/agazeta\/governo-federal-reconhece-situacao-de-emergencia\/#breadcrumb"},"inLanguage":"pt-BR","potentialAction":[{"@type":"ReadAction","target":["https:\/\/nk7-testes.com.br\/agazeta\/governo-federal-reconhece-situacao-de-emergencia\/"]}]},{"@type":"ImageObject","inLanguage":"pt-BR","@id":"https:\/\/nk7-testes.com.br\/agazeta\/governo-federal-reconhece-situacao-de-emergencia\/#primaryimage","url":"https:\/\/nk7-testes.com.br\/agazeta\/wp-content\/uploads\/2016\/08\/040816-cotidiano-riobrancofumaca-altinomachado.jpg","contentUrl":"https:\/\/nk7-testes.com.br\/agazeta\/wp-content\/uploads\/2016\/08\/040816-cotidiano-riobrancofumaca-altinomachado.jpg","width":458,"height":340,"caption":"040816-cotidiano-riobrancofumaca-altinomachado"},{"@type":"BreadcrumbList","@id":"https:\/\/nk7-testes.com.br\/agazeta\/governo-federal-reconhece-situacao-de-emergencia\/#breadcrumb","itemListElement":[{"@type":"ListItem","position":1,"name":"In\u00edcio","item":"https:\/\/nk7-testes.com.br\/agazeta\/"},{"@type":"ListItem","position":2,"name":"Governo Federal reconhece Situa\u00e7\u00e3o de Emerg\u00eancia"}]},{"@type":"WebSite","@id":"https:\/\/nk7-testes.com.br\/agazeta\/#website","url":"https:\/\/nk7-testes.com.br\/agazeta\/","name":"Agazeta.net","description":"Agazeta.net - Not\u00edcias de Rio Branco\/AC","potentialAction":[{"@type":"SearchAction","target":{"@type":"EntryPoint","urlTemplate":"https:\/\/nk7-testes.com.br\/agazeta\/?s={search_term_string}"},"query-input":{"@type":"PropertyValueSpecification","valueRequired":true,"valueName":"search_term_string"}}],"inLanguage":"pt-BR"},{"@type":"Person","@id":"https:\/\/nk7-testes.com.br\/agazeta\/#\/schema\/person\/6d6e25cb0435eb4a02fd44d30b4e3020","name":"Agazeta.Net","url":"https:\/\/nk7-testes.com.br\/agazeta\/author\/agazeta\/"}]}},"_links":{"self":[{"href":"https:\/\/nk7-testes.com.br\/agazeta\/wp-json\/wp\/v2\/posts\/24307","targetHints":{"allow":["GET"]}}],"collection":[{"href":"https:\/\/nk7-testes.com.br\/agazeta\/wp-json\/wp\/v2\/posts"}],"about":[{"href":"https:\/\/nk7-testes.com.br\/agazeta\/wp-json\/wp\/v2\/types\/post"}],"author":[{"embeddable":true,"href":"https:\/\/nk7-testes.com.br\/agazeta\/wp-json\/wp\/v2\/users\/4"}],"replies":[{"embeddable":true,"href":"https:\/\/nk7-testes.com.br\/agazeta\/wp-json\/wp\/v2\/comments?post=24307"}],"version-history":[{"count":0,"href":"https:\/\/nk7-testes.com.br\/agazeta\/wp-json\/wp\/v2\/posts\/24307\/revisions"}],"wp:featuredmedia":[{"embeddable":true,"href":"https:\/\/nk7-testes.com.br\/agazeta\/wp-json\/wp\/v2\/media\/24306"}],"wp:attachment":[{"href":"https:\/\/nk7-testes.com.br\/agazeta\/wp-json\/wp\/v2\/media?parent=24307"}],"wp:term":[{"taxonomy":"category","embeddable":true,"href":"https:\/\/nk7-testes.com.br\/agazeta\/wp-json\/wp\/v2\/categories?post=24307"},{"taxonomy":"post_tag","embeddable":true,"href":"https:\/\/nk7-testes.com.br\/agazeta\/wp-json\/wp\/v2\/tags?post=24307"}],"curies":[{"name":"wp","href":"https:\/\/api.w.org\/{rel}","templated":true}]}}