{"id":24305,"date":"2016-08-04T14:19:11","date_gmt":"2016-08-04T14:19:11","guid":{"rendered":"https:\/\/abarevegan.com.br\/index.php\/2016\/08\/04\/o-tempo-o-vento-e-seu-quintela\/"},"modified":"2016-08-04T14:19:11","modified_gmt":"2016-08-04T14:19:11","slug":"o-tempo-o-vento-e-seu-quintela","status":"publish","type":"post","link":"https:\/\/nk7-testes.com.br\/agazeta\/o-tempo-o-vento-e-seu-quintela\/","title":{"rendered":"O Tempo, o vento e Seu Quintela"},"content":{"rendered":"<p style=\"text-align: justify;\">Morreu dia 21, atropelado por um tempo sem raz\u00e3o<\/p>\n<p style=\"text-align: justify;\">Seu Quintela da Ufac cuidava de saber do tempo. Manuseava aparelhos meteorol\u00f3gicos. Tornou-se um guardi\u00e3o no interior da universidade.<br \/>Sempre presente, quase onipresente.<\/p>\n<p style=\"text-align: justify;\">Seu interesse em ampliar conhecimentos o levava a percorrer n\u00e3o s\u00f3 os cantos da Institui\u00e7\u00e3o, porque sa\u00eda sempre de suas limitadas fronteiras, queria um mundo novo. Estava atento aos mais diversos eventos da ci\u00eancia. Educava a todos sem ser professor, pois sua postura era intransigente pela democracia, pela ajuda m\u00fatua, pela boa e agrad\u00e1vel conversa, em qualquer \u00e1rea da vida. Falava mansamente, porque pensava antes, e suas palavras eram a express\u00e3o exata de seus pensamentos.<\/p>\n<p style=\"text-align: justify;\">Era afei\u00e7oado pelas florestas e, talvez por isso, tornava-se ferrenho guerreiro defensor do meio ambiente em todo o Estado. Se fosse preciso lutar para que a justi\u00e7a e o bem prevalecessem, l\u00e1 estava Seu Quintela.<\/p>\n<p style=\"text-align: justify;\">Contava hist\u00f3rias e amava falar de nossa terra e de nossa gente.<\/p>\n<p style=\"text-align: justify;\">Dedicou-se tamb\u00e9m ao plantio, pois teve a oportunidade de ir morar \u00e0 beira do rio Acre grande parte de sua vida, vendo-o secar.<\/p>\n<p style=\"text-align: justify;\">Se olharmos atrav\u00e9s das margens, ou por entre as planta\u00e7\u00f5es, onde ainda existem pequenas praias, \u00e9 bem poss\u00edvel que se veja seu Quintela, cuidadoso com os alimentos que produzia, mas tamb\u00e9m com as pessoas de sua fam\u00edlia.<\/p>\n<p style=\"text-align: justify;\">Cuidou de seus sobrinhos com muita responsabilidade. Hoje todos eles est\u00e3o bem encaminhados, marcados por seu car\u00e1ter e saber.<\/p>\n<p style=\"text-align: justify;\">Frutos, terra, \u00e1gua, luz do sol, brilho no olhar e amor no cora\u00e7\u00e3o. Assim ser\u00e1 sempre lembrado o homem do tempo da Ufac &#8211; Seu Quintela.<\/p>\n<p style=\"text-align: justify;\">Alguns falam coisas ruins da Universidade. Mas essencialmente ela \u00e9 gente, s\u00e3o aqueles que dedicam e dedicaram sua vida a aprender e a ensinar. S\u00e3o imortais os que lutam.<\/p>\n<p style=\"text-align: justify;\">Agradecidos estamos pelo seu carinho e por compartilhar conosco sua presen\u00e7a, que entre n\u00f3s permanece eterna. Um abra\u00e7o fraterno Amigo Quintela, como voc\u00ea nos ensinou.<\/p>\n<p style=\"text-align: justify;\">De seus amigos, que ainda est\u00e3o lutando por uma universidade p\u00fablica e de qualidade.<\/p>\n<p style=\"text-align: justify;\"><strong>Reginaldo Fernando Ferreira de Castela (Economista)<\/strong><\/p>\n<p style=\"text-align: justify;\"><strong>Ormifran Pessoa Cavalcante (Economista e servidora da Ufac.)<\/strong><\/p>\n","protected":false},"excerpt":{"rendered":"<p style=\"text-align: justify;\">Morreu dia 21, atropelado por um tempo sem raz\u00e3o<\/p>\n","protected":false},"author":4,"featured_media":24304,"comment_status":"open","ping_status":"open","sticky":false,"template":"","format":"standard","meta":{"jnews-multi-image_gallery":[],"jnews_single_post":[],"jnews_primary_category":[],"jnews_social_meta":[],"jnews_review":[],"enable_review":"","type":"","name":"","summary":"","brand":"","sku":"","good":[],"bad":[],"score_override":"","override_value":"","rating":[],"price":[],"footnotes":""},"categories":[54],"tags":[],"class_list":["post-24305","post","type-post","status-publish","format-standard","has-post-thumbnail","hentry","category-cotidiano"],"yoast_head":"<!-- This site is optimized with the Yoast SEO plugin v26.5 - https:\/\/yoast.com\/wordpress\/plugins\/seo\/ -->\n<title>O Tempo, o vento e Seu Quintela - Agazeta.net<\/title>\n<meta name=\"robots\" content=\"index, follow, max-snippet:-1, max-image-preview:large, max-video-preview:-1\" \/>\n<link rel=\"canonical\" href=\"https:\/\/nk7-testes.com.br\/agazeta\/o-tempo-o-vento-e-seu-quintela\/\" \/>\n<meta property=\"og:locale\" content=\"pt_BR\" \/>\n<meta property=\"og:type\" content=\"article\" \/>\n<meta property=\"og:title\" content=\"O Tempo, o vento e Seu Quintela - Agazeta.net\" \/>\n<meta property=\"og:description\" content=\"Morreu dia 21, atropelado por um tempo sem raz\u00e3o\" \/>\n<meta property=\"og:url\" content=\"https:\/\/nk7-testes.com.br\/agazeta\/o-tempo-o-vento-e-seu-quintela\/\" \/>\n<meta property=\"og:site_name\" content=\"Agazeta.net\" \/>\n<meta property=\"article:published_time\" content=\"2016-08-04T14:19:11+00:00\" \/>\n<meta property=\"og:image\" content=\"https:\/\/nk7-testes.com.br\/agazeta\/wp-content\/uploads\/2016\/08\/040816-cotidiano-seuquintella-agencia.jpg\" \/>\n\t<meta property=\"og:image:width\" content=\"458\" \/>\n\t<meta property=\"og:image:height\" content=\"340\" \/>\n\t<meta property=\"og:image:type\" content=\"image\/jpeg\" \/>\n<meta name=\"author\" content=\"Agazeta.Net\" \/>\n<meta name=\"twitter:card\" content=\"summary_large_image\" \/>\n<meta name=\"twitter:label1\" content=\"Escrito por\" \/>\n\t<meta name=\"twitter:data1\" content=\"Agazeta.Net\" \/>\n\t<meta name=\"twitter:label2\" content=\"Est. tempo de leitura\" \/>\n\t<meta name=\"twitter:data2\" content=\"2 minutos\" \/>\n<script type=\"application\/ld+json\" class=\"yoast-schema-graph\">{\"@context\":\"https:\/\/schema.org\",\"@graph\":[{\"@type\":\"WebPage\",\"@id\":\"https:\/\/nk7-testes.com.br\/agazeta\/o-tempo-o-vento-e-seu-quintela\/\",\"url\":\"https:\/\/nk7-testes.com.br\/agazeta\/o-tempo-o-vento-e-seu-quintela\/\",\"name\":\"O Tempo, o vento e Seu Quintela - Agazeta.net\",\"isPartOf\":{\"@id\":\"https:\/\/nk7-testes.com.br\/agazeta\/#website\"},\"primaryImageOfPage\":{\"@id\":\"https:\/\/nk7-testes.com.br\/agazeta\/o-tempo-o-vento-e-seu-quintela\/#primaryimage\"},\"image\":{\"@id\":\"https:\/\/nk7-testes.com.br\/agazeta\/o-tempo-o-vento-e-seu-quintela\/#primaryimage\"},\"thumbnailUrl\":\"https:\/\/nk7-testes.com.br\/agazeta\/wp-content\/uploads\/2016\/08\/040816-cotidiano-seuquintella-agencia.jpg\",\"datePublished\":\"2016-08-04T14:19:11+00:00\",\"author\":{\"@id\":\"https:\/\/nk7-testes.com.br\/agazeta\/#\/schema\/person\/6d6e25cb0435eb4a02fd44d30b4e3020\"},\"breadcrumb\":{\"@id\":\"https:\/\/nk7-testes.com.br\/agazeta\/o-tempo-o-vento-e-seu-quintela\/#breadcrumb\"},\"inLanguage\":\"pt-BR\",\"potentialAction\":[{\"@type\":\"ReadAction\",\"target\":[\"https:\/\/nk7-testes.com.br\/agazeta\/o-tempo-o-vento-e-seu-quintela\/\"]}]},{\"@type\":\"ImageObject\",\"inLanguage\":\"pt-BR\",\"@id\":\"https:\/\/nk7-testes.com.br\/agazeta\/o-tempo-o-vento-e-seu-quintela\/#primaryimage\",\"url\":\"https:\/\/nk7-testes.com.br\/agazeta\/wp-content\/uploads\/2016\/08\/040816-cotidiano-seuquintella-agencia.jpg\",\"contentUrl\":\"https:\/\/nk7-testes.com.br\/agazeta\/wp-content\/uploads\/2016\/08\/040816-cotidiano-seuquintella-agencia.jpg\",\"width\":458,\"height\":340,\"caption\":\"040816-cotidiano-seuquintella-agencia\"},{\"@type\":\"BreadcrumbList\",\"@id\":\"https:\/\/nk7-testes.com.br\/agazeta\/o-tempo-o-vento-e-seu-quintela\/#breadcrumb\",\"itemListElement\":[{\"@type\":\"ListItem\",\"position\":1,\"name\":\"In\u00edcio\",\"item\":\"https:\/\/nk7-testes.com.br\/agazeta\/\"},{\"@type\":\"ListItem\",\"position\":2,\"name\":\"O Tempo, o vento e Seu Quintela\"}]},{\"@type\":\"WebSite\",\"@id\":\"https:\/\/nk7-testes.com.br\/agazeta\/#website\",\"url\":\"https:\/\/nk7-testes.com.br\/agazeta\/\",\"name\":\"Agazeta.net\",\"description\":\"Agazeta.net - Not\u00edcias de Rio Branco\/AC\",\"potentialAction\":[{\"@type\":\"SearchAction\",\"target\":{\"@type\":\"EntryPoint\",\"urlTemplate\":\"https:\/\/nk7-testes.com.br\/agazeta\/?s={search_term_string}\"},\"query-input\":{\"@type\":\"PropertyValueSpecification\",\"valueRequired\":true,\"valueName\":\"search_term_string\"}}],\"inLanguage\":\"pt-BR\"},{\"@type\":\"Person\",\"@id\":\"https:\/\/nk7-testes.com.br\/agazeta\/#\/schema\/person\/6d6e25cb0435eb4a02fd44d30b4e3020\",\"name\":\"Agazeta.Net\",\"url\":\"https:\/\/nk7-testes.com.br\/agazeta\/author\/agazeta\/\"}]}<\/script>\n<!-- \/ Yoast SEO plugin. -->","yoast_head_json":{"title":"O Tempo, o vento e Seu Quintela - Agazeta.net","robots":{"index":"index","follow":"follow","max-snippet":"max-snippet:-1","max-image-preview":"max-image-preview:large","max-video-preview":"max-video-preview:-1"},"canonical":"https:\/\/nk7-testes.com.br\/agazeta\/o-tempo-o-vento-e-seu-quintela\/","og_locale":"pt_BR","og_type":"article","og_title":"O Tempo, o vento e Seu Quintela - Agazeta.net","og_description":"Morreu dia 21, atropelado por um tempo sem raz\u00e3o","og_url":"https:\/\/nk7-testes.com.br\/agazeta\/o-tempo-o-vento-e-seu-quintela\/","og_site_name":"Agazeta.net","article_published_time":"2016-08-04T14:19:11+00:00","og_image":[{"width":458,"height":340,"url":"https:\/\/nk7-testes.com.br\/agazeta\/wp-content\/uploads\/2016\/08\/040816-cotidiano-seuquintella-agencia.jpg","type":"image\/jpeg"}],"author":"Agazeta.Net","twitter_card":"summary_large_image","twitter_misc":{"Escrito por":"Agazeta.Net","Est. tempo de leitura":"2 minutos"},"schema":{"@context":"https:\/\/schema.org","@graph":[{"@type":"WebPage","@id":"https:\/\/nk7-testes.com.br\/agazeta\/o-tempo-o-vento-e-seu-quintela\/","url":"https:\/\/nk7-testes.com.br\/agazeta\/o-tempo-o-vento-e-seu-quintela\/","name":"O Tempo, o vento e Seu Quintela - Agazeta.net","isPartOf":{"@id":"https:\/\/nk7-testes.com.br\/agazeta\/#website"},"primaryImageOfPage":{"@id":"https:\/\/nk7-testes.com.br\/agazeta\/o-tempo-o-vento-e-seu-quintela\/#primaryimage"},"image":{"@id":"https:\/\/nk7-testes.com.br\/agazeta\/o-tempo-o-vento-e-seu-quintela\/#primaryimage"},"thumbnailUrl":"https:\/\/nk7-testes.com.br\/agazeta\/wp-content\/uploads\/2016\/08\/040816-cotidiano-seuquintella-agencia.jpg","datePublished":"2016-08-04T14:19:11+00:00","author":{"@id":"https:\/\/nk7-testes.com.br\/agazeta\/#\/schema\/person\/6d6e25cb0435eb4a02fd44d30b4e3020"},"breadcrumb":{"@id":"https:\/\/nk7-testes.com.br\/agazeta\/o-tempo-o-vento-e-seu-quintela\/#breadcrumb"},"inLanguage":"pt-BR","potentialAction":[{"@type":"ReadAction","target":["https:\/\/nk7-testes.com.br\/agazeta\/o-tempo-o-vento-e-seu-quintela\/"]}]},{"@type":"ImageObject","inLanguage":"pt-BR","@id":"https:\/\/nk7-testes.com.br\/agazeta\/o-tempo-o-vento-e-seu-quintela\/#primaryimage","url":"https:\/\/nk7-testes.com.br\/agazeta\/wp-content\/uploads\/2016\/08\/040816-cotidiano-seuquintella-agencia.jpg","contentUrl":"https:\/\/nk7-testes.com.br\/agazeta\/wp-content\/uploads\/2016\/08\/040816-cotidiano-seuquintella-agencia.jpg","width":458,"height":340,"caption":"040816-cotidiano-seuquintella-agencia"},{"@type":"BreadcrumbList","@id":"https:\/\/nk7-testes.com.br\/agazeta\/o-tempo-o-vento-e-seu-quintela\/#breadcrumb","itemListElement":[{"@type":"ListItem","position":1,"name":"In\u00edcio","item":"https:\/\/nk7-testes.com.br\/agazeta\/"},{"@type":"ListItem","position":2,"name":"O Tempo, o vento e Seu Quintela"}]},{"@type":"WebSite","@id":"https:\/\/nk7-testes.com.br\/agazeta\/#website","url":"https:\/\/nk7-testes.com.br\/agazeta\/","name":"Agazeta.net","description":"Agazeta.net - Not\u00edcias de Rio Branco\/AC","potentialAction":[{"@type":"SearchAction","target":{"@type":"EntryPoint","urlTemplate":"https:\/\/nk7-testes.com.br\/agazeta\/?s={search_term_string}"},"query-input":{"@type":"PropertyValueSpecification","valueRequired":true,"valueName":"search_term_string"}}],"inLanguage":"pt-BR"},{"@type":"Person","@id":"https:\/\/nk7-testes.com.br\/agazeta\/#\/schema\/person\/6d6e25cb0435eb4a02fd44d30b4e3020","name":"Agazeta.Net","url":"https:\/\/nk7-testes.com.br\/agazeta\/author\/agazeta\/"}]}},"_links":{"self":[{"href":"https:\/\/nk7-testes.com.br\/agazeta\/wp-json\/wp\/v2\/posts\/24305","targetHints":{"allow":["GET"]}}],"collection":[{"href":"https:\/\/nk7-testes.com.br\/agazeta\/wp-json\/wp\/v2\/posts"}],"about":[{"href":"https:\/\/nk7-testes.com.br\/agazeta\/wp-json\/wp\/v2\/types\/post"}],"author":[{"embeddable":true,"href":"https:\/\/nk7-testes.com.br\/agazeta\/wp-json\/wp\/v2\/users\/4"}],"replies":[{"embeddable":true,"href":"https:\/\/nk7-testes.com.br\/agazeta\/wp-json\/wp\/v2\/comments?post=24305"}],"version-history":[{"count":0,"href":"https:\/\/nk7-testes.com.br\/agazeta\/wp-json\/wp\/v2\/posts\/24305\/revisions"}],"wp:featuredmedia":[{"embeddable":true,"href":"https:\/\/nk7-testes.com.br\/agazeta\/wp-json\/wp\/v2\/media\/24304"}],"wp:attachment":[{"href":"https:\/\/nk7-testes.com.br\/agazeta\/wp-json\/wp\/v2\/media?parent=24305"}],"wp:term":[{"taxonomy":"category","embeddable":true,"href":"https:\/\/nk7-testes.com.br\/agazeta\/wp-json\/wp\/v2\/categories?post=24305"},{"taxonomy":"post_tag","embeddable":true,"href":"https:\/\/nk7-testes.com.br\/agazeta\/wp-json\/wp\/v2\/tags?post=24305"}],"curies":[{"name":"wp","href":"https:\/\/api.w.org\/{rel}","templated":true}]}}