{"id":24292,"date":"2016-08-03T17:14:14","date_gmt":"2016-08-03T17:14:14","guid":{"rendered":"https:\/\/abarevegan.com.br\/index.php\/2016\/08\/03\/medico-e-condenado-a-130-anos-de-prisao-por-estupro-de-pacientes\/"},"modified":"2016-08-03T17:14:14","modified_gmt":"2016-08-03T17:14:14","slug":"medico-e-condenado-a-130-anos-de-prisao-por-estupro-de-pacientes","status":"publish","type":"post","link":"https:\/\/nk7-testes.com.br\/agazeta\/medico-e-condenado-a-130-anos-de-prisao-por-estupro-de-pacientes\/","title":{"rendered":"M\u00e9dico \u00e9 condenado a 130 anos de pris\u00e3o por estupro"},"content":{"rendered":"<p style=\"text-align: justify;\">Pedro cometeu o crime em tr\u00eas estados, entre eles, o Acre<\/p>\n<p style=\"text-align: justify;\">A Justi\u00e7a de Rond\u00f4nia condenou o m\u00e9dico ginecologista Pedro Augusto Ramos da Silva a 130 anos de pris\u00e3o em regime fechado pelo estupro de pacientes na cidade de Ariquemes. Foram 15 condena\u00e7\u00f5es de 8 anos e 8 meses por estupros praticados no consult\u00f3rio do r\u00e9u, que registra antecedentes criminais, inclusive com condena\u00e7\u00e3o criminal nas comarcas de Feij\u00f3-AC e Porto dos Ga\u00fachos-MT.<\/p>\n<p style=\"text-align: justify;\">A senten\u00e7a da 2\u00aa Vara Criminal da comarca de Ariquemes reconheceu que os fatos s\u00e3o relevantes, pois se aproveitou do fato de ser m\u00e9dico ginecologista para praticar os il\u00edcitos.<\/p>\n<p style=\"text-align: justify;\">As v\u00edtimas procuraram a pol\u00edcia e relataram os abusos cometidos pelo m\u00e9dico. Agindo de forma semelhante, em diferentes situa\u00e7\u00f5es, o estuprador orientava as v\u00edtimas a se despirem e, simulando que fazia exames ginecol\u00f3gicos, praticava a viol\u00eancia sexual, de acordo com os relatos das mulheres.<\/p>\n<p style=\"text-align: justify;\">Extensa, a senten\u00e7a de 77 p\u00e1ginas conta com detalhes repugnantes a conduta do acusado, que est\u00e1 preso na Casa de Deten\u00e7\u00e3o de Ariquemes desde o in\u00edcio do processo e n\u00e3o teve o direito de recorrer em liberdade.<\/p>\n<p style=\"text-align: justify;\">Tamb\u00e9m foi determinado que se oficie ao Conselho de \u00c9tica de Medicina de Rond\u00f4nia, para conhecimento da decis\u00e3o e provid\u00eancias que julgar cab\u00edveis. A ju\u00edza Cl\u00e1udia Mara da Silva Faleiros Fernandes tamb\u00e9m ordenou que o resultado do julgamento fosse comunicado \u00e0s v\u00edtimas, a quem classificou como \u201cmulheres corajosas, resilientes, que enfrentaram um obst\u00e1culo talvez inating\u00edvel, passaram por cima de sua pr\u00f3pria intimidade para impedir que outras incont\u00e1veis mulheres viessem a serem v\u00edtimas de fatos semelhantes\u201d, consignou a magistrada ao fim da senten\u00e7a.<\/p>\n","protected":false},"excerpt":{"rendered":"<p style=\"text-align: justify;\">Pedro cometeu o crime em tr\u00eas estados, entre eles, o Acre<\/p>\n","protected":false},"author":4,"featured_media":24291,"comment_status":"open","ping_status":"open","sticky":false,"template":"","format":"standard","meta":{"jnews-multi-image_gallery":[],"jnews_single_post":[],"jnews_primary_category":[],"jnews_social_meta":[],"jnews_review":[],"enable_review":"","type":"","name":"","summary":"","brand":"","sku":"","good":[],"bad":[],"score_override":"","override_value":"","rating":[],"price":[],"footnotes":""},"categories":[44],"tags":[],"class_list":["post-24292","post","type-post","status-publish","format-standard","has-post-thumbnail","hentry","category-policia"],"yoast_head":"<!-- This site is optimized with the Yoast SEO plugin v26.5 - https:\/\/yoast.com\/wordpress\/plugins\/seo\/ -->\n<title>M\u00e9dico \u00e9 condenado a 130 anos de pris\u00e3o por estupro - Agazeta.net<\/title>\n<meta name=\"robots\" content=\"index, follow, max-snippet:-1, max-image-preview:large, max-video-preview:-1\" \/>\n<link rel=\"canonical\" href=\"https:\/\/nk7-testes.com.br\/agazeta\/medico-e-condenado-a-130-anos-de-prisao-por-estupro-de-pacientes\/\" \/>\n<meta property=\"og:locale\" content=\"pt_BR\" \/>\n<meta property=\"og:type\" content=\"article\" \/>\n<meta property=\"og:title\" content=\"M\u00e9dico \u00e9 condenado a 130 anos de pris\u00e3o por estupro - Agazeta.net\" \/>\n<meta property=\"og:description\" content=\"Pedro cometeu o crime em tr\u00eas estados, entre eles, o Acre\" \/>\n<meta property=\"og:url\" content=\"https:\/\/nk7-testes.com.br\/agazeta\/medico-e-condenado-a-130-anos-de-prisao-por-estupro-de-pacientes\/\" \/>\n<meta property=\"og:site_name\" content=\"Agazeta.net\" \/>\n<meta property=\"article:published_time\" content=\"2016-08-03T17:14:14+00:00\" \/>\n<meta property=\"og:image\" content=\"https:\/\/nk7-testes.com.br\/agazeta\/wp-content\/uploads\/2016\/08\/030816-policia-medico-estupro.jpg\" \/>\n\t<meta property=\"og:image:width\" content=\"458\" \/>\n\t<meta property=\"og:image:height\" content=\"340\" \/>\n\t<meta property=\"og:image:type\" content=\"image\/jpeg\" \/>\n<meta name=\"author\" content=\"Agazeta.Net\" \/>\n<meta name=\"twitter:card\" content=\"summary_large_image\" \/>\n<meta name=\"twitter:label1\" content=\"Escrito por\" \/>\n\t<meta name=\"twitter:data1\" content=\"Agazeta.Net\" \/>\n\t<meta name=\"twitter:label2\" content=\"Est. tempo de leitura\" \/>\n\t<meta name=\"twitter:data2\" content=\"2 minutos\" \/>\n<script type=\"application\/ld+json\" class=\"yoast-schema-graph\">{\"@context\":\"https:\/\/schema.org\",\"@graph\":[{\"@type\":\"WebPage\",\"@id\":\"https:\/\/nk7-testes.com.br\/agazeta\/medico-e-condenado-a-130-anos-de-prisao-por-estupro-de-pacientes\/\",\"url\":\"https:\/\/nk7-testes.com.br\/agazeta\/medico-e-condenado-a-130-anos-de-prisao-por-estupro-de-pacientes\/\",\"name\":\"M\u00e9dico \u00e9 condenado a 130 anos de pris\u00e3o por estupro - Agazeta.net\",\"isPartOf\":{\"@id\":\"https:\/\/nk7-testes.com.br\/agazeta\/#website\"},\"primaryImageOfPage\":{\"@id\":\"https:\/\/nk7-testes.com.br\/agazeta\/medico-e-condenado-a-130-anos-de-prisao-por-estupro-de-pacientes\/#primaryimage\"},\"image\":{\"@id\":\"https:\/\/nk7-testes.com.br\/agazeta\/medico-e-condenado-a-130-anos-de-prisao-por-estupro-de-pacientes\/#primaryimage\"},\"thumbnailUrl\":\"https:\/\/nk7-testes.com.br\/agazeta\/wp-content\/uploads\/2016\/08\/030816-policia-medico-estupro.jpg\",\"datePublished\":\"2016-08-03T17:14:14+00:00\",\"author\":{\"@id\":\"https:\/\/nk7-testes.com.br\/agazeta\/#\/schema\/person\/6d6e25cb0435eb4a02fd44d30b4e3020\"},\"breadcrumb\":{\"@id\":\"https:\/\/nk7-testes.com.br\/agazeta\/medico-e-condenado-a-130-anos-de-prisao-por-estupro-de-pacientes\/#breadcrumb\"},\"inLanguage\":\"pt-BR\",\"potentialAction\":[{\"@type\":\"ReadAction\",\"target\":[\"https:\/\/nk7-testes.com.br\/agazeta\/medico-e-condenado-a-130-anos-de-prisao-por-estupro-de-pacientes\/\"]}]},{\"@type\":\"ImageObject\",\"inLanguage\":\"pt-BR\",\"@id\":\"https:\/\/nk7-testes.com.br\/agazeta\/medico-e-condenado-a-130-anos-de-prisao-por-estupro-de-pacientes\/#primaryimage\",\"url\":\"https:\/\/nk7-testes.com.br\/agazeta\/wp-content\/uploads\/2016\/08\/030816-policia-medico-estupro.jpg\",\"contentUrl\":\"https:\/\/nk7-testes.com.br\/agazeta\/wp-content\/uploads\/2016\/08\/030816-policia-medico-estupro.jpg\",\"width\":458,\"height\":340,\"caption\":\"030816-policia-m\u00e9dico-estupro\"},{\"@type\":\"BreadcrumbList\",\"@id\":\"https:\/\/nk7-testes.com.br\/agazeta\/medico-e-condenado-a-130-anos-de-prisao-por-estupro-de-pacientes\/#breadcrumb\",\"itemListElement\":[{\"@type\":\"ListItem\",\"position\":1,\"name\":\"In\u00edcio\",\"item\":\"https:\/\/nk7-testes.com.br\/agazeta\/\"},{\"@type\":\"ListItem\",\"position\":2,\"name\":\"M\u00e9dico \u00e9 condenado a 130 anos de pris\u00e3o por estupro\"}]},{\"@type\":\"WebSite\",\"@id\":\"https:\/\/nk7-testes.com.br\/agazeta\/#website\",\"url\":\"https:\/\/nk7-testes.com.br\/agazeta\/\",\"name\":\"Agazeta.net\",\"description\":\"Agazeta.net - Not\u00edcias de Rio Branco\/AC\",\"potentialAction\":[{\"@type\":\"SearchAction\",\"target\":{\"@type\":\"EntryPoint\",\"urlTemplate\":\"https:\/\/nk7-testes.com.br\/agazeta\/?s={search_term_string}\"},\"query-input\":{\"@type\":\"PropertyValueSpecification\",\"valueRequired\":true,\"valueName\":\"search_term_string\"}}],\"inLanguage\":\"pt-BR\"},{\"@type\":\"Person\",\"@id\":\"https:\/\/nk7-testes.com.br\/agazeta\/#\/schema\/person\/6d6e25cb0435eb4a02fd44d30b4e3020\",\"name\":\"Agazeta.Net\",\"url\":\"https:\/\/nk7-testes.com.br\/agazeta\/author\/agazeta\/\"}]}<\/script>\n<!-- \/ Yoast SEO plugin. -->","yoast_head_json":{"title":"M\u00e9dico \u00e9 condenado a 130 anos de pris\u00e3o por estupro - Agazeta.net","robots":{"index":"index","follow":"follow","max-snippet":"max-snippet:-1","max-image-preview":"max-image-preview:large","max-video-preview":"max-video-preview:-1"},"canonical":"https:\/\/nk7-testes.com.br\/agazeta\/medico-e-condenado-a-130-anos-de-prisao-por-estupro-de-pacientes\/","og_locale":"pt_BR","og_type":"article","og_title":"M\u00e9dico \u00e9 condenado a 130 anos de pris\u00e3o por estupro - Agazeta.net","og_description":"Pedro cometeu o crime em tr\u00eas estados, entre eles, o Acre","og_url":"https:\/\/nk7-testes.com.br\/agazeta\/medico-e-condenado-a-130-anos-de-prisao-por-estupro-de-pacientes\/","og_site_name":"Agazeta.net","article_published_time":"2016-08-03T17:14:14+00:00","og_image":[{"width":458,"height":340,"url":"https:\/\/nk7-testes.com.br\/agazeta\/wp-content\/uploads\/2016\/08\/030816-policia-medico-estupro.jpg","type":"image\/jpeg"}],"author":"Agazeta.Net","twitter_card":"summary_large_image","twitter_misc":{"Escrito por":"Agazeta.Net","Est. tempo de leitura":"2 minutos"},"schema":{"@context":"https:\/\/schema.org","@graph":[{"@type":"WebPage","@id":"https:\/\/nk7-testes.com.br\/agazeta\/medico-e-condenado-a-130-anos-de-prisao-por-estupro-de-pacientes\/","url":"https:\/\/nk7-testes.com.br\/agazeta\/medico-e-condenado-a-130-anos-de-prisao-por-estupro-de-pacientes\/","name":"M\u00e9dico \u00e9 condenado a 130 anos de pris\u00e3o por estupro - Agazeta.net","isPartOf":{"@id":"https:\/\/nk7-testes.com.br\/agazeta\/#website"},"primaryImageOfPage":{"@id":"https:\/\/nk7-testes.com.br\/agazeta\/medico-e-condenado-a-130-anos-de-prisao-por-estupro-de-pacientes\/#primaryimage"},"image":{"@id":"https:\/\/nk7-testes.com.br\/agazeta\/medico-e-condenado-a-130-anos-de-prisao-por-estupro-de-pacientes\/#primaryimage"},"thumbnailUrl":"https:\/\/nk7-testes.com.br\/agazeta\/wp-content\/uploads\/2016\/08\/030816-policia-medico-estupro.jpg","datePublished":"2016-08-03T17:14:14+00:00","author":{"@id":"https:\/\/nk7-testes.com.br\/agazeta\/#\/schema\/person\/6d6e25cb0435eb4a02fd44d30b4e3020"},"breadcrumb":{"@id":"https:\/\/nk7-testes.com.br\/agazeta\/medico-e-condenado-a-130-anos-de-prisao-por-estupro-de-pacientes\/#breadcrumb"},"inLanguage":"pt-BR","potentialAction":[{"@type":"ReadAction","target":["https:\/\/nk7-testes.com.br\/agazeta\/medico-e-condenado-a-130-anos-de-prisao-por-estupro-de-pacientes\/"]}]},{"@type":"ImageObject","inLanguage":"pt-BR","@id":"https:\/\/nk7-testes.com.br\/agazeta\/medico-e-condenado-a-130-anos-de-prisao-por-estupro-de-pacientes\/#primaryimage","url":"https:\/\/nk7-testes.com.br\/agazeta\/wp-content\/uploads\/2016\/08\/030816-policia-medico-estupro.jpg","contentUrl":"https:\/\/nk7-testes.com.br\/agazeta\/wp-content\/uploads\/2016\/08\/030816-policia-medico-estupro.jpg","width":458,"height":340,"caption":"030816-policia-m\u00e9dico-estupro"},{"@type":"BreadcrumbList","@id":"https:\/\/nk7-testes.com.br\/agazeta\/medico-e-condenado-a-130-anos-de-prisao-por-estupro-de-pacientes\/#breadcrumb","itemListElement":[{"@type":"ListItem","position":1,"name":"In\u00edcio","item":"https:\/\/nk7-testes.com.br\/agazeta\/"},{"@type":"ListItem","position":2,"name":"M\u00e9dico \u00e9 condenado a 130 anos de pris\u00e3o por estupro"}]},{"@type":"WebSite","@id":"https:\/\/nk7-testes.com.br\/agazeta\/#website","url":"https:\/\/nk7-testes.com.br\/agazeta\/","name":"Agazeta.net","description":"Agazeta.net - Not\u00edcias de Rio Branco\/AC","potentialAction":[{"@type":"SearchAction","target":{"@type":"EntryPoint","urlTemplate":"https:\/\/nk7-testes.com.br\/agazeta\/?s={search_term_string}"},"query-input":{"@type":"PropertyValueSpecification","valueRequired":true,"valueName":"search_term_string"}}],"inLanguage":"pt-BR"},{"@type":"Person","@id":"https:\/\/nk7-testes.com.br\/agazeta\/#\/schema\/person\/6d6e25cb0435eb4a02fd44d30b4e3020","name":"Agazeta.Net","url":"https:\/\/nk7-testes.com.br\/agazeta\/author\/agazeta\/"}]}},"_links":{"self":[{"href":"https:\/\/nk7-testes.com.br\/agazeta\/wp-json\/wp\/v2\/posts\/24292","targetHints":{"allow":["GET"]}}],"collection":[{"href":"https:\/\/nk7-testes.com.br\/agazeta\/wp-json\/wp\/v2\/posts"}],"about":[{"href":"https:\/\/nk7-testes.com.br\/agazeta\/wp-json\/wp\/v2\/types\/post"}],"author":[{"embeddable":true,"href":"https:\/\/nk7-testes.com.br\/agazeta\/wp-json\/wp\/v2\/users\/4"}],"replies":[{"embeddable":true,"href":"https:\/\/nk7-testes.com.br\/agazeta\/wp-json\/wp\/v2\/comments?post=24292"}],"version-history":[{"count":0,"href":"https:\/\/nk7-testes.com.br\/agazeta\/wp-json\/wp\/v2\/posts\/24292\/revisions"}],"wp:featuredmedia":[{"embeddable":true,"href":"https:\/\/nk7-testes.com.br\/agazeta\/wp-json\/wp\/v2\/media\/24291"}],"wp:attachment":[{"href":"https:\/\/nk7-testes.com.br\/agazeta\/wp-json\/wp\/v2\/media?parent=24292"}],"wp:term":[{"taxonomy":"category","embeddable":true,"href":"https:\/\/nk7-testes.com.br\/agazeta\/wp-json\/wp\/v2\/categories?post=24292"},{"taxonomy":"post_tag","embeddable":true,"href":"https:\/\/nk7-testes.com.br\/agazeta\/wp-json\/wp\/v2\/tags?post=24292"}],"curies":[{"name":"wp","href":"https:\/\/api.w.org\/{rel}","templated":true}]}}