{"id":24288,"date":"2016-08-03T15:25:36","date_gmt":"2016-08-03T15:25:36","guid":{"rendered":"https:\/\/abarevegan.com.br\/index.php\/2016\/08\/03\/greve-de-auditores-causa-transtornos-a-comercio\/"},"modified":"2016-08-03T15:25:36","modified_gmt":"2016-08-03T15:25:36","slug":"greve-de-auditores-causa-transtornos-a-comercio","status":"publish","type":"post","link":"https:\/\/nk7-testes.com.br\/agazeta\/greve-de-auditores-causa-transtornos-a-comercio\/","title":{"rendered":"Greve de auditores causa transtornos a com\u00e9rcio"},"content":{"rendered":"<p style=\"text-align: justify;\">Importa\u00e7\u00e3o de produtos fica prejudicada<\/p>\n<p style=\"text-align: justify;\">As carretas ficam paradas. Os servi\u00e7os de importa\u00e7\u00e3o e exporta\u00e7\u00e3o nas aduanas est\u00e3o mais lentos. Essa \u00e9 a realidade desde que come\u00e7ou o movimento grevista dos auditores fiscais da receita federal do Brasil, na metade do m\u00eas passado.<\/p>\n<p style=\"text-align: justify;\">Todas as ter\u00e7as e quintas-feiras as fronteiras ficam fechadas, como forma de manifesto. No Acre, o munic\u00edpio de Assis Brasil faz divisa com o Peru. J\u00e1 o de Brasileia com a Bol\u00edvia.<\/p>\n<p style=\"text-align: justify;\">Dezenas de ve\u00edculos com cargas precisam entrar e sair do pa\u00eds por essas duas rotas. Essa rotina tem causado transtorno aos motoristas, que precisam dormir nos ve\u00edculos at\u00e9 que consigam fazer a travessia. O que resta \u00e9 esperar.<\/p>\n<p style=\"text-align: justify;\">Dessa forma alguns produtos podem demorar mais a chegar em alguns estados do pa\u00eds. Cada uma dessas fronteiras possui quatro auditores que trabalham em um sistema de plant\u00e3o. nas ter\u00e7as e quintas s\u00f3 passam ve\u00edculos que transportam medicamentos, animais, alimentos perec\u00edveis e combust\u00edveis.<br \/>Nos outros dias, entra em vigor a Opera\u00e7\u00e3o Padr\u00e3o, quando 100% das cargas s\u00e3o analisadas com maior rigidez, o que provoca lentid\u00e3o nas aduanas.<\/p>\n<p style=\"text-align: justify;\">A paralisa\u00e7\u00e3o envolve cerca de 10 mil auditores fiscais de todo o pa\u00eds, que reivindicam um reajuste de 21,3% nos sal\u00e1rios, conforme ficou acordado com o Governo Federal em maio.<\/p>\n<p style=\"text-align: justify;\">O pagamento seria dividido em quatro parcelas, mas somente agora o governo sinalizou que pode cumprir essa proposta ao encaminhar ao legislativo um projeto de lei que trata sobre o assunto.<\/p>\n<p style=\"text-align: justify;\">Al\u00e9m das aduanas, o movimento gerou mais demora na libera\u00e7\u00e3o de cargas e bagagens nos portos e aeroportos.<\/p>\n","protected":false},"excerpt":{"rendered":"<p style=\"text-align: justify;\">Importa\u00e7\u00e3o de produtos fica prejudicada<\/p>\n","protected":false},"author":4,"featured_media":24287,"comment_status":"open","ping_status":"open","sticky":false,"template":"","format":"standard","meta":{"jnews-multi-image_gallery":[],"jnews_single_post":[],"jnews_primary_category":[],"jnews_social_meta":[],"jnews_review":[],"enable_review":"","type":"","name":"","summary":"","brand":"","sku":"","good":[],"bad":[],"score_override":"","override_value":"","rating":[],"price":[],"footnotes":""},"categories":[54],"tags":[],"class_list":["post-24288","post","type-post","status-publish","format-standard","has-post-thumbnail","hentry","category-cotidiano"],"yoast_head":"<!-- This site is optimized with the Yoast SEO plugin v26.5 - https:\/\/yoast.com\/wordpress\/plugins\/seo\/ -->\n<title>Greve de auditores causa transtornos a com\u00e9rcio - Agazeta.net<\/title>\n<meta name=\"robots\" content=\"index, follow, max-snippet:-1, max-image-preview:large, max-video-preview:-1\" \/>\n<link rel=\"canonical\" href=\"https:\/\/nk7-testes.com.br\/agazeta\/greve-de-auditores-causa-transtornos-a-comercio\/\" \/>\n<meta property=\"og:locale\" content=\"pt_BR\" \/>\n<meta property=\"og:type\" content=\"article\" \/>\n<meta property=\"og:title\" content=\"Greve de auditores causa transtornos a com\u00e9rcio - Agazeta.net\" \/>\n<meta property=\"og:description\" content=\"Importa\u00e7\u00e3o de produtos fica prejudicada\" \/>\n<meta property=\"og:url\" content=\"https:\/\/nk7-testes.com.br\/agazeta\/greve-de-auditores-causa-transtornos-a-comercio\/\" \/>\n<meta property=\"og:site_name\" content=\"Agazeta.net\" \/>\n<meta property=\"article:published_time\" content=\"2016-08-03T15:25:36+00:00\" \/>\n<meta property=\"og:image\" content=\"https:\/\/nk7-testes.com.br\/agazeta\/wp-content\/uploads\/2016\/08\/030816-cotidiano-greveaduana-tvgazeta.jpg\" \/>\n\t<meta property=\"og:image:width\" content=\"458\" \/>\n\t<meta property=\"og:image:height\" content=\"340\" \/>\n\t<meta property=\"og:image:type\" content=\"image\/jpeg\" \/>\n<meta name=\"author\" content=\"Agazeta.Net\" \/>\n<meta name=\"twitter:card\" content=\"summary_large_image\" \/>\n<meta name=\"twitter:label1\" content=\"Escrito por\" \/>\n\t<meta name=\"twitter:data1\" content=\"Agazeta.Net\" \/>\n\t<meta name=\"twitter:label2\" content=\"Est. tempo de leitura\" \/>\n\t<meta name=\"twitter:data2\" content=\"1 minuto\" \/>\n<script type=\"application\/ld+json\" class=\"yoast-schema-graph\">{\"@context\":\"https:\/\/schema.org\",\"@graph\":[{\"@type\":\"WebPage\",\"@id\":\"https:\/\/nk7-testes.com.br\/agazeta\/greve-de-auditores-causa-transtornos-a-comercio\/\",\"url\":\"https:\/\/nk7-testes.com.br\/agazeta\/greve-de-auditores-causa-transtornos-a-comercio\/\",\"name\":\"Greve de auditores causa transtornos a com\u00e9rcio - Agazeta.net\",\"isPartOf\":{\"@id\":\"https:\/\/nk7-testes.com.br\/agazeta\/#website\"},\"primaryImageOfPage\":{\"@id\":\"https:\/\/nk7-testes.com.br\/agazeta\/greve-de-auditores-causa-transtornos-a-comercio\/#primaryimage\"},\"image\":{\"@id\":\"https:\/\/nk7-testes.com.br\/agazeta\/greve-de-auditores-causa-transtornos-a-comercio\/#primaryimage\"},\"thumbnailUrl\":\"https:\/\/nk7-testes.com.br\/agazeta\/wp-content\/uploads\/2016\/08\/030816-cotidiano-greveaduana-tvgazeta.jpg\",\"datePublished\":\"2016-08-03T15:25:36+00:00\",\"author\":{\"@id\":\"https:\/\/nk7-testes.com.br\/agazeta\/#\/schema\/person\/6d6e25cb0435eb4a02fd44d30b4e3020\"},\"breadcrumb\":{\"@id\":\"https:\/\/nk7-testes.com.br\/agazeta\/greve-de-auditores-causa-transtornos-a-comercio\/#breadcrumb\"},\"inLanguage\":\"pt-BR\",\"potentialAction\":[{\"@type\":\"ReadAction\",\"target\":[\"https:\/\/nk7-testes.com.br\/agazeta\/greve-de-auditores-causa-transtornos-a-comercio\/\"]}]},{\"@type\":\"ImageObject\",\"inLanguage\":\"pt-BR\",\"@id\":\"https:\/\/nk7-testes.com.br\/agazeta\/greve-de-auditores-causa-transtornos-a-comercio\/#primaryimage\",\"url\":\"https:\/\/nk7-testes.com.br\/agazeta\/wp-content\/uploads\/2016\/08\/030816-cotidiano-greveaduana-tvgazeta.jpg\",\"contentUrl\":\"https:\/\/nk7-testes.com.br\/agazeta\/wp-content\/uploads\/2016\/08\/030816-cotidiano-greveaduana-tvgazeta.jpg\",\"width\":458,\"height\":340,\"caption\":\"030816-cotidiano-greveaduana-tvgazeta\"},{\"@type\":\"BreadcrumbList\",\"@id\":\"https:\/\/nk7-testes.com.br\/agazeta\/greve-de-auditores-causa-transtornos-a-comercio\/#breadcrumb\",\"itemListElement\":[{\"@type\":\"ListItem\",\"position\":1,\"name\":\"In\u00edcio\",\"item\":\"https:\/\/nk7-testes.com.br\/agazeta\/\"},{\"@type\":\"ListItem\",\"position\":2,\"name\":\"Greve de auditores causa transtornos a com\u00e9rcio\"}]},{\"@type\":\"WebSite\",\"@id\":\"https:\/\/nk7-testes.com.br\/agazeta\/#website\",\"url\":\"https:\/\/nk7-testes.com.br\/agazeta\/\",\"name\":\"Agazeta.net\",\"description\":\"Agazeta.net - Not\u00edcias de Rio Branco\/AC\",\"potentialAction\":[{\"@type\":\"SearchAction\",\"target\":{\"@type\":\"EntryPoint\",\"urlTemplate\":\"https:\/\/nk7-testes.com.br\/agazeta\/?s={search_term_string}\"},\"query-input\":{\"@type\":\"PropertyValueSpecification\",\"valueRequired\":true,\"valueName\":\"search_term_string\"}}],\"inLanguage\":\"pt-BR\"},{\"@type\":\"Person\",\"@id\":\"https:\/\/nk7-testes.com.br\/agazeta\/#\/schema\/person\/6d6e25cb0435eb4a02fd44d30b4e3020\",\"name\":\"Agazeta.Net\",\"url\":\"https:\/\/nk7-testes.com.br\/agazeta\/author\/agazeta\/\"}]}<\/script>\n<!-- \/ Yoast SEO plugin. -->","yoast_head_json":{"title":"Greve de auditores causa transtornos a com\u00e9rcio - Agazeta.net","robots":{"index":"index","follow":"follow","max-snippet":"max-snippet:-1","max-image-preview":"max-image-preview:large","max-video-preview":"max-video-preview:-1"},"canonical":"https:\/\/nk7-testes.com.br\/agazeta\/greve-de-auditores-causa-transtornos-a-comercio\/","og_locale":"pt_BR","og_type":"article","og_title":"Greve de auditores causa transtornos a com\u00e9rcio - Agazeta.net","og_description":"Importa\u00e7\u00e3o de produtos fica prejudicada","og_url":"https:\/\/nk7-testes.com.br\/agazeta\/greve-de-auditores-causa-transtornos-a-comercio\/","og_site_name":"Agazeta.net","article_published_time":"2016-08-03T15:25:36+00:00","og_image":[{"width":458,"height":340,"url":"https:\/\/nk7-testes.com.br\/agazeta\/wp-content\/uploads\/2016\/08\/030816-cotidiano-greveaduana-tvgazeta.jpg","type":"image\/jpeg"}],"author":"Agazeta.Net","twitter_card":"summary_large_image","twitter_misc":{"Escrito por":"Agazeta.Net","Est. tempo de leitura":"1 minuto"},"schema":{"@context":"https:\/\/schema.org","@graph":[{"@type":"WebPage","@id":"https:\/\/nk7-testes.com.br\/agazeta\/greve-de-auditores-causa-transtornos-a-comercio\/","url":"https:\/\/nk7-testes.com.br\/agazeta\/greve-de-auditores-causa-transtornos-a-comercio\/","name":"Greve de auditores causa transtornos a com\u00e9rcio - Agazeta.net","isPartOf":{"@id":"https:\/\/nk7-testes.com.br\/agazeta\/#website"},"primaryImageOfPage":{"@id":"https:\/\/nk7-testes.com.br\/agazeta\/greve-de-auditores-causa-transtornos-a-comercio\/#primaryimage"},"image":{"@id":"https:\/\/nk7-testes.com.br\/agazeta\/greve-de-auditores-causa-transtornos-a-comercio\/#primaryimage"},"thumbnailUrl":"https:\/\/nk7-testes.com.br\/agazeta\/wp-content\/uploads\/2016\/08\/030816-cotidiano-greveaduana-tvgazeta.jpg","datePublished":"2016-08-03T15:25:36+00:00","author":{"@id":"https:\/\/nk7-testes.com.br\/agazeta\/#\/schema\/person\/6d6e25cb0435eb4a02fd44d30b4e3020"},"breadcrumb":{"@id":"https:\/\/nk7-testes.com.br\/agazeta\/greve-de-auditores-causa-transtornos-a-comercio\/#breadcrumb"},"inLanguage":"pt-BR","potentialAction":[{"@type":"ReadAction","target":["https:\/\/nk7-testes.com.br\/agazeta\/greve-de-auditores-causa-transtornos-a-comercio\/"]}]},{"@type":"ImageObject","inLanguage":"pt-BR","@id":"https:\/\/nk7-testes.com.br\/agazeta\/greve-de-auditores-causa-transtornos-a-comercio\/#primaryimage","url":"https:\/\/nk7-testes.com.br\/agazeta\/wp-content\/uploads\/2016\/08\/030816-cotidiano-greveaduana-tvgazeta.jpg","contentUrl":"https:\/\/nk7-testes.com.br\/agazeta\/wp-content\/uploads\/2016\/08\/030816-cotidiano-greveaduana-tvgazeta.jpg","width":458,"height":340,"caption":"030816-cotidiano-greveaduana-tvgazeta"},{"@type":"BreadcrumbList","@id":"https:\/\/nk7-testes.com.br\/agazeta\/greve-de-auditores-causa-transtornos-a-comercio\/#breadcrumb","itemListElement":[{"@type":"ListItem","position":1,"name":"In\u00edcio","item":"https:\/\/nk7-testes.com.br\/agazeta\/"},{"@type":"ListItem","position":2,"name":"Greve de auditores causa transtornos a com\u00e9rcio"}]},{"@type":"WebSite","@id":"https:\/\/nk7-testes.com.br\/agazeta\/#website","url":"https:\/\/nk7-testes.com.br\/agazeta\/","name":"Agazeta.net","description":"Agazeta.net - Not\u00edcias de Rio Branco\/AC","potentialAction":[{"@type":"SearchAction","target":{"@type":"EntryPoint","urlTemplate":"https:\/\/nk7-testes.com.br\/agazeta\/?s={search_term_string}"},"query-input":{"@type":"PropertyValueSpecification","valueRequired":true,"valueName":"search_term_string"}}],"inLanguage":"pt-BR"},{"@type":"Person","@id":"https:\/\/nk7-testes.com.br\/agazeta\/#\/schema\/person\/6d6e25cb0435eb4a02fd44d30b4e3020","name":"Agazeta.Net","url":"https:\/\/nk7-testes.com.br\/agazeta\/author\/agazeta\/"}]}},"_links":{"self":[{"href":"https:\/\/nk7-testes.com.br\/agazeta\/wp-json\/wp\/v2\/posts\/24288","targetHints":{"allow":["GET"]}}],"collection":[{"href":"https:\/\/nk7-testes.com.br\/agazeta\/wp-json\/wp\/v2\/posts"}],"about":[{"href":"https:\/\/nk7-testes.com.br\/agazeta\/wp-json\/wp\/v2\/types\/post"}],"author":[{"embeddable":true,"href":"https:\/\/nk7-testes.com.br\/agazeta\/wp-json\/wp\/v2\/users\/4"}],"replies":[{"embeddable":true,"href":"https:\/\/nk7-testes.com.br\/agazeta\/wp-json\/wp\/v2\/comments?post=24288"}],"version-history":[{"count":0,"href":"https:\/\/nk7-testes.com.br\/agazeta\/wp-json\/wp\/v2\/posts\/24288\/revisions"}],"wp:featuredmedia":[{"embeddable":true,"href":"https:\/\/nk7-testes.com.br\/agazeta\/wp-json\/wp\/v2\/media\/24287"}],"wp:attachment":[{"href":"https:\/\/nk7-testes.com.br\/agazeta\/wp-json\/wp\/v2\/media?parent=24288"}],"wp:term":[{"taxonomy":"category","embeddable":true,"href":"https:\/\/nk7-testes.com.br\/agazeta\/wp-json\/wp\/v2\/categories?post=24288"},{"taxonomy":"post_tag","embeddable":true,"href":"https:\/\/nk7-testes.com.br\/agazeta\/wp-json\/wp\/v2\/tags?post=24288"}],"curies":[{"name":"wp","href":"https:\/\/api.w.org\/{rel}","templated":true}]}}