{"id":24280,"date":"2016-08-02T21:11:34","date_gmt":"2016-08-02T21:11:34","guid":{"rendered":"https:\/\/abarevegan.com.br\/index.php\/2016\/08\/02\/numero-de-focos-aumentou-mais-de-500-no-acre\/"},"modified":"2016-08-02T21:11:34","modified_gmt":"2016-08-02T21:11:34","slug":"numero-de-focos-aumentou-mais-de-500-no-acre","status":"publish","type":"post","link":"https:\/\/nk7-testes.com.br\/agazeta\/numero-de-focos-aumentou-mais-de-500-no-acre\/","title":{"rendered":"N\u00famero de focos aumentou mais de 500% no Acre"},"content":{"rendered":"<p style=\"text-align: justify;\">\u201cQueimar \u00e9 crime\u201d, lembra coordenador da Defesa Civil<\/p>\n<p style=\"text-align: justify;\">Os coordenadores da defesa civil estadual e municipal e a diretora t\u00e9cnica do Instituto de Mudan\u00e7as Clim\u00e1ticas do Acre reuniram a imprensa para pedir apoio. Mostraram mapas da situa\u00e7\u00e3o atual dos focos de queimadas no Estado, as previs\u00f5es meteorol\u00f3gicas e os \u00edndices.<\/p>\n<p style=\"text-align: justify;\">Para ilustrar, foi tra\u00e7ado um comparativo entre os anos de 2005 e 2016. Em 2005, cerca 300 mil hectares de floresta foram consumidos pelo fogo e at\u00e9 ent\u00e3o, o ano com maior seca da hist\u00f3ria, onde o Rio Acre atingiu a marca de 1.5 metros. Naquela \u00e9poca, foram registrados 1031 focos de calor.<\/p>\n<p style=\"text-align: justify;\">Em 2016, o Rio Acre j\u00e1 superou a cota hist\u00f3rica, chegando a 1,43 metro. O n\u00famero de focos de calor tamb\u00e9m atingiu patamares assustadores: foram 6267, mais de 500% em rela\u00e7\u00e3o a 2005.<\/p>\n<p style=\"text-align: justify;\">O Coronel Carlos Batista enfatizou que o momento \u00e9 cr\u00edtico e que tende a piorar se a popula\u00e7\u00e3o n\u00e3o abra\u00e7ar a causa da redu\u00e7\u00e3o das queimadas. \u201cMesmo toda for\u00e7a tarefa organizada pelo Corpo de Bombeiros com participa\u00e7\u00e3o do Ex\u00e9rcito, a gente n\u00e3o est\u00e1 dando conta de combater todos esses inc\u00eandios e a gente vem solicitar a ajuda da popula\u00e7\u00e3o para que evite queimadas. Queimar \u00e9 crime\u201d, lembrou o Coronel.<\/p>\n<p style=\"text-align: justify;\">De acordo com a meteorologia, n\u00e3o h\u00e1 previs\u00e3o de chuvas e com a vegeta\u00e7\u00e3o ainda mais seca, o risco de fogo aumenta. O alerta m\u00e1ximo de estiagem se estende a praticamente todos os rios do Estado.<\/p>\n<p style=\"text-align: justify;\">\u201cNa medida em que as condi\u00e7\u00f5es tornam-se mais cr\u00edticas, aumenta o risco do fogo e qualquer fogo ateado tende a se espalhar e \u00e9 um risco muito grande pra floresta, para a sociedade e para a economia local\u201d, disse a diretora t\u00e9cnica do Instituto de Mudan\u00e7as Clim\u00e1ticas do Acre, Vera Reis.<\/p>\n<p style=\"text-align: justify;\">Diante de um cen\u00e1rio t\u00e3o cr\u00edtico, o Corpo de Bombeiros quer que os respons\u00e1veis por promover as queimadas respondam criminalmente. Com esse objetivo, acionou os \u00f3rg\u00e3os ambientais para enrijecer a fiscaliza\u00e7\u00e3o e o setor de intelig\u00eancia da Pol\u00edcia Civil para identificar os culpados.<\/p>\n<p style=\"text-align: justify;\">\u201cEstamos com os \u00f3rg\u00e3os de fiscaliza\u00e7\u00e3o deslocando para \u00e1reas mais cr\u00edticas do estado para fiscalizar, multar e prender caso encontremos algu\u00e9m cometendo inc\u00eandio florestal\u201d, disse o coronel Batista.<\/p>\n<p style=\"text-align: justify;\">Somente em Rio Branco, no primeiro semestre do ano, foram quase duas mil solicita\u00e7\u00f5es de atendimento dos Bombeiros para inc\u00eandios em \u00e1reas de vegeta\u00e7\u00e3o. O n\u00famero \u00e9 tr\u00eas vezes maior que o registrado em 2015, quando foram atendidas 610 chamadas.<\/p>\n","protected":false},"excerpt":{"rendered":"<p style=\"text-align: justify;\">\u201cQueimar \u00e9 crime\u201d, lembra coordenador da Defesa Civil<\/p>\n","protected":false},"author":4,"featured_media":24279,"comment_status":"open","ping_status":"open","sticky":false,"template":"","format":"standard","meta":{"jnews-multi-image_gallery":[],"jnews_single_post":[],"jnews_primary_category":[],"jnews_social_meta":[],"jnews_review":[],"enable_review":"","type":"","name":"","summary":"","brand":"","sku":"","good":[],"bad":[],"score_override":"","override_value":"","rating":[],"price":[],"footnotes":""},"categories":[54],"tags":[],"class_list":["post-24280","post","type-post","status-publish","format-standard","has-post-thumbnail","hentry","category-cotidiano"],"yoast_head":"<!-- This site is optimized with the Yoast SEO plugin v26.5 - https:\/\/yoast.com\/wordpress\/plugins\/seo\/ -->\n<title>N\u00famero de focos aumentou mais de 500% no Acre - Agazeta.net<\/title>\n<meta name=\"robots\" content=\"index, follow, max-snippet:-1, max-image-preview:large, max-video-preview:-1\" \/>\n<link rel=\"canonical\" href=\"https:\/\/nk7-testes.com.br\/agazeta\/numero-de-focos-aumentou-mais-de-500-no-acre\/\" \/>\n<meta property=\"og:locale\" content=\"pt_BR\" \/>\n<meta property=\"og:type\" content=\"article\" \/>\n<meta property=\"og:title\" content=\"N\u00famero de focos aumentou mais de 500% no Acre - Agazeta.net\" \/>\n<meta property=\"og:description\" content=\"\u201cQueimar \u00e9 crime\u201d, lembra coordenador da Defesa Civil\" \/>\n<meta property=\"og:url\" content=\"https:\/\/nk7-testes.com.br\/agazeta\/numero-de-focos-aumentou-mais-de-500-no-acre\/\" \/>\n<meta property=\"og:site_name\" content=\"Agazeta.net\" \/>\n<meta property=\"article:published_time\" content=\"2016-08-02T21:11:34+00:00\" \/>\n<meta property=\"og:image\" content=\"https:\/\/nk7-testes.com.br\/agazeta\/wp-content\/uploads\/2016\/08\/020816-cotidiano-secaalerta-tvgazeta.jpg\" \/>\n\t<meta property=\"og:image:width\" content=\"458\" \/>\n\t<meta property=\"og:image:height\" content=\"340\" \/>\n\t<meta property=\"og:image:type\" content=\"image\/jpeg\" \/>\n<meta name=\"author\" content=\"Agazeta.Net\" \/>\n<meta name=\"twitter:card\" content=\"summary_large_image\" \/>\n<meta name=\"twitter:label1\" content=\"Escrito por\" \/>\n\t<meta name=\"twitter:data1\" content=\"Agazeta.Net\" \/>\n\t<meta name=\"twitter:label2\" content=\"Est. tempo de leitura\" \/>\n\t<meta name=\"twitter:data2\" content=\"2 minutos\" \/>\n<script type=\"application\/ld+json\" class=\"yoast-schema-graph\">{\"@context\":\"https:\/\/schema.org\",\"@graph\":[{\"@type\":\"WebPage\",\"@id\":\"https:\/\/nk7-testes.com.br\/agazeta\/numero-de-focos-aumentou-mais-de-500-no-acre\/\",\"url\":\"https:\/\/nk7-testes.com.br\/agazeta\/numero-de-focos-aumentou-mais-de-500-no-acre\/\",\"name\":\"N\u00famero de focos aumentou mais de 500% no Acre - Agazeta.net\",\"isPartOf\":{\"@id\":\"https:\/\/nk7-testes.com.br\/agazeta\/#website\"},\"primaryImageOfPage\":{\"@id\":\"https:\/\/nk7-testes.com.br\/agazeta\/numero-de-focos-aumentou-mais-de-500-no-acre\/#primaryimage\"},\"image\":{\"@id\":\"https:\/\/nk7-testes.com.br\/agazeta\/numero-de-focos-aumentou-mais-de-500-no-acre\/#primaryimage\"},\"thumbnailUrl\":\"https:\/\/nk7-testes.com.br\/agazeta\/wp-content\/uploads\/2016\/08\/020816-cotidiano-secaalerta-tvgazeta.jpg\",\"datePublished\":\"2016-08-02T21:11:34+00:00\",\"author\":{\"@id\":\"https:\/\/nk7-testes.com.br\/agazeta\/#\/schema\/person\/6d6e25cb0435eb4a02fd44d30b4e3020\"},\"breadcrumb\":{\"@id\":\"https:\/\/nk7-testes.com.br\/agazeta\/numero-de-focos-aumentou-mais-de-500-no-acre\/#breadcrumb\"},\"inLanguage\":\"pt-BR\",\"potentialAction\":[{\"@type\":\"ReadAction\",\"target\":[\"https:\/\/nk7-testes.com.br\/agazeta\/numero-de-focos-aumentou-mais-de-500-no-acre\/\"]}]},{\"@type\":\"ImageObject\",\"inLanguage\":\"pt-BR\",\"@id\":\"https:\/\/nk7-testes.com.br\/agazeta\/numero-de-focos-aumentou-mais-de-500-no-acre\/#primaryimage\",\"url\":\"https:\/\/nk7-testes.com.br\/agazeta\/wp-content\/uploads\/2016\/08\/020816-cotidiano-secaalerta-tvgazeta.jpg\",\"contentUrl\":\"https:\/\/nk7-testes.com.br\/agazeta\/wp-content\/uploads\/2016\/08\/020816-cotidiano-secaalerta-tvgazeta.jpg\",\"width\":458,\"height\":340,\"caption\":\"020816-cotidiano-secaalerta-tvgazeta\"},{\"@type\":\"BreadcrumbList\",\"@id\":\"https:\/\/nk7-testes.com.br\/agazeta\/numero-de-focos-aumentou-mais-de-500-no-acre\/#breadcrumb\",\"itemListElement\":[{\"@type\":\"ListItem\",\"position\":1,\"name\":\"In\u00edcio\",\"item\":\"https:\/\/nk7-testes.com.br\/agazeta\/\"},{\"@type\":\"ListItem\",\"position\":2,\"name\":\"N\u00famero de focos aumentou mais de 500% no Acre\"}]},{\"@type\":\"WebSite\",\"@id\":\"https:\/\/nk7-testes.com.br\/agazeta\/#website\",\"url\":\"https:\/\/nk7-testes.com.br\/agazeta\/\",\"name\":\"Agazeta.net\",\"description\":\"Agazeta.net - Not\u00edcias de Rio Branco\/AC\",\"potentialAction\":[{\"@type\":\"SearchAction\",\"target\":{\"@type\":\"EntryPoint\",\"urlTemplate\":\"https:\/\/nk7-testes.com.br\/agazeta\/?s={search_term_string}\"},\"query-input\":{\"@type\":\"PropertyValueSpecification\",\"valueRequired\":true,\"valueName\":\"search_term_string\"}}],\"inLanguage\":\"pt-BR\"},{\"@type\":\"Person\",\"@id\":\"https:\/\/nk7-testes.com.br\/agazeta\/#\/schema\/person\/6d6e25cb0435eb4a02fd44d30b4e3020\",\"name\":\"Agazeta.Net\",\"url\":\"https:\/\/nk7-testes.com.br\/agazeta\/author\/agazeta\/\"}]}<\/script>\n<!-- \/ Yoast SEO plugin. -->","yoast_head_json":{"title":"N\u00famero de focos aumentou mais de 500% no Acre - Agazeta.net","robots":{"index":"index","follow":"follow","max-snippet":"max-snippet:-1","max-image-preview":"max-image-preview:large","max-video-preview":"max-video-preview:-1"},"canonical":"https:\/\/nk7-testes.com.br\/agazeta\/numero-de-focos-aumentou-mais-de-500-no-acre\/","og_locale":"pt_BR","og_type":"article","og_title":"N\u00famero de focos aumentou mais de 500% no Acre - Agazeta.net","og_description":"\u201cQueimar \u00e9 crime\u201d, lembra coordenador da Defesa Civil","og_url":"https:\/\/nk7-testes.com.br\/agazeta\/numero-de-focos-aumentou-mais-de-500-no-acre\/","og_site_name":"Agazeta.net","article_published_time":"2016-08-02T21:11:34+00:00","og_image":[{"width":458,"height":340,"url":"https:\/\/nk7-testes.com.br\/agazeta\/wp-content\/uploads\/2016\/08\/020816-cotidiano-secaalerta-tvgazeta.jpg","type":"image\/jpeg"}],"author":"Agazeta.Net","twitter_card":"summary_large_image","twitter_misc":{"Escrito por":"Agazeta.Net","Est. tempo de leitura":"2 minutos"},"schema":{"@context":"https:\/\/schema.org","@graph":[{"@type":"WebPage","@id":"https:\/\/nk7-testes.com.br\/agazeta\/numero-de-focos-aumentou-mais-de-500-no-acre\/","url":"https:\/\/nk7-testes.com.br\/agazeta\/numero-de-focos-aumentou-mais-de-500-no-acre\/","name":"N\u00famero de focos aumentou mais de 500% no Acre - Agazeta.net","isPartOf":{"@id":"https:\/\/nk7-testes.com.br\/agazeta\/#website"},"primaryImageOfPage":{"@id":"https:\/\/nk7-testes.com.br\/agazeta\/numero-de-focos-aumentou-mais-de-500-no-acre\/#primaryimage"},"image":{"@id":"https:\/\/nk7-testes.com.br\/agazeta\/numero-de-focos-aumentou-mais-de-500-no-acre\/#primaryimage"},"thumbnailUrl":"https:\/\/nk7-testes.com.br\/agazeta\/wp-content\/uploads\/2016\/08\/020816-cotidiano-secaalerta-tvgazeta.jpg","datePublished":"2016-08-02T21:11:34+00:00","author":{"@id":"https:\/\/nk7-testes.com.br\/agazeta\/#\/schema\/person\/6d6e25cb0435eb4a02fd44d30b4e3020"},"breadcrumb":{"@id":"https:\/\/nk7-testes.com.br\/agazeta\/numero-de-focos-aumentou-mais-de-500-no-acre\/#breadcrumb"},"inLanguage":"pt-BR","potentialAction":[{"@type":"ReadAction","target":["https:\/\/nk7-testes.com.br\/agazeta\/numero-de-focos-aumentou-mais-de-500-no-acre\/"]}]},{"@type":"ImageObject","inLanguage":"pt-BR","@id":"https:\/\/nk7-testes.com.br\/agazeta\/numero-de-focos-aumentou-mais-de-500-no-acre\/#primaryimage","url":"https:\/\/nk7-testes.com.br\/agazeta\/wp-content\/uploads\/2016\/08\/020816-cotidiano-secaalerta-tvgazeta.jpg","contentUrl":"https:\/\/nk7-testes.com.br\/agazeta\/wp-content\/uploads\/2016\/08\/020816-cotidiano-secaalerta-tvgazeta.jpg","width":458,"height":340,"caption":"020816-cotidiano-secaalerta-tvgazeta"},{"@type":"BreadcrumbList","@id":"https:\/\/nk7-testes.com.br\/agazeta\/numero-de-focos-aumentou-mais-de-500-no-acre\/#breadcrumb","itemListElement":[{"@type":"ListItem","position":1,"name":"In\u00edcio","item":"https:\/\/nk7-testes.com.br\/agazeta\/"},{"@type":"ListItem","position":2,"name":"N\u00famero de focos aumentou mais de 500% no Acre"}]},{"@type":"WebSite","@id":"https:\/\/nk7-testes.com.br\/agazeta\/#website","url":"https:\/\/nk7-testes.com.br\/agazeta\/","name":"Agazeta.net","description":"Agazeta.net - Not\u00edcias de Rio Branco\/AC","potentialAction":[{"@type":"SearchAction","target":{"@type":"EntryPoint","urlTemplate":"https:\/\/nk7-testes.com.br\/agazeta\/?s={search_term_string}"},"query-input":{"@type":"PropertyValueSpecification","valueRequired":true,"valueName":"search_term_string"}}],"inLanguage":"pt-BR"},{"@type":"Person","@id":"https:\/\/nk7-testes.com.br\/agazeta\/#\/schema\/person\/6d6e25cb0435eb4a02fd44d30b4e3020","name":"Agazeta.Net","url":"https:\/\/nk7-testes.com.br\/agazeta\/author\/agazeta\/"}]}},"_links":{"self":[{"href":"https:\/\/nk7-testes.com.br\/agazeta\/wp-json\/wp\/v2\/posts\/24280","targetHints":{"allow":["GET"]}}],"collection":[{"href":"https:\/\/nk7-testes.com.br\/agazeta\/wp-json\/wp\/v2\/posts"}],"about":[{"href":"https:\/\/nk7-testes.com.br\/agazeta\/wp-json\/wp\/v2\/types\/post"}],"author":[{"embeddable":true,"href":"https:\/\/nk7-testes.com.br\/agazeta\/wp-json\/wp\/v2\/users\/4"}],"replies":[{"embeddable":true,"href":"https:\/\/nk7-testes.com.br\/agazeta\/wp-json\/wp\/v2\/comments?post=24280"}],"version-history":[{"count":0,"href":"https:\/\/nk7-testes.com.br\/agazeta\/wp-json\/wp\/v2\/posts\/24280\/revisions"}],"wp:featuredmedia":[{"embeddable":true,"href":"https:\/\/nk7-testes.com.br\/agazeta\/wp-json\/wp\/v2\/media\/24279"}],"wp:attachment":[{"href":"https:\/\/nk7-testes.com.br\/agazeta\/wp-json\/wp\/v2\/media?parent=24280"}],"wp:term":[{"taxonomy":"category","embeddable":true,"href":"https:\/\/nk7-testes.com.br\/agazeta\/wp-json\/wp\/v2\/categories?post=24280"},{"taxonomy":"post_tag","embeddable":true,"href":"https:\/\/nk7-testes.com.br\/agazeta\/wp-json\/wp\/v2\/tags?post=24280"}],"curies":[{"name":"wp","href":"https:\/\/api.w.org\/{rel}","templated":true}]}}