{"id":24278,"date":"2016-08-02T20:40:28","date_gmt":"2016-08-02T20:40:28","guid":{"rendered":"https:\/\/abarevegan.com.br\/index.php\/2016\/08\/02\/aumento-de-casos-de-tuberculose-mobiliza-gestores\/"},"modified":"2016-08-02T20:40:28","modified_gmt":"2016-08-02T20:40:28","slug":"aumento-de-casos-de-tuberculose-mobiliza-gestores","status":"publish","type":"post","link":"https:\/\/nk7-testes.com.br\/agazeta\/aumento-de-casos-de-tuberculose-mobiliza-gestores\/","title":{"rendered":"Aumento de casos de tuberculose mobiliza gestores"},"content":{"rendered":"<p style=\"text-align: justify;\">Discuss\u00e3o de casos provoca medidas preventivas<\/p>\n<p style=\"text-align: justify;\">Durante dois dias, m\u00e9dicos e enfermeiros que trabalham na rede b\u00e1sica de sa\u00fade do Acre estar\u00e3o reunidos para tratar de uma das doen\u00e7as infecciosas mais mortais do mundo, a tuberculose.<\/p>\n<p style=\"text-align: justify;\">A atividade promovida pela Secretaria de Estado de Sa\u00fade tem objetivo de capacitar e atualizar os profissionais nas a\u00e7\u00f5es de preven\u00e7\u00e3o e controle da doen\u00e7a, mediante diagn\u00f3stico.<\/p>\n<p style=\"text-align: justify;\">\u201cN\u00f3s temos alguns indicadores que merecem um olhar mais de perto. O nosso abandono de tratamento tem aumentado, assim como o \u00f3bito\u201d, disse a respons\u00e1vel pelo Programa de Tuberculose do Estado, Eucenira Farias.<\/p>\n<p style=\"text-align: justify;\">Atualmente o percentual de cura da tuberculose no Acre \u00e9 de 86%. Os indicadores apontam ainda que 4% dos pacientes abandonam o tratamento.<\/p>\n<p style=\"text-align: justify;\">A maior preocupa\u00e7\u00e3o dos profissionais de sa\u00fade \u00e9 com o \u00edndice de \u00f3bitos. No Acre, em 2015, 12 pessoas morreram com tuberculose. Em 2016, somente no primeiro semestre 9 pessoas morreram devido a doen\u00e7a.<\/p>\n<p style=\"text-align: justify;\">O \u00edndice de \u00f3bito por tuberculose aceit\u00e1vel, proposto pelo Minist\u00e9rio da Sa\u00fade, \u00e9 de 3%, o Acre est\u00e1 com 2,7%.<\/p>\n<p style=\"text-align: justify;\">O m\u00e9dico Arnaldo Vieira, especialista em tuberculose, \u00e9 um dos palestrantes do evento e explica que a popula\u00e7\u00e3o precisa ficar alerta, atenta ao principal sintoma: a tosse. \u201cCom tosse superior a 15 dias deve procurar a unidade de sa\u00fade mais pr\u00f3xima e solicitar o exame de escarro. \u00c9 uma doen\u00e7a que tem cura, o tratamento \u00e9 feito em 6 meses e gratuitamente\u201d, explica.<\/p>\n<p style=\"text-align: justify;\">Um dos assuntos em debate durante o encontro foi a busca ativa de pacientes. Essa \u00e9 uma forma de combater a doen\u00e7a, oferecendo informa\u00e7\u00e3o e tratamento.<\/p>\n","protected":false},"excerpt":{"rendered":"<p style=\"text-align: justify;\">Discuss\u00e3o de casos provoca medidas preventivas<\/p>\n","protected":false},"author":4,"featured_media":24277,"comment_status":"open","ping_status":"open","sticky":false,"template":"","format":"standard","meta":{"jnews-multi-image_gallery":[],"jnews_single_post":[],"jnews_primary_category":[],"jnews_social_meta":[],"jnews_review":[],"enable_review":"","type":"","name":"","summary":"","brand":"","sku":"","good":[],"bad":[],"score_override":"","override_value":"","rating":[],"price":[],"footnotes":""},"categories":[54],"tags":[],"class_list":["post-24278","post","type-post","status-publish","format-standard","has-post-thumbnail","hentry","category-cotidiano"],"yoast_head":"<!-- This site is optimized with the Yoast SEO plugin v26.5 - https:\/\/yoast.com\/wordpress\/plugins\/seo\/ -->\n<title>Aumento de casos de tuberculose mobiliza gestores - Agazeta.net<\/title>\n<meta name=\"robots\" content=\"index, follow, max-snippet:-1, max-image-preview:large, max-video-preview:-1\" \/>\n<link rel=\"canonical\" href=\"https:\/\/nk7-testes.com.br\/agazeta\/aumento-de-casos-de-tuberculose-mobiliza-gestores\/\" \/>\n<meta property=\"og:locale\" content=\"pt_BR\" \/>\n<meta property=\"og:type\" content=\"article\" \/>\n<meta property=\"og:title\" content=\"Aumento de casos de tuberculose mobiliza gestores - Agazeta.net\" \/>\n<meta property=\"og:description\" content=\"Discuss\u00e3o de casos provoca medidas preventivas\" \/>\n<meta property=\"og:url\" content=\"https:\/\/nk7-testes.com.br\/agazeta\/aumento-de-casos-de-tuberculose-mobiliza-gestores\/\" \/>\n<meta property=\"og:site_name\" content=\"Agazeta.net\" \/>\n<meta property=\"article:published_time\" content=\"2016-08-02T20:40:28+00:00\" \/>\n<meta property=\"og:image\" content=\"https:\/\/nk7-testes.com.br\/agazeta\/wp-content\/uploads\/2016\/08\/020816-cotidiano-tuberculose-tvgazeta2.jpg\" \/>\n\t<meta property=\"og:image:width\" content=\"458\" \/>\n\t<meta property=\"og:image:height\" content=\"340\" \/>\n\t<meta property=\"og:image:type\" content=\"image\/jpeg\" \/>\n<meta name=\"author\" content=\"Agazeta.Net\" \/>\n<meta name=\"twitter:card\" content=\"summary_large_image\" \/>\n<meta name=\"twitter:label1\" content=\"Escrito por\" \/>\n\t<meta name=\"twitter:data1\" content=\"Agazeta.Net\" \/>\n\t<meta name=\"twitter:label2\" content=\"Est. tempo de leitura\" \/>\n\t<meta name=\"twitter:data2\" content=\"1 minuto\" \/>\n<script type=\"application\/ld+json\" class=\"yoast-schema-graph\">{\"@context\":\"https:\/\/schema.org\",\"@graph\":[{\"@type\":\"WebPage\",\"@id\":\"https:\/\/nk7-testes.com.br\/agazeta\/aumento-de-casos-de-tuberculose-mobiliza-gestores\/\",\"url\":\"https:\/\/nk7-testes.com.br\/agazeta\/aumento-de-casos-de-tuberculose-mobiliza-gestores\/\",\"name\":\"Aumento de casos de tuberculose mobiliza gestores - Agazeta.net\",\"isPartOf\":{\"@id\":\"https:\/\/nk7-testes.com.br\/agazeta\/#website\"},\"primaryImageOfPage\":{\"@id\":\"https:\/\/nk7-testes.com.br\/agazeta\/aumento-de-casos-de-tuberculose-mobiliza-gestores\/#primaryimage\"},\"image\":{\"@id\":\"https:\/\/nk7-testes.com.br\/agazeta\/aumento-de-casos-de-tuberculose-mobiliza-gestores\/#primaryimage\"},\"thumbnailUrl\":\"https:\/\/nk7-testes.com.br\/agazeta\/wp-content\/uploads\/2016\/08\/020816-cotidiano-tuberculose-tvgazeta2.jpg\",\"datePublished\":\"2016-08-02T20:40:28+00:00\",\"author\":{\"@id\":\"https:\/\/nk7-testes.com.br\/agazeta\/#\/schema\/person\/6d6e25cb0435eb4a02fd44d30b4e3020\"},\"breadcrumb\":{\"@id\":\"https:\/\/nk7-testes.com.br\/agazeta\/aumento-de-casos-de-tuberculose-mobiliza-gestores\/#breadcrumb\"},\"inLanguage\":\"pt-BR\",\"potentialAction\":[{\"@type\":\"ReadAction\",\"target\":[\"https:\/\/nk7-testes.com.br\/agazeta\/aumento-de-casos-de-tuberculose-mobiliza-gestores\/\"]}]},{\"@type\":\"ImageObject\",\"inLanguage\":\"pt-BR\",\"@id\":\"https:\/\/nk7-testes.com.br\/agazeta\/aumento-de-casos-de-tuberculose-mobiliza-gestores\/#primaryimage\",\"url\":\"https:\/\/nk7-testes.com.br\/agazeta\/wp-content\/uploads\/2016\/08\/020816-cotidiano-tuberculose-tvgazeta2.jpg\",\"contentUrl\":\"https:\/\/nk7-testes.com.br\/agazeta\/wp-content\/uploads\/2016\/08\/020816-cotidiano-tuberculose-tvgazeta2.jpg\",\"width\":458,\"height\":340,\"caption\":\"020816-cotidiano-tuberculose-tvgazeta2\"},{\"@type\":\"BreadcrumbList\",\"@id\":\"https:\/\/nk7-testes.com.br\/agazeta\/aumento-de-casos-de-tuberculose-mobiliza-gestores\/#breadcrumb\",\"itemListElement\":[{\"@type\":\"ListItem\",\"position\":1,\"name\":\"In\u00edcio\",\"item\":\"https:\/\/nk7-testes.com.br\/agazeta\/\"},{\"@type\":\"ListItem\",\"position\":2,\"name\":\"Aumento de casos de tuberculose mobiliza gestores\"}]},{\"@type\":\"WebSite\",\"@id\":\"https:\/\/nk7-testes.com.br\/agazeta\/#website\",\"url\":\"https:\/\/nk7-testes.com.br\/agazeta\/\",\"name\":\"Agazeta.net\",\"description\":\"Agazeta.net - Not\u00edcias de Rio Branco\/AC\",\"potentialAction\":[{\"@type\":\"SearchAction\",\"target\":{\"@type\":\"EntryPoint\",\"urlTemplate\":\"https:\/\/nk7-testes.com.br\/agazeta\/?s={search_term_string}\"},\"query-input\":{\"@type\":\"PropertyValueSpecification\",\"valueRequired\":true,\"valueName\":\"search_term_string\"}}],\"inLanguage\":\"pt-BR\"},{\"@type\":\"Person\",\"@id\":\"https:\/\/nk7-testes.com.br\/agazeta\/#\/schema\/person\/6d6e25cb0435eb4a02fd44d30b4e3020\",\"name\":\"Agazeta.Net\",\"url\":\"https:\/\/nk7-testes.com.br\/agazeta\/author\/agazeta\/\"}]}<\/script>\n<!-- \/ Yoast SEO plugin. -->","yoast_head_json":{"title":"Aumento de casos de tuberculose mobiliza gestores - Agazeta.net","robots":{"index":"index","follow":"follow","max-snippet":"max-snippet:-1","max-image-preview":"max-image-preview:large","max-video-preview":"max-video-preview:-1"},"canonical":"https:\/\/nk7-testes.com.br\/agazeta\/aumento-de-casos-de-tuberculose-mobiliza-gestores\/","og_locale":"pt_BR","og_type":"article","og_title":"Aumento de casos de tuberculose mobiliza gestores - Agazeta.net","og_description":"Discuss\u00e3o de casos provoca medidas preventivas","og_url":"https:\/\/nk7-testes.com.br\/agazeta\/aumento-de-casos-de-tuberculose-mobiliza-gestores\/","og_site_name":"Agazeta.net","article_published_time":"2016-08-02T20:40:28+00:00","og_image":[{"width":458,"height":340,"url":"https:\/\/nk7-testes.com.br\/agazeta\/wp-content\/uploads\/2016\/08\/020816-cotidiano-tuberculose-tvgazeta2.jpg","type":"image\/jpeg"}],"author":"Agazeta.Net","twitter_card":"summary_large_image","twitter_misc":{"Escrito por":"Agazeta.Net","Est. tempo de leitura":"1 minuto"},"schema":{"@context":"https:\/\/schema.org","@graph":[{"@type":"WebPage","@id":"https:\/\/nk7-testes.com.br\/agazeta\/aumento-de-casos-de-tuberculose-mobiliza-gestores\/","url":"https:\/\/nk7-testes.com.br\/agazeta\/aumento-de-casos-de-tuberculose-mobiliza-gestores\/","name":"Aumento de casos de tuberculose mobiliza gestores - Agazeta.net","isPartOf":{"@id":"https:\/\/nk7-testes.com.br\/agazeta\/#website"},"primaryImageOfPage":{"@id":"https:\/\/nk7-testes.com.br\/agazeta\/aumento-de-casos-de-tuberculose-mobiliza-gestores\/#primaryimage"},"image":{"@id":"https:\/\/nk7-testes.com.br\/agazeta\/aumento-de-casos-de-tuberculose-mobiliza-gestores\/#primaryimage"},"thumbnailUrl":"https:\/\/nk7-testes.com.br\/agazeta\/wp-content\/uploads\/2016\/08\/020816-cotidiano-tuberculose-tvgazeta2.jpg","datePublished":"2016-08-02T20:40:28+00:00","author":{"@id":"https:\/\/nk7-testes.com.br\/agazeta\/#\/schema\/person\/6d6e25cb0435eb4a02fd44d30b4e3020"},"breadcrumb":{"@id":"https:\/\/nk7-testes.com.br\/agazeta\/aumento-de-casos-de-tuberculose-mobiliza-gestores\/#breadcrumb"},"inLanguage":"pt-BR","potentialAction":[{"@type":"ReadAction","target":["https:\/\/nk7-testes.com.br\/agazeta\/aumento-de-casos-de-tuberculose-mobiliza-gestores\/"]}]},{"@type":"ImageObject","inLanguage":"pt-BR","@id":"https:\/\/nk7-testes.com.br\/agazeta\/aumento-de-casos-de-tuberculose-mobiliza-gestores\/#primaryimage","url":"https:\/\/nk7-testes.com.br\/agazeta\/wp-content\/uploads\/2016\/08\/020816-cotidiano-tuberculose-tvgazeta2.jpg","contentUrl":"https:\/\/nk7-testes.com.br\/agazeta\/wp-content\/uploads\/2016\/08\/020816-cotidiano-tuberculose-tvgazeta2.jpg","width":458,"height":340,"caption":"020816-cotidiano-tuberculose-tvgazeta2"},{"@type":"BreadcrumbList","@id":"https:\/\/nk7-testes.com.br\/agazeta\/aumento-de-casos-de-tuberculose-mobiliza-gestores\/#breadcrumb","itemListElement":[{"@type":"ListItem","position":1,"name":"In\u00edcio","item":"https:\/\/nk7-testes.com.br\/agazeta\/"},{"@type":"ListItem","position":2,"name":"Aumento de casos de tuberculose mobiliza gestores"}]},{"@type":"WebSite","@id":"https:\/\/nk7-testes.com.br\/agazeta\/#website","url":"https:\/\/nk7-testes.com.br\/agazeta\/","name":"Agazeta.net","description":"Agazeta.net - Not\u00edcias de Rio Branco\/AC","potentialAction":[{"@type":"SearchAction","target":{"@type":"EntryPoint","urlTemplate":"https:\/\/nk7-testes.com.br\/agazeta\/?s={search_term_string}"},"query-input":{"@type":"PropertyValueSpecification","valueRequired":true,"valueName":"search_term_string"}}],"inLanguage":"pt-BR"},{"@type":"Person","@id":"https:\/\/nk7-testes.com.br\/agazeta\/#\/schema\/person\/6d6e25cb0435eb4a02fd44d30b4e3020","name":"Agazeta.Net","url":"https:\/\/nk7-testes.com.br\/agazeta\/author\/agazeta\/"}]}},"_links":{"self":[{"href":"https:\/\/nk7-testes.com.br\/agazeta\/wp-json\/wp\/v2\/posts\/24278","targetHints":{"allow":["GET"]}}],"collection":[{"href":"https:\/\/nk7-testes.com.br\/agazeta\/wp-json\/wp\/v2\/posts"}],"about":[{"href":"https:\/\/nk7-testes.com.br\/agazeta\/wp-json\/wp\/v2\/types\/post"}],"author":[{"embeddable":true,"href":"https:\/\/nk7-testes.com.br\/agazeta\/wp-json\/wp\/v2\/users\/4"}],"replies":[{"embeddable":true,"href":"https:\/\/nk7-testes.com.br\/agazeta\/wp-json\/wp\/v2\/comments?post=24278"}],"version-history":[{"count":0,"href":"https:\/\/nk7-testes.com.br\/agazeta\/wp-json\/wp\/v2\/posts\/24278\/revisions"}],"wp:featuredmedia":[{"embeddable":true,"href":"https:\/\/nk7-testes.com.br\/agazeta\/wp-json\/wp\/v2\/media\/24277"}],"wp:attachment":[{"href":"https:\/\/nk7-testes.com.br\/agazeta\/wp-json\/wp\/v2\/media?parent=24278"}],"wp:term":[{"taxonomy":"category","embeddable":true,"href":"https:\/\/nk7-testes.com.br\/agazeta\/wp-json\/wp\/v2\/categories?post=24278"},{"taxonomy":"post_tag","embeddable":true,"href":"https:\/\/nk7-testes.com.br\/agazeta\/wp-json\/wp\/v2\/tags?post=24278"}],"curies":[{"name":"wp","href":"https:\/\/api.w.org\/{rel}","templated":true}]}}