{"id":24276,"date":"2016-08-02T20:00:52","date_gmt":"2016-08-02T20:00:52","guid":{"rendered":"https:\/\/abarevegan.com.br\/index.php\/2016\/08\/02\/nivel-do-rio-acre-continua-baixando-2\/"},"modified":"2016-08-02T20:00:52","modified_gmt":"2016-08-02T20:00:52","slug":"nivel-do-rio-acre-continua-baixando-2","status":"publish","type":"post","link":"https:\/\/nk7-testes.com.br\/agazeta\/nivel-do-rio-acre-continua-baixando-2\/","title":{"rendered":"N\u00edvel do Rio Acre continua baixando &#8220;nas cabeceiras&#8221;"},"content":{"rendered":"<p style=\"text-align: justify;\">Em Brasileia, n\u00edvel do rio chegou a 1,12m hoje<\/p>\n<p style=\"text-align: justify;\">Os acrianos tem acompanhado nos \u00faltimos dias a preocupante situa\u00e7\u00e3o do rio Acre que j\u00e1 atingiu a menor cota j\u00e1 registrada em Rio Branco. Nesta ter\u00e7a-feira (2) o n\u00edvel do rio chegou a 1,43 na capital.<\/p>\n<p style=\"text-align: justify;\">Assim como o rio Acre seus afluentes tem reduzido o n\u00edvel drasticamente, o riozinho do R\u00f4la, principal afluente do rio Acre chegou hoje a incr\u00edvel marca de 0,82. O trecho do rio que passa por Brasileia e Epitaciol\u00e2ndia marcou 1,12 na manh\u00e3 de hoje.<\/p>\n<p style=\"text-align: justify;\">O Major do Corpo de Bombeiros Claudio Falc\u00e3o disse que a situa\u00e7\u00e3o \u00e9 critica e pode se agravar pensando nisso o plano de contingencia est\u00e1 mantido assim como o monitoramento do rio pelas autoridades do Acre. \u201cCom essa situa\u00e7\u00e3o o racionamento \u00e9 quase inevit\u00e1vel, por isso pedidos a popula\u00e7\u00e3o que use \u00e1gua com racionalidade, de forma racional. Deixar de desperdi\u00e7ar \u00e1gua.\u201d Ressaltou Falc\u00e3o.<\/p>\n","protected":false},"excerpt":{"rendered":"<p style=\"text-align: justify;\">Em Brasileia, n\u00edvel do rio chegou a 1,12m hoje<\/p>\n","protected":false},"author":4,"featured_media":24275,"comment_status":"open","ping_status":"open","sticky":false,"template":"","format":"standard","meta":{"jnews-multi-image_gallery":[],"jnews_single_post":[],"jnews_primary_category":[],"jnews_social_meta":[],"jnews_review":[],"enable_review":"","type":"","name":"","summary":"","brand":"","sku":"","good":[],"bad":[],"score_override":"","override_value":"","rating":[],"price":[],"footnotes":""},"categories":[54],"tags":[],"class_list":["post-24276","post","type-post","status-publish","format-standard","has-post-thumbnail","hentry","category-cotidiano"],"yoast_head":"<!-- This site is optimized with the Yoast SEO plugin v26.5 - https:\/\/yoast.com\/wordpress\/plugins\/seo\/ -->\n<title>N\u00edvel do Rio Acre continua baixando &quot;nas cabeceiras&quot; - Agazeta.net<\/title>\n<meta name=\"robots\" content=\"index, follow, max-snippet:-1, max-image-preview:large, max-video-preview:-1\" \/>\n<link rel=\"canonical\" href=\"https:\/\/nk7-testes.com.br\/agazeta\/nivel-do-rio-acre-continua-baixando-2\/\" \/>\n<meta property=\"og:locale\" content=\"pt_BR\" \/>\n<meta property=\"og:type\" content=\"article\" \/>\n<meta property=\"og:title\" content=\"N\u00edvel do Rio Acre continua baixando &quot;nas cabeceiras&quot; - Agazeta.net\" \/>\n<meta property=\"og:description\" content=\"Em Brasileia, n\u00edvel do rio chegou a 1,12m hoje\" \/>\n<meta property=\"og:url\" content=\"https:\/\/nk7-testes.com.br\/agazeta\/nivel-do-rio-acre-continua-baixando-2\/\" \/>\n<meta property=\"og:site_name\" content=\"Agazeta.net\" \/>\n<meta property=\"article:published_time\" content=\"2016-08-02T20:00:52+00:00\" \/>\n<meta property=\"og:image\" content=\"https:\/\/nk7-testes.com.br\/agazeta\/wp-content\/uploads\/2016\/08\/020816-cotidiano-seca-rio.jpg\" \/>\n\t<meta property=\"og:image:width\" content=\"458\" \/>\n\t<meta property=\"og:image:height\" content=\"340\" \/>\n\t<meta property=\"og:image:type\" content=\"image\/jpeg\" \/>\n<meta name=\"author\" content=\"Agazeta.Net\" \/>\n<meta name=\"twitter:card\" content=\"summary_large_image\" \/>\n<meta name=\"twitter:label1\" content=\"Escrito por\" \/>\n\t<meta name=\"twitter:data1\" content=\"Agazeta.Net\" \/>\n\t<meta name=\"twitter:label2\" content=\"Est. tempo de leitura\" \/>\n\t<meta name=\"twitter:data2\" content=\"1 minuto\" \/>\n<script type=\"application\/ld+json\" class=\"yoast-schema-graph\">{\"@context\":\"https:\/\/schema.org\",\"@graph\":[{\"@type\":\"WebPage\",\"@id\":\"https:\/\/nk7-testes.com.br\/agazeta\/nivel-do-rio-acre-continua-baixando-2\/\",\"url\":\"https:\/\/nk7-testes.com.br\/agazeta\/nivel-do-rio-acre-continua-baixando-2\/\",\"name\":\"N\u00edvel do Rio Acre continua baixando \\\"nas cabeceiras\\\" - Agazeta.net\",\"isPartOf\":{\"@id\":\"https:\/\/nk7-testes.com.br\/agazeta\/#website\"},\"primaryImageOfPage\":{\"@id\":\"https:\/\/nk7-testes.com.br\/agazeta\/nivel-do-rio-acre-continua-baixando-2\/#primaryimage\"},\"image\":{\"@id\":\"https:\/\/nk7-testes.com.br\/agazeta\/nivel-do-rio-acre-continua-baixando-2\/#primaryimage\"},\"thumbnailUrl\":\"https:\/\/nk7-testes.com.br\/agazeta\/wp-content\/uploads\/2016\/08\/020816-cotidiano-seca-rio.jpg\",\"datePublished\":\"2016-08-02T20:00:52+00:00\",\"author\":{\"@id\":\"https:\/\/nk7-testes.com.br\/agazeta\/#\/schema\/person\/6d6e25cb0435eb4a02fd44d30b4e3020\"},\"breadcrumb\":{\"@id\":\"https:\/\/nk7-testes.com.br\/agazeta\/nivel-do-rio-acre-continua-baixando-2\/#breadcrumb\"},\"inLanguage\":\"pt-BR\",\"potentialAction\":[{\"@type\":\"ReadAction\",\"target\":[\"https:\/\/nk7-testes.com.br\/agazeta\/nivel-do-rio-acre-continua-baixando-2\/\"]}]},{\"@type\":\"ImageObject\",\"inLanguage\":\"pt-BR\",\"@id\":\"https:\/\/nk7-testes.com.br\/agazeta\/nivel-do-rio-acre-continua-baixando-2\/#primaryimage\",\"url\":\"https:\/\/nk7-testes.com.br\/agazeta\/wp-content\/uploads\/2016\/08\/020816-cotidiano-seca-rio.jpg\",\"contentUrl\":\"https:\/\/nk7-testes.com.br\/agazeta\/wp-content\/uploads\/2016\/08\/020816-cotidiano-seca-rio.jpg\",\"width\":458,\"height\":340,\"caption\":\"020816-cotidiano-seca-rio\"},{\"@type\":\"BreadcrumbList\",\"@id\":\"https:\/\/nk7-testes.com.br\/agazeta\/nivel-do-rio-acre-continua-baixando-2\/#breadcrumb\",\"itemListElement\":[{\"@type\":\"ListItem\",\"position\":1,\"name\":\"In\u00edcio\",\"item\":\"https:\/\/nk7-testes.com.br\/agazeta\/\"},{\"@type\":\"ListItem\",\"position\":2,\"name\":\"N\u00edvel do Rio Acre continua baixando &#8220;nas cabeceiras&#8221;\"}]},{\"@type\":\"WebSite\",\"@id\":\"https:\/\/nk7-testes.com.br\/agazeta\/#website\",\"url\":\"https:\/\/nk7-testes.com.br\/agazeta\/\",\"name\":\"Agazeta.net\",\"description\":\"Agazeta.net - Not\u00edcias de Rio Branco\/AC\",\"potentialAction\":[{\"@type\":\"SearchAction\",\"target\":{\"@type\":\"EntryPoint\",\"urlTemplate\":\"https:\/\/nk7-testes.com.br\/agazeta\/?s={search_term_string}\"},\"query-input\":{\"@type\":\"PropertyValueSpecification\",\"valueRequired\":true,\"valueName\":\"search_term_string\"}}],\"inLanguage\":\"pt-BR\"},{\"@type\":\"Person\",\"@id\":\"https:\/\/nk7-testes.com.br\/agazeta\/#\/schema\/person\/6d6e25cb0435eb4a02fd44d30b4e3020\",\"name\":\"Agazeta.Net\",\"url\":\"https:\/\/nk7-testes.com.br\/agazeta\/author\/agazeta\/\"}]}<\/script>\n<!-- \/ Yoast SEO plugin. -->","yoast_head_json":{"title":"N\u00edvel do Rio Acre continua baixando \"nas cabeceiras\" - Agazeta.net","robots":{"index":"index","follow":"follow","max-snippet":"max-snippet:-1","max-image-preview":"max-image-preview:large","max-video-preview":"max-video-preview:-1"},"canonical":"https:\/\/nk7-testes.com.br\/agazeta\/nivel-do-rio-acre-continua-baixando-2\/","og_locale":"pt_BR","og_type":"article","og_title":"N\u00edvel do Rio Acre continua baixando \"nas cabeceiras\" - Agazeta.net","og_description":"Em Brasileia, n\u00edvel do rio chegou a 1,12m hoje","og_url":"https:\/\/nk7-testes.com.br\/agazeta\/nivel-do-rio-acre-continua-baixando-2\/","og_site_name":"Agazeta.net","article_published_time":"2016-08-02T20:00:52+00:00","og_image":[{"width":458,"height":340,"url":"https:\/\/nk7-testes.com.br\/agazeta\/wp-content\/uploads\/2016\/08\/020816-cotidiano-seca-rio.jpg","type":"image\/jpeg"}],"author":"Agazeta.Net","twitter_card":"summary_large_image","twitter_misc":{"Escrito por":"Agazeta.Net","Est. tempo de leitura":"1 minuto"},"schema":{"@context":"https:\/\/schema.org","@graph":[{"@type":"WebPage","@id":"https:\/\/nk7-testes.com.br\/agazeta\/nivel-do-rio-acre-continua-baixando-2\/","url":"https:\/\/nk7-testes.com.br\/agazeta\/nivel-do-rio-acre-continua-baixando-2\/","name":"N\u00edvel do Rio Acre continua baixando \"nas cabeceiras\" - Agazeta.net","isPartOf":{"@id":"https:\/\/nk7-testes.com.br\/agazeta\/#website"},"primaryImageOfPage":{"@id":"https:\/\/nk7-testes.com.br\/agazeta\/nivel-do-rio-acre-continua-baixando-2\/#primaryimage"},"image":{"@id":"https:\/\/nk7-testes.com.br\/agazeta\/nivel-do-rio-acre-continua-baixando-2\/#primaryimage"},"thumbnailUrl":"https:\/\/nk7-testes.com.br\/agazeta\/wp-content\/uploads\/2016\/08\/020816-cotidiano-seca-rio.jpg","datePublished":"2016-08-02T20:00:52+00:00","author":{"@id":"https:\/\/nk7-testes.com.br\/agazeta\/#\/schema\/person\/6d6e25cb0435eb4a02fd44d30b4e3020"},"breadcrumb":{"@id":"https:\/\/nk7-testes.com.br\/agazeta\/nivel-do-rio-acre-continua-baixando-2\/#breadcrumb"},"inLanguage":"pt-BR","potentialAction":[{"@type":"ReadAction","target":["https:\/\/nk7-testes.com.br\/agazeta\/nivel-do-rio-acre-continua-baixando-2\/"]}]},{"@type":"ImageObject","inLanguage":"pt-BR","@id":"https:\/\/nk7-testes.com.br\/agazeta\/nivel-do-rio-acre-continua-baixando-2\/#primaryimage","url":"https:\/\/nk7-testes.com.br\/agazeta\/wp-content\/uploads\/2016\/08\/020816-cotidiano-seca-rio.jpg","contentUrl":"https:\/\/nk7-testes.com.br\/agazeta\/wp-content\/uploads\/2016\/08\/020816-cotidiano-seca-rio.jpg","width":458,"height":340,"caption":"020816-cotidiano-seca-rio"},{"@type":"BreadcrumbList","@id":"https:\/\/nk7-testes.com.br\/agazeta\/nivel-do-rio-acre-continua-baixando-2\/#breadcrumb","itemListElement":[{"@type":"ListItem","position":1,"name":"In\u00edcio","item":"https:\/\/nk7-testes.com.br\/agazeta\/"},{"@type":"ListItem","position":2,"name":"N\u00edvel do Rio Acre continua baixando &#8220;nas cabeceiras&#8221;"}]},{"@type":"WebSite","@id":"https:\/\/nk7-testes.com.br\/agazeta\/#website","url":"https:\/\/nk7-testes.com.br\/agazeta\/","name":"Agazeta.net","description":"Agazeta.net - Not\u00edcias de Rio Branco\/AC","potentialAction":[{"@type":"SearchAction","target":{"@type":"EntryPoint","urlTemplate":"https:\/\/nk7-testes.com.br\/agazeta\/?s={search_term_string}"},"query-input":{"@type":"PropertyValueSpecification","valueRequired":true,"valueName":"search_term_string"}}],"inLanguage":"pt-BR"},{"@type":"Person","@id":"https:\/\/nk7-testes.com.br\/agazeta\/#\/schema\/person\/6d6e25cb0435eb4a02fd44d30b4e3020","name":"Agazeta.Net","url":"https:\/\/nk7-testes.com.br\/agazeta\/author\/agazeta\/"}]}},"_links":{"self":[{"href":"https:\/\/nk7-testes.com.br\/agazeta\/wp-json\/wp\/v2\/posts\/24276","targetHints":{"allow":["GET"]}}],"collection":[{"href":"https:\/\/nk7-testes.com.br\/agazeta\/wp-json\/wp\/v2\/posts"}],"about":[{"href":"https:\/\/nk7-testes.com.br\/agazeta\/wp-json\/wp\/v2\/types\/post"}],"author":[{"embeddable":true,"href":"https:\/\/nk7-testes.com.br\/agazeta\/wp-json\/wp\/v2\/users\/4"}],"replies":[{"embeddable":true,"href":"https:\/\/nk7-testes.com.br\/agazeta\/wp-json\/wp\/v2\/comments?post=24276"}],"version-history":[{"count":0,"href":"https:\/\/nk7-testes.com.br\/agazeta\/wp-json\/wp\/v2\/posts\/24276\/revisions"}],"wp:featuredmedia":[{"embeddable":true,"href":"https:\/\/nk7-testes.com.br\/agazeta\/wp-json\/wp\/v2\/media\/24275"}],"wp:attachment":[{"href":"https:\/\/nk7-testes.com.br\/agazeta\/wp-json\/wp\/v2\/media?parent=24276"}],"wp:term":[{"taxonomy":"category","embeddable":true,"href":"https:\/\/nk7-testes.com.br\/agazeta\/wp-json\/wp\/v2\/categories?post=24276"},{"taxonomy":"post_tag","embeddable":true,"href":"https:\/\/nk7-testes.com.br\/agazeta\/wp-json\/wp\/v2\/tags?post=24276"}],"curies":[{"name":"wp","href":"https:\/\/api.w.org\/{rel}","templated":true}]}}