{"id":24271,"date":"2016-08-02T16:07:24","date_gmt":"2016-08-02T16:07:24","guid":{"rendered":"https:\/\/abarevegan.com.br\/index.php\/2016\/08\/02\/seacom-abre-inscricoes-para-propostas-de-minicursos\/"},"modified":"2016-08-02T16:07:24","modified_gmt":"2016-08-02T16:07:24","slug":"seacom-abre-inscricoes-para-propostas-de-minicursos","status":"publish","type":"post","link":"https:\/\/nk7-testes.com.br\/agazeta\/seacom-abre-inscricoes-para-propostas-de-minicursos\/","title":{"rendered":"Seacom abre inscri\u00e7\u00f5es para propostas de minicursos"},"content":{"rendered":"<p style=\"text-align: justify;\">Os ministrantes devem fazer inscri\u00e7\u00e3o pela internet<\/p>\n<p style=\"text-align: justify;\">As inscri\u00e7\u00f5es para as propostas de minicursos que ser\u00e3o oferecidos na 5\u00aa Semana Acad\u00eamica de Comunica\u00e7\u00e3o (SEACOM) est\u00e3o abertas at\u00e9 7 de agosto e podem ser feitas pelo formul\u00e1rio dispon\u00edvel no site em <a href=\"http:\/\/www.seacomufac.com.br\/inscri\">http:\/\/www.seacomufac.com.br\/inscri<\/a>\u00e7\u00f5es\/mini-cursos.html. As propostas selecionadas pela comiss\u00e3o organizadora ser\u00e3o divulgadas no dia 12 de agosto, no site da SEACOM.<\/p>\n<p style=\"text-align: justify;\">Os temas devem contemplar atividades na \u00e1rea de comunica\u00e7\u00e3o como fotografia, jornalismo especializado, blogs, edi\u00e7\u00e3o de v\u00eddeo, novas m\u00eddias, r\u00e1dio e telejornalismo, assessoria de comunica\u00e7\u00e3o e outras mais (veja os minicursos que foram oferecidos em 2014 e 2015).<\/p>\n<p style=\"text-align: justify;\">A coordenadora do Curso de Jornalismo da UFAC, Giselle Lucena, ministrou uma oficina sobre jornalismo cultural na edi\u00e7\u00e3o 2015 da SEACOM. &#8220;Foi uma oportunidade de colocar em pauta um assunto pouco discutido pela sociedade&#8221;, lembrou Lucena.<\/p>\n<p style=\"text-align: justify;\">Para a coordenadora, a academia precisa estar atenta \u00e0s mudan\u00e7as e exig\u00eancias do mercado de trabalho. &#8220;A \u00e1rea de Comunica\u00e7\u00e3o se reformula o tempo todo&#8221;, completa.<\/p>\n<p style=\"text-align: justify;\">A 5\u00aa SEACOM ser\u00e1 realizada de 21 a 23 de setembro, no campus da Universidade Federal do Acre (Ufac), tendo como tema &#8220;Jornalismo e universidade: reescrevendo o futuro\u201d. Os minicursos acontecem nas manh\u00e3s e tardes dos dias 22 e 23 de setembro, no bloco do Curso de Jornalismo.<\/p>\n","protected":false},"excerpt":{"rendered":"<p style=\"text-align: justify;\">Os ministrantes devem fazer inscri\u00e7\u00e3o pela internet<\/p>\n","protected":false},"author":4,"featured_media":14370,"comment_status":"open","ping_status":"open","sticky":false,"template":"","format":"standard","meta":{"jnews-multi-image_gallery":[],"jnews_single_post":[],"jnews_primary_category":[],"jnews_social_meta":[],"jnews_review":[],"enable_review":"","type":"","name":"","summary":"","brand":"","sku":"","good":[],"bad":[],"score_override":"","override_value":"","rating":[],"price":[],"footnotes":""},"categories":[54],"tags":[],"class_list":["post-24271","post","type-post","status-publish","format-standard","has-post-thumbnail","hentry","category-cotidiano"],"yoast_head":"<!-- This site is optimized with the Yoast SEO plugin v26.5 - https:\/\/yoast.com\/wordpress\/plugins\/seo\/ -->\n<title>Seacom abre inscri\u00e7\u00f5es para propostas de minicursos - Agazeta.net<\/title>\n<meta name=\"robots\" content=\"index, follow, max-snippet:-1, max-image-preview:large, max-video-preview:-1\" \/>\n<link rel=\"canonical\" href=\"https:\/\/nk7-testes.com.br\/agazeta\/seacom-abre-inscricoes-para-propostas-de-minicursos\/\" \/>\n<meta property=\"og:locale\" content=\"pt_BR\" \/>\n<meta property=\"og:type\" content=\"article\" \/>\n<meta property=\"og:title\" content=\"Seacom abre inscri\u00e7\u00f5es para propostas de minicursos - Agazeta.net\" \/>\n<meta property=\"og:description\" content=\"Os ministrantes devem fazer inscri\u00e7\u00e3o pela internet\" \/>\n<meta property=\"og:url\" content=\"https:\/\/nk7-testes.com.br\/agazeta\/seacom-abre-inscricoes-para-propostas-de-minicursos\/\" \/>\n<meta property=\"og:site_name\" content=\"Agazeta.net\" \/>\n<meta property=\"article:published_time\" content=\"2016-08-02T16:07:24+00:00\" \/>\n<meta property=\"og:image\" content=\"https:\/\/nk7-testes.com.br\/agazeta\/wp-content\/uploads\/2015\/03\/300315-cotidiano-ufac-taianelima.jpg\" \/>\n\t<meta property=\"og:image:width\" content=\"458\" \/>\n\t<meta property=\"og:image:height\" content=\"340\" \/>\n\t<meta property=\"og:image:type\" content=\"image\/jpeg\" \/>\n<meta name=\"author\" content=\"Agazeta.Net\" \/>\n<meta name=\"twitter:card\" content=\"summary_large_image\" \/>\n<meta name=\"twitter:label1\" content=\"Escrito por\" \/>\n\t<meta name=\"twitter:data1\" content=\"Agazeta.Net\" \/>\n\t<meta name=\"twitter:label2\" content=\"Est. tempo de leitura\" \/>\n\t<meta name=\"twitter:data2\" content=\"1 minuto\" \/>\n<script type=\"application\/ld+json\" class=\"yoast-schema-graph\">{\"@context\":\"https:\/\/schema.org\",\"@graph\":[{\"@type\":\"WebPage\",\"@id\":\"https:\/\/nk7-testes.com.br\/agazeta\/seacom-abre-inscricoes-para-propostas-de-minicursos\/\",\"url\":\"https:\/\/nk7-testes.com.br\/agazeta\/seacom-abre-inscricoes-para-propostas-de-minicursos\/\",\"name\":\"Seacom abre inscri\u00e7\u00f5es para propostas de minicursos - Agazeta.net\",\"isPartOf\":{\"@id\":\"https:\/\/nk7-testes.com.br\/agazeta\/#website\"},\"primaryImageOfPage\":{\"@id\":\"https:\/\/nk7-testes.com.br\/agazeta\/seacom-abre-inscricoes-para-propostas-de-minicursos\/#primaryimage\"},\"image\":{\"@id\":\"https:\/\/nk7-testes.com.br\/agazeta\/seacom-abre-inscricoes-para-propostas-de-minicursos\/#primaryimage\"},\"thumbnailUrl\":\"https:\/\/nk7-testes.com.br\/agazeta\/wp-content\/uploads\/2015\/03\/300315-cotidiano-ufac-taianelima.jpg\",\"datePublished\":\"2016-08-02T16:07:24+00:00\",\"author\":{\"@id\":\"https:\/\/nk7-testes.com.br\/agazeta\/#\/schema\/person\/6d6e25cb0435eb4a02fd44d30b4e3020\"},\"breadcrumb\":{\"@id\":\"https:\/\/nk7-testes.com.br\/agazeta\/seacom-abre-inscricoes-para-propostas-de-minicursos\/#breadcrumb\"},\"inLanguage\":\"pt-BR\",\"potentialAction\":[{\"@type\":\"ReadAction\",\"target\":[\"https:\/\/nk7-testes.com.br\/agazeta\/seacom-abre-inscricoes-para-propostas-de-minicursos\/\"]}]},{\"@type\":\"ImageObject\",\"inLanguage\":\"pt-BR\",\"@id\":\"https:\/\/nk7-testes.com.br\/agazeta\/seacom-abre-inscricoes-para-propostas-de-minicursos\/#primaryimage\",\"url\":\"https:\/\/nk7-testes.com.br\/agazeta\/wp-content\/uploads\/2015\/03\/300315-cotidiano-ufac-taianelima.jpg\",\"contentUrl\":\"https:\/\/nk7-testes.com.br\/agazeta\/wp-content\/uploads\/2015\/03\/300315-cotidiano-ufac-taianelima.jpg\",\"width\":458,\"height\":340,\"caption\":\"300315-cotidiano-ufac-taianelima\"},{\"@type\":\"BreadcrumbList\",\"@id\":\"https:\/\/nk7-testes.com.br\/agazeta\/seacom-abre-inscricoes-para-propostas-de-minicursos\/#breadcrumb\",\"itemListElement\":[{\"@type\":\"ListItem\",\"position\":1,\"name\":\"In\u00edcio\",\"item\":\"https:\/\/nk7-testes.com.br\/agazeta\/\"},{\"@type\":\"ListItem\",\"position\":2,\"name\":\"Seacom abre inscri\u00e7\u00f5es para propostas de minicursos\"}]},{\"@type\":\"WebSite\",\"@id\":\"https:\/\/nk7-testes.com.br\/agazeta\/#website\",\"url\":\"https:\/\/nk7-testes.com.br\/agazeta\/\",\"name\":\"Agazeta.net\",\"description\":\"Agazeta.net - Not\u00edcias de Rio Branco\/AC\",\"potentialAction\":[{\"@type\":\"SearchAction\",\"target\":{\"@type\":\"EntryPoint\",\"urlTemplate\":\"https:\/\/nk7-testes.com.br\/agazeta\/?s={search_term_string}\"},\"query-input\":{\"@type\":\"PropertyValueSpecification\",\"valueRequired\":true,\"valueName\":\"search_term_string\"}}],\"inLanguage\":\"pt-BR\"},{\"@type\":\"Person\",\"@id\":\"https:\/\/nk7-testes.com.br\/agazeta\/#\/schema\/person\/6d6e25cb0435eb4a02fd44d30b4e3020\",\"name\":\"Agazeta.Net\",\"url\":\"https:\/\/nk7-testes.com.br\/agazeta\/author\/agazeta\/\"}]}<\/script>\n<!-- \/ Yoast SEO plugin. -->","yoast_head_json":{"title":"Seacom abre inscri\u00e7\u00f5es para propostas de minicursos - Agazeta.net","robots":{"index":"index","follow":"follow","max-snippet":"max-snippet:-1","max-image-preview":"max-image-preview:large","max-video-preview":"max-video-preview:-1"},"canonical":"https:\/\/nk7-testes.com.br\/agazeta\/seacom-abre-inscricoes-para-propostas-de-minicursos\/","og_locale":"pt_BR","og_type":"article","og_title":"Seacom abre inscri\u00e7\u00f5es para propostas de minicursos - Agazeta.net","og_description":"Os ministrantes devem fazer inscri\u00e7\u00e3o pela internet","og_url":"https:\/\/nk7-testes.com.br\/agazeta\/seacom-abre-inscricoes-para-propostas-de-minicursos\/","og_site_name":"Agazeta.net","article_published_time":"2016-08-02T16:07:24+00:00","og_image":[{"width":458,"height":340,"url":"https:\/\/nk7-testes.com.br\/agazeta\/wp-content\/uploads\/2015\/03\/300315-cotidiano-ufac-taianelima.jpg","type":"image\/jpeg"}],"author":"Agazeta.Net","twitter_card":"summary_large_image","twitter_misc":{"Escrito por":"Agazeta.Net","Est. tempo de leitura":"1 minuto"},"schema":{"@context":"https:\/\/schema.org","@graph":[{"@type":"WebPage","@id":"https:\/\/nk7-testes.com.br\/agazeta\/seacom-abre-inscricoes-para-propostas-de-minicursos\/","url":"https:\/\/nk7-testes.com.br\/agazeta\/seacom-abre-inscricoes-para-propostas-de-minicursos\/","name":"Seacom abre inscri\u00e7\u00f5es para propostas de minicursos - Agazeta.net","isPartOf":{"@id":"https:\/\/nk7-testes.com.br\/agazeta\/#website"},"primaryImageOfPage":{"@id":"https:\/\/nk7-testes.com.br\/agazeta\/seacom-abre-inscricoes-para-propostas-de-minicursos\/#primaryimage"},"image":{"@id":"https:\/\/nk7-testes.com.br\/agazeta\/seacom-abre-inscricoes-para-propostas-de-minicursos\/#primaryimage"},"thumbnailUrl":"https:\/\/nk7-testes.com.br\/agazeta\/wp-content\/uploads\/2015\/03\/300315-cotidiano-ufac-taianelima.jpg","datePublished":"2016-08-02T16:07:24+00:00","author":{"@id":"https:\/\/nk7-testes.com.br\/agazeta\/#\/schema\/person\/6d6e25cb0435eb4a02fd44d30b4e3020"},"breadcrumb":{"@id":"https:\/\/nk7-testes.com.br\/agazeta\/seacom-abre-inscricoes-para-propostas-de-minicursos\/#breadcrumb"},"inLanguage":"pt-BR","potentialAction":[{"@type":"ReadAction","target":["https:\/\/nk7-testes.com.br\/agazeta\/seacom-abre-inscricoes-para-propostas-de-minicursos\/"]}]},{"@type":"ImageObject","inLanguage":"pt-BR","@id":"https:\/\/nk7-testes.com.br\/agazeta\/seacom-abre-inscricoes-para-propostas-de-minicursos\/#primaryimage","url":"https:\/\/nk7-testes.com.br\/agazeta\/wp-content\/uploads\/2015\/03\/300315-cotidiano-ufac-taianelima.jpg","contentUrl":"https:\/\/nk7-testes.com.br\/agazeta\/wp-content\/uploads\/2015\/03\/300315-cotidiano-ufac-taianelima.jpg","width":458,"height":340,"caption":"300315-cotidiano-ufac-taianelima"},{"@type":"BreadcrumbList","@id":"https:\/\/nk7-testes.com.br\/agazeta\/seacom-abre-inscricoes-para-propostas-de-minicursos\/#breadcrumb","itemListElement":[{"@type":"ListItem","position":1,"name":"In\u00edcio","item":"https:\/\/nk7-testes.com.br\/agazeta\/"},{"@type":"ListItem","position":2,"name":"Seacom abre inscri\u00e7\u00f5es para propostas de minicursos"}]},{"@type":"WebSite","@id":"https:\/\/nk7-testes.com.br\/agazeta\/#website","url":"https:\/\/nk7-testes.com.br\/agazeta\/","name":"Agazeta.net","description":"Agazeta.net - Not\u00edcias de Rio Branco\/AC","potentialAction":[{"@type":"SearchAction","target":{"@type":"EntryPoint","urlTemplate":"https:\/\/nk7-testes.com.br\/agazeta\/?s={search_term_string}"},"query-input":{"@type":"PropertyValueSpecification","valueRequired":true,"valueName":"search_term_string"}}],"inLanguage":"pt-BR"},{"@type":"Person","@id":"https:\/\/nk7-testes.com.br\/agazeta\/#\/schema\/person\/6d6e25cb0435eb4a02fd44d30b4e3020","name":"Agazeta.Net","url":"https:\/\/nk7-testes.com.br\/agazeta\/author\/agazeta\/"}]}},"_links":{"self":[{"href":"https:\/\/nk7-testes.com.br\/agazeta\/wp-json\/wp\/v2\/posts\/24271","targetHints":{"allow":["GET"]}}],"collection":[{"href":"https:\/\/nk7-testes.com.br\/agazeta\/wp-json\/wp\/v2\/posts"}],"about":[{"href":"https:\/\/nk7-testes.com.br\/agazeta\/wp-json\/wp\/v2\/types\/post"}],"author":[{"embeddable":true,"href":"https:\/\/nk7-testes.com.br\/agazeta\/wp-json\/wp\/v2\/users\/4"}],"replies":[{"embeddable":true,"href":"https:\/\/nk7-testes.com.br\/agazeta\/wp-json\/wp\/v2\/comments?post=24271"}],"version-history":[{"count":0,"href":"https:\/\/nk7-testes.com.br\/agazeta\/wp-json\/wp\/v2\/posts\/24271\/revisions"}],"wp:featuredmedia":[{"embeddable":true,"href":"https:\/\/nk7-testes.com.br\/agazeta\/wp-json\/wp\/v2\/media\/14370"}],"wp:attachment":[{"href":"https:\/\/nk7-testes.com.br\/agazeta\/wp-json\/wp\/v2\/media?parent=24271"}],"wp:term":[{"taxonomy":"category","embeddable":true,"href":"https:\/\/nk7-testes.com.br\/agazeta\/wp-json\/wp\/v2\/categories?post=24271"},{"taxonomy":"post_tag","embeddable":true,"href":"https:\/\/nk7-testes.com.br\/agazeta\/wp-json\/wp\/v2\/tags?post=24271"}],"curies":[{"name":"wp","href":"https:\/\/api.w.org\/{rel}","templated":true}]}}