{"id":24240,"date":"2016-08-01T14:49:39","date_gmt":"2016-08-01T14:49:39","guid":{"rendered":"https:\/\/abarevegan.com.br\/index.php\/2016\/08\/01\/fogo-em-vegetacao-na-avenida-amadeo-barbosa\/"},"modified":"2016-08-01T14:49:39","modified_gmt":"2016-08-01T14:49:39","slug":"fogo-em-vegetacao-na-avenida-amadeo-barbosa","status":"publish","type":"post","link":"https:\/\/nk7-testes.com.br\/agazeta\/fogo-em-vegetacao-na-avenida-amadeo-barbosa\/","title":{"rendered":"Fogo em vegeta\u00e7\u00e3o na Avenida Amadeo Barbosa"},"content":{"rendered":"<p style=\"text-align: justify;\">Trabalho parecia imposs\u00edvel: chamas intensas<\/p>\n<p style=\"text-align: justify;\">Na noite deste s\u00e1bado (30), soldados do Corpo de Bombeiros tiveram muito trabalho para controlar um grande inc\u00eandio em vegeta\u00e7\u00e3o \u00e0s margens da Avenida Amadeo Barbosa.<\/p>\n<p style=\"text-align: justify;\">A fuma\u00e7a no local e o calor eram intensos. Os soldados usaram abafadores e bombas costas para controlar as chamas. O trabalho parecia imposs\u00edvel. O fogo consumiu grande parte da \u00e1rea, que fica atr\u00e1s do antigo aeroporto de Rio Branco.<\/p>\n<p style=\"text-align: justify;\">Segundo o bombeiros, s\u00e3o mais de 20 ocorr\u00eancias por dia s\u00f3 em fogo em vegeta\u00e7\u00e3o. Na mesma hora, tamb\u00e9m foi registrada outra grande queimada. Desta vez em uma \u00e1rea de terra que fica \u00e0s margens da Via Chico Mende. Segundo os bombeiros, a preocupa\u00e7\u00e3o seria o fato de a \u00e1rea ficar perto do posto de gasolina. Os bombeiros agiram r\u00e1pido e conseguiram controlar o fogo.<\/p>\n","protected":false},"excerpt":{"rendered":"<p style=\"text-align: justify;\">Trabalho parecia imposs\u00edvel: chamas intensas<\/p>\n","protected":false},"author":4,"featured_media":24239,"comment_status":"open","ping_status":"open","sticky":false,"template":"","format":"standard","meta":{"jnews-multi-image_gallery":[],"jnews_single_post":[],"jnews_primary_category":[],"jnews_social_meta":[],"jnews_review":[],"enable_review":"","type":"","name":"","summary":"","brand":"","sku":"","good":[],"bad":[],"score_override":"","override_value":"","rating":[],"price":[],"footnotes":""},"categories":[54],"tags":[],"class_list":["post-24240","post","type-post","status-publish","format-standard","has-post-thumbnail","hentry","category-cotidiano"],"yoast_head":"<!-- This site is optimized with the Yoast SEO plugin v26.5 - https:\/\/yoast.com\/wordpress\/plugins\/seo\/ -->\n<title>Fogo em vegeta\u00e7\u00e3o na Avenida Amadeo Barbosa - Agazeta.net<\/title>\n<meta name=\"robots\" content=\"index, follow, max-snippet:-1, max-image-preview:large, max-video-preview:-1\" \/>\n<link rel=\"canonical\" href=\"https:\/\/nk7-testes.com.br\/agazeta\/fogo-em-vegetacao-na-avenida-amadeo-barbosa\/\" \/>\n<meta property=\"og:locale\" content=\"pt_BR\" \/>\n<meta property=\"og:type\" content=\"article\" \/>\n<meta property=\"og:title\" content=\"Fogo em vegeta\u00e7\u00e3o na Avenida Amadeo Barbosa - Agazeta.net\" \/>\n<meta property=\"og:description\" content=\"Trabalho parecia imposs\u00edvel: chamas intensas\" \/>\n<meta property=\"og:url\" content=\"https:\/\/nk7-testes.com.br\/agazeta\/fogo-em-vegetacao-na-avenida-amadeo-barbosa\/\" \/>\n<meta property=\"og:site_name\" content=\"Agazeta.net\" \/>\n<meta property=\"article:published_time\" content=\"2016-08-01T14:49:39+00:00\" \/>\n<meta property=\"og:image\" content=\"https:\/\/nk7-testes.com.br\/agazeta\/wp-content\/uploads\/2016\/08\/010816-cotidiano-incendio-cleriston.jpg\" \/>\n\t<meta property=\"og:image:width\" content=\"458\" \/>\n\t<meta property=\"og:image:height\" content=\"340\" \/>\n\t<meta property=\"og:image:type\" content=\"image\/jpeg\" \/>\n<meta name=\"author\" content=\"Agazeta.Net\" \/>\n<meta name=\"twitter:card\" content=\"summary_large_image\" \/>\n<meta name=\"twitter:label1\" content=\"Escrito por\" \/>\n\t<meta name=\"twitter:data1\" content=\"Agazeta.Net\" \/>\n\t<meta name=\"twitter:label2\" content=\"Est. tempo de leitura\" \/>\n\t<meta name=\"twitter:data2\" content=\"1 minuto\" \/>\n<script type=\"application\/ld+json\" class=\"yoast-schema-graph\">{\"@context\":\"https:\/\/schema.org\",\"@graph\":[{\"@type\":\"WebPage\",\"@id\":\"https:\/\/nk7-testes.com.br\/agazeta\/fogo-em-vegetacao-na-avenida-amadeo-barbosa\/\",\"url\":\"https:\/\/nk7-testes.com.br\/agazeta\/fogo-em-vegetacao-na-avenida-amadeo-barbosa\/\",\"name\":\"Fogo em vegeta\u00e7\u00e3o na Avenida Amadeo Barbosa - Agazeta.net\",\"isPartOf\":{\"@id\":\"https:\/\/nk7-testes.com.br\/agazeta\/#website\"},\"primaryImageOfPage\":{\"@id\":\"https:\/\/nk7-testes.com.br\/agazeta\/fogo-em-vegetacao-na-avenida-amadeo-barbosa\/#primaryimage\"},\"image\":{\"@id\":\"https:\/\/nk7-testes.com.br\/agazeta\/fogo-em-vegetacao-na-avenida-amadeo-barbosa\/#primaryimage\"},\"thumbnailUrl\":\"https:\/\/nk7-testes.com.br\/agazeta\/wp-content\/uploads\/2016\/08\/010816-cotidiano-incendio-cleriston.jpg\",\"datePublished\":\"2016-08-01T14:49:39+00:00\",\"author\":{\"@id\":\"https:\/\/nk7-testes.com.br\/agazeta\/#\/schema\/person\/6d6e25cb0435eb4a02fd44d30b4e3020\"},\"breadcrumb\":{\"@id\":\"https:\/\/nk7-testes.com.br\/agazeta\/fogo-em-vegetacao-na-avenida-amadeo-barbosa\/#breadcrumb\"},\"inLanguage\":\"pt-BR\",\"potentialAction\":[{\"@type\":\"ReadAction\",\"target\":[\"https:\/\/nk7-testes.com.br\/agazeta\/fogo-em-vegetacao-na-avenida-amadeo-barbosa\/\"]}]},{\"@type\":\"ImageObject\",\"inLanguage\":\"pt-BR\",\"@id\":\"https:\/\/nk7-testes.com.br\/agazeta\/fogo-em-vegetacao-na-avenida-amadeo-barbosa\/#primaryimage\",\"url\":\"https:\/\/nk7-testes.com.br\/agazeta\/wp-content\/uploads\/2016\/08\/010816-cotidiano-incendio-cleriston.jpg\",\"contentUrl\":\"https:\/\/nk7-testes.com.br\/agazeta\/wp-content\/uploads\/2016\/08\/010816-cotidiano-incendio-cleriston.jpg\",\"width\":458,\"height\":340,\"caption\":\"010816-cotidiano-incendio-cleriston\"},{\"@type\":\"BreadcrumbList\",\"@id\":\"https:\/\/nk7-testes.com.br\/agazeta\/fogo-em-vegetacao-na-avenida-amadeo-barbosa\/#breadcrumb\",\"itemListElement\":[{\"@type\":\"ListItem\",\"position\":1,\"name\":\"In\u00edcio\",\"item\":\"https:\/\/nk7-testes.com.br\/agazeta\/\"},{\"@type\":\"ListItem\",\"position\":2,\"name\":\"Fogo em vegeta\u00e7\u00e3o na Avenida Amadeo Barbosa\"}]},{\"@type\":\"WebSite\",\"@id\":\"https:\/\/nk7-testes.com.br\/agazeta\/#website\",\"url\":\"https:\/\/nk7-testes.com.br\/agazeta\/\",\"name\":\"Agazeta.net\",\"description\":\"Agazeta.net - Not\u00edcias de Rio Branco\/AC\",\"potentialAction\":[{\"@type\":\"SearchAction\",\"target\":{\"@type\":\"EntryPoint\",\"urlTemplate\":\"https:\/\/nk7-testes.com.br\/agazeta\/?s={search_term_string}\"},\"query-input\":{\"@type\":\"PropertyValueSpecification\",\"valueRequired\":true,\"valueName\":\"search_term_string\"}}],\"inLanguage\":\"pt-BR\"},{\"@type\":\"Person\",\"@id\":\"https:\/\/nk7-testes.com.br\/agazeta\/#\/schema\/person\/6d6e25cb0435eb4a02fd44d30b4e3020\",\"name\":\"Agazeta.Net\",\"url\":\"https:\/\/nk7-testes.com.br\/agazeta\/author\/agazeta\/\"}]}<\/script>\n<!-- \/ Yoast SEO plugin. -->","yoast_head_json":{"title":"Fogo em vegeta\u00e7\u00e3o na Avenida Amadeo Barbosa - Agazeta.net","robots":{"index":"index","follow":"follow","max-snippet":"max-snippet:-1","max-image-preview":"max-image-preview:large","max-video-preview":"max-video-preview:-1"},"canonical":"https:\/\/nk7-testes.com.br\/agazeta\/fogo-em-vegetacao-na-avenida-amadeo-barbosa\/","og_locale":"pt_BR","og_type":"article","og_title":"Fogo em vegeta\u00e7\u00e3o na Avenida Amadeo Barbosa - Agazeta.net","og_description":"Trabalho parecia imposs\u00edvel: chamas intensas","og_url":"https:\/\/nk7-testes.com.br\/agazeta\/fogo-em-vegetacao-na-avenida-amadeo-barbosa\/","og_site_name":"Agazeta.net","article_published_time":"2016-08-01T14:49:39+00:00","og_image":[{"width":458,"height":340,"url":"https:\/\/nk7-testes.com.br\/agazeta\/wp-content\/uploads\/2016\/08\/010816-cotidiano-incendio-cleriston.jpg","type":"image\/jpeg"}],"author":"Agazeta.Net","twitter_card":"summary_large_image","twitter_misc":{"Escrito por":"Agazeta.Net","Est. tempo de leitura":"1 minuto"},"schema":{"@context":"https:\/\/schema.org","@graph":[{"@type":"WebPage","@id":"https:\/\/nk7-testes.com.br\/agazeta\/fogo-em-vegetacao-na-avenida-amadeo-barbosa\/","url":"https:\/\/nk7-testes.com.br\/agazeta\/fogo-em-vegetacao-na-avenida-amadeo-barbosa\/","name":"Fogo em vegeta\u00e7\u00e3o na Avenida Amadeo Barbosa - Agazeta.net","isPartOf":{"@id":"https:\/\/nk7-testes.com.br\/agazeta\/#website"},"primaryImageOfPage":{"@id":"https:\/\/nk7-testes.com.br\/agazeta\/fogo-em-vegetacao-na-avenida-amadeo-barbosa\/#primaryimage"},"image":{"@id":"https:\/\/nk7-testes.com.br\/agazeta\/fogo-em-vegetacao-na-avenida-amadeo-barbosa\/#primaryimage"},"thumbnailUrl":"https:\/\/nk7-testes.com.br\/agazeta\/wp-content\/uploads\/2016\/08\/010816-cotidiano-incendio-cleriston.jpg","datePublished":"2016-08-01T14:49:39+00:00","author":{"@id":"https:\/\/nk7-testes.com.br\/agazeta\/#\/schema\/person\/6d6e25cb0435eb4a02fd44d30b4e3020"},"breadcrumb":{"@id":"https:\/\/nk7-testes.com.br\/agazeta\/fogo-em-vegetacao-na-avenida-amadeo-barbosa\/#breadcrumb"},"inLanguage":"pt-BR","potentialAction":[{"@type":"ReadAction","target":["https:\/\/nk7-testes.com.br\/agazeta\/fogo-em-vegetacao-na-avenida-amadeo-barbosa\/"]}]},{"@type":"ImageObject","inLanguage":"pt-BR","@id":"https:\/\/nk7-testes.com.br\/agazeta\/fogo-em-vegetacao-na-avenida-amadeo-barbosa\/#primaryimage","url":"https:\/\/nk7-testes.com.br\/agazeta\/wp-content\/uploads\/2016\/08\/010816-cotidiano-incendio-cleriston.jpg","contentUrl":"https:\/\/nk7-testes.com.br\/agazeta\/wp-content\/uploads\/2016\/08\/010816-cotidiano-incendio-cleriston.jpg","width":458,"height":340,"caption":"010816-cotidiano-incendio-cleriston"},{"@type":"BreadcrumbList","@id":"https:\/\/nk7-testes.com.br\/agazeta\/fogo-em-vegetacao-na-avenida-amadeo-barbosa\/#breadcrumb","itemListElement":[{"@type":"ListItem","position":1,"name":"In\u00edcio","item":"https:\/\/nk7-testes.com.br\/agazeta\/"},{"@type":"ListItem","position":2,"name":"Fogo em vegeta\u00e7\u00e3o na Avenida Amadeo Barbosa"}]},{"@type":"WebSite","@id":"https:\/\/nk7-testes.com.br\/agazeta\/#website","url":"https:\/\/nk7-testes.com.br\/agazeta\/","name":"Agazeta.net","description":"Agazeta.net - Not\u00edcias de Rio Branco\/AC","potentialAction":[{"@type":"SearchAction","target":{"@type":"EntryPoint","urlTemplate":"https:\/\/nk7-testes.com.br\/agazeta\/?s={search_term_string}"},"query-input":{"@type":"PropertyValueSpecification","valueRequired":true,"valueName":"search_term_string"}}],"inLanguage":"pt-BR"},{"@type":"Person","@id":"https:\/\/nk7-testes.com.br\/agazeta\/#\/schema\/person\/6d6e25cb0435eb4a02fd44d30b4e3020","name":"Agazeta.Net","url":"https:\/\/nk7-testes.com.br\/agazeta\/author\/agazeta\/"}]}},"_links":{"self":[{"href":"https:\/\/nk7-testes.com.br\/agazeta\/wp-json\/wp\/v2\/posts\/24240","targetHints":{"allow":["GET"]}}],"collection":[{"href":"https:\/\/nk7-testes.com.br\/agazeta\/wp-json\/wp\/v2\/posts"}],"about":[{"href":"https:\/\/nk7-testes.com.br\/agazeta\/wp-json\/wp\/v2\/types\/post"}],"author":[{"embeddable":true,"href":"https:\/\/nk7-testes.com.br\/agazeta\/wp-json\/wp\/v2\/users\/4"}],"replies":[{"embeddable":true,"href":"https:\/\/nk7-testes.com.br\/agazeta\/wp-json\/wp\/v2\/comments?post=24240"}],"version-history":[{"count":0,"href":"https:\/\/nk7-testes.com.br\/agazeta\/wp-json\/wp\/v2\/posts\/24240\/revisions"}],"wp:featuredmedia":[{"embeddable":true,"href":"https:\/\/nk7-testes.com.br\/agazeta\/wp-json\/wp\/v2\/media\/24239"}],"wp:attachment":[{"href":"https:\/\/nk7-testes.com.br\/agazeta\/wp-json\/wp\/v2\/media?parent=24240"}],"wp:term":[{"taxonomy":"category","embeddable":true,"href":"https:\/\/nk7-testes.com.br\/agazeta\/wp-json\/wp\/v2\/categories?post=24240"},{"taxonomy":"post_tag","embeddable":true,"href":"https:\/\/nk7-testes.com.br\/agazeta\/wp-json\/wp\/v2\/tags?post=24240"}],"curies":[{"name":"wp","href":"https:\/\/api.w.org\/{rel}","templated":true}]}}