{"id":24224,"date":"2016-07-29T18:06:49","date_gmt":"2016-07-29T18:06:49","guid":{"rendered":"https:\/\/abarevegan.com.br\/index.php\/2016\/07\/29\/acidente-entre-duas-motos-deixa-vitima-fatal\/"},"modified":"2016-07-29T18:06:49","modified_gmt":"2016-07-29T18:06:49","slug":"acidente-entre-duas-motos-deixa-vitima-fatal","status":"publish","type":"post","link":"https:\/\/nk7-testes.com.br\/agazeta\/acidente-entre-duas-motos-deixa-vitima-fatal\/","title":{"rendered":"Acidente entre duas motos: v\u00edtima fatal no Ramal Boa \u00c1gua"},"content":{"rendered":"<p style=\"text-align: justify;\">Agricultor teve morte instant\u00e2nea ao cair em bueiro<\/p>\n<p style=\"text-align: justify;\">O acidente aconteceu no ramal Boa \u00c1gua, localizado na Estrada do Quixad\u00e1, na manh\u00e3 desta sexta feira (29). Segundo informa\u00e7\u00f5es de testemunhas, duas motos teriam se chocado frontalmente.<\/p>\n<p style=\"text-align: justify;\">Uma das motos teria desviado de buracos que existem na pista vindo a bater na outra moto. Os dois motoqueiros perderam o controle. Am\u00e9rico Monteiro Alves, 57, morreu na hora.<\/p>\n<p style=\"text-align: justify;\">A vitima, ao perder o controle do ve\u00edculo, se jogou contra um bueiro. N\u00e3o resistiu aos ferimentos.<\/p>\n<p style=\"text-align: justify;\">O outro condutor (que n\u00e3o teve o nome divulgado) foi socorrido pelo Samu e levado ao Pronto Socorro de Rio Branco com v\u00e1rias escoria\u00e7\u00f5es pelo corpo.<\/p>\n<p style=\"text-align: justify;\">A fam\u00edlia da v\u00edtima contou que o ele tem uma col\u00f4nia no ramal Boa \u00c1gua e estava vindo para Rio Branco para uma consulta no m\u00e9dico.<\/p>\n","protected":false},"excerpt":{"rendered":"<p style=\"text-align: justify;\">Agricultor teve morte instant\u00e2nea ao cair em bueiro<\/p>\n","protected":false},"author":4,"featured_media":24223,"comment_status":"open","ping_status":"open","sticky":false,"template":"","format":"standard","meta":{"jnews-multi-image_gallery":[],"jnews_single_post":[],"jnews_primary_category":[],"jnews_social_meta":[],"jnews_review":[],"enable_review":"","type":"","name":"","summary":"","brand":"","sku":"","good":[],"bad":[],"score_override":"","override_value":"","rating":[],"price":[],"footnotes":""},"categories":[44],"tags":[],"class_list":["post-24224","post","type-post","status-publish","format-standard","has-post-thumbnail","hentry","category-policia"],"yoast_head":"<!-- This site is optimized with the Yoast SEO plugin v26.5 - https:\/\/yoast.com\/wordpress\/plugins\/seo\/ -->\n<title>Acidente entre duas motos: v\u00edtima fatal no Ramal Boa \u00c1gua - Agazeta.net<\/title>\n<meta name=\"robots\" content=\"index, follow, max-snippet:-1, max-image-preview:large, max-video-preview:-1\" \/>\n<link rel=\"canonical\" href=\"https:\/\/nk7-testes.com.br\/agazeta\/acidente-entre-duas-motos-deixa-vitima-fatal\/\" \/>\n<meta property=\"og:locale\" content=\"pt_BR\" \/>\n<meta property=\"og:type\" content=\"article\" \/>\n<meta property=\"og:title\" content=\"Acidente entre duas motos: v\u00edtima fatal no Ramal Boa \u00c1gua - Agazeta.net\" \/>\n<meta property=\"og:description\" content=\"Agricultor teve morte instant\u00e2nea ao cair em bueiro\" \/>\n<meta property=\"og:url\" content=\"https:\/\/nk7-testes.com.br\/agazeta\/acidente-entre-duas-motos-deixa-vitima-fatal\/\" \/>\n<meta property=\"og:site_name\" content=\"Agazeta.net\" \/>\n<meta property=\"article:published_time\" content=\"2016-07-29T18:06:49+00:00\" \/>\n<meta property=\"og:image\" content=\"https:\/\/nk7-testes.com.br\/agazeta\/wp-content\/uploads\/2016\/07\/290716-policia-acidente-cleriston.jpg\" \/>\n\t<meta property=\"og:image:width\" content=\"458\" \/>\n\t<meta property=\"og:image:height\" content=\"340\" \/>\n\t<meta property=\"og:image:type\" content=\"image\/jpeg\" \/>\n<meta name=\"author\" content=\"Agazeta.Net\" \/>\n<meta name=\"twitter:card\" content=\"summary_large_image\" \/>\n<meta name=\"twitter:label1\" content=\"Escrito por\" \/>\n\t<meta name=\"twitter:data1\" content=\"Agazeta.Net\" \/>\n\t<meta name=\"twitter:label2\" content=\"Est. tempo de leitura\" \/>\n\t<meta name=\"twitter:data2\" content=\"1 minuto\" \/>\n<script type=\"application\/ld+json\" class=\"yoast-schema-graph\">{\"@context\":\"https:\/\/schema.org\",\"@graph\":[{\"@type\":\"WebPage\",\"@id\":\"https:\/\/nk7-testes.com.br\/agazeta\/acidente-entre-duas-motos-deixa-vitima-fatal\/\",\"url\":\"https:\/\/nk7-testes.com.br\/agazeta\/acidente-entre-duas-motos-deixa-vitima-fatal\/\",\"name\":\"Acidente entre duas motos: v\u00edtima fatal no Ramal Boa \u00c1gua - Agazeta.net\",\"isPartOf\":{\"@id\":\"https:\/\/nk7-testes.com.br\/agazeta\/#website\"},\"primaryImageOfPage\":{\"@id\":\"https:\/\/nk7-testes.com.br\/agazeta\/acidente-entre-duas-motos-deixa-vitima-fatal\/#primaryimage\"},\"image\":{\"@id\":\"https:\/\/nk7-testes.com.br\/agazeta\/acidente-entre-duas-motos-deixa-vitima-fatal\/#primaryimage\"},\"thumbnailUrl\":\"https:\/\/nk7-testes.com.br\/agazeta\/wp-content\/uploads\/2016\/07\/290716-policia-acidente-cleriston.jpg\",\"datePublished\":\"2016-07-29T18:06:49+00:00\",\"author\":{\"@id\":\"https:\/\/nk7-testes.com.br\/agazeta\/#\/schema\/person\/6d6e25cb0435eb4a02fd44d30b4e3020\"},\"breadcrumb\":{\"@id\":\"https:\/\/nk7-testes.com.br\/agazeta\/acidente-entre-duas-motos-deixa-vitima-fatal\/#breadcrumb\"},\"inLanguage\":\"pt-BR\",\"potentialAction\":[{\"@type\":\"ReadAction\",\"target\":[\"https:\/\/nk7-testes.com.br\/agazeta\/acidente-entre-duas-motos-deixa-vitima-fatal\/\"]}]},{\"@type\":\"ImageObject\",\"inLanguage\":\"pt-BR\",\"@id\":\"https:\/\/nk7-testes.com.br\/agazeta\/acidente-entre-duas-motos-deixa-vitima-fatal\/#primaryimage\",\"url\":\"https:\/\/nk7-testes.com.br\/agazeta\/wp-content\/uploads\/2016\/07\/290716-policia-acidente-cleriston.jpg\",\"contentUrl\":\"https:\/\/nk7-testes.com.br\/agazeta\/wp-content\/uploads\/2016\/07\/290716-policia-acidente-cleriston.jpg\",\"width\":458,\"height\":340,\"caption\":\"290716-policia-acidente-cleriston\"},{\"@type\":\"BreadcrumbList\",\"@id\":\"https:\/\/nk7-testes.com.br\/agazeta\/acidente-entre-duas-motos-deixa-vitima-fatal\/#breadcrumb\",\"itemListElement\":[{\"@type\":\"ListItem\",\"position\":1,\"name\":\"In\u00edcio\",\"item\":\"https:\/\/nk7-testes.com.br\/agazeta\/\"},{\"@type\":\"ListItem\",\"position\":2,\"name\":\"Acidente entre duas motos: v\u00edtima fatal no Ramal Boa \u00c1gua\"}]},{\"@type\":\"WebSite\",\"@id\":\"https:\/\/nk7-testes.com.br\/agazeta\/#website\",\"url\":\"https:\/\/nk7-testes.com.br\/agazeta\/\",\"name\":\"Agazeta.net\",\"description\":\"Agazeta.net - Not\u00edcias de Rio Branco\/AC\",\"potentialAction\":[{\"@type\":\"SearchAction\",\"target\":{\"@type\":\"EntryPoint\",\"urlTemplate\":\"https:\/\/nk7-testes.com.br\/agazeta\/?s={search_term_string}\"},\"query-input\":{\"@type\":\"PropertyValueSpecification\",\"valueRequired\":true,\"valueName\":\"search_term_string\"}}],\"inLanguage\":\"pt-BR\"},{\"@type\":\"Person\",\"@id\":\"https:\/\/nk7-testes.com.br\/agazeta\/#\/schema\/person\/6d6e25cb0435eb4a02fd44d30b4e3020\",\"name\":\"Agazeta.Net\",\"url\":\"https:\/\/nk7-testes.com.br\/agazeta\/author\/agazeta\/\"}]}<\/script>\n<!-- \/ Yoast SEO plugin. -->","yoast_head_json":{"title":"Acidente entre duas motos: v\u00edtima fatal no Ramal Boa \u00c1gua - Agazeta.net","robots":{"index":"index","follow":"follow","max-snippet":"max-snippet:-1","max-image-preview":"max-image-preview:large","max-video-preview":"max-video-preview:-1"},"canonical":"https:\/\/nk7-testes.com.br\/agazeta\/acidente-entre-duas-motos-deixa-vitima-fatal\/","og_locale":"pt_BR","og_type":"article","og_title":"Acidente entre duas motos: v\u00edtima fatal no Ramal Boa \u00c1gua - Agazeta.net","og_description":"Agricultor teve morte instant\u00e2nea ao cair em bueiro","og_url":"https:\/\/nk7-testes.com.br\/agazeta\/acidente-entre-duas-motos-deixa-vitima-fatal\/","og_site_name":"Agazeta.net","article_published_time":"2016-07-29T18:06:49+00:00","og_image":[{"width":458,"height":340,"url":"https:\/\/nk7-testes.com.br\/agazeta\/wp-content\/uploads\/2016\/07\/290716-policia-acidente-cleriston.jpg","type":"image\/jpeg"}],"author":"Agazeta.Net","twitter_card":"summary_large_image","twitter_misc":{"Escrito por":"Agazeta.Net","Est. tempo de leitura":"1 minuto"},"schema":{"@context":"https:\/\/schema.org","@graph":[{"@type":"WebPage","@id":"https:\/\/nk7-testes.com.br\/agazeta\/acidente-entre-duas-motos-deixa-vitima-fatal\/","url":"https:\/\/nk7-testes.com.br\/agazeta\/acidente-entre-duas-motos-deixa-vitima-fatal\/","name":"Acidente entre duas motos: v\u00edtima fatal no Ramal Boa \u00c1gua - Agazeta.net","isPartOf":{"@id":"https:\/\/nk7-testes.com.br\/agazeta\/#website"},"primaryImageOfPage":{"@id":"https:\/\/nk7-testes.com.br\/agazeta\/acidente-entre-duas-motos-deixa-vitima-fatal\/#primaryimage"},"image":{"@id":"https:\/\/nk7-testes.com.br\/agazeta\/acidente-entre-duas-motos-deixa-vitima-fatal\/#primaryimage"},"thumbnailUrl":"https:\/\/nk7-testes.com.br\/agazeta\/wp-content\/uploads\/2016\/07\/290716-policia-acidente-cleriston.jpg","datePublished":"2016-07-29T18:06:49+00:00","author":{"@id":"https:\/\/nk7-testes.com.br\/agazeta\/#\/schema\/person\/6d6e25cb0435eb4a02fd44d30b4e3020"},"breadcrumb":{"@id":"https:\/\/nk7-testes.com.br\/agazeta\/acidente-entre-duas-motos-deixa-vitima-fatal\/#breadcrumb"},"inLanguage":"pt-BR","potentialAction":[{"@type":"ReadAction","target":["https:\/\/nk7-testes.com.br\/agazeta\/acidente-entre-duas-motos-deixa-vitima-fatal\/"]}]},{"@type":"ImageObject","inLanguage":"pt-BR","@id":"https:\/\/nk7-testes.com.br\/agazeta\/acidente-entre-duas-motos-deixa-vitima-fatal\/#primaryimage","url":"https:\/\/nk7-testes.com.br\/agazeta\/wp-content\/uploads\/2016\/07\/290716-policia-acidente-cleriston.jpg","contentUrl":"https:\/\/nk7-testes.com.br\/agazeta\/wp-content\/uploads\/2016\/07\/290716-policia-acidente-cleriston.jpg","width":458,"height":340,"caption":"290716-policia-acidente-cleriston"},{"@type":"BreadcrumbList","@id":"https:\/\/nk7-testes.com.br\/agazeta\/acidente-entre-duas-motos-deixa-vitima-fatal\/#breadcrumb","itemListElement":[{"@type":"ListItem","position":1,"name":"In\u00edcio","item":"https:\/\/nk7-testes.com.br\/agazeta\/"},{"@type":"ListItem","position":2,"name":"Acidente entre duas motos: v\u00edtima fatal no Ramal Boa \u00c1gua"}]},{"@type":"WebSite","@id":"https:\/\/nk7-testes.com.br\/agazeta\/#website","url":"https:\/\/nk7-testes.com.br\/agazeta\/","name":"Agazeta.net","description":"Agazeta.net - Not\u00edcias de Rio Branco\/AC","potentialAction":[{"@type":"SearchAction","target":{"@type":"EntryPoint","urlTemplate":"https:\/\/nk7-testes.com.br\/agazeta\/?s={search_term_string}"},"query-input":{"@type":"PropertyValueSpecification","valueRequired":true,"valueName":"search_term_string"}}],"inLanguage":"pt-BR"},{"@type":"Person","@id":"https:\/\/nk7-testes.com.br\/agazeta\/#\/schema\/person\/6d6e25cb0435eb4a02fd44d30b4e3020","name":"Agazeta.Net","url":"https:\/\/nk7-testes.com.br\/agazeta\/author\/agazeta\/"}]}},"_links":{"self":[{"href":"https:\/\/nk7-testes.com.br\/agazeta\/wp-json\/wp\/v2\/posts\/24224","targetHints":{"allow":["GET"]}}],"collection":[{"href":"https:\/\/nk7-testes.com.br\/agazeta\/wp-json\/wp\/v2\/posts"}],"about":[{"href":"https:\/\/nk7-testes.com.br\/agazeta\/wp-json\/wp\/v2\/types\/post"}],"author":[{"embeddable":true,"href":"https:\/\/nk7-testes.com.br\/agazeta\/wp-json\/wp\/v2\/users\/4"}],"replies":[{"embeddable":true,"href":"https:\/\/nk7-testes.com.br\/agazeta\/wp-json\/wp\/v2\/comments?post=24224"}],"version-history":[{"count":0,"href":"https:\/\/nk7-testes.com.br\/agazeta\/wp-json\/wp\/v2\/posts\/24224\/revisions"}],"wp:featuredmedia":[{"embeddable":true,"href":"https:\/\/nk7-testes.com.br\/agazeta\/wp-json\/wp\/v2\/media\/24223"}],"wp:attachment":[{"href":"https:\/\/nk7-testes.com.br\/agazeta\/wp-json\/wp\/v2\/media?parent=24224"}],"wp:term":[{"taxonomy":"category","embeddable":true,"href":"https:\/\/nk7-testes.com.br\/agazeta\/wp-json\/wp\/v2\/categories?post=24224"},{"taxonomy":"post_tag","embeddable":true,"href":"https:\/\/nk7-testes.com.br\/agazeta\/wp-json\/wp\/v2\/tags?post=24224"}],"curies":[{"name":"wp","href":"https:\/\/api.w.org\/{rel}","templated":true}]}}