{"id":24208,"date":"2016-07-28T22:31:19","date_gmt":"2016-07-28T22:31:19","guid":{"rendered":"https:\/\/abarevegan.com.br\/index.php\/2016\/07\/28\/reducao-de-icms-nao-trouxe-efeito-desejado-para-produtores\/"},"modified":"2016-07-28T22:31:19","modified_gmt":"2016-07-28T22:31:19","slug":"reducao-de-icms-nao-trouxe-efeito-desejado-para-produtores","status":"publish","type":"post","link":"https:\/\/nk7-testes.com.br\/agazeta\/reducao-de-icms-nao-trouxe-efeito-desejado-para-produtores\/","title":{"rendered":"Redu\u00e7\u00e3o de ICMS n\u00e3o trouxe efeito desejado para produtores"},"content":{"rendered":"<p style=\"text-align: justify;\">Impacto nem no pre\u00e7o e nem no pasto<\/p>\n<p style=\"text-align: justify;\">A medida do Governo do Estado de redu\u00e7\u00e3o da pauta da carne para melhorar o fluxo de com\u00e9rcio com Rond\u00f4nia e Amazonas n\u00e3o teve o efeito desejado no Acre. Nos a\u00e7ougues locais, j\u00e1 era esperada a falta de impacto uma vez que a medida restringe-se na rela\u00e7\u00e3o entre produtores e com\u00e9rcio externo.<\/p>\n<p style=\"text-align: justify;\">Os pecuaristas contam que os produtores de Rond\u00f4nia tamb\u00e9m est\u00e3o com os mesmos problemas daqui: excesso de boi no pasto e ver\u00e3o forte. \u201cA redu\u00e7\u00e3o do ICMS que o governo fez agora foi boa, mas deveria ter sido feita h\u00e1 pelos menos quatro meses porque n\u00f3s ter\u00edamos um mercado comprador de boi em Rond\u00f4nia nessa \u00e9poca. Hoje, Rond\u00f4nia est\u00e1 entupida de boi\u201d, pontuou o pecuarista Dirceu Zamora.<\/p>\n<p style=\"text-align: justify;\">O n\u00famero mais t\u00edmido exp\u00f5e que entre 20 a 30 mil bois est\u00e3o prontos para o abate no Acre. Com a intensidade do ver\u00e3o aumentando, a tend\u00eancia \u00e9 que os custos de produ\u00e7\u00e3o aumentem. Por isso, a necessidade de escoar a produ\u00e7\u00e3o.<\/p>\n<p style=\"text-align: justify;\">O produtor de carne do Acre n\u00e3o est\u00e1 tendo para quem vender. A situa\u00e7\u00e3o fica mais grave quando a escala nos frigor\u00edficos est\u00e1 girando em torno de 20 a 30 dias. Isso quer dizer o tempo que o produtor levar do abate at\u00e9 o recebimento pela carne comercializada. \u00c9 muito tempo.<\/p>\n<p style=\"text-align: justify;\">Pecuaristas como Dirceu Zamora t\u00eam estrutura para se preparar para per\u00edodos de seca. O pasto recebe investimentos milimetricamente calculados, o que aumenta a capacidade de suporte. Mas, a maior parte dos produtores do Acre est\u00e1 longe da rotina dos Zamora.<\/p>\n<p style=\"text-align: justify;\"><strong>Agenda de ministro acaba expondo cen\u00e1rio de crise interna<\/strong><\/p>\n<p style=\"text-align: justify;\">O ministro da Agricultura, Blairo Maggi, realizou nesta semana uma agenda para tentar efetivar com\u00e9rcio de carne in natura com os Estados Unidos.<\/p>\n<p style=\"text-align: justify;\">De acordo com a ag\u00eancia de not\u00edcias Estad\u00e3o Conte\u00fado, a miss\u00e3o comercial liderada por Maggi deve resultar em um acordo sanit\u00e1rio que j\u00e1 vinha sendo negociado em governos anteriores.<\/p>\n<p style=\"text-align: justify;\">Viabilizar o com\u00e9rcio com o mercado norte-americano daria vaz\u00e3o aos estados que produzem carne em grande escala, como Mato Grosso do Sul, Mato Grosso, Rio Grande do Sul. O Acre n\u00e3o entra nesse seleto grupo, mas acaba sentindo os impactos porque frigor\u00edficos de Rond\u00f4nia aumentariam naturalmente a demanda pela carne acriana, o que n\u00e3o ocorre no momento.<\/p>\n","protected":false},"excerpt":{"rendered":"<p style=\"text-align: justify;\">Impacto nem no pre\u00e7o e nem no pasto<\/p>\n","protected":false},"author":4,"featured_media":24207,"comment_status":"open","ping_status":"open","sticky":false,"template":"","format":"standard","meta":{"jnews-multi-image_gallery":[],"jnews_single_post":[],"jnews_primary_category":[],"jnews_social_meta":[],"jnews_review":[],"enable_review":"","type":"","name":"","summary":"","brand":"","sku":"","good":[],"bad":[],"score_override":"","override_value":"","rating":[],"price":[],"footnotes":""},"categories":[54],"tags":[],"class_list":["post-24208","post","type-post","status-publish","format-standard","has-post-thumbnail","hentry","category-cotidiano"],"yoast_head":"<!-- This site is optimized with the Yoast SEO plugin v26.5 - https:\/\/yoast.com\/wordpress\/plugins\/seo\/ -->\n<title>Redu\u00e7\u00e3o de ICMS n\u00e3o trouxe efeito desejado para produtores - Agazeta.net<\/title>\n<meta name=\"robots\" content=\"index, follow, max-snippet:-1, max-image-preview:large, max-video-preview:-1\" \/>\n<link rel=\"canonical\" href=\"https:\/\/nk7-testes.com.br\/agazeta\/reducao-de-icms-nao-trouxe-efeito-desejado-para-produtores\/\" \/>\n<meta property=\"og:locale\" content=\"pt_BR\" \/>\n<meta property=\"og:type\" content=\"article\" \/>\n<meta property=\"og:title\" content=\"Redu\u00e7\u00e3o de ICMS n\u00e3o trouxe efeito desejado para produtores - Agazeta.net\" \/>\n<meta property=\"og:description\" content=\"Impacto nem no pre\u00e7o e nem no pasto\" \/>\n<meta property=\"og:url\" content=\"https:\/\/nk7-testes.com.br\/agazeta\/reducao-de-icms-nao-trouxe-efeito-desejado-para-produtores\/\" \/>\n<meta property=\"og:site_name\" content=\"Agazeta.net\" \/>\n<meta property=\"article:published_time\" content=\"2016-07-28T22:31:19+00:00\" \/>\n<meta property=\"og:image\" content=\"https:\/\/nk7-testes.com.br\/agazeta\/wp-content\/uploads\/2016\/07\/280716-cotidiano-carneacougue-tvgazeta.jpg\" \/>\n\t<meta property=\"og:image:width\" content=\"458\" \/>\n\t<meta property=\"og:image:height\" content=\"340\" \/>\n\t<meta property=\"og:image:type\" content=\"image\/jpeg\" \/>\n<meta name=\"author\" content=\"Agazeta.Net\" \/>\n<meta name=\"twitter:card\" content=\"summary_large_image\" \/>\n<meta name=\"twitter:label1\" content=\"Escrito por\" \/>\n\t<meta name=\"twitter:data1\" content=\"Agazeta.Net\" \/>\n\t<meta name=\"twitter:label2\" content=\"Est. tempo de leitura\" \/>\n\t<meta name=\"twitter:data2\" content=\"2 minutos\" \/>\n<script type=\"application\/ld+json\" class=\"yoast-schema-graph\">{\"@context\":\"https:\/\/schema.org\",\"@graph\":[{\"@type\":\"WebPage\",\"@id\":\"https:\/\/nk7-testes.com.br\/agazeta\/reducao-de-icms-nao-trouxe-efeito-desejado-para-produtores\/\",\"url\":\"https:\/\/nk7-testes.com.br\/agazeta\/reducao-de-icms-nao-trouxe-efeito-desejado-para-produtores\/\",\"name\":\"Redu\u00e7\u00e3o de ICMS n\u00e3o trouxe efeito desejado para produtores - Agazeta.net\",\"isPartOf\":{\"@id\":\"https:\/\/nk7-testes.com.br\/agazeta\/#website\"},\"primaryImageOfPage\":{\"@id\":\"https:\/\/nk7-testes.com.br\/agazeta\/reducao-de-icms-nao-trouxe-efeito-desejado-para-produtores\/#primaryimage\"},\"image\":{\"@id\":\"https:\/\/nk7-testes.com.br\/agazeta\/reducao-de-icms-nao-trouxe-efeito-desejado-para-produtores\/#primaryimage\"},\"thumbnailUrl\":\"https:\/\/nk7-testes.com.br\/agazeta\/wp-content\/uploads\/2016\/07\/280716-cotidiano-carneacougue-tvgazeta.jpg\",\"datePublished\":\"2016-07-28T22:31:19+00:00\",\"author\":{\"@id\":\"https:\/\/nk7-testes.com.br\/agazeta\/#\/schema\/person\/6d6e25cb0435eb4a02fd44d30b4e3020\"},\"breadcrumb\":{\"@id\":\"https:\/\/nk7-testes.com.br\/agazeta\/reducao-de-icms-nao-trouxe-efeito-desejado-para-produtores\/#breadcrumb\"},\"inLanguage\":\"pt-BR\",\"potentialAction\":[{\"@type\":\"ReadAction\",\"target\":[\"https:\/\/nk7-testes.com.br\/agazeta\/reducao-de-icms-nao-trouxe-efeito-desejado-para-produtores\/\"]}]},{\"@type\":\"ImageObject\",\"inLanguage\":\"pt-BR\",\"@id\":\"https:\/\/nk7-testes.com.br\/agazeta\/reducao-de-icms-nao-trouxe-efeito-desejado-para-produtores\/#primaryimage\",\"url\":\"https:\/\/nk7-testes.com.br\/agazeta\/wp-content\/uploads\/2016\/07\/280716-cotidiano-carneacougue-tvgazeta.jpg\",\"contentUrl\":\"https:\/\/nk7-testes.com.br\/agazeta\/wp-content\/uploads\/2016\/07\/280716-cotidiano-carneacougue-tvgazeta.jpg\",\"width\":458,\"height\":340,\"caption\":\"280716-cotidiano-carneacougue-tvgazeta\"},{\"@type\":\"BreadcrumbList\",\"@id\":\"https:\/\/nk7-testes.com.br\/agazeta\/reducao-de-icms-nao-trouxe-efeito-desejado-para-produtores\/#breadcrumb\",\"itemListElement\":[{\"@type\":\"ListItem\",\"position\":1,\"name\":\"In\u00edcio\",\"item\":\"https:\/\/nk7-testes.com.br\/agazeta\/\"},{\"@type\":\"ListItem\",\"position\":2,\"name\":\"Redu\u00e7\u00e3o de ICMS n\u00e3o trouxe efeito desejado para produtores\"}]},{\"@type\":\"WebSite\",\"@id\":\"https:\/\/nk7-testes.com.br\/agazeta\/#website\",\"url\":\"https:\/\/nk7-testes.com.br\/agazeta\/\",\"name\":\"Agazeta.net\",\"description\":\"Agazeta.net - Not\u00edcias de Rio Branco\/AC\",\"potentialAction\":[{\"@type\":\"SearchAction\",\"target\":{\"@type\":\"EntryPoint\",\"urlTemplate\":\"https:\/\/nk7-testes.com.br\/agazeta\/?s={search_term_string}\"},\"query-input\":{\"@type\":\"PropertyValueSpecification\",\"valueRequired\":true,\"valueName\":\"search_term_string\"}}],\"inLanguage\":\"pt-BR\"},{\"@type\":\"Person\",\"@id\":\"https:\/\/nk7-testes.com.br\/agazeta\/#\/schema\/person\/6d6e25cb0435eb4a02fd44d30b4e3020\",\"name\":\"Agazeta.Net\",\"url\":\"https:\/\/nk7-testes.com.br\/agazeta\/author\/agazeta\/\"}]}<\/script>\n<!-- \/ Yoast SEO plugin. -->","yoast_head_json":{"title":"Redu\u00e7\u00e3o de ICMS n\u00e3o trouxe efeito desejado para produtores - Agazeta.net","robots":{"index":"index","follow":"follow","max-snippet":"max-snippet:-1","max-image-preview":"max-image-preview:large","max-video-preview":"max-video-preview:-1"},"canonical":"https:\/\/nk7-testes.com.br\/agazeta\/reducao-de-icms-nao-trouxe-efeito-desejado-para-produtores\/","og_locale":"pt_BR","og_type":"article","og_title":"Redu\u00e7\u00e3o de ICMS n\u00e3o trouxe efeito desejado para produtores - Agazeta.net","og_description":"Impacto nem no pre\u00e7o e nem no pasto","og_url":"https:\/\/nk7-testes.com.br\/agazeta\/reducao-de-icms-nao-trouxe-efeito-desejado-para-produtores\/","og_site_name":"Agazeta.net","article_published_time":"2016-07-28T22:31:19+00:00","og_image":[{"width":458,"height":340,"url":"https:\/\/nk7-testes.com.br\/agazeta\/wp-content\/uploads\/2016\/07\/280716-cotidiano-carneacougue-tvgazeta.jpg","type":"image\/jpeg"}],"author":"Agazeta.Net","twitter_card":"summary_large_image","twitter_misc":{"Escrito por":"Agazeta.Net","Est. tempo de leitura":"2 minutos"},"schema":{"@context":"https:\/\/schema.org","@graph":[{"@type":"WebPage","@id":"https:\/\/nk7-testes.com.br\/agazeta\/reducao-de-icms-nao-trouxe-efeito-desejado-para-produtores\/","url":"https:\/\/nk7-testes.com.br\/agazeta\/reducao-de-icms-nao-trouxe-efeito-desejado-para-produtores\/","name":"Redu\u00e7\u00e3o de ICMS n\u00e3o trouxe efeito desejado para produtores - Agazeta.net","isPartOf":{"@id":"https:\/\/nk7-testes.com.br\/agazeta\/#website"},"primaryImageOfPage":{"@id":"https:\/\/nk7-testes.com.br\/agazeta\/reducao-de-icms-nao-trouxe-efeito-desejado-para-produtores\/#primaryimage"},"image":{"@id":"https:\/\/nk7-testes.com.br\/agazeta\/reducao-de-icms-nao-trouxe-efeito-desejado-para-produtores\/#primaryimage"},"thumbnailUrl":"https:\/\/nk7-testes.com.br\/agazeta\/wp-content\/uploads\/2016\/07\/280716-cotidiano-carneacougue-tvgazeta.jpg","datePublished":"2016-07-28T22:31:19+00:00","author":{"@id":"https:\/\/nk7-testes.com.br\/agazeta\/#\/schema\/person\/6d6e25cb0435eb4a02fd44d30b4e3020"},"breadcrumb":{"@id":"https:\/\/nk7-testes.com.br\/agazeta\/reducao-de-icms-nao-trouxe-efeito-desejado-para-produtores\/#breadcrumb"},"inLanguage":"pt-BR","potentialAction":[{"@type":"ReadAction","target":["https:\/\/nk7-testes.com.br\/agazeta\/reducao-de-icms-nao-trouxe-efeito-desejado-para-produtores\/"]}]},{"@type":"ImageObject","inLanguage":"pt-BR","@id":"https:\/\/nk7-testes.com.br\/agazeta\/reducao-de-icms-nao-trouxe-efeito-desejado-para-produtores\/#primaryimage","url":"https:\/\/nk7-testes.com.br\/agazeta\/wp-content\/uploads\/2016\/07\/280716-cotidiano-carneacougue-tvgazeta.jpg","contentUrl":"https:\/\/nk7-testes.com.br\/agazeta\/wp-content\/uploads\/2016\/07\/280716-cotidiano-carneacougue-tvgazeta.jpg","width":458,"height":340,"caption":"280716-cotidiano-carneacougue-tvgazeta"},{"@type":"BreadcrumbList","@id":"https:\/\/nk7-testes.com.br\/agazeta\/reducao-de-icms-nao-trouxe-efeito-desejado-para-produtores\/#breadcrumb","itemListElement":[{"@type":"ListItem","position":1,"name":"In\u00edcio","item":"https:\/\/nk7-testes.com.br\/agazeta\/"},{"@type":"ListItem","position":2,"name":"Redu\u00e7\u00e3o de ICMS n\u00e3o trouxe efeito desejado para produtores"}]},{"@type":"WebSite","@id":"https:\/\/nk7-testes.com.br\/agazeta\/#website","url":"https:\/\/nk7-testes.com.br\/agazeta\/","name":"Agazeta.net","description":"Agazeta.net - Not\u00edcias de Rio Branco\/AC","potentialAction":[{"@type":"SearchAction","target":{"@type":"EntryPoint","urlTemplate":"https:\/\/nk7-testes.com.br\/agazeta\/?s={search_term_string}"},"query-input":{"@type":"PropertyValueSpecification","valueRequired":true,"valueName":"search_term_string"}}],"inLanguage":"pt-BR"},{"@type":"Person","@id":"https:\/\/nk7-testes.com.br\/agazeta\/#\/schema\/person\/6d6e25cb0435eb4a02fd44d30b4e3020","name":"Agazeta.Net","url":"https:\/\/nk7-testes.com.br\/agazeta\/author\/agazeta\/"}]}},"_links":{"self":[{"href":"https:\/\/nk7-testes.com.br\/agazeta\/wp-json\/wp\/v2\/posts\/24208","targetHints":{"allow":["GET"]}}],"collection":[{"href":"https:\/\/nk7-testes.com.br\/agazeta\/wp-json\/wp\/v2\/posts"}],"about":[{"href":"https:\/\/nk7-testes.com.br\/agazeta\/wp-json\/wp\/v2\/types\/post"}],"author":[{"embeddable":true,"href":"https:\/\/nk7-testes.com.br\/agazeta\/wp-json\/wp\/v2\/users\/4"}],"replies":[{"embeddable":true,"href":"https:\/\/nk7-testes.com.br\/agazeta\/wp-json\/wp\/v2\/comments?post=24208"}],"version-history":[{"count":0,"href":"https:\/\/nk7-testes.com.br\/agazeta\/wp-json\/wp\/v2\/posts\/24208\/revisions"}],"wp:featuredmedia":[{"embeddable":true,"href":"https:\/\/nk7-testes.com.br\/agazeta\/wp-json\/wp\/v2\/media\/24207"}],"wp:attachment":[{"href":"https:\/\/nk7-testes.com.br\/agazeta\/wp-json\/wp\/v2\/media?parent=24208"}],"wp:term":[{"taxonomy":"category","embeddable":true,"href":"https:\/\/nk7-testes.com.br\/agazeta\/wp-json\/wp\/v2\/categories?post=24208"},{"taxonomy":"post_tag","embeddable":true,"href":"https:\/\/nk7-testes.com.br\/agazeta\/wp-json\/wp\/v2\/tags?post=24208"}],"curies":[{"name":"wp","href":"https:\/\/api.w.org\/{rel}","templated":true}]}}