{"id":24199,"date":"2016-07-28T20:07:34","date_gmt":"2016-07-28T20:07:34","guid":{"rendered":"https:\/\/abarevegan.com.br\/index.php\/2016\/07\/28\/moradores-de-vista-alegre-fecham-br-364\/"},"modified":"2016-07-28T20:07:34","modified_gmt":"2016-07-28T20:07:34","slug":"moradores-de-vista-alegre-fecham-br-364","status":"publish","type":"post","link":"https:\/\/nk7-testes.com.br\/agazeta\/moradores-de-vista-alegre-fecham-br-364\/","title":{"rendered":"Moradores de Vista Alegre fecham BR-364"},"content":{"rendered":"<p style=\"text-align: justify;\">Comunidade reclama do fornecimento de energia<\/p>\n<p style=\"text-align: justify;\">Os moradores de Vista Alegre do Abun\u00e3, Rond\u00f4nia, cerca de 32 quil\u00f4metros antes da balsa, fecharam novamente a BR-364 na manh\u00e3 desta quinta-feira (28). Eles j\u00e1 haviam feito o bloqueio da estrada na tarde de ontem.<\/p>\n<p style=\"text-align: justify;\">De acordo com o sargento da PM Clodemir Batista, \u201ca situa\u00e7\u00e3o no local \u00e9 ca\u00f3tica\u201d. Com a BR fechada desde as 10 h da manh\u00e3 de hoje (28), a fila de ve\u00edculos que aguardam a libera\u00e7\u00e3o da estrada j\u00e1 chega a 10 quil\u00f4metros de cada lado do bloqueio.<\/p>\n<p style=\"text-align: justify;\">O sargento explicou que os moradores reclamam de problemas ligados ao fornecimento de energia. A energia no local \u00e9 movida a motor. \u201cEu j\u00e1 expliquei pra eles que a empresa mandou uma equipe pra c\u00e1 que j\u00e1 solucionou o caso e que ela vai ficar aqui mais alguns dias acompanhando para que o problema n\u00e3o se repita\u201d.<\/p>\n<p style=\"text-align: justify;\">Batista disse ainda que o problema se agravou porque no in\u00edcio da tarde os caminhoneiros resolveram fechar outro trecho da BR. \u201cOs moradores estavam deixando passar ambul\u00e2ncia, viatura, carros do governo, mas os caminhoneiros, revoltados porque n\u00e3o conseguiam passar, resolveram fechar tamb\u00e9m a BR. Agora ningu\u00e9m passa\u201d.<\/p>\n","protected":false},"excerpt":{"rendered":"<p style=\"text-align: justify;\">Comunidade reclama do fornecimento de energia<\/p>\n","protected":false},"author":4,"featured_media":24198,"comment_status":"open","ping_status":"open","sticky":false,"template":"","format":"standard","meta":{"jnews-multi-image_gallery":[],"jnews_single_post":[],"jnews_primary_category":[],"jnews_social_meta":[],"jnews_review":[],"enable_review":"","type":"","name":"","summary":"","brand":"","sku":"","good":[],"bad":[],"score_override":"","override_value":"","rating":[],"price":[],"footnotes":""},"categories":[44],"tags":[],"class_list":["post-24199","post","type-post","status-publish","format-standard","has-post-thumbnail","hentry","category-policia"],"yoast_head":"<!-- This site is optimized with the Yoast SEO plugin v26.5 - https:\/\/yoast.com\/wordpress\/plugins\/seo\/ -->\n<title>Moradores de Vista Alegre fecham BR-364 - Agazeta.net<\/title>\n<meta name=\"robots\" content=\"index, follow, max-snippet:-1, max-image-preview:large, max-video-preview:-1\" \/>\n<link rel=\"canonical\" href=\"https:\/\/nk7-testes.com.br\/agazeta\/moradores-de-vista-alegre-fecham-br-364\/\" \/>\n<meta property=\"og:locale\" content=\"pt_BR\" \/>\n<meta property=\"og:type\" content=\"article\" \/>\n<meta property=\"og:title\" content=\"Moradores de Vista Alegre fecham BR-364 - Agazeta.net\" \/>\n<meta property=\"og:description\" content=\"Comunidade reclama do fornecimento de energia\" \/>\n<meta property=\"og:url\" content=\"https:\/\/nk7-testes.com.br\/agazeta\/moradores-de-vista-alegre-fecham-br-364\/\" \/>\n<meta property=\"og:site_name\" content=\"Agazeta.net\" \/>\n<meta property=\"article:published_time\" content=\"2016-07-28T20:07:34+00:00\" \/>\n<meta property=\"og:image\" content=\"https:\/\/nk7-testes.com.br\/agazeta\/wp-content\/uploads\/2016\/07\/280716-policia-prf-cedidaprf.jpg\" \/>\n\t<meta property=\"og:image:width\" content=\"458\" \/>\n\t<meta property=\"og:image:height\" content=\"340\" \/>\n\t<meta property=\"og:image:type\" content=\"image\/jpeg\" \/>\n<meta name=\"author\" content=\"Agazeta.Net\" \/>\n<meta name=\"twitter:card\" content=\"summary_large_image\" \/>\n<meta name=\"twitter:label1\" content=\"Escrito por\" \/>\n\t<meta name=\"twitter:data1\" content=\"Agazeta.Net\" \/>\n\t<meta name=\"twitter:label2\" content=\"Est. tempo de leitura\" \/>\n\t<meta name=\"twitter:data2\" content=\"1 minuto\" \/>\n<script type=\"application\/ld+json\" class=\"yoast-schema-graph\">{\"@context\":\"https:\/\/schema.org\",\"@graph\":[{\"@type\":\"WebPage\",\"@id\":\"https:\/\/nk7-testes.com.br\/agazeta\/moradores-de-vista-alegre-fecham-br-364\/\",\"url\":\"https:\/\/nk7-testes.com.br\/agazeta\/moradores-de-vista-alegre-fecham-br-364\/\",\"name\":\"Moradores de Vista Alegre fecham BR-364 - Agazeta.net\",\"isPartOf\":{\"@id\":\"https:\/\/nk7-testes.com.br\/agazeta\/#website\"},\"primaryImageOfPage\":{\"@id\":\"https:\/\/nk7-testes.com.br\/agazeta\/moradores-de-vista-alegre-fecham-br-364\/#primaryimage\"},\"image\":{\"@id\":\"https:\/\/nk7-testes.com.br\/agazeta\/moradores-de-vista-alegre-fecham-br-364\/#primaryimage\"},\"thumbnailUrl\":\"https:\/\/nk7-testes.com.br\/agazeta\/wp-content\/uploads\/2016\/07\/280716-policia-prf-cedidaprf.jpg\",\"datePublished\":\"2016-07-28T20:07:34+00:00\",\"author\":{\"@id\":\"https:\/\/nk7-testes.com.br\/agazeta\/#\/schema\/person\/6d6e25cb0435eb4a02fd44d30b4e3020\"},\"breadcrumb\":{\"@id\":\"https:\/\/nk7-testes.com.br\/agazeta\/moradores-de-vista-alegre-fecham-br-364\/#breadcrumb\"},\"inLanguage\":\"pt-BR\",\"potentialAction\":[{\"@type\":\"ReadAction\",\"target\":[\"https:\/\/nk7-testes.com.br\/agazeta\/moradores-de-vista-alegre-fecham-br-364\/\"]}]},{\"@type\":\"ImageObject\",\"inLanguage\":\"pt-BR\",\"@id\":\"https:\/\/nk7-testes.com.br\/agazeta\/moradores-de-vista-alegre-fecham-br-364\/#primaryimage\",\"url\":\"https:\/\/nk7-testes.com.br\/agazeta\/wp-content\/uploads\/2016\/07\/280716-policia-prf-cedidaprf.jpg\",\"contentUrl\":\"https:\/\/nk7-testes.com.br\/agazeta\/wp-content\/uploads\/2016\/07\/280716-policia-prf-cedidaprf.jpg\",\"width\":458,\"height\":340,\"caption\":\"280716-policia-prf-cedidaprf\"},{\"@type\":\"BreadcrumbList\",\"@id\":\"https:\/\/nk7-testes.com.br\/agazeta\/moradores-de-vista-alegre-fecham-br-364\/#breadcrumb\",\"itemListElement\":[{\"@type\":\"ListItem\",\"position\":1,\"name\":\"In\u00edcio\",\"item\":\"https:\/\/nk7-testes.com.br\/agazeta\/\"},{\"@type\":\"ListItem\",\"position\":2,\"name\":\"Moradores de Vista Alegre fecham BR-364\"}]},{\"@type\":\"WebSite\",\"@id\":\"https:\/\/nk7-testes.com.br\/agazeta\/#website\",\"url\":\"https:\/\/nk7-testes.com.br\/agazeta\/\",\"name\":\"Agazeta.net\",\"description\":\"Agazeta.net - Not\u00edcias de Rio Branco\/AC\",\"potentialAction\":[{\"@type\":\"SearchAction\",\"target\":{\"@type\":\"EntryPoint\",\"urlTemplate\":\"https:\/\/nk7-testes.com.br\/agazeta\/?s={search_term_string}\"},\"query-input\":{\"@type\":\"PropertyValueSpecification\",\"valueRequired\":true,\"valueName\":\"search_term_string\"}}],\"inLanguage\":\"pt-BR\"},{\"@type\":\"Person\",\"@id\":\"https:\/\/nk7-testes.com.br\/agazeta\/#\/schema\/person\/6d6e25cb0435eb4a02fd44d30b4e3020\",\"name\":\"Agazeta.Net\",\"url\":\"https:\/\/nk7-testes.com.br\/agazeta\/author\/agazeta\/\"}]}<\/script>\n<!-- \/ Yoast SEO plugin. -->","yoast_head_json":{"title":"Moradores de Vista Alegre fecham BR-364 - Agazeta.net","robots":{"index":"index","follow":"follow","max-snippet":"max-snippet:-1","max-image-preview":"max-image-preview:large","max-video-preview":"max-video-preview:-1"},"canonical":"https:\/\/nk7-testes.com.br\/agazeta\/moradores-de-vista-alegre-fecham-br-364\/","og_locale":"pt_BR","og_type":"article","og_title":"Moradores de Vista Alegre fecham BR-364 - Agazeta.net","og_description":"Comunidade reclama do fornecimento de energia","og_url":"https:\/\/nk7-testes.com.br\/agazeta\/moradores-de-vista-alegre-fecham-br-364\/","og_site_name":"Agazeta.net","article_published_time":"2016-07-28T20:07:34+00:00","og_image":[{"width":458,"height":340,"url":"https:\/\/nk7-testes.com.br\/agazeta\/wp-content\/uploads\/2016\/07\/280716-policia-prf-cedidaprf.jpg","type":"image\/jpeg"}],"author":"Agazeta.Net","twitter_card":"summary_large_image","twitter_misc":{"Escrito por":"Agazeta.Net","Est. tempo de leitura":"1 minuto"},"schema":{"@context":"https:\/\/schema.org","@graph":[{"@type":"WebPage","@id":"https:\/\/nk7-testes.com.br\/agazeta\/moradores-de-vista-alegre-fecham-br-364\/","url":"https:\/\/nk7-testes.com.br\/agazeta\/moradores-de-vista-alegre-fecham-br-364\/","name":"Moradores de Vista Alegre fecham BR-364 - Agazeta.net","isPartOf":{"@id":"https:\/\/nk7-testes.com.br\/agazeta\/#website"},"primaryImageOfPage":{"@id":"https:\/\/nk7-testes.com.br\/agazeta\/moradores-de-vista-alegre-fecham-br-364\/#primaryimage"},"image":{"@id":"https:\/\/nk7-testes.com.br\/agazeta\/moradores-de-vista-alegre-fecham-br-364\/#primaryimage"},"thumbnailUrl":"https:\/\/nk7-testes.com.br\/agazeta\/wp-content\/uploads\/2016\/07\/280716-policia-prf-cedidaprf.jpg","datePublished":"2016-07-28T20:07:34+00:00","author":{"@id":"https:\/\/nk7-testes.com.br\/agazeta\/#\/schema\/person\/6d6e25cb0435eb4a02fd44d30b4e3020"},"breadcrumb":{"@id":"https:\/\/nk7-testes.com.br\/agazeta\/moradores-de-vista-alegre-fecham-br-364\/#breadcrumb"},"inLanguage":"pt-BR","potentialAction":[{"@type":"ReadAction","target":["https:\/\/nk7-testes.com.br\/agazeta\/moradores-de-vista-alegre-fecham-br-364\/"]}]},{"@type":"ImageObject","inLanguage":"pt-BR","@id":"https:\/\/nk7-testes.com.br\/agazeta\/moradores-de-vista-alegre-fecham-br-364\/#primaryimage","url":"https:\/\/nk7-testes.com.br\/agazeta\/wp-content\/uploads\/2016\/07\/280716-policia-prf-cedidaprf.jpg","contentUrl":"https:\/\/nk7-testes.com.br\/agazeta\/wp-content\/uploads\/2016\/07\/280716-policia-prf-cedidaprf.jpg","width":458,"height":340,"caption":"280716-policia-prf-cedidaprf"},{"@type":"BreadcrumbList","@id":"https:\/\/nk7-testes.com.br\/agazeta\/moradores-de-vista-alegre-fecham-br-364\/#breadcrumb","itemListElement":[{"@type":"ListItem","position":1,"name":"In\u00edcio","item":"https:\/\/nk7-testes.com.br\/agazeta\/"},{"@type":"ListItem","position":2,"name":"Moradores de Vista Alegre fecham BR-364"}]},{"@type":"WebSite","@id":"https:\/\/nk7-testes.com.br\/agazeta\/#website","url":"https:\/\/nk7-testes.com.br\/agazeta\/","name":"Agazeta.net","description":"Agazeta.net - Not\u00edcias de Rio Branco\/AC","potentialAction":[{"@type":"SearchAction","target":{"@type":"EntryPoint","urlTemplate":"https:\/\/nk7-testes.com.br\/agazeta\/?s={search_term_string}"},"query-input":{"@type":"PropertyValueSpecification","valueRequired":true,"valueName":"search_term_string"}}],"inLanguage":"pt-BR"},{"@type":"Person","@id":"https:\/\/nk7-testes.com.br\/agazeta\/#\/schema\/person\/6d6e25cb0435eb4a02fd44d30b4e3020","name":"Agazeta.Net","url":"https:\/\/nk7-testes.com.br\/agazeta\/author\/agazeta\/"}]}},"_links":{"self":[{"href":"https:\/\/nk7-testes.com.br\/agazeta\/wp-json\/wp\/v2\/posts\/24199","targetHints":{"allow":["GET"]}}],"collection":[{"href":"https:\/\/nk7-testes.com.br\/agazeta\/wp-json\/wp\/v2\/posts"}],"about":[{"href":"https:\/\/nk7-testes.com.br\/agazeta\/wp-json\/wp\/v2\/types\/post"}],"author":[{"embeddable":true,"href":"https:\/\/nk7-testes.com.br\/agazeta\/wp-json\/wp\/v2\/users\/4"}],"replies":[{"embeddable":true,"href":"https:\/\/nk7-testes.com.br\/agazeta\/wp-json\/wp\/v2\/comments?post=24199"}],"version-history":[{"count":0,"href":"https:\/\/nk7-testes.com.br\/agazeta\/wp-json\/wp\/v2\/posts\/24199\/revisions"}],"wp:featuredmedia":[{"embeddable":true,"href":"https:\/\/nk7-testes.com.br\/agazeta\/wp-json\/wp\/v2\/media\/24198"}],"wp:attachment":[{"href":"https:\/\/nk7-testes.com.br\/agazeta\/wp-json\/wp\/v2\/media?parent=24199"}],"wp:term":[{"taxonomy":"category","embeddable":true,"href":"https:\/\/nk7-testes.com.br\/agazeta\/wp-json\/wp\/v2\/categories?post=24199"},{"taxonomy":"post_tag","embeddable":true,"href":"https:\/\/nk7-testes.com.br\/agazeta\/wp-json\/wp\/v2\/tags?post=24199"}],"curies":[{"name":"wp","href":"https:\/\/api.w.org\/{rel}","templated":true}]}}