{"id":24197,"date":"2016-07-28T17:28:23","date_gmt":"2016-07-28T17:28:23","guid":{"rendered":"https:\/\/abarevegan.com.br\/index.php\/2016\/07\/28\/policia-recaptura-dupla-que-fugiu-de-delegacia\/"},"modified":"2016-07-28T17:28:23","modified_gmt":"2016-07-28T17:28:23","slug":"policia-recaptura-dupla-que-fugiu-de-delegacia","status":"publish","type":"post","link":"https:\/\/nk7-testes.com.br\/agazeta\/policia-recaptura-dupla-que-fugiu-de-delegacia\/","title":{"rendered":"Pol\u00edcia recaptura dupla que fugiu de delegacia"},"content":{"rendered":"<p style=\"text-align: justify;\">Jovens j\u00e1 estavam praticando crimes novamente<\/p>\n<p style=\"text-align: justify;\">Na manh\u00e3 desta quinta-feira (28), em Brasileia, a Pol\u00edcia Civil apresentou Genilson Menezes (mais conhecido como \u201cBeb\u00ea\u201d) e Lucas Gon\u00e7alves Soares (apelidado de \u201cBoc\u00e3o\u201d), que estavam foragidos. Eles haviam sido presos por assalto e fugiram da delegacia do munic\u00edpio no dia 13 de julho.<\/p>\n<p style=\"text-align: justify;\">Segundo o delegado Roberto Lucena, desde a fuga dos acusados, a pol\u00edcia mantinha investiga\u00e7\u00f5es. Ele disse ainda que a dupla teria fugido para a Bol\u00edvia onde teriam cometido outros assaltos.<\/p>\n<p style=\"text-align: justify;\">\u201cLucas, na verdade, foi recapturado na semana passada, mas s\u00f3 foi apresentado hoje \u00e0 imprensa, para n\u00e3o atrapalhar as investiga\u00e7\u00f5es\u201d, explicou o delegado.<\/p>\n<p style=\"text-align: justify;\">Genilson Menezes foi preso na noite desta quarta e com ele foi apreendida uma arma calibre 22. A dupla poder\u00e1 responder pelos crimes de assalto, forma\u00e7\u00e3o de quadrilha, roubos, porte ilegal de arma de fogo e utiliza\u00e7\u00e3o da extrema viol\u00eancia. <br \/>Os dois podem ser condenados a mais de 20 anos de reclus\u00e3o de acordo com o delegado.<\/p>\n","protected":false},"excerpt":{"rendered":"<p style=\"text-align: justify;\">Jovens j\u00e1 estavam praticando crimes novamente<\/p>\n","protected":false},"author":4,"featured_media":24196,"comment_status":"open","ping_status":"open","sticky":false,"template":"","format":"standard","meta":{"jnews-multi-image_gallery":[],"jnews_single_post":[],"jnews_primary_category":[],"jnews_social_meta":[],"jnews_review":[],"enable_review":"","type":"","name":"","summary":"","brand":"","sku":"","good":[],"bad":[],"score_override":"","override_value":"","rating":[],"price":[],"footnotes":""},"categories":[44],"tags":[],"class_list":["post-24197","post","type-post","status-publish","format-standard","has-post-thumbnail","hentry","category-policia"],"yoast_head":"<!-- This site is optimized with the Yoast SEO plugin v26.5 - https:\/\/yoast.com\/wordpress\/plugins\/seo\/ -->\n<title>Pol\u00edcia recaptura dupla que fugiu de delegacia - Agazeta.net<\/title>\n<meta name=\"robots\" content=\"index, follow, max-snippet:-1, max-image-preview:large, max-video-preview:-1\" \/>\n<link rel=\"canonical\" href=\"https:\/\/nk7-testes.com.br\/agazeta\/policia-recaptura-dupla-que-fugiu-de-delegacia\/\" \/>\n<meta property=\"og:locale\" content=\"pt_BR\" \/>\n<meta property=\"og:type\" content=\"article\" \/>\n<meta property=\"og:title\" content=\"Pol\u00edcia recaptura dupla que fugiu de delegacia - Agazeta.net\" \/>\n<meta property=\"og:description\" content=\"Jovens j\u00e1 estavam praticando crimes novamente\" \/>\n<meta property=\"og:url\" content=\"https:\/\/nk7-testes.com.br\/agazeta\/policia-recaptura-dupla-que-fugiu-de-delegacia\/\" \/>\n<meta property=\"og:site_name\" content=\"Agazeta.net\" \/>\n<meta property=\"article:published_time\" content=\"2016-07-28T17:28:23+00:00\" \/>\n<meta property=\"og:image\" content=\"https:\/\/nk7-testes.com.br\/agazeta\/wp-content\/uploads\/2016\/07\/280716-policia-duplarecapturada-oaltoacre.jpg\" \/>\n\t<meta property=\"og:image:width\" content=\"458\" \/>\n\t<meta property=\"og:image:height\" content=\"340\" \/>\n\t<meta property=\"og:image:type\" content=\"image\/jpeg\" \/>\n<meta name=\"author\" content=\"Agazeta.Net\" \/>\n<meta name=\"twitter:card\" content=\"summary_large_image\" \/>\n<meta name=\"twitter:label1\" content=\"Escrito por\" \/>\n\t<meta name=\"twitter:data1\" content=\"Agazeta.Net\" \/>\n\t<meta name=\"twitter:label2\" content=\"Est. tempo de leitura\" \/>\n\t<meta name=\"twitter:data2\" content=\"1 minuto\" \/>\n<script type=\"application\/ld+json\" class=\"yoast-schema-graph\">{\"@context\":\"https:\/\/schema.org\",\"@graph\":[{\"@type\":\"WebPage\",\"@id\":\"https:\/\/nk7-testes.com.br\/agazeta\/policia-recaptura-dupla-que-fugiu-de-delegacia\/\",\"url\":\"https:\/\/nk7-testes.com.br\/agazeta\/policia-recaptura-dupla-que-fugiu-de-delegacia\/\",\"name\":\"Pol\u00edcia recaptura dupla que fugiu de delegacia - Agazeta.net\",\"isPartOf\":{\"@id\":\"https:\/\/nk7-testes.com.br\/agazeta\/#website\"},\"primaryImageOfPage\":{\"@id\":\"https:\/\/nk7-testes.com.br\/agazeta\/policia-recaptura-dupla-que-fugiu-de-delegacia\/#primaryimage\"},\"image\":{\"@id\":\"https:\/\/nk7-testes.com.br\/agazeta\/policia-recaptura-dupla-que-fugiu-de-delegacia\/#primaryimage\"},\"thumbnailUrl\":\"https:\/\/nk7-testes.com.br\/agazeta\/wp-content\/uploads\/2016\/07\/280716-policia-duplarecapturada-oaltoacre.jpg\",\"datePublished\":\"2016-07-28T17:28:23+00:00\",\"author\":{\"@id\":\"https:\/\/nk7-testes.com.br\/agazeta\/#\/schema\/person\/6d6e25cb0435eb4a02fd44d30b4e3020\"},\"breadcrumb\":{\"@id\":\"https:\/\/nk7-testes.com.br\/agazeta\/policia-recaptura-dupla-que-fugiu-de-delegacia\/#breadcrumb\"},\"inLanguage\":\"pt-BR\",\"potentialAction\":[{\"@type\":\"ReadAction\",\"target\":[\"https:\/\/nk7-testes.com.br\/agazeta\/policia-recaptura-dupla-que-fugiu-de-delegacia\/\"]}]},{\"@type\":\"ImageObject\",\"inLanguage\":\"pt-BR\",\"@id\":\"https:\/\/nk7-testes.com.br\/agazeta\/policia-recaptura-dupla-que-fugiu-de-delegacia\/#primaryimage\",\"url\":\"https:\/\/nk7-testes.com.br\/agazeta\/wp-content\/uploads\/2016\/07\/280716-policia-duplarecapturada-oaltoacre.jpg\",\"contentUrl\":\"https:\/\/nk7-testes.com.br\/agazeta\/wp-content\/uploads\/2016\/07\/280716-policia-duplarecapturada-oaltoacre.jpg\",\"width\":458,\"height\":340,\"caption\":\"280716-policia-duplarecapturada-oaltoacre\"},{\"@type\":\"BreadcrumbList\",\"@id\":\"https:\/\/nk7-testes.com.br\/agazeta\/policia-recaptura-dupla-que-fugiu-de-delegacia\/#breadcrumb\",\"itemListElement\":[{\"@type\":\"ListItem\",\"position\":1,\"name\":\"In\u00edcio\",\"item\":\"https:\/\/nk7-testes.com.br\/agazeta\/\"},{\"@type\":\"ListItem\",\"position\":2,\"name\":\"Pol\u00edcia recaptura dupla que fugiu de delegacia\"}]},{\"@type\":\"WebSite\",\"@id\":\"https:\/\/nk7-testes.com.br\/agazeta\/#website\",\"url\":\"https:\/\/nk7-testes.com.br\/agazeta\/\",\"name\":\"Agazeta.net\",\"description\":\"Agazeta.net - Not\u00edcias de Rio Branco\/AC\",\"potentialAction\":[{\"@type\":\"SearchAction\",\"target\":{\"@type\":\"EntryPoint\",\"urlTemplate\":\"https:\/\/nk7-testes.com.br\/agazeta\/?s={search_term_string}\"},\"query-input\":{\"@type\":\"PropertyValueSpecification\",\"valueRequired\":true,\"valueName\":\"search_term_string\"}}],\"inLanguage\":\"pt-BR\"},{\"@type\":\"Person\",\"@id\":\"https:\/\/nk7-testes.com.br\/agazeta\/#\/schema\/person\/6d6e25cb0435eb4a02fd44d30b4e3020\",\"name\":\"Agazeta.Net\",\"url\":\"https:\/\/nk7-testes.com.br\/agazeta\/author\/agazeta\/\"}]}<\/script>\n<!-- \/ Yoast SEO plugin. -->","yoast_head_json":{"title":"Pol\u00edcia recaptura dupla que fugiu de delegacia - Agazeta.net","robots":{"index":"index","follow":"follow","max-snippet":"max-snippet:-1","max-image-preview":"max-image-preview:large","max-video-preview":"max-video-preview:-1"},"canonical":"https:\/\/nk7-testes.com.br\/agazeta\/policia-recaptura-dupla-que-fugiu-de-delegacia\/","og_locale":"pt_BR","og_type":"article","og_title":"Pol\u00edcia recaptura dupla que fugiu de delegacia - Agazeta.net","og_description":"Jovens j\u00e1 estavam praticando crimes novamente","og_url":"https:\/\/nk7-testes.com.br\/agazeta\/policia-recaptura-dupla-que-fugiu-de-delegacia\/","og_site_name":"Agazeta.net","article_published_time":"2016-07-28T17:28:23+00:00","og_image":[{"width":458,"height":340,"url":"https:\/\/nk7-testes.com.br\/agazeta\/wp-content\/uploads\/2016\/07\/280716-policia-duplarecapturada-oaltoacre.jpg","type":"image\/jpeg"}],"author":"Agazeta.Net","twitter_card":"summary_large_image","twitter_misc":{"Escrito por":"Agazeta.Net","Est. tempo de leitura":"1 minuto"},"schema":{"@context":"https:\/\/schema.org","@graph":[{"@type":"WebPage","@id":"https:\/\/nk7-testes.com.br\/agazeta\/policia-recaptura-dupla-que-fugiu-de-delegacia\/","url":"https:\/\/nk7-testes.com.br\/agazeta\/policia-recaptura-dupla-que-fugiu-de-delegacia\/","name":"Pol\u00edcia recaptura dupla que fugiu de delegacia - Agazeta.net","isPartOf":{"@id":"https:\/\/nk7-testes.com.br\/agazeta\/#website"},"primaryImageOfPage":{"@id":"https:\/\/nk7-testes.com.br\/agazeta\/policia-recaptura-dupla-que-fugiu-de-delegacia\/#primaryimage"},"image":{"@id":"https:\/\/nk7-testes.com.br\/agazeta\/policia-recaptura-dupla-que-fugiu-de-delegacia\/#primaryimage"},"thumbnailUrl":"https:\/\/nk7-testes.com.br\/agazeta\/wp-content\/uploads\/2016\/07\/280716-policia-duplarecapturada-oaltoacre.jpg","datePublished":"2016-07-28T17:28:23+00:00","author":{"@id":"https:\/\/nk7-testes.com.br\/agazeta\/#\/schema\/person\/6d6e25cb0435eb4a02fd44d30b4e3020"},"breadcrumb":{"@id":"https:\/\/nk7-testes.com.br\/agazeta\/policia-recaptura-dupla-que-fugiu-de-delegacia\/#breadcrumb"},"inLanguage":"pt-BR","potentialAction":[{"@type":"ReadAction","target":["https:\/\/nk7-testes.com.br\/agazeta\/policia-recaptura-dupla-que-fugiu-de-delegacia\/"]}]},{"@type":"ImageObject","inLanguage":"pt-BR","@id":"https:\/\/nk7-testes.com.br\/agazeta\/policia-recaptura-dupla-que-fugiu-de-delegacia\/#primaryimage","url":"https:\/\/nk7-testes.com.br\/agazeta\/wp-content\/uploads\/2016\/07\/280716-policia-duplarecapturada-oaltoacre.jpg","contentUrl":"https:\/\/nk7-testes.com.br\/agazeta\/wp-content\/uploads\/2016\/07\/280716-policia-duplarecapturada-oaltoacre.jpg","width":458,"height":340,"caption":"280716-policia-duplarecapturada-oaltoacre"},{"@type":"BreadcrumbList","@id":"https:\/\/nk7-testes.com.br\/agazeta\/policia-recaptura-dupla-que-fugiu-de-delegacia\/#breadcrumb","itemListElement":[{"@type":"ListItem","position":1,"name":"In\u00edcio","item":"https:\/\/nk7-testes.com.br\/agazeta\/"},{"@type":"ListItem","position":2,"name":"Pol\u00edcia recaptura dupla que fugiu de delegacia"}]},{"@type":"WebSite","@id":"https:\/\/nk7-testes.com.br\/agazeta\/#website","url":"https:\/\/nk7-testes.com.br\/agazeta\/","name":"Agazeta.net","description":"Agazeta.net - Not\u00edcias de Rio Branco\/AC","potentialAction":[{"@type":"SearchAction","target":{"@type":"EntryPoint","urlTemplate":"https:\/\/nk7-testes.com.br\/agazeta\/?s={search_term_string}"},"query-input":{"@type":"PropertyValueSpecification","valueRequired":true,"valueName":"search_term_string"}}],"inLanguage":"pt-BR"},{"@type":"Person","@id":"https:\/\/nk7-testes.com.br\/agazeta\/#\/schema\/person\/6d6e25cb0435eb4a02fd44d30b4e3020","name":"Agazeta.Net","url":"https:\/\/nk7-testes.com.br\/agazeta\/author\/agazeta\/"}]}},"_links":{"self":[{"href":"https:\/\/nk7-testes.com.br\/agazeta\/wp-json\/wp\/v2\/posts\/24197","targetHints":{"allow":["GET"]}}],"collection":[{"href":"https:\/\/nk7-testes.com.br\/agazeta\/wp-json\/wp\/v2\/posts"}],"about":[{"href":"https:\/\/nk7-testes.com.br\/agazeta\/wp-json\/wp\/v2\/types\/post"}],"author":[{"embeddable":true,"href":"https:\/\/nk7-testes.com.br\/agazeta\/wp-json\/wp\/v2\/users\/4"}],"replies":[{"embeddable":true,"href":"https:\/\/nk7-testes.com.br\/agazeta\/wp-json\/wp\/v2\/comments?post=24197"}],"version-history":[{"count":0,"href":"https:\/\/nk7-testes.com.br\/agazeta\/wp-json\/wp\/v2\/posts\/24197\/revisions"}],"wp:featuredmedia":[{"embeddable":true,"href":"https:\/\/nk7-testes.com.br\/agazeta\/wp-json\/wp\/v2\/media\/24196"}],"wp:attachment":[{"href":"https:\/\/nk7-testes.com.br\/agazeta\/wp-json\/wp\/v2\/media?parent=24197"}],"wp:term":[{"taxonomy":"category","embeddable":true,"href":"https:\/\/nk7-testes.com.br\/agazeta\/wp-json\/wp\/v2\/categories?post=24197"},{"taxonomy":"post_tag","embeddable":true,"href":"https:\/\/nk7-testes.com.br\/agazeta\/wp-json\/wp\/v2\/tags?post=24197"}],"curies":[{"name":"wp","href":"https:\/\/api.w.org\/{rel}","templated":true}]}}