{"id":24180,"date":"2016-07-27T20:57:32","date_gmt":"2016-07-27T20:57:32","guid":{"rendered":"https:\/\/abarevegan.com.br\/index.php\/2016\/07\/27\/as-margens-do-rio-jurua-familias-sofrem-com-falta-d-agua\/"},"modified":"2016-07-27T20:57:32","modified_gmt":"2016-07-27T20:57:32","slug":"as-margens-do-rio-jurua-familias-sofrem-com-falta-d-agua","status":"publish","type":"post","link":"https:\/\/nk7-testes.com.br\/agazeta\/as-margens-do-rio-jurua-familias-sofrem-com-falta-d-agua\/","title":{"rendered":"\u00c0s margens do Rio Juru\u00e1, fam\u00edlias sofrem com falta d&#8217;\u00e1gua"},"content":{"rendered":"<p style=\"text-align: justify;\">Infraestrutura penaliza moradores mesmo em meio \u00e0 \u00e1gua<\/p>\n<p style=\"text-align: justify;\">Apesar de estar situada \u00e0s margens do Rio Juru\u00e1, a comunidade Boca do M\u00f4a, em Cruzeiro do Sul, tem sofrido com a falta de \u00e1gua pot\u00e1vel.<\/p>\n<p style=\"text-align: justify;\">De acordo com os moradores, h\u00e1 v\u00e1rios meses uma equipe de saneamento da prefeitura do munic\u00edpio foi ao local e prometeu que faria a encana\u00e7\u00e3o para levar \u00e1gua tratada \u00e0s resid\u00eancias do local, a promessa at\u00e9 hoje n\u00e3o foi cumprida.<\/p>\n<p style=\"text-align: justify;\">Para o professor Elenilton, que reside na comunidade h\u00e1 v\u00e1rios anos, a falta de \u00e1gua \u00e9 um descaso do poder p\u00fablico. \u201cEstamos na margem do rio, tem \u00e1gua, mas n\u00e3o \u00e9 pot\u00e1vel, n\u00e3o \u00e9 tratada\u201d, reclama.<\/p>\n<p style=\"text-align: justify;\">O professor denuncia ainda, que al\u00e9m de sofrerem pela falta d\u2019\u00e1gua, muitas pessoas adoecem por consumir a \u00e1gua diretamente do rio e sem nenhum tratamento.<\/p>\n<p style=\"text-align: justify;\">A assessoria da Prefeitura de Cruzeiro do Sul disse que tecnicamente, os engenheiros afirmam que a comunidade Boca do M\u00f4a fica \u00e0s margens do rio. Isso, segundo os engenheiros, inviabiliza a constru\u00e7\u00e3o de uma esta\u00e7\u00e3o de tratamento de \u00e1gua. &#8220;No per\u00edodo invernoso, a comunidade fica alagada completamente&#8221;, lembra a assessoria. Apesar disso, a Prefeitura de Cruzeiro do Sul atende \u00e0 comunidade com carros pipa.<\/p>\n","protected":false},"excerpt":{"rendered":"<p style=\"text-align: justify;\">Infraestrutura penaliza moradores mesmo em meio \u00e0 \u00e1gua<\/p>\n","protected":false},"author":4,"featured_media":24179,"comment_status":"open","ping_status":"open","sticky":false,"template":"","format":"standard","meta":{"jnews-multi-image_gallery":[],"jnews_single_post":[],"jnews_primary_category":[],"jnews_social_meta":[],"jnews_review":[],"enable_review":"","type":"","name":"","summary":"","brand":"","sku":"","good":[],"bad":[],"score_override":"","override_value":"","rating":[],"price":[],"footnotes":""},"categories":[54],"tags":[],"class_list":["post-24180","post","type-post","status-publish","format-standard","has-post-thumbnail","hentry","category-cotidiano"],"yoast_head":"<!-- This site is optimized with the Yoast SEO plugin v26.5 - https:\/\/yoast.com\/wordpress\/plugins\/seo\/ -->\n<title>\u00c0s margens do Rio Juru\u00e1, fam\u00edlias sofrem com falta d&#039;\u00e1gua - Agazeta.net<\/title>\n<meta name=\"robots\" content=\"index, follow, max-snippet:-1, max-image-preview:large, max-video-preview:-1\" \/>\n<link rel=\"canonical\" href=\"https:\/\/nk7-testes.com.br\/agazeta\/as-margens-do-rio-jurua-familias-sofrem-com-falta-d-agua\/\" \/>\n<meta property=\"og:locale\" content=\"pt_BR\" \/>\n<meta property=\"og:type\" content=\"article\" \/>\n<meta property=\"og:title\" content=\"\u00c0s margens do Rio Juru\u00e1, fam\u00edlias sofrem com falta d&#039;\u00e1gua - Agazeta.net\" \/>\n<meta property=\"og:description\" content=\"Infraestrutura penaliza moradores mesmo em meio \u00e0 \u00e1gua\" \/>\n<meta property=\"og:url\" content=\"https:\/\/nk7-testes.com.br\/agazeta\/as-margens-do-rio-jurua-familias-sofrem-com-falta-d-agua\/\" \/>\n<meta property=\"og:site_name\" content=\"Agazeta.net\" \/>\n<meta property=\"article:published_time\" content=\"2016-07-27T20:57:32+00:00\" \/>\n<meta property=\"og:image\" content=\"https:\/\/nk7-testes.com.br\/agazeta\/wp-content\/uploads\/2016\/07\/270716-cotidiano-faltadagua-tvgazeta2.jpg\" \/>\n\t<meta property=\"og:image:width\" content=\"458\" \/>\n\t<meta property=\"og:image:height\" content=\"340\" \/>\n\t<meta property=\"og:image:type\" content=\"image\/jpeg\" \/>\n<meta name=\"author\" content=\"Agazeta.Net\" \/>\n<meta name=\"twitter:card\" content=\"summary_large_image\" \/>\n<meta name=\"twitter:label1\" content=\"Escrito por\" \/>\n\t<meta name=\"twitter:data1\" content=\"Agazeta.Net\" \/>\n\t<meta name=\"twitter:label2\" content=\"Est. tempo de leitura\" \/>\n\t<meta name=\"twitter:data2\" content=\"1 minuto\" \/>\n<script type=\"application\/ld+json\" class=\"yoast-schema-graph\">{\"@context\":\"https:\/\/schema.org\",\"@graph\":[{\"@type\":\"WebPage\",\"@id\":\"https:\/\/nk7-testes.com.br\/agazeta\/as-margens-do-rio-jurua-familias-sofrem-com-falta-d-agua\/\",\"url\":\"https:\/\/nk7-testes.com.br\/agazeta\/as-margens-do-rio-jurua-familias-sofrem-com-falta-d-agua\/\",\"name\":\"\u00c0s margens do Rio Juru\u00e1, fam\u00edlias sofrem com falta d'\u00e1gua - Agazeta.net\",\"isPartOf\":{\"@id\":\"https:\/\/nk7-testes.com.br\/agazeta\/#website\"},\"primaryImageOfPage\":{\"@id\":\"https:\/\/nk7-testes.com.br\/agazeta\/as-margens-do-rio-jurua-familias-sofrem-com-falta-d-agua\/#primaryimage\"},\"image\":{\"@id\":\"https:\/\/nk7-testes.com.br\/agazeta\/as-margens-do-rio-jurua-familias-sofrem-com-falta-d-agua\/#primaryimage\"},\"thumbnailUrl\":\"https:\/\/nk7-testes.com.br\/agazeta\/wp-content\/uploads\/2016\/07\/270716-cotidiano-faltadagua-tvgazeta2.jpg\",\"datePublished\":\"2016-07-27T20:57:32+00:00\",\"author\":{\"@id\":\"https:\/\/nk7-testes.com.br\/agazeta\/#\/schema\/person\/6d6e25cb0435eb4a02fd44d30b4e3020\"},\"breadcrumb\":{\"@id\":\"https:\/\/nk7-testes.com.br\/agazeta\/as-margens-do-rio-jurua-familias-sofrem-com-falta-d-agua\/#breadcrumb\"},\"inLanguage\":\"pt-BR\",\"potentialAction\":[{\"@type\":\"ReadAction\",\"target\":[\"https:\/\/nk7-testes.com.br\/agazeta\/as-margens-do-rio-jurua-familias-sofrem-com-falta-d-agua\/\"]}]},{\"@type\":\"ImageObject\",\"inLanguage\":\"pt-BR\",\"@id\":\"https:\/\/nk7-testes.com.br\/agazeta\/as-margens-do-rio-jurua-familias-sofrem-com-falta-d-agua\/#primaryimage\",\"url\":\"https:\/\/nk7-testes.com.br\/agazeta\/wp-content\/uploads\/2016\/07\/270716-cotidiano-faltadagua-tvgazeta2.jpg\",\"contentUrl\":\"https:\/\/nk7-testes.com.br\/agazeta\/wp-content\/uploads\/2016\/07\/270716-cotidiano-faltadagua-tvgazeta2.jpg\",\"width\":458,\"height\":340,\"caption\":\"270716-cotidiano-faltadagua-tvgazeta2\"},{\"@type\":\"BreadcrumbList\",\"@id\":\"https:\/\/nk7-testes.com.br\/agazeta\/as-margens-do-rio-jurua-familias-sofrem-com-falta-d-agua\/#breadcrumb\",\"itemListElement\":[{\"@type\":\"ListItem\",\"position\":1,\"name\":\"In\u00edcio\",\"item\":\"https:\/\/nk7-testes.com.br\/agazeta\/\"},{\"@type\":\"ListItem\",\"position\":2,\"name\":\"\u00c0s margens do Rio Juru\u00e1, fam\u00edlias sofrem com falta d&#8217;\u00e1gua\"}]},{\"@type\":\"WebSite\",\"@id\":\"https:\/\/nk7-testes.com.br\/agazeta\/#website\",\"url\":\"https:\/\/nk7-testes.com.br\/agazeta\/\",\"name\":\"Agazeta.net\",\"description\":\"Agazeta.net - Not\u00edcias de Rio Branco\/AC\",\"potentialAction\":[{\"@type\":\"SearchAction\",\"target\":{\"@type\":\"EntryPoint\",\"urlTemplate\":\"https:\/\/nk7-testes.com.br\/agazeta\/?s={search_term_string}\"},\"query-input\":{\"@type\":\"PropertyValueSpecification\",\"valueRequired\":true,\"valueName\":\"search_term_string\"}}],\"inLanguage\":\"pt-BR\"},{\"@type\":\"Person\",\"@id\":\"https:\/\/nk7-testes.com.br\/agazeta\/#\/schema\/person\/6d6e25cb0435eb4a02fd44d30b4e3020\",\"name\":\"Agazeta.Net\",\"url\":\"https:\/\/nk7-testes.com.br\/agazeta\/author\/agazeta\/\"}]}<\/script>\n<!-- \/ Yoast SEO plugin. -->","yoast_head_json":{"title":"\u00c0s margens do Rio Juru\u00e1, fam\u00edlias sofrem com falta d'\u00e1gua - Agazeta.net","robots":{"index":"index","follow":"follow","max-snippet":"max-snippet:-1","max-image-preview":"max-image-preview:large","max-video-preview":"max-video-preview:-1"},"canonical":"https:\/\/nk7-testes.com.br\/agazeta\/as-margens-do-rio-jurua-familias-sofrem-com-falta-d-agua\/","og_locale":"pt_BR","og_type":"article","og_title":"\u00c0s margens do Rio Juru\u00e1, fam\u00edlias sofrem com falta d'\u00e1gua - Agazeta.net","og_description":"Infraestrutura penaliza moradores mesmo em meio \u00e0 \u00e1gua","og_url":"https:\/\/nk7-testes.com.br\/agazeta\/as-margens-do-rio-jurua-familias-sofrem-com-falta-d-agua\/","og_site_name":"Agazeta.net","article_published_time":"2016-07-27T20:57:32+00:00","og_image":[{"width":458,"height":340,"url":"https:\/\/nk7-testes.com.br\/agazeta\/wp-content\/uploads\/2016\/07\/270716-cotidiano-faltadagua-tvgazeta2.jpg","type":"image\/jpeg"}],"author":"Agazeta.Net","twitter_card":"summary_large_image","twitter_misc":{"Escrito por":"Agazeta.Net","Est. tempo de leitura":"1 minuto"},"schema":{"@context":"https:\/\/schema.org","@graph":[{"@type":"WebPage","@id":"https:\/\/nk7-testes.com.br\/agazeta\/as-margens-do-rio-jurua-familias-sofrem-com-falta-d-agua\/","url":"https:\/\/nk7-testes.com.br\/agazeta\/as-margens-do-rio-jurua-familias-sofrem-com-falta-d-agua\/","name":"\u00c0s margens do Rio Juru\u00e1, fam\u00edlias sofrem com falta d'\u00e1gua - Agazeta.net","isPartOf":{"@id":"https:\/\/nk7-testes.com.br\/agazeta\/#website"},"primaryImageOfPage":{"@id":"https:\/\/nk7-testes.com.br\/agazeta\/as-margens-do-rio-jurua-familias-sofrem-com-falta-d-agua\/#primaryimage"},"image":{"@id":"https:\/\/nk7-testes.com.br\/agazeta\/as-margens-do-rio-jurua-familias-sofrem-com-falta-d-agua\/#primaryimage"},"thumbnailUrl":"https:\/\/nk7-testes.com.br\/agazeta\/wp-content\/uploads\/2016\/07\/270716-cotidiano-faltadagua-tvgazeta2.jpg","datePublished":"2016-07-27T20:57:32+00:00","author":{"@id":"https:\/\/nk7-testes.com.br\/agazeta\/#\/schema\/person\/6d6e25cb0435eb4a02fd44d30b4e3020"},"breadcrumb":{"@id":"https:\/\/nk7-testes.com.br\/agazeta\/as-margens-do-rio-jurua-familias-sofrem-com-falta-d-agua\/#breadcrumb"},"inLanguage":"pt-BR","potentialAction":[{"@type":"ReadAction","target":["https:\/\/nk7-testes.com.br\/agazeta\/as-margens-do-rio-jurua-familias-sofrem-com-falta-d-agua\/"]}]},{"@type":"ImageObject","inLanguage":"pt-BR","@id":"https:\/\/nk7-testes.com.br\/agazeta\/as-margens-do-rio-jurua-familias-sofrem-com-falta-d-agua\/#primaryimage","url":"https:\/\/nk7-testes.com.br\/agazeta\/wp-content\/uploads\/2016\/07\/270716-cotidiano-faltadagua-tvgazeta2.jpg","contentUrl":"https:\/\/nk7-testes.com.br\/agazeta\/wp-content\/uploads\/2016\/07\/270716-cotidiano-faltadagua-tvgazeta2.jpg","width":458,"height":340,"caption":"270716-cotidiano-faltadagua-tvgazeta2"},{"@type":"BreadcrumbList","@id":"https:\/\/nk7-testes.com.br\/agazeta\/as-margens-do-rio-jurua-familias-sofrem-com-falta-d-agua\/#breadcrumb","itemListElement":[{"@type":"ListItem","position":1,"name":"In\u00edcio","item":"https:\/\/nk7-testes.com.br\/agazeta\/"},{"@type":"ListItem","position":2,"name":"\u00c0s margens do Rio Juru\u00e1, fam\u00edlias sofrem com falta d&#8217;\u00e1gua"}]},{"@type":"WebSite","@id":"https:\/\/nk7-testes.com.br\/agazeta\/#website","url":"https:\/\/nk7-testes.com.br\/agazeta\/","name":"Agazeta.net","description":"Agazeta.net - Not\u00edcias de Rio Branco\/AC","potentialAction":[{"@type":"SearchAction","target":{"@type":"EntryPoint","urlTemplate":"https:\/\/nk7-testes.com.br\/agazeta\/?s={search_term_string}"},"query-input":{"@type":"PropertyValueSpecification","valueRequired":true,"valueName":"search_term_string"}}],"inLanguage":"pt-BR"},{"@type":"Person","@id":"https:\/\/nk7-testes.com.br\/agazeta\/#\/schema\/person\/6d6e25cb0435eb4a02fd44d30b4e3020","name":"Agazeta.Net","url":"https:\/\/nk7-testes.com.br\/agazeta\/author\/agazeta\/"}]}},"_links":{"self":[{"href":"https:\/\/nk7-testes.com.br\/agazeta\/wp-json\/wp\/v2\/posts\/24180","targetHints":{"allow":["GET"]}}],"collection":[{"href":"https:\/\/nk7-testes.com.br\/agazeta\/wp-json\/wp\/v2\/posts"}],"about":[{"href":"https:\/\/nk7-testes.com.br\/agazeta\/wp-json\/wp\/v2\/types\/post"}],"author":[{"embeddable":true,"href":"https:\/\/nk7-testes.com.br\/agazeta\/wp-json\/wp\/v2\/users\/4"}],"replies":[{"embeddable":true,"href":"https:\/\/nk7-testes.com.br\/agazeta\/wp-json\/wp\/v2\/comments?post=24180"}],"version-history":[{"count":0,"href":"https:\/\/nk7-testes.com.br\/agazeta\/wp-json\/wp\/v2\/posts\/24180\/revisions"}],"wp:featuredmedia":[{"embeddable":true,"href":"https:\/\/nk7-testes.com.br\/agazeta\/wp-json\/wp\/v2\/media\/24179"}],"wp:attachment":[{"href":"https:\/\/nk7-testes.com.br\/agazeta\/wp-json\/wp\/v2\/media?parent=24180"}],"wp:term":[{"taxonomy":"category","embeddable":true,"href":"https:\/\/nk7-testes.com.br\/agazeta\/wp-json\/wp\/v2\/categories?post=24180"},{"taxonomy":"post_tag","embeddable":true,"href":"https:\/\/nk7-testes.com.br\/agazeta\/wp-json\/wp\/v2\/tags?post=24180"}],"curies":[{"name":"wp","href":"https:\/\/api.w.org\/{rel}","templated":true}]}}