{"id":24176,"date":"2016-07-27T20:15:09","date_gmt":"2016-07-27T20:15:09","guid":{"rendered":"https:\/\/abarevegan.com.br\/index.php\/2016\/07\/27\/acre-quer-aumentar-cobertura-vacinal\/"},"modified":"2016-07-27T20:15:09","modified_gmt":"2016-07-27T20:15:09","slug":"acre-quer-aumentar-cobertura-vacinal","status":"publish","type":"post","link":"https:\/\/nk7-testes.com.br\/agazeta\/acre-quer-aumentar-cobertura-vacinal\/","title":{"rendered":"Acre quer aumentar cobertura vacinal"},"content":{"rendered":"<p style=\"text-align: justify;\">Mudan\u00e7as na rotina de trabalho para aumentar produtividade<\/p>\n<p style=\"text-align: justify;\">Agentes comunit\u00e1rios de sa\u00fade e vacinadores de todos os munic\u00edpios acrianos participam de uma oficina em Rio Branco para falar sobre imuniza\u00e7\u00e3o. O evento tem objetivo de compartilhar informa\u00e7\u00f5es de sucesso que visam ampliar a cobertura vacinal no estado.<\/p>\n<p style=\"text-align: justify;\">T\u00e9cnica de enfermagem h\u00e1 19 anos, Evanilda Maia tem experi\u00eancia de sobra pra compartilhar com os colegas novos de profiss\u00e3o. A mais recente surgiu enquanto ela abria um frasco de vacina. A profissional percebeu que perderia 90% das doses contidas na embalagem, e resolveu mudar a rotina de trabalho.<\/p>\n<p style=\"text-align: justify;\">A ideia que a servidora teve evita desperd\u00edcio de vacinas e est\u00e1 ajudando o munic\u00edpio de M\u00e2ncio Lima a alcan\u00e7ar indicadores. \u201cTenho os dados de todas as fam\u00edlias, especialmente as crian\u00e7as que precisam ser vacinadas e corro atr\u00e1s com ajuda dos agentes comunit\u00e1rios de sa\u00fade quando chega a data de cada uma se vacinar. Abro o frasco de doses e consigo vacinar o maior n\u00famero de pessoas<br \/>poss\u00edvel\u201d, explica.<\/p>\n<p style=\"text-align: justify;\">A iniciativa de Evanilda foi transmitida a dezenas de agentes comunit\u00e1rios de sa\u00fade e vacinadores do Acre, durante uma oficina de imuniza\u00e7\u00e3o. \u201cN\u00e3o alcan\u00e7amos todos os indicadores e isso \u00e9 preocupante, ent\u00e3o essa oficina \u00e9 pra isso, compartilhamos experi\u00eancias, discutimos, tra\u00e7amos a\u00e7\u00f5es e ao final do ano, vamos avaliar os resultados e os indicadores\u201d, afirma a gerente da divis\u00e3o de imuniza\u00e7\u00e3o e rede de frio da Sesacre, Maria Auxiliadora Holanda.<\/p>\n<p style=\"text-align: justify;\">O evento promovido pela Divis\u00e3o estadual de imuniza\u00e7\u00e3o e rede de frio da Secretaria de sa\u00fade s\u00f3 termina nesta quarta-feira (27), com a elabora\u00e7\u00e3o de um plano de a\u00e7\u00e3o, que servir\u00e1 de instrumento de trabalho nos munic\u00edpios.<\/p>\n","protected":false},"excerpt":{"rendered":"<p style=\"text-align: justify;\">Mudan\u00e7as na rotina de trabalho para aumentar produtividade<\/p>\n","protected":false},"author":4,"featured_media":24175,"comment_status":"open","ping_status":"open","sticky":false,"template":"","format":"standard","meta":{"jnews-multi-image_gallery":[],"jnews_single_post":[],"jnews_primary_category":[],"jnews_social_meta":[],"jnews_review":[],"enable_review":"","type":"","name":"","summary":"","brand":"","sku":"","good":[],"bad":[],"score_override":"","override_value":"","rating":[],"price":[],"footnotes":""},"categories":[54],"tags":[],"class_list":["post-24176","post","type-post","status-publish","format-standard","has-post-thumbnail","hentry","category-cotidiano"],"yoast_head":"<!-- This site is optimized with the Yoast SEO plugin v26.5 - https:\/\/yoast.com\/wordpress\/plugins\/seo\/ -->\n<title>Acre quer aumentar cobertura vacinal - Agazeta.net<\/title>\n<meta name=\"robots\" content=\"index, follow, max-snippet:-1, max-image-preview:large, max-video-preview:-1\" \/>\n<link rel=\"canonical\" href=\"https:\/\/nk7-testes.com.br\/agazeta\/acre-quer-aumentar-cobertura-vacinal\/\" \/>\n<meta property=\"og:locale\" content=\"pt_BR\" \/>\n<meta property=\"og:type\" content=\"article\" \/>\n<meta property=\"og:title\" content=\"Acre quer aumentar cobertura vacinal - Agazeta.net\" \/>\n<meta property=\"og:description\" content=\"Mudan\u00e7as na rotina de trabalho para aumentar produtividade\" \/>\n<meta property=\"og:url\" content=\"https:\/\/nk7-testes.com.br\/agazeta\/acre-quer-aumentar-cobertura-vacinal\/\" \/>\n<meta property=\"og:site_name\" content=\"Agazeta.net\" \/>\n<meta property=\"article:published_time\" content=\"2016-07-27T20:15:09+00:00\" \/>\n<meta property=\"og:image\" content=\"https:\/\/nk7-testes.com.br\/agazeta\/wp-content\/uploads\/2016\/07\/270716-cotidiano-imunizacao-tvgazeta.jpg\" \/>\n\t<meta property=\"og:image:width\" content=\"458\" \/>\n\t<meta property=\"og:image:height\" content=\"340\" \/>\n\t<meta property=\"og:image:type\" content=\"image\/jpeg\" \/>\n<meta name=\"author\" content=\"Agazeta.Net\" \/>\n<meta name=\"twitter:card\" content=\"summary_large_image\" \/>\n<meta name=\"twitter:label1\" content=\"Escrito por\" \/>\n\t<meta name=\"twitter:data1\" content=\"Agazeta.Net\" \/>\n\t<meta name=\"twitter:label2\" content=\"Est. tempo de leitura\" \/>\n\t<meta name=\"twitter:data2\" content=\"2 minutos\" \/>\n<script type=\"application\/ld+json\" class=\"yoast-schema-graph\">{\"@context\":\"https:\/\/schema.org\",\"@graph\":[{\"@type\":\"WebPage\",\"@id\":\"https:\/\/nk7-testes.com.br\/agazeta\/acre-quer-aumentar-cobertura-vacinal\/\",\"url\":\"https:\/\/nk7-testes.com.br\/agazeta\/acre-quer-aumentar-cobertura-vacinal\/\",\"name\":\"Acre quer aumentar cobertura vacinal - Agazeta.net\",\"isPartOf\":{\"@id\":\"https:\/\/nk7-testes.com.br\/agazeta\/#website\"},\"primaryImageOfPage\":{\"@id\":\"https:\/\/nk7-testes.com.br\/agazeta\/acre-quer-aumentar-cobertura-vacinal\/#primaryimage\"},\"image\":{\"@id\":\"https:\/\/nk7-testes.com.br\/agazeta\/acre-quer-aumentar-cobertura-vacinal\/#primaryimage\"},\"thumbnailUrl\":\"https:\/\/nk7-testes.com.br\/agazeta\/wp-content\/uploads\/2016\/07\/270716-cotidiano-imunizacao-tvgazeta.jpg\",\"datePublished\":\"2016-07-27T20:15:09+00:00\",\"author\":{\"@id\":\"https:\/\/nk7-testes.com.br\/agazeta\/#\/schema\/person\/6d6e25cb0435eb4a02fd44d30b4e3020\"},\"breadcrumb\":{\"@id\":\"https:\/\/nk7-testes.com.br\/agazeta\/acre-quer-aumentar-cobertura-vacinal\/#breadcrumb\"},\"inLanguage\":\"pt-BR\",\"potentialAction\":[{\"@type\":\"ReadAction\",\"target\":[\"https:\/\/nk7-testes.com.br\/agazeta\/acre-quer-aumentar-cobertura-vacinal\/\"]}]},{\"@type\":\"ImageObject\",\"inLanguage\":\"pt-BR\",\"@id\":\"https:\/\/nk7-testes.com.br\/agazeta\/acre-quer-aumentar-cobertura-vacinal\/#primaryimage\",\"url\":\"https:\/\/nk7-testes.com.br\/agazeta\/wp-content\/uploads\/2016\/07\/270716-cotidiano-imunizacao-tvgazeta.jpg\",\"contentUrl\":\"https:\/\/nk7-testes.com.br\/agazeta\/wp-content\/uploads\/2016\/07\/270716-cotidiano-imunizacao-tvgazeta.jpg\",\"width\":458,\"height\":340,\"caption\":\"270716-cotidiano-imunizacao-tvgazeta\"},{\"@type\":\"BreadcrumbList\",\"@id\":\"https:\/\/nk7-testes.com.br\/agazeta\/acre-quer-aumentar-cobertura-vacinal\/#breadcrumb\",\"itemListElement\":[{\"@type\":\"ListItem\",\"position\":1,\"name\":\"In\u00edcio\",\"item\":\"https:\/\/nk7-testes.com.br\/agazeta\/\"},{\"@type\":\"ListItem\",\"position\":2,\"name\":\"Acre quer aumentar cobertura vacinal\"}]},{\"@type\":\"WebSite\",\"@id\":\"https:\/\/nk7-testes.com.br\/agazeta\/#website\",\"url\":\"https:\/\/nk7-testes.com.br\/agazeta\/\",\"name\":\"Agazeta.net\",\"description\":\"Agazeta.net - Not\u00edcias de Rio Branco\/AC\",\"potentialAction\":[{\"@type\":\"SearchAction\",\"target\":{\"@type\":\"EntryPoint\",\"urlTemplate\":\"https:\/\/nk7-testes.com.br\/agazeta\/?s={search_term_string}\"},\"query-input\":{\"@type\":\"PropertyValueSpecification\",\"valueRequired\":true,\"valueName\":\"search_term_string\"}}],\"inLanguage\":\"pt-BR\"},{\"@type\":\"Person\",\"@id\":\"https:\/\/nk7-testes.com.br\/agazeta\/#\/schema\/person\/6d6e25cb0435eb4a02fd44d30b4e3020\",\"name\":\"Agazeta.Net\",\"url\":\"https:\/\/nk7-testes.com.br\/agazeta\/author\/agazeta\/\"}]}<\/script>\n<!-- \/ Yoast SEO plugin. -->","yoast_head_json":{"title":"Acre quer aumentar cobertura vacinal - Agazeta.net","robots":{"index":"index","follow":"follow","max-snippet":"max-snippet:-1","max-image-preview":"max-image-preview:large","max-video-preview":"max-video-preview:-1"},"canonical":"https:\/\/nk7-testes.com.br\/agazeta\/acre-quer-aumentar-cobertura-vacinal\/","og_locale":"pt_BR","og_type":"article","og_title":"Acre quer aumentar cobertura vacinal - Agazeta.net","og_description":"Mudan\u00e7as na rotina de trabalho para aumentar produtividade","og_url":"https:\/\/nk7-testes.com.br\/agazeta\/acre-quer-aumentar-cobertura-vacinal\/","og_site_name":"Agazeta.net","article_published_time":"2016-07-27T20:15:09+00:00","og_image":[{"width":458,"height":340,"url":"https:\/\/nk7-testes.com.br\/agazeta\/wp-content\/uploads\/2016\/07\/270716-cotidiano-imunizacao-tvgazeta.jpg","type":"image\/jpeg"}],"author":"Agazeta.Net","twitter_card":"summary_large_image","twitter_misc":{"Escrito por":"Agazeta.Net","Est. tempo de leitura":"2 minutos"},"schema":{"@context":"https:\/\/schema.org","@graph":[{"@type":"WebPage","@id":"https:\/\/nk7-testes.com.br\/agazeta\/acre-quer-aumentar-cobertura-vacinal\/","url":"https:\/\/nk7-testes.com.br\/agazeta\/acre-quer-aumentar-cobertura-vacinal\/","name":"Acre quer aumentar cobertura vacinal - Agazeta.net","isPartOf":{"@id":"https:\/\/nk7-testes.com.br\/agazeta\/#website"},"primaryImageOfPage":{"@id":"https:\/\/nk7-testes.com.br\/agazeta\/acre-quer-aumentar-cobertura-vacinal\/#primaryimage"},"image":{"@id":"https:\/\/nk7-testes.com.br\/agazeta\/acre-quer-aumentar-cobertura-vacinal\/#primaryimage"},"thumbnailUrl":"https:\/\/nk7-testes.com.br\/agazeta\/wp-content\/uploads\/2016\/07\/270716-cotidiano-imunizacao-tvgazeta.jpg","datePublished":"2016-07-27T20:15:09+00:00","author":{"@id":"https:\/\/nk7-testes.com.br\/agazeta\/#\/schema\/person\/6d6e25cb0435eb4a02fd44d30b4e3020"},"breadcrumb":{"@id":"https:\/\/nk7-testes.com.br\/agazeta\/acre-quer-aumentar-cobertura-vacinal\/#breadcrumb"},"inLanguage":"pt-BR","potentialAction":[{"@type":"ReadAction","target":["https:\/\/nk7-testes.com.br\/agazeta\/acre-quer-aumentar-cobertura-vacinal\/"]}]},{"@type":"ImageObject","inLanguage":"pt-BR","@id":"https:\/\/nk7-testes.com.br\/agazeta\/acre-quer-aumentar-cobertura-vacinal\/#primaryimage","url":"https:\/\/nk7-testes.com.br\/agazeta\/wp-content\/uploads\/2016\/07\/270716-cotidiano-imunizacao-tvgazeta.jpg","contentUrl":"https:\/\/nk7-testes.com.br\/agazeta\/wp-content\/uploads\/2016\/07\/270716-cotidiano-imunizacao-tvgazeta.jpg","width":458,"height":340,"caption":"270716-cotidiano-imunizacao-tvgazeta"},{"@type":"BreadcrumbList","@id":"https:\/\/nk7-testes.com.br\/agazeta\/acre-quer-aumentar-cobertura-vacinal\/#breadcrumb","itemListElement":[{"@type":"ListItem","position":1,"name":"In\u00edcio","item":"https:\/\/nk7-testes.com.br\/agazeta\/"},{"@type":"ListItem","position":2,"name":"Acre quer aumentar cobertura vacinal"}]},{"@type":"WebSite","@id":"https:\/\/nk7-testes.com.br\/agazeta\/#website","url":"https:\/\/nk7-testes.com.br\/agazeta\/","name":"Agazeta.net","description":"Agazeta.net - Not\u00edcias de Rio Branco\/AC","potentialAction":[{"@type":"SearchAction","target":{"@type":"EntryPoint","urlTemplate":"https:\/\/nk7-testes.com.br\/agazeta\/?s={search_term_string}"},"query-input":{"@type":"PropertyValueSpecification","valueRequired":true,"valueName":"search_term_string"}}],"inLanguage":"pt-BR"},{"@type":"Person","@id":"https:\/\/nk7-testes.com.br\/agazeta\/#\/schema\/person\/6d6e25cb0435eb4a02fd44d30b4e3020","name":"Agazeta.Net","url":"https:\/\/nk7-testes.com.br\/agazeta\/author\/agazeta\/"}]}},"_links":{"self":[{"href":"https:\/\/nk7-testes.com.br\/agazeta\/wp-json\/wp\/v2\/posts\/24176","targetHints":{"allow":["GET"]}}],"collection":[{"href":"https:\/\/nk7-testes.com.br\/agazeta\/wp-json\/wp\/v2\/posts"}],"about":[{"href":"https:\/\/nk7-testes.com.br\/agazeta\/wp-json\/wp\/v2\/types\/post"}],"author":[{"embeddable":true,"href":"https:\/\/nk7-testes.com.br\/agazeta\/wp-json\/wp\/v2\/users\/4"}],"replies":[{"embeddable":true,"href":"https:\/\/nk7-testes.com.br\/agazeta\/wp-json\/wp\/v2\/comments?post=24176"}],"version-history":[{"count":0,"href":"https:\/\/nk7-testes.com.br\/agazeta\/wp-json\/wp\/v2\/posts\/24176\/revisions"}],"wp:featuredmedia":[{"embeddable":true,"href":"https:\/\/nk7-testes.com.br\/agazeta\/wp-json\/wp\/v2\/media\/24175"}],"wp:attachment":[{"href":"https:\/\/nk7-testes.com.br\/agazeta\/wp-json\/wp\/v2\/media?parent=24176"}],"wp:term":[{"taxonomy":"category","embeddable":true,"href":"https:\/\/nk7-testes.com.br\/agazeta\/wp-json\/wp\/v2\/categories?post=24176"},{"taxonomy":"post_tag","embeddable":true,"href":"https:\/\/nk7-testes.com.br\/agazeta\/wp-json\/wp\/v2\/tags?post=24176"}],"curies":[{"name":"wp","href":"https:\/\/api.w.org\/{rel}","templated":true}]}}