{"id":24174,"date":"2016-07-27T19:25:19","date_gmt":"2016-07-27T19:25:19","guid":{"rendered":"https:\/\/abarevegan.com.br\/index.php\/2016\/07\/27\/corpo-encontrado-em-terreno-baldio-e-reconhecido-por-familia\/"},"modified":"2016-07-27T19:25:19","modified_gmt":"2016-07-27T19:25:19","slug":"corpo-encontrado-em-terreno-baldio-e-reconhecido-por-familia","status":"publish","type":"post","link":"https:\/\/nk7-testes.com.br\/agazeta\/corpo-encontrado-em-terreno-baldio-e-reconhecido-por-familia\/","title":{"rendered":"Corpo encontrado em terreno baldio \u00e9 reconhecido por fam\u00edlia"},"content":{"rendered":"<p style=\"text-align: justify;\">Irm\u00e3 de Wesley acredita em homofobia<\/p>\n<p style=\"text-align: justify;\">O corpo encontrado num terreno baldio \u00e0s margens da Avenida Amadeo Barbosa, foi reconhecido por familiares ap\u00f3s a divulga\u00e7\u00e3o da mat\u00e9ria no programa Gazeta Alerta.<\/p>\n<p style=\"text-align: justify;\">De acordo com Shirley Lopes, irm\u00e3 do cabeleireiro Wesley Aguiar Pereira, 21 anos, o jovem havia sa\u00eddo no domingo pela manh\u00e3 na companhia de amigos para participar da Cavalgada e depois disso n\u00e3o teria dado mais not\u00edcias, o rapaz j\u00e1 n\u00e3o atendeu mais as liga\u00e7\u00f5es feitas pela fam\u00edlia.<\/p>\n<p style=\"text-align: justify;\">Na segunda-feira (25) um corpo com caracter\u00edsticas semelhantes \u00e0s de Wesley foi encontrado por populares num terreno baldio, \u00e0s margens da Avenida Amadeo Barbosa, com v\u00e1rias marcas de viol\u00eancia. Ap\u00f3s a divulga\u00e7\u00e3o da mat\u00e9ria pela TV Gazeta a irm\u00e3 da v\u00edtima foi at\u00e9 a sede do Instituto M\u00e9dico Legal e reconheceu o corpo do irm\u00e3o. \u201cFiquei sabendo pela mat\u00e9ria, eu vi no jornal, mas nunca imaginei que pudesse ser ele, n\u00e3o passou pela minha cabe\u00e7a.\u201d<\/p>\n<p style=\"text-align: justify;\">Shirley disse ainda n\u00e3o entender porque do assassinato do irm\u00e3o e acredita que possa ter sido um crime motivado pela homofobia. \u201cEle era uma pessoa muito tranquila, muito amada, l\u00e1 onde mora t\u00e1 (sic) todo mundo revoltado com o que aconteceu. (&#8230;) Bateram bastante nele, deve ter sido algum homofobico, por ele ser homossexual.\u201d<\/p>\n<p style=\"text-align: justify;\">O homic\u00eddio j\u00e1 \u00e9 investigado pela delegacia da 2\u00aa Regional. De acordo com o delegado Cle\u00edlton Videira, v\u00e1rias pessoas j\u00e1 foram ouvidas e pris\u00f5es n\u00e3o est\u00e3o descartadas.<\/p>\n<p style=\"text-align: justify;\">Ele disse ainda, que aguarda o laudo dos peritos criminais para concluir se al\u00e9m da viol\u00eancia f\u00edsica, o jovem teria sofrido tamb\u00e9m viol\u00eancia sexual.<\/p>\n","protected":false},"excerpt":{"rendered":"<p style=\"text-align: justify;\">Irm\u00e3 de Wesley acredita em homofobia<\/p>\n","protected":false},"author":4,"featured_media":24173,"comment_status":"open","ping_status":"open","sticky":false,"template":"","format":"standard","meta":{"jnews-multi-image_gallery":[],"jnews_single_post":[],"jnews_primary_category":[],"jnews_social_meta":[],"jnews_review":[],"enable_review":"","type":"","name":"","summary":"","brand":"","sku":"","good":[],"bad":[],"score_override":"","override_value":"","rating":[],"price":[],"footnotes":""},"categories":[44],"tags":[],"class_list":["post-24174","post","type-post","status-publish","format-standard","has-post-thumbnail","hentry","category-policia"],"yoast_head":"<!-- This site is optimized with the Yoast SEO plugin v26.5 - https:\/\/yoast.com\/wordpress\/plugins\/seo\/ -->\n<title>Corpo encontrado em terreno baldio \u00e9 reconhecido por fam\u00edlia - Agazeta.net<\/title>\n<meta name=\"robots\" content=\"index, follow, max-snippet:-1, max-image-preview:large, max-video-preview:-1\" \/>\n<link rel=\"canonical\" href=\"https:\/\/nk7-testes.com.br\/agazeta\/corpo-encontrado-em-terreno-baldio-e-reconhecido-por-familia\/\" \/>\n<meta property=\"og:locale\" content=\"pt_BR\" \/>\n<meta property=\"og:type\" content=\"article\" \/>\n<meta property=\"og:title\" content=\"Corpo encontrado em terreno baldio \u00e9 reconhecido por fam\u00edlia - Agazeta.net\" \/>\n<meta property=\"og:description\" content=\"Irm\u00e3 de Wesley acredita em homofobia\" \/>\n<meta property=\"og:url\" content=\"https:\/\/nk7-testes.com.br\/agazeta\/corpo-encontrado-em-terreno-baldio-e-reconhecido-por-familia\/\" \/>\n<meta property=\"og:site_name\" content=\"Agazeta.net\" \/>\n<meta property=\"article:published_time\" content=\"2016-07-27T19:25:19+00:00\" \/>\n<meta property=\"og:image\" content=\"https:\/\/nk7-testes.com.br\/agazeta\/wp-content\/uploads\/2016\/07\/270716-policia-corporeconhecido.jpg\" \/>\n\t<meta property=\"og:image:width\" content=\"458\" \/>\n\t<meta property=\"og:image:height\" content=\"340\" \/>\n\t<meta property=\"og:image:type\" content=\"image\/jpeg\" \/>\n<meta name=\"author\" content=\"Agazeta.Net\" \/>\n<meta name=\"twitter:card\" content=\"summary_large_image\" \/>\n<meta name=\"twitter:label1\" content=\"Escrito por\" \/>\n\t<meta name=\"twitter:data1\" content=\"Agazeta.Net\" \/>\n\t<meta name=\"twitter:label2\" content=\"Est. tempo de leitura\" \/>\n\t<meta name=\"twitter:data2\" content=\"1 minuto\" \/>\n<script type=\"application\/ld+json\" class=\"yoast-schema-graph\">{\"@context\":\"https:\/\/schema.org\",\"@graph\":[{\"@type\":\"WebPage\",\"@id\":\"https:\/\/nk7-testes.com.br\/agazeta\/corpo-encontrado-em-terreno-baldio-e-reconhecido-por-familia\/\",\"url\":\"https:\/\/nk7-testes.com.br\/agazeta\/corpo-encontrado-em-terreno-baldio-e-reconhecido-por-familia\/\",\"name\":\"Corpo encontrado em terreno baldio \u00e9 reconhecido por fam\u00edlia - Agazeta.net\",\"isPartOf\":{\"@id\":\"https:\/\/nk7-testes.com.br\/agazeta\/#website\"},\"primaryImageOfPage\":{\"@id\":\"https:\/\/nk7-testes.com.br\/agazeta\/corpo-encontrado-em-terreno-baldio-e-reconhecido-por-familia\/#primaryimage\"},\"image\":{\"@id\":\"https:\/\/nk7-testes.com.br\/agazeta\/corpo-encontrado-em-terreno-baldio-e-reconhecido-por-familia\/#primaryimage\"},\"thumbnailUrl\":\"https:\/\/nk7-testes.com.br\/agazeta\/wp-content\/uploads\/2016\/07\/270716-policia-corporeconhecido.jpg\",\"datePublished\":\"2016-07-27T19:25:19+00:00\",\"author\":{\"@id\":\"https:\/\/nk7-testes.com.br\/agazeta\/#\/schema\/person\/6d6e25cb0435eb4a02fd44d30b4e3020\"},\"breadcrumb\":{\"@id\":\"https:\/\/nk7-testes.com.br\/agazeta\/corpo-encontrado-em-terreno-baldio-e-reconhecido-por-familia\/#breadcrumb\"},\"inLanguage\":\"pt-BR\",\"potentialAction\":[{\"@type\":\"ReadAction\",\"target\":[\"https:\/\/nk7-testes.com.br\/agazeta\/corpo-encontrado-em-terreno-baldio-e-reconhecido-por-familia\/\"]}]},{\"@type\":\"ImageObject\",\"inLanguage\":\"pt-BR\",\"@id\":\"https:\/\/nk7-testes.com.br\/agazeta\/corpo-encontrado-em-terreno-baldio-e-reconhecido-por-familia\/#primaryimage\",\"url\":\"https:\/\/nk7-testes.com.br\/agazeta\/wp-content\/uploads\/2016\/07\/270716-policia-corporeconhecido.jpg\",\"contentUrl\":\"https:\/\/nk7-testes.com.br\/agazeta\/wp-content\/uploads\/2016\/07\/270716-policia-corporeconhecido.jpg\",\"width\":458,\"height\":340,\"caption\":\"270716-policia-corporeconhecido\"},{\"@type\":\"BreadcrumbList\",\"@id\":\"https:\/\/nk7-testes.com.br\/agazeta\/corpo-encontrado-em-terreno-baldio-e-reconhecido-por-familia\/#breadcrumb\",\"itemListElement\":[{\"@type\":\"ListItem\",\"position\":1,\"name\":\"In\u00edcio\",\"item\":\"https:\/\/nk7-testes.com.br\/agazeta\/\"},{\"@type\":\"ListItem\",\"position\":2,\"name\":\"Corpo encontrado em terreno baldio \u00e9 reconhecido por fam\u00edlia\"}]},{\"@type\":\"WebSite\",\"@id\":\"https:\/\/nk7-testes.com.br\/agazeta\/#website\",\"url\":\"https:\/\/nk7-testes.com.br\/agazeta\/\",\"name\":\"Agazeta.net\",\"description\":\"Agazeta.net - Not\u00edcias de Rio Branco\/AC\",\"potentialAction\":[{\"@type\":\"SearchAction\",\"target\":{\"@type\":\"EntryPoint\",\"urlTemplate\":\"https:\/\/nk7-testes.com.br\/agazeta\/?s={search_term_string}\"},\"query-input\":{\"@type\":\"PropertyValueSpecification\",\"valueRequired\":true,\"valueName\":\"search_term_string\"}}],\"inLanguage\":\"pt-BR\"},{\"@type\":\"Person\",\"@id\":\"https:\/\/nk7-testes.com.br\/agazeta\/#\/schema\/person\/6d6e25cb0435eb4a02fd44d30b4e3020\",\"name\":\"Agazeta.Net\",\"url\":\"https:\/\/nk7-testes.com.br\/agazeta\/author\/agazeta\/\"}]}<\/script>\n<!-- \/ Yoast SEO plugin. -->","yoast_head_json":{"title":"Corpo encontrado em terreno baldio \u00e9 reconhecido por fam\u00edlia - Agazeta.net","robots":{"index":"index","follow":"follow","max-snippet":"max-snippet:-1","max-image-preview":"max-image-preview:large","max-video-preview":"max-video-preview:-1"},"canonical":"https:\/\/nk7-testes.com.br\/agazeta\/corpo-encontrado-em-terreno-baldio-e-reconhecido-por-familia\/","og_locale":"pt_BR","og_type":"article","og_title":"Corpo encontrado em terreno baldio \u00e9 reconhecido por fam\u00edlia - Agazeta.net","og_description":"Irm\u00e3 de Wesley acredita em homofobia","og_url":"https:\/\/nk7-testes.com.br\/agazeta\/corpo-encontrado-em-terreno-baldio-e-reconhecido-por-familia\/","og_site_name":"Agazeta.net","article_published_time":"2016-07-27T19:25:19+00:00","og_image":[{"width":458,"height":340,"url":"https:\/\/nk7-testes.com.br\/agazeta\/wp-content\/uploads\/2016\/07\/270716-policia-corporeconhecido.jpg","type":"image\/jpeg"}],"author":"Agazeta.Net","twitter_card":"summary_large_image","twitter_misc":{"Escrito por":"Agazeta.Net","Est. tempo de leitura":"1 minuto"},"schema":{"@context":"https:\/\/schema.org","@graph":[{"@type":"WebPage","@id":"https:\/\/nk7-testes.com.br\/agazeta\/corpo-encontrado-em-terreno-baldio-e-reconhecido-por-familia\/","url":"https:\/\/nk7-testes.com.br\/agazeta\/corpo-encontrado-em-terreno-baldio-e-reconhecido-por-familia\/","name":"Corpo encontrado em terreno baldio \u00e9 reconhecido por fam\u00edlia - Agazeta.net","isPartOf":{"@id":"https:\/\/nk7-testes.com.br\/agazeta\/#website"},"primaryImageOfPage":{"@id":"https:\/\/nk7-testes.com.br\/agazeta\/corpo-encontrado-em-terreno-baldio-e-reconhecido-por-familia\/#primaryimage"},"image":{"@id":"https:\/\/nk7-testes.com.br\/agazeta\/corpo-encontrado-em-terreno-baldio-e-reconhecido-por-familia\/#primaryimage"},"thumbnailUrl":"https:\/\/nk7-testes.com.br\/agazeta\/wp-content\/uploads\/2016\/07\/270716-policia-corporeconhecido.jpg","datePublished":"2016-07-27T19:25:19+00:00","author":{"@id":"https:\/\/nk7-testes.com.br\/agazeta\/#\/schema\/person\/6d6e25cb0435eb4a02fd44d30b4e3020"},"breadcrumb":{"@id":"https:\/\/nk7-testes.com.br\/agazeta\/corpo-encontrado-em-terreno-baldio-e-reconhecido-por-familia\/#breadcrumb"},"inLanguage":"pt-BR","potentialAction":[{"@type":"ReadAction","target":["https:\/\/nk7-testes.com.br\/agazeta\/corpo-encontrado-em-terreno-baldio-e-reconhecido-por-familia\/"]}]},{"@type":"ImageObject","inLanguage":"pt-BR","@id":"https:\/\/nk7-testes.com.br\/agazeta\/corpo-encontrado-em-terreno-baldio-e-reconhecido-por-familia\/#primaryimage","url":"https:\/\/nk7-testes.com.br\/agazeta\/wp-content\/uploads\/2016\/07\/270716-policia-corporeconhecido.jpg","contentUrl":"https:\/\/nk7-testes.com.br\/agazeta\/wp-content\/uploads\/2016\/07\/270716-policia-corporeconhecido.jpg","width":458,"height":340,"caption":"270716-policia-corporeconhecido"},{"@type":"BreadcrumbList","@id":"https:\/\/nk7-testes.com.br\/agazeta\/corpo-encontrado-em-terreno-baldio-e-reconhecido-por-familia\/#breadcrumb","itemListElement":[{"@type":"ListItem","position":1,"name":"In\u00edcio","item":"https:\/\/nk7-testes.com.br\/agazeta\/"},{"@type":"ListItem","position":2,"name":"Corpo encontrado em terreno baldio \u00e9 reconhecido por fam\u00edlia"}]},{"@type":"WebSite","@id":"https:\/\/nk7-testes.com.br\/agazeta\/#website","url":"https:\/\/nk7-testes.com.br\/agazeta\/","name":"Agazeta.net","description":"Agazeta.net - Not\u00edcias de Rio Branco\/AC","potentialAction":[{"@type":"SearchAction","target":{"@type":"EntryPoint","urlTemplate":"https:\/\/nk7-testes.com.br\/agazeta\/?s={search_term_string}"},"query-input":{"@type":"PropertyValueSpecification","valueRequired":true,"valueName":"search_term_string"}}],"inLanguage":"pt-BR"},{"@type":"Person","@id":"https:\/\/nk7-testes.com.br\/agazeta\/#\/schema\/person\/6d6e25cb0435eb4a02fd44d30b4e3020","name":"Agazeta.Net","url":"https:\/\/nk7-testes.com.br\/agazeta\/author\/agazeta\/"}]}},"_links":{"self":[{"href":"https:\/\/nk7-testes.com.br\/agazeta\/wp-json\/wp\/v2\/posts\/24174","targetHints":{"allow":["GET"]}}],"collection":[{"href":"https:\/\/nk7-testes.com.br\/agazeta\/wp-json\/wp\/v2\/posts"}],"about":[{"href":"https:\/\/nk7-testes.com.br\/agazeta\/wp-json\/wp\/v2\/types\/post"}],"author":[{"embeddable":true,"href":"https:\/\/nk7-testes.com.br\/agazeta\/wp-json\/wp\/v2\/users\/4"}],"replies":[{"embeddable":true,"href":"https:\/\/nk7-testes.com.br\/agazeta\/wp-json\/wp\/v2\/comments?post=24174"}],"version-history":[{"count":0,"href":"https:\/\/nk7-testes.com.br\/agazeta\/wp-json\/wp\/v2\/posts\/24174\/revisions"}],"wp:featuredmedia":[{"embeddable":true,"href":"https:\/\/nk7-testes.com.br\/agazeta\/wp-json\/wp\/v2\/media\/24173"}],"wp:attachment":[{"href":"https:\/\/nk7-testes.com.br\/agazeta\/wp-json\/wp\/v2\/media?parent=24174"}],"wp:term":[{"taxonomy":"category","embeddable":true,"href":"https:\/\/nk7-testes.com.br\/agazeta\/wp-json\/wp\/v2\/categories?post=24174"},{"taxonomy":"post_tag","embeddable":true,"href":"https:\/\/nk7-testes.com.br\/agazeta\/wp-json\/wp\/v2\/tags?post=24174"}],"curies":[{"name":"wp","href":"https:\/\/api.w.org\/{rel}","templated":true}]}}