{"id":24167,"date":"2016-07-27T15:44:25","date_gmt":"2016-07-27T15:44:25","guid":{"rendered":"https:\/\/abarevegan.com.br\/index.php\/2016\/07\/27\/desorganizacao-foi-a-marca-do-rodeio-da-expoacre-2016\/"},"modified":"2016-07-27T15:44:25","modified_gmt":"2016-07-27T15:44:25","slug":"desorganizacao-foi-a-marca-do-rodeio-da-expoacre-2016","status":"publish","type":"post","link":"https:\/\/nk7-testes.com.br\/agazeta\/desorganizacao-foi-a-marca-do-rodeio-da-expoacre-2016\/","title":{"rendered":"Desorganiza\u00e7\u00e3o foi a marca do Rodeio da Expoacre 2016"},"content":{"rendered":"<p style=\"text-align: justify;\">Rodeio sem luz, sem brilho, sem som e pr\u00eamio dividido<\/p>\n<p style=\"text-align: justify;\">A edi\u00e7\u00e3o 2016 foi a primeira final de rodeio da Expoacre sem luz e brilho. Com poucos recursos, a organiza\u00e7\u00e3o preferiu fazer uma festa mais modesta. Nada de show pirot\u00e9cnico, narradores famosos fazendo o p\u00fablico dan\u00e7ar e cantar.<\/p>\n<p style=\"text-align: justify;\">A falta de organiza\u00e7\u00e3o repercutiu at\u00e9 entre quem subiu mais alto no p\u00f3dio. \u201cA premia\u00e7\u00e3o tirou o incentivo de muitos pe\u00f5es\u201d, afirmou o campe\u00e3o do rodeio Ant\u00f4nio Ivo, fazendo refer\u00eancia \u00e0 divis\u00e3o da premia\u00e7\u00e3o entre os finalistas. \u201cValeu a pena participar porque estou na minha terra, mas a organiza\u00e7\u00e3o foi fraca\u201d.<\/p>\n<p style=\"text-align: justify;\">Antes de come\u00e7ar as montarias, os artistas da noite foram apresentados. O p\u00fablico n\u00e3o conseguiu entender muita coisa, pois o som era baixo demais. Nessa ter\u00e7a-feira, 15 pe\u00f5es que se classificaram na primeira noite voltaram para a grande final.<\/p>\n<p style=\"text-align: justify;\">Logo na primeira montada o pe\u00e3o Diego Arruda fez bonito, 8 segundos em cima do animal e nota alta. Na segunda montaria, o pe\u00e3o na aguentou o animal: Osmam Oliveira foi pisoteado teve uma das costelas fraturadas.<\/p>\n<p style=\"text-align: justify;\">Mas, a festa n\u00e3o poderia parar. Depois do atendimento de Osman foi um show de <br \/>quedas. Em quatro montadas seguidas, os pe\u00f5es foram derrotados pelo animal. Dois deles foram jogados de volta para o breth.<\/p>\n<p style=\"text-align: justify;\">Quem conseguiu ficar o tempo m\u00ednimo no lombo do animal era ovacionado pelo p\u00fablico. Quem n\u00e3o conseguiu saia decepcionado. Dos 15 pe\u00f5es, cinco se classificaram para a grande final.<\/p>\n<p style=\"text-align: justify;\">Diego Arruda que liderava a competi\u00e7\u00e3o precisava ficar 8 segundo e conseguir uma nota m\u00ednima. At\u00e9 conseguiu se segurar no animal, mas como pegou errado nas cordas foi desclassificado. Ant\u00f4nio Ivo, que estava em segundo lugar, entrou e fez bonito.<\/p>\n<p style=\"text-align: justify;\">Os outros dois pe\u00f5es seguintes n\u00e3o suportaram os pulos dos touros. Ant\u00f4nio Ivo campe\u00e3o. Essa \u00e9 a terceira vez que compete na Expoacre, mas nunca subiu ao palco.<\/p>\n","protected":false},"excerpt":{"rendered":"<p style=\"text-align: justify;\">Rodeio sem luz, sem brilho, sem som e pr\u00eamio dividido<\/p>\n","protected":false},"author":4,"featured_media":24166,"comment_status":"open","ping_status":"open","sticky":false,"template":"","format":"standard","meta":{"jnews-multi-image_gallery":[],"jnews_single_post":[],"jnews_primary_category":[],"jnews_social_meta":[],"jnews_review":[],"enable_review":"","type":"","name":"","summary":"","brand":"","sku":"","good":[],"bad":[],"score_override":"","override_value":"","rating":[],"price":[],"footnotes":""},"categories":[54],"tags":[],"class_list":["post-24167","post","type-post","status-publish","format-standard","has-post-thumbnail","hentry","category-cotidiano"],"yoast_head":"<!-- This site is optimized with the Yoast SEO plugin v26.5 - https:\/\/yoast.com\/wordpress\/plugins\/seo\/ -->\n<title>Desorganiza\u00e7\u00e3o foi a marca do Rodeio da Expoacre 2016 - Agazeta.net<\/title>\n<meta name=\"robots\" content=\"index, follow, max-snippet:-1, max-image-preview:large, max-video-preview:-1\" \/>\n<link rel=\"canonical\" href=\"https:\/\/nk7-testes.com.br\/agazeta\/desorganizacao-foi-a-marca-do-rodeio-da-expoacre-2016\/\" \/>\n<meta property=\"og:locale\" content=\"pt_BR\" \/>\n<meta property=\"og:type\" content=\"article\" \/>\n<meta property=\"og:title\" content=\"Desorganiza\u00e7\u00e3o foi a marca do Rodeio da Expoacre 2016 - Agazeta.net\" \/>\n<meta property=\"og:description\" content=\"Rodeio sem luz, sem brilho, sem som e pr\u00eamio dividido\" \/>\n<meta property=\"og:url\" content=\"https:\/\/nk7-testes.com.br\/agazeta\/desorganizacao-foi-a-marca-do-rodeio-da-expoacre-2016\/\" \/>\n<meta property=\"og:site_name\" content=\"Agazeta.net\" \/>\n<meta property=\"article:published_time\" content=\"2016-07-27T15:44:25+00:00\" \/>\n<meta property=\"og:image\" content=\"https:\/\/nk7-testes.com.br\/agazeta\/wp-content\/uploads\/2016\/07\/270716-cotidiano-rodeio-cleriston2.jpg\" \/>\n\t<meta property=\"og:image:width\" content=\"458\" \/>\n\t<meta property=\"og:image:height\" content=\"340\" \/>\n\t<meta property=\"og:image:type\" content=\"image\/jpeg\" \/>\n<meta name=\"author\" content=\"Agazeta.Net\" \/>\n<meta name=\"twitter:card\" content=\"summary_large_image\" \/>\n<meta name=\"twitter:label1\" content=\"Escrito por\" \/>\n\t<meta name=\"twitter:data1\" content=\"Agazeta.Net\" \/>\n\t<meta name=\"twitter:label2\" content=\"Est. tempo de leitura\" \/>\n\t<meta name=\"twitter:data2\" content=\"2 minutos\" \/>\n<script type=\"application\/ld+json\" class=\"yoast-schema-graph\">{\"@context\":\"https:\/\/schema.org\",\"@graph\":[{\"@type\":\"WebPage\",\"@id\":\"https:\/\/nk7-testes.com.br\/agazeta\/desorganizacao-foi-a-marca-do-rodeio-da-expoacre-2016\/\",\"url\":\"https:\/\/nk7-testes.com.br\/agazeta\/desorganizacao-foi-a-marca-do-rodeio-da-expoacre-2016\/\",\"name\":\"Desorganiza\u00e7\u00e3o foi a marca do Rodeio da Expoacre 2016 - Agazeta.net\",\"isPartOf\":{\"@id\":\"https:\/\/nk7-testes.com.br\/agazeta\/#website\"},\"primaryImageOfPage\":{\"@id\":\"https:\/\/nk7-testes.com.br\/agazeta\/desorganizacao-foi-a-marca-do-rodeio-da-expoacre-2016\/#primaryimage\"},\"image\":{\"@id\":\"https:\/\/nk7-testes.com.br\/agazeta\/desorganizacao-foi-a-marca-do-rodeio-da-expoacre-2016\/#primaryimage\"},\"thumbnailUrl\":\"https:\/\/nk7-testes.com.br\/agazeta\/wp-content\/uploads\/2016\/07\/270716-cotidiano-rodeio-cleriston2.jpg\",\"datePublished\":\"2016-07-27T15:44:25+00:00\",\"author\":{\"@id\":\"https:\/\/nk7-testes.com.br\/agazeta\/#\/schema\/person\/6d6e25cb0435eb4a02fd44d30b4e3020\"},\"breadcrumb\":{\"@id\":\"https:\/\/nk7-testes.com.br\/agazeta\/desorganizacao-foi-a-marca-do-rodeio-da-expoacre-2016\/#breadcrumb\"},\"inLanguage\":\"pt-BR\",\"potentialAction\":[{\"@type\":\"ReadAction\",\"target\":[\"https:\/\/nk7-testes.com.br\/agazeta\/desorganizacao-foi-a-marca-do-rodeio-da-expoacre-2016\/\"]}]},{\"@type\":\"ImageObject\",\"inLanguage\":\"pt-BR\",\"@id\":\"https:\/\/nk7-testes.com.br\/agazeta\/desorganizacao-foi-a-marca-do-rodeio-da-expoacre-2016\/#primaryimage\",\"url\":\"https:\/\/nk7-testes.com.br\/agazeta\/wp-content\/uploads\/2016\/07\/270716-cotidiano-rodeio-cleriston2.jpg\",\"contentUrl\":\"https:\/\/nk7-testes.com.br\/agazeta\/wp-content\/uploads\/2016\/07\/270716-cotidiano-rodeio-cleriston2.jpg\",\"width\":458,\"height\":340,\"caption\":\"270716-cotidiano-rodeio-cleriston2\"},{\"@type\":\"BreadcrumbList\",\"@id\":\"https:\/\/nk7-testes.com.br\/agazeta\/desorganizacao-foi-a-marca-do-rodeio-da-expoacre-2016\/#breadcrumb\",\"itemListElement\":[{\"@type\":\"ListItem\",\"position\":1,\"name\":\"In\u00edcio\",\"item\":\"https:\/\/nk7-testes.com.br\/agazeta\/\"},{\"@type\":\"ListItem\",\"position\":2,\"name\":\"Desorganiza\u00e7\u00e3o foi a marca do Rodeio da Expoacre 2016\"}]},{\"@type\":\"WebSite\",\"@id\":\"https:\/\/nk7-testes.com.br\/agazeta\/#website\",\"url\":\"https:\/\/nk7-testes.com.br\/agazeta\/\",\"name\":\"Agazeta.net\",\"description\":\"Agazeta.net - Not\u00edcias de Rio Branco\/AC\",\"potentialAction\":[{\"@type\":\"SearchAction\",\"target\":{\"@type\":\"EntryPoint\",\"urlTemplate\":\"https:\/\/nk7-testes.com.br\/agazeta\/?s={search_term_string}\"},\"query-input\":{\"@type\":\"PropertyValueSpecification\",\"valueRequired\":true,\"valueName\":\"search_term_string\"}}],\"inLanguage\":\"pt-BR\"},{\"@type\":\"Person\",\"@id\":\"https:\/\/nk7-testes.com.br\/agazeta\/#\/schema\/person\/6d6e25cb0435eb4a02fd44d30b4e3020\",\"name\":\"Agazeta.Net\",\"url\":\"https:\/\/nk7-testes.com.br\/agazeta\/author\/agazeta\/\"}]}<\/script>\n<!-- \/ Yoast SEO plugin. -->","yoast_head_json":{"title":"Desorganiza\u00e7\u00e3o foi a marca do Rodeio da Expoacre 2016 - Agazeta.net","robots":{"index":"index","follow":"follow","max-snippet":"max-snippet:-1","max-image-preview":"max-image-preview:large","max-video-preview":"max-video-preview:-1"},"canonical":"https:\/\/nk7-testes.com.br\/agazeta\/desorganizacao-foi-a-marca-do-rodeio-da-expoacre-2016\/","og_locale":"pt_BR","og_type":"article","og_title":"Desorganiza\u00e7\u00e3o foi a marca do Rodeio da Expoacre 2016 - Agazeta.net","og_description":"Rodeio sem luz, sem brilho, sem som e pr\u00eamio dividido","og_url":"https:\/\/nk7-testes.com.br\/agazeta\/desorganizacao-foi-a-marca-do-rodeio-da-expoacre-2016\/","og_site_name":"Agazeta.net","article_published_time":"2016-07-27T15:44:25+00:00","og_image":[{"width":458,"height":340,"url":"https:\/\/nk7-testes.com.br\/agazeta\/wp-content\/uploads\/2016\/07\/270716-cotidiano-rodeio-cleriston2.jpg","type":"image\/jpeg"}],"author":"Agazeta.Net","twitter_card":"summary_large_image","twitter_misc":{"Escrito por":"Agazeta.Net","Est. tempo de leitura":"2 minutos"},"schema":{"@context":"https:\/\/schema.org","@graph":[{"@type":"WebPage","@id":"https:\/\/nk7-testes.com.br\/agazeta\/desorganizacao-foi-a-marca-do-rodeio-da-expoacre-2016\/","url":"https:\/\/nk7-testes.com.br\/agazeta\/desorganizacao-foi-a-marca-do-rodeio-da-expoacre-2016\/","name":"Desorganiza\u00e7\u00e3o foi a marca do Rodeio da Expoacre 2016 - Agazeta.net","isPartOf":{"@id":"https:\/\/nk7-testes.com.br\/agazeta\/#website"},"primaryImageOfPage":{"@id":"https:\/\/nk7-testes.com.br\/agazeta\/desorganizacao-foi-a-marca-do-rodeio-da-expoacre-2016\/#primaryimage"},"image":{"@id":"https:\/\/nk7-testes.com.br\/agazeta\/desorganizacao-foi-a-marca-do-rodeio-da-expoacre-2016\/#primaryimage"},"thumbnailUrl":"https:\/\/nk7-testes.com.br\/agazeta\/wp-content\/uploads\/2016\/07\/270716-cotidiano-rodeio-cleriston2.jpg","datePublished":"2016-07-27T15:44:25+00:00","author":{"@id":"https:\/\/nk7-testes.com.br\/agazeta\/#\/schema\/person\/6d6e25cb0435eb4a02fd44d30b4e3020"},"breadcrumb":{"@id":"https:\/\/nk7-testes.com.br\/agazeta\/desorganizacao-foi-a-marca-do-rodeio-da-expoacre-2016\/#breadcrumb"},"inLanguage":"pt-BR","potentialAction":[{"@type":"ReadAction","target":["https:\/\/nk7-testes.com.br\/agazeta\/desorganizacao-foi-a-marca-do-rodeio-da-expoacre-2016\/"]}]},{"@type":"ImageObject","inLanguage":"pt-BR","@id":"https:\/\/nk7-testes.com.br\/agazeta\/desorganizacao-foi-a-marca-do-rodeio-da-expoacre-2016\/#primaryimage","url":"https:\/\/nk7-testes.com.br\/agazeta\/wp-content\/uploads\/2016\/07\/270716-cotidiano-rodeio-cleriston2.jpg","contentUrl":"https:\/\/nk7-testes.com.br\/agazeta\/wp-content\/uploads\/2016\/07\/270716-cotidiano-rodeio-cleriston2.jpg","width":458,"height":340,"caption":"270716-cotidiano-rodeio-cleriston2"},{"@type":"BreadcrumbList","@id":"https:\/\/nk7-testes.com.br\/agazeta\/desorganizacao-foi-a-marca-do-rodeio-da-expoacre-2016\/#breadcrumb","itemListElement":[{"@type":"ListItem","position":1,"name":"In\u00edcio","item":"https:\/\/nk7-testes.com.br\/agazeta\/"},{"@type":"ListItem","position":2,"name":"Desorganiza\u00e7\u00e3o foi a marca do Rodeio da Expoacre 2016"}]},{"@type":"WebSite","@id":"https:\/\/nk7-testes.com.br\/agazeta\/#website","url":"https:\/\/nk7-testes.com.br\/agazeta\/","name":"Agazeta.net","description":"Agazeta.net - Not\u00edcias de Rio Branco\/AC","potentialAction":[{"@type":"SearchAction","target":{"@type":"EntryPoint","urlTemplate":"https:\/\/nk7-testes.com.br\/agazeta\/?s={search_term_string}"},"query-input":{"@type":"PropertyValueSpecification","valueRequired":true,"valueName":"search_term_string"}}],"inLanguage":"pt-BR"},{"@type":"Person","@id":"https:\/\/nk7-testes.com.br\/agazeta\/#\/schema\/person\/6d6e25cb0435eb4a02fd44d30b4e3020","name":"Agazeta.Net","url":"https:\/\/nk7-testes.com.br\/agazeta\/author\/agazeta\/"}]}},"_links":{"self":[{"href":"https:\/\/nk7-testes.com.br\/agazeta\/wp-json\/wp\/v2\/posts\/24167","targetHints":{"allow":["GET"]}}],"collection":[{"href":"https:\/\/nk7-testes.com.br\/agazeta\/wp-json\/wp\/v2\/posts"}],"about":[{"href":"https:\/\/nk7-testes.com.br\/agazeta\/wp-json\/wp\/v2\/types\/post"}],"author":[{"embeddable":true,"href":"https:\/\/nk7-testes.com.br\/agazeta\/wp-json\/wp\/v2\/users\/4"}],"replies":[{"embeddable":true,"href":"https:\/\/nk7-testes.com.br\/agazeta\/wp-json\/wp\/v2\/comments?post=24167"}],"version-history":[{"count":0,"href":"https:\/\/nk7-testes.com.br\/agazeta\/wp-json\/wp\/v2\/posts\/24167\/revisions"}],"wp:featuredmedia":[{"embeddable":true,"href":"https:\/\/nk7-testes.com.br\/agazeta\/wp-json\/wp\/v2\/media\/24166"}],"wp:attachment":[{"href":"https:\/\/nk7-testes.com.br\/agazeta\/wp-json\/wp\/v2\/media?parent=24167"}],"wp:term":[{"taxonomy":"category","embeddable":true,"href":"https:\/\/nk7-testes.com.br\/agazeta\/wp-json\/wp\/v2\/categories?post=24167"},{"taxonomy":"post_tag","embeddable":true,"href":"https:\/\/nk7-testes.com.br\/agazeta\/wp-json\/wp\/v2\/tags?post=24167"}],"curies":[{"name":"wp","href":"https:\/\/api.w.org\/{rel}","templated":true}]}}